{"id":2408,"date":"2013-08-13T08:11:09","date_gmt":"2013-08-13T06:11:09","guid":{"rendered":"http:\/\/www.sabine-seyffert.de\/blog\/?p=2408"},"modified":"2017-03-06T12:41:24","modified_gmt":"2017-03-06T10:41:24","slug":"frohlicher-kletter-kraxel-rutschespas","status":"publish","type":"post","link":"https:\/\/www.sabine-seyffert.de\/blog\/frohlicher-kletter-kraxel-rutschespas\/","title":{"rendered":"Fr\u00f6hlicher Kletter-, Kraxel-, Rutschespa\u00df"},"content":{"rendered":"<p style=\"text-align: center;\"><img loading=\"lazy\" decoding=\"async\" src=\"https:\/\/ssl-vg03.met.vgwort.de\/na\/7f50cf353bc841f89febe1e66d76e969\" alt=\"\" width=\"1\" height=\"1\" \/><a href=\"http:\/\/www.sabine-seyffert.de\/blog\/wp-content\/uploads\/2013\/08\/Ketteler-Hof-20.jpg\"><img loading=\"lazy\" decoding=\"async\" class=\"alignnone size-full wp-image-2427\" src=\"http:\/\/www.sabine-seyffert.de\/blog\/wp-content\/uploads\/2013\/08\/Ketteler-Hof-20.jpg\" alt=\"Ketteler Hof 20\" width=\"600\" height=\"800\" srcset=\"https:\/\/www.sabine-seyffert.de\/blog\/wp-content\/uploads\/2013\/08\/Ketteler-Hof-20.jpg 600w, https:\/\/www.sabine-seyffert.de\/blog\/wp-content\/uploads\/2013\/08\/Ketteler-Hof-20-225x300.jpg 225w\" sizes=\"auto, (max-width: 600px) 100vw, 600px\" \/><\/a><\/p>\n<p style=\"text-align: justify;\">Wie versprochen geht es bei mir munter weiter mit tollen Ideen f\u00fcr die <a href=\"http:\/\/www.sabine-seyffert.de\/blog\/?cat=38\" target=\"_blank\">Ferien<\/a>. Beim heutigen Ausflug (das krasse Gegenteil zum <a href=\"http:\/\/www.sabine-seyffert.de\/blog\/?p=2391\" target=\"_blank\">gestrigen Ausflug an den Bach<\/a> &#8211; aber auch das muss ab und zu mal sein!) ist gute Laune und reichlich Bewegung garantiert. Habt Ihr Lust? Dann kommt mit!<\/p>\n<p style=\"text-align: center;\"><a href=\"http:\/\/www.sabine-seyffert.de\/blog\/wp-content\/uploads\/2013\/08\/Ketteler-Hof-1.jpg\"><img loading=\"lazy\" decoding=\"async\" class=\"alignnone size-full wp-image-2409\" src=\"http:\/\/www.sabine-seyffert.de\/blog\/wp-content\/uploads\/2013\/08\/Ketteler-Hof-1.jpg\" alt=\"Ketteler Hof 1\" width=\"599\" height=\"799\" srcset=\"https:\/\/www.sabine-seyffert.de\/blog\/wp-content\/uploads\/2013\/08\/Ketteler-Hof-1.jpg 599w, https:\/\/www.sabine-seyffert.de\/blog\/wp-content\/uploads\/2013\/08\/Ketteler-Hof-1-224x300.jpg 224w\" sizes=\"auto, (max-width: 599px) 100vw, 599px\" \/><\/a><\/p>\n<p style=\"text-align: justify;\">Letzte Woche stand ein Tagesausflug auf dem Ferienplan, auf den alle schon sehnlichst gewartet haben. Und zwar ein Besuch in Haltern auf dem <a href=\"http:\/\/kettelerhof.de\" target=\"_blank\">Ketteler Hof<\/a>.<\/p>\n<p style=\"text-align: center;\"><a href=\"http:\/\/www.sabine-seyffert.de\/blog\/wp-content\/uploads\/2013\/08\/Ketteler-Hof-3.jpg\"><img loading=\"lazy\" decoding=\"async\" class=\"alignnone size-full wp-image-2410\" src=\"http:\/\/www.sabine-seyffert.de\/blog\/wp-content\/uploads\/2013\/08\/Ketteler-Hof-3.jpg\" alt=\"Ketteler Hof 3\" width=\"600\" height=\"800\" srcset=\"https:\/\/www.sabine-seyffert.de\/blog\/wp-content\/uploads\/2013\/08\/Ketteler-Hof-3.jpg 600w, https:\/\/www.sabine-seyffert.de\/blog\/wp-content\/uploads\/2013\/08\/Ketteler-Hof-3-225x300.jpg 225w\" sizes=\"auto, (max-width: 600px) 100vw, 600px\" \/><\/a><\/p>\n<p style=\"text-align: justify;\">Seit eine Freundin uns mal mitgenommen hat, ist es fast Tradition dort einmal im Jahr hinzufahren. Und das Sch\u00f6nste daran ist, es haben ausnahmslos alle Spa\u00df mitzukommen. Denn dort kommt jede Altersstufe auf ihre Kosten. Besonders gut gef\u00e4llt mir zum einen die Landschaft und zum anderen, dass dieser \u201eFreizeitpark\u201c im Gegensatz zu vielen anderen zum aktiven Mitmachen motiviert.<\/p>\n<p style=\"text-align: center;\"><a href=\"http:\/\/www.sabine-seyffert.de\/blog\/wp-content\/uploads\/2013\/08\/Ketteler-Hof-4.jpg\"><img loading=\"lazy\" decoding=\"async\" class=\"alignnone size-full wp-image-2411\" src=\"http:\/\/www.sabine-seyffert.de\/blog\/wp-content\/uploads\/2013\/08\/Ketteler-Hof-4.jpg\" alt=\"Ketteler Hof 4\" width=\"600\" height=\"800\" srcset=\"https:\/\/www.sabine-seyffert.de\/blog\/wp-content\/uploads\/2013\/08\/Ketteler-Hof-4.jpg 600w, https:\/\/www.sabine-seyffert.de\/blog\/wp-content\/uploads\/2013\/08\/Ketteler-Hof-4-225x300.jpg 225w\" sizes=\"auto, (max-width: 600px) 100vw, 600px\" \/><\/a><\/p>\n<p style=\"text-align: justify;\">Auf der Wiese hinter dem Eingang gibt es gro\u00dfe Liegekissen, auf denen man es sich ganz bequem machen kann. Gleich daneben wartet der erste Kletterturm darauf, dass man ihn erklimmt.<\/p>\n<p style=\"text-align: center;\"><a href=\"http:\/\/www.sabine-seyffert.de\/blog\/wp-content\/uploads\/2013\/08\/Ketteler-Hof-5.jpg\"><img loading=\"lazy\" decoding=\"async\" class=\"alignnone size-full wp-image-2412\" src=\"http:\/\/www.sabine-seyffert.de\/blog\/wp-content\/uploads\/2013\/08\/Ketteler-Hof-5.jpg\" alt=\"Ketteler Hof 5\" width=\"600\" height=\"800\" srcset=\"https:\/\/www.sabine-seyffert.de\/blog\/wp-content\/uploads\/2013\/08\/Ketteler-Hof-5.jpg 600w, https:\/\/www.sabine-seyffert.de\/blog\/wp-content\/uploads\/2013\/08\/Ketteler-Hof-5-225x300.jpg 225w\" sizes=\"auto, (max-width: 600px) 100vw, 600px\" \/><\/a><\/p>\n<p style=\"text-align: justify;\">F\u00fcr diejenigen, die daf\u00fcr noch zu klein sind, gibt es gleich nebenan eine kleine \u201eRennstrecke\u201c f\u00fcr Mini Traktoren sowie eines der wenigen elektrischen Fahrgesch\u00e4fte, ein Karussell f\u00fcr die Allerkleinsten.<\/p>\n<p style=\"text-align: center;\"><a href=\"http:\/\/www.sabine-seyffert.de\/blog\/wp-content\/uploads\/2013\/08\/Ketteler-Hof-6.jpg\"><img loading=\"lazy\" decoding=\"async\" class=\"alignnone size-full wp-image-2414\" src=\"http:\/\/www.sabine-seyffert.de\/blog\/wp-content\/uploads\/2013\/08\/Ketteler-Hof-6.jpg\" alt=\"Ketteler Hof 6\" width=\"600\" height=\"744\" srcset=\"https:\/\/www.sabine-seyffert.de\/blog\/wp-content\/uploads\/2013\/08\/Ketteler-Hof-6.jpg 600w, https:\/\/www.sabine-seyffert.de\/blog\/wp-content\/uploads\/2013\/08\/Ketteler-Hof-6-241x300.jpg 241w\" sizes=\"auto, (max-width: 600px) 100vw, 600px\" \/><\/a><\/p>\n<p style=\"text-align: justify;\">Es gibt zahlreiche kleinere Themenparks, so w\u00fcrde ich diese mal bezeichnen, die jeder f\u00fcr sich sehr einladend und gem\u00fctlich sind. \u00dcberall gibt es B\u00e4nke, Picknick Pl\u00e4tze und andere Sitzgelegenheiten, auf denen man Verschnaufen und Pausieren kann.<\/p>\n<p style=\"text-align: center;\"><a href=\"http:\/\/www.sabine-seyffert.de\/blog\/wp-content\/uploads\/2013\/08\/Ketteler-Hof-7.jpg\"><img loading=\"lazy\" decoding=\"async\" class=\"alignnone size-full wp-image-2415\" src=\"http:\/\/www.sabine-seyffert.de\/blog\/wp-content\/uploads\/2013\/08\/Ketteler-Hof-7.jpg\" alt=\"Ketteler Hof 7\" width=\"600\" height=\"800\" srcset=\"https:\/\/www.sabine-seyffert.de\/blog\/wp-content\/uploads\/2013\/08\/Ketteler-Hof-7.jpg 600w, https:\/\/www.sabine-seyffert.de\/blog\/wp-content\/uploads\/2013\/08\/Ketteler-Hof-7-225x300.jpg 225w\" sizes=\"auto, (max-width: 600px) 100vw, 600px\" \/><\/a><\/p>\n<p style=\"text-align: justify;\">Allerdings gibt es hier soviel Tolles zu entdecken, dass man meist keine gr\u00f6\u00dfere Pause machen m\u00f6chte. Selbst mehrere Grillpl\u00e4tze h\u00e4lt der Park im Gr\u00fcnen f\u00fcr seine G\u00e4ste bereit.<\/p>\n<p style=\"text-align: center;\"><a href=\"http:\/\/www.sabine-seyffert.de\/blog\/wp-content\/uploads\/2013\/08\/Ketteler-Hof-11.jpg\"><img loading=\"lazy\" decoding=\"async\" class=\"alignnone size-full wp-image-2416\" src=\"http:\/\/www.sabine-seyffert.de\/blog\/wp-content\/uploads\/2013\/08\/Ketteler-Hof-11.jpg\" alt=\"Ketteler Hof 11\" width=\"800\" height=\"600\" srcset=\"https:\/\/www.sabine-seyffert.de\/blog\/wp-content\/uploads\/2013\/08\/Ketteler-Hof-11.jpg 800w, https:\/\/www.sabine-seyffert.de\/blog\/wp-content\/uploads\/2013\/08\/Ketteler-Hof-11-300x225.jpg 300w\" sizes=\"auto, (max-width: 800px) 100vw, 800px\" \/><\/a><\/p>\n<p style=\"text-align: justify;\">Am besagten Tag ist es schon morgens ausgesprochen warm. Da bietet es sich nat\u00fcrlich an gleich zum Start einige Fahrten samt Schlauchboot in der Wasserrutsche zu unternehmen um sich direkt etwas abzuk\u00fchlen.<\/p>\n<p style=\"text-align: center;\"><a href=\"http:\/\/www.sabine-seyffert.de\/blog\/wp-content\/uploads\/2013\/08\/Ketteler-Hof-8.jpg\"><img loading=\"lazy\" decoding=\"async\" class=\"alignnone size-full wp-image-2417\" src=\"http:\/\/www.sabine-seyffert.de\/blog\/wp-content\/uploads\/2013\/08\/Ketteler-Hof-8.jpg\" alt=\"Ketteler Hof 8\" width=\"600\" height=\"800\" srcset=\"https:\/\/www.sabine-seyffert.de\/blog\/wp-content\/uploads\/2013\/08\/Ketteler-Hof-8.jpg 600w, https:\/\/www.sabine-seyffert.de\/blog\/wp-content\/uploads\/2013\/08\/Ketteler-Hof-8-225x300.jpg 225w\" sizes=\"auto, (max-width: 600px) 100vw, 600px\" \/><\/a><\/p>\n<p style=\"text-align: justify;\">Nebenan ist ein sch\u00f6ner Minigolfplatz mittem im Gr\u00fcnen f\u00fcr die \u201egr\u00f6\u00dferen\u201c Besucher.<\/p>\n<p style=\"text-align: center;\"><a href=\"http:\/\/www.sabine-seyffert.de\/blog\/wp-content\/uploads\/2013\/08\/Ketteler-Hof-2.jpg\"><img loading=\"lazy\" decoding=\"async\" class=\"alignnone size-full wp-image-2413\" src=\"http:\/\/www.sabine-seyffert.de\/blog\/wp-content\/uploads\/2013\/08\/Ketteler-Hof-2.jpg\" alt=\"Ketteler Hof 2\" width=\"800\" height=\"600\" srcset=\"https:\/\/www.sabine-seyffert.de\/blog\/wp-content\/uploads\/2013\/08\/Ketteler-Hof-2.jpg 800w, https:\/\/www.sabine-seyffert.de\/blog\/wp-content\/uploads\/2013\/08\/Ketteler-Hof-2-300x225.jpg 300w\" sizes=\"auto, (max-width: 800px) 100vw, 800px\" \/><\/a><\/p>\n<p style=\"text-align: justify;\">Die J\u00fcngeren k\u00f6nnen gleich daneben auf riesig gro\u00dfen Luftkissen toben und in den Himmel hinein springen. Selbst zahlreiche Erwachsene haben dort gro\u00dfen Spa\u00df.<\/p>\n<p style=\"text-align: center;\"><a href=\"http:\/\/www.sabine-seyffert.de\/blog\/wp-content\/uploads\/2013\/08\/Ketteler-Hof-9.jpg\"><img loading=\"lazy\" decoding=\"async\" class=\"alignnone size-full wp-image-2418\" src=\"http:\/\/www.sabine-seyffert.de\/blog\/wp-content\/uploads\/2013\/08\/Ketteler-Hof-9.jpg\" alt=\"Ketteler Hof 9\" width=\"600\" height=\"800\" srcset=\"https:\/\/www.sabine-seyffert.de\/blog\/wp-content\/uploads\/2013\/08\/Ketteler-Hof-9.jpg 600w, https:\/\/www.sabine-seyffert.de\/blog\/wp-content\/uploads\/2013\/08\/Ketteler-Hof-9-225x300.jpg 225w\" sizes=\"auto, (max-width: 600px) 100vw, 600px\" \/><\/a><\/p>\n<p style=\"text-align: justify;\">Ein St\u00fcck weiter gibt es einen Wasserbereich, den man mit kleinen Fl\u00f6\u00dfen befahren kann. Baden selbst ist darin zwar nicht erlaubt, aber wer mag, kann sich bei den kleineren Wasserspritzen etwas \u201eabduschen\u201c lassen oder direkt den dar\u00fcber liegenden Wasserspielplatz aufsuchen.<\/p>\n<p style=\"text-align: center;\"><a href=\"http:\/\/www.sabine-seyffert.de\/blog\/wp-content\/uploads\/2013\/08\/Ketteler-Hof-10.jpg\"><img loading=\"lazy\" decoding=\"async\" class=\"alignnone size-full wp-image-2419\" src=\"http:\/\/www.sabine-seyffert.de\/blog\/wp-content\/uploads\/2013\/08\/Ketteler-Hof-10.jpg\" alt=\"Ketteler Hof 10\" width=\"600\" height=\"800\" srcset=\"https:\/\/www.sabine-seyffert.de\/blog\/wp-content\/uploads\/2013\/08\/Ketteler-Hof-10.jpg 600w, https:\/\/www.sabine-seyffert.de\/blog\/wp-content\/uploads\/2013\/08\/Ketteler-Hof-10-225x300.jpg 225w\" sizes=\"auto, (max-width: 600px) 100vw, 600px\" \/><\/a><\/p>\n<p style=\"text-align: justify;\">Sowohl auf dem Wasserspielplatz als auch bei den anderen Sandspielpl\u00e4tzen bleiben keine W\u00fcnsche offen. Spielzeug muss man hier nicht mitbringen, von Schaufeln, F\u00f6rmchen, Eimern, Booten und Gieskannen ist hier reichlich vorhanden.<\/p>\n<p style=\"text-align: center;\"><a href=\"http:\/\/www.sabine-seyffert.de\/blog\/wp-content\/uploads\/2013\/08\/Ketteler-Hof-12.jpg\"><img loading=\"lazy\" decoding=\"async\" class=\"alignnone size-full wp-image-2420\" src=\"http:\/\/www.sabine-seyffert.de\/blog\/wp-content\/uploads\/2013\/08\/Ketteler-Hof-12.jpg\" alt=\"Ketteler Hof 12\" width=\"600\" height=\"800\" srcset=\"https:\/\/www.sabine-seyffert.de\/blog\/wp-content\/uploads\/2013\/08\/Ketteler-Hof-12.jpg 600w, https:\/\/www.sabine-seyffert.de\/blog\/wp-content\/uploads\/2013\/08\/Ketteler-Hof-12-225x300.jpg 225w\" sizes=\"auto, (max-width: 600px) 100vw, 600px\" \/><\/a><\/p>\n<p style=\"text-align: justify;\">Wir toben uns eine Weile auf der Teppichrutsche aus und arbeiten uns \u00fcber den Sandspielplatz zum Trakt der \u201eFeuerwehr\u201c durch. Ein kecker Feuermann auf der Leiter, spr\u00fcht von oben mit einem feinen Wasserstrahl und auch einige der Feuerwehrm\u00e4nner, die auf diesem Spielplatz zu finden sind, schenken einem bei Bedarf eine wohltuende Wasserdusche. Man kann auf Leitern durch \u201ebrennende\u201c H\u00e4user klettern und dann mutig aus dem Fenster auf gro\u00dfe weiche Matten springen.<\/p>\n<p style=\"text-align: center;\"><a href=\"http:\/\/www.sabine-seyffert.de\/blog\/wp-content\/uploads\/2013\/08\/Ketteler-Hof-19.jpg\"><img loading=\"lazy\" decoding=\"async\" class=\"alignnone size-full wp-image-2426\" src=\"http:\/\/www.sabine-seyffert.de\/blog\/wp-content\/uploads\/2013\/08\/Ketteler-Hof-19.jpg\" alt=\"Ketteler Hof 19\" width=\"800\" height=\"600\" srcset=\"https:\/\/www.sabine-seyffert.de\/blog\/wp-content\/uploads\/2013\/08\/Ketteler-Hof-19.jpg 800w, https:\/\/www.sabine-seyffert.de\/blog\/wp-content\/uploads\/2013\/08\/Ketteler-Hof-19-300x225.jpg 300w\" sizes=\"auto, (max-width: 800px) 100vw, 800px\" \/><\/a><\/p>\n<p style=\"text-align: justify;\">Langsam wird die Sonne in unteren Parkbereich zu hei\u00df. Wir r\u00e4umen das Feld und spazieren am Streichelzoo und Fuhrpark f\u00fcr die Kleinen vorbei. Wer mag kann die Tiere auch f\u00fcttern.<\/p>\n<p style=\"text-align: center;\"><a href=\"http:\/\/www.sabine-seyffert.de\/blog\/wp-content\/uploads\/2013\/08\/Ketteler-Hof-13.jpg\"><img loading=\"lazy\" decoding=\"async\" class=\"alignnone size-full wp-image-2421\" src=\"http:\/\/www.sabine-seyffert.de\/blog\/wp-content\/uploads\/2013\/08\/Ketteler-Hof-13.jpg\" alt=\"Ketteler Hof 13\" width=\"600\" height=\"800\" srcset=\"https:\/\/www.sabine-seyffert.de\/blog\/wp-content\/uploads\/2013\/08\/Ketteler-Hof-13.jpg 600w, https:\/\/www.sabine-seyffert.de\/blog\/wp-content\/uploads\/2013\/08\/Ketteler-Hof-13-225x300.jpg 225w\" sizes=\"auto, (max-width: 600px) 100vw, 600px\" \/><\/a><\/p>\n<p style=\"text-align: justify;\">Im oberen Bereich sind hohe B\u00e4ume und es ist angenehm schattig. Auch hier gibt es unz\u00e4hlige Dinge zu entdecken: Ein sehr interessanter Waldlehrpfad mitten durchs Gr\u00fcne, mutige Kletterein durch hohe Baumwipfeln, ein kleines Wichteldorf, wo die kleineren Kinder auf ihre Kosten kommen, ein begehbarer M\u00e4rchenwald zum Klettern &amp; Entdecken, Schaukeln, eine weitere Wasserrutsche in gro\u00dfen Gummireifen und ein toller Trimm Dich Parcours in verschiedenen Schwierigkeitsstufen, bei dem die gesamte Familie mitmachen kann und Spa\u00df hat.<\/p>\n<p style=\"text-align: center;\"><a href=\"http:\/\/www.sabine-seyffert.de\/blog\/wp-content\/uploads\/2013\/08\/Ketteler-Hof-14.jpg\"><img loading=\"lazy\" decoding=\"async\" class=\"alignnone size-full wp-image-2422\" src=\"http:\/\/www.sabine-seyffert.de\/blog\/wp-content\/uploads\/2013\/08\/Ketteler-Hof-14.jpg\" alt=\"Ketteler Hof 14\" width=\"600\" height=\"800\" srcset=\"https:\/\/www.sabine-seyffert.de\/blog\/wp-content\/uploads\/2013\/08\/Ketteler-Hof-14.jpg 600w, https:\/\/www.sabine-seyffert.de\/blog\/wp-content\/uploads\/2013\/08\/Ketteler-Hof-14-225x300.jpg 225w\" sizes=\"auto, (max-width: 600px) 100vw, 600px\" \/><\/a><\/p>\n<p style=\"text-align: justify;\">Mitten durch den gr\u00fcnen Wald, \u00fcber Baumst\u00e4mme dr\u00fcber, mitten durch eine kleine Sumpflandschaft hindurch und weiter im Wald entlang.<\/p>\n<p style=\"text-align: center;\"><a href=\"http:\/\/www.sabine-seyffert.de\/blog\/wp-content\/uploads\/2013\/08\/Ketteler-Hof-15.jpg\"><img loading=\"lazy\" decoding=\"async\" class=\"alignnone size-full wp-image-2423\" src=\"http:\/\/www.sabine-seyffert.de\/blog\/wp-content\/uploads\/2013\/08\/Ketteler-Hof-15.jpg\" alt=\"Ketteler Hof 15\" width=\"600\" height=\"800\" srcset=\"https:\/\/www.sabine-seyffert.de\/blog\/wp-content\/uploads\/2013\/08\/Ketteler-Hof-15.jpg 600w, https:\/\/www.sabine-seyffert.de\/blog\/wp-content\/uploads\/2013\/08\/Ketteler-Hof-15-225x300.jpg 225w\" sizes=\"auto, (max-width: 600px) 100vw, 600px\" \/><\/a><\/p>\n<p style=\"text-align: justify;\">Jedes Mal ist der Tag wie im Fluge vergangen und wie immer war zu wenig Zeit all die vielen Spielorte zu entdecken.<\/p>\n<p style=\"text-align: center;\"><a href=\"http:\/\/www.sabine-seyffert.de\/blog\/wp-content\/uploads\/2013\/08\/Ketteler-Hof-17.jpg\"><img loading=\"lazy\" decoding=\"async\" class=\"alignnone size-full wp-image-2424\" src=\"http:\/\/www.sabine-seyffert.de\/blog\/wp-content\/uploads\/2013\/08\/Ketteler-Hof-17.jpg\" alt=\"Ketteler Hof 17\" width=\"600\" height=\"800\" srcset=\"https:\/\/www.sabine-seyffert.de\/blog\/wp-content\/uploads\/2013\/08\/Ketteler-Hof-17.jpg 600w, https:\/\/www.sabine-seyffert.de\/blog\/wp-content\/uploads\/2013\/08\/Ketteler-Hof-17-225x300.jpg 225w\" sizes=\"auto, (max-width: 600px) 100vw, 600px\" \/><\/a><\/p>\n<p style=\"text-align: justify;\">Alle sind am Abend m\u00fcde vom vielen Spielen und Toben. Dennoch ziehen wir den voll beladenen Bollerwagen zum Auto und freuen und jetzt schon aufs n\u00e4chste Jahr!<\/p>\n<p style=\"text-align: center;\"><a href=\"http:\/\/www.sabine-seyffert.de\/blog\/wp-content\/uploads\/2013\/08\/Ketteler-Hof-18.jpg\"><img loading=\"lazy\" decoding=\"async\" class=\"alignnone size-full wp-image-2425\" src=\"http:\/\/www.sabine-seyffert.de\/blog\/wp-content\/uploads\/2013\/08\/Ketteler-Hof-18.jpg\" alt=\"Ketteler Hof 18\" width=\"600\" height=\"800\" srcset=\"https:\/\/www.sabine-seyffert.de\/blog\/wp-content\/uploads\/2013\/08\/Ketteler-Hof-18.jpg 600w, https:\/\/www.sabine-seyffert.de\/blog\/wp-content\/uploads\/2013\/08\/Ketteler-Hof-18-225x300.jpg 225w\" sizes=\"auto, (max-width: 600px) 100vw, 600px\" \/><\/a><br \/>\n<a href=\"http:\/\/www.sabine-seyffert.de\/blog\/?page_id=32#urheberrecht\">urherrechtlich gesch\u00fctzt<\/a>, \u00a9 Sabine Seyffert<\/p>\n","protected":false},"excerpt":{"rendered":"<p>Wie versprochen geht es bei mir munter weiter mit tollen Ideen f\u00fcr die Ferien. Beim heutigen Ausflug (das krasse Gegenteil zum gestrigen Ausflug an den Bach &#8211; aber auch das muss ab und zu mal sein!) ist gute Laune und reichlich Bewegung garantiert. Habt Ihr Lust? Dann kommt mit! Letzte Woche stand ein Tagesausflug auf&#8230; <a href=\"https:\/\/www.sabine-seyffert.de\/blog\/frohlicher-kletter-kraxel-rutschespas\/\" class=\"more-link\">Read more: Fr\u00f6hlicher Kletter-, Kraxel-, Rutschespa\u00df<\/a><\/p>\n","protected":false},"author":2,"featured_media":0,"comment_status":"open","ping_status":"open","sticky":false,"template":"","format":"standard","meta":{"_metis_text_type":"","_metis_text_length":4209,"_post_count":0,"footnotes":""},"categories":[39,38],"tags":[],"class_list":["post-2408","post","type-post","status-publish","format-standard","hentry","category-ausfluge-co","category-ferien"],"_links":{"self":[{"href":"https:\/\/www.sabine-seyffert.de\/blog\/wp-json\/wp\/v2\/posts\/2408","targetHints":{"allow":["GET"]}}],"collection":[{"href":"https:\/\/www.sabine-seyffert.de\/blog\/wp-json\/wp\/v2\/posts"}],"about":[{"href":"https:\/\/www.sabine-seyffert.de\/blog\/wp-json\/wp\/v2\/types\/post"}],"author":[{"embeddable":true,"href":"https:\/\/www.sabine-seyffert.de\/blog\/wp-json\/wp\/v2\/users\/2"}],"replies":[{"embeddable":true,"href":"https:\/\/www.sabine-seyffert.de\/blog\/wp-json\/wp\/v2\/comments?post=2408"}],"version-history":[{"count":10,"href":"https:\/\/www.sabine-seyffert.de\/blog\/wp-json\/wp\/v2\/posts\/2408\/revisions"}],"predecessor-version":[{"id":9818,"href":"https:\/\/www.sabine-seyffert.de\/blog\/wp-json\/wp\/v2\/posts\/2408\/revisions\/9818"}],"wp:attachment":[{"href":"https:\/\/www.sabine-seyffert.de\/blog\/wp-json\/wp\/v2\/media?parent=2408"}],"wp:term":[{"taxonomy":"category","embeddable":true,"href":"https:\/\/www.sabine-seyffert.de\/blog\/wp-json\/wp\/v2\/categories?post=2408"},{"taxonomy":"post_tag","embeddable":true,"href":"https:\/\/www.sabine-seyffert.de\/blog\/wp-json\/wp\/v2\/tags?post=2408"}],"curies":[{"name":"wp","href":"https:\/\/api.w.org\/{rel}","templated":true}]}}