{"id":24062,"date":"2022-10-10T06:00:43","date_gmt":"2022-10-10T04:00:43","guid":{"rendered":"https:\/\/www.sabine-seyffert.de\/blog\/?p=24062"},"modified":"2022-09-24T08:48:40","modified_gmt":"2022-09-24T06:48:40","slug":"diy-geschenkverpackung-papier-tasche-mit-herbstlichem-kranz-aus-bemaltem-zeitungspapier","status":"publish","type":"post","link":"https:\/\/www.sabine-seyffert.de\/blog\/diy-geschenkverpackung-papier-tasche-mit-herbstlichem-kranz-aus-bemaltem-zeitungspapier\/","title":{"rendered":"DIY Geschenkverpackung Papier Tasche mit herbstlichem Kranz aus bemaltem Zeitungspapier"},"content":{"rendered":"<p style=\"text-align: justify;\"><img loading=\"lazy\" decoding=\"async\" src=\"https:\/\/vg01.met.vgwort.de\/na\/13f2bd0a4d9c439795242b4f9a191021\" alt=\"\" width=\"1\" height=\"1\" \/>Es gibt mal wieder eine neue Idee aus der Kategorie \u2013 <a href=\"https:\/\/www.sabine-seyffert.de\/blog\/?cat=49\" target=\"_blank\" rel=\"noopener\">Geschenke sch\u00f6n verpackt<\/a>. Ich liebe es einfach kleine Mitbringsel &amp; Co. Sch\u00f6n zu verpacken. In einer geschmackvollen Verpackung macht das Schenken doch gleich doppelt Spa\u00df. Diese Verpackungsidee ist sogar nachhaltig, denn die Geschenkt\u00fcte l\u00e4sst sich nach dem Auspacken problemlos weiter verwenden. Zudem finde ich diese Art Papiert\u00fcten mit Henkel super praktisch. Nicht nur zum Tragen, sondern auch mal um eine kleine \u00dcberraschung der besten Freundin, Nachbarn o.\u00e4. an die T\u00fcr zu h\u00e4ngen \ud83d\ude09<\/p>\n<p style=\"text-align: justify;\"><a href=\"https:\/\/www.sabine-seyffert.de\/blog\/wp-content\/uploads\/2022\/09\/Geschenktuete-Kranz-Weiss-Sabine-Seyffert.de_.jpg\"><img loading=\"lazy\" decoding=\"async\" class=\"size-full wp-image-24064 aligncenter\" src=\"https:\/\/www.sabine-seyffert.de\/blog\/wp-content\/uploads\/2022\/09\/Geschenktuete-Kranz-Weiss-Sabine-Seyffert.de_.jpg\" alt=\"\" width=\"800\" height=\"600\" srcset=\"https:\/\/www.sabine-seyffert.de\/blog\/wp-content\/uploads\/2022\/09\/Geschenktuete-Kranz-Weiss-Sabine-Seyffert.de_.jpg 800w, https:\/\/www.sabine-seyffert.de\/blog\/wp-content\/uploads\/2022\/09\/Geschenktuete-Kranz-Weiss-Sabine-Seyffert.de_-300x225.jpg 300w, https:\/\/www.sabine-seyffert.de\/blog\/wp-content\/uploads\/2022\/09\/Geschenktuete-Kranz-Weiss-Sabine-Seyffert.de_-768x576.jpg 768w\" sizes=\"auto, (max-width: 800px) 100vw, 800px\" \/><\/a><br \/>\n<strong>Das wird gebraucht:<\/strong><br \/>\nEine Papiert\u00fcte aus Kraftpapier \/ Bodenbeutel mit Henkel, Kordel, d\u00fcnne Pappe oder Kraftpapier, wei\u00dfe Bastelfarbe \/ Deckwei\u00df (Lackstift \/ Gelstift o.\u00e4.), eine alte Tageszeitung, Pinsel, eine Lochzange, eine Bastelschere, Bastelkleber \/ Klebestift sowie optional einen sch\u00f6nen Stempel und ein Stempelkissen<\/p>\n<p style=\"text-align: center;\"><a href=\"https:\/\/www.sabine-seyffert.de\/blog\/wp-content\/uploads\/2022\/09\/Geschenktuete-Kranz-Weiss-Sabine-Seyffert.de-0.jpg\"><img loading=\"lazy\" decoding=\"async\" class=\"alignnone size-full wp-image-24068\" src=\"https:\/\/www.sabine-seyffert.de\/blog\/wp-content\/uploads\/2022\/09\/Geschenktuete-Kranz-Weiss-Sabine-Seyffert.de-0.jpg\" alt=\"\" width=\"800\" height=\"600\" srcset=\"https:\/\/www.sabine-seyffert.de\/blog\/wp-content\/uploads\/2022\/09\/Geschenktuete-Kranz-Weiss-Sabine-Seyffert.de-0.jpg 800w, https:\/\/www.sabine-seyffert.de\/blog\/wp-content\/uploads\/2022\/09\/Geschenktuete-Kranz-Weiss-Sabine-Seyffert.de-0-300x225.jpg 300w, https:\/\/www.sabine-seyffert.de\/blog\/wp-content\/uploads\/2022\/09\/Geschenktuete-Kranz-Weiss-Sabine-Seyffert.de-0-768x576.jpg 768w\" sizes=\"auto, (max-width: 800px) 100vw, 800px\" \/><\/a><\/p>\n<p style=\"text-align: justify;\"><strong>So wird\u2019s gemacht:<\/strong><br \/>\nAus einem St\u00fcck Zeitungspapier und wei\u00dfer Farbe stellt ihr euch <a href=\"https:\/\/www.sabine-seyffert.de\/blog\/?p=13917\" target=\"_blank\" rel=\"noopener\">nachhaltiges Bastelpapier<\/a> her. Ich verd\u00fcnne die Farbe bzw. das Deckwei\u00df meist mit etwas Wasser, da so noch ein bisschen Text durchscheint.<\/p>\n<p style=\"text-align: center;\"><a href=\"https:\/\/www.sabine-seyffert.de\/blog\/wp-content\/uploads\/2022\/09\/Geschenktuete-Kranz-Weiss-Sabine-Seyffert.de-10.jpg\"><img loading=\"lazy\" decoding=\"async\" class=\"alignnone size-full wp-image-24069\" src=\"https:\/\/www.sabine-seyffert.de\/blog\/wp-content\/uploads\/2022\/09\/Geschenktuete-Kranz-Weiss-Sabine-Seyffert.de-10.jpg\" alt=\"\" width=\"800\" height=\"600\" srcset=\"https:\/\/www.sabine-seyffert.de\/blog\/wp-content\/uploads\/2022\/09\/Geschenktuete-Kranz-Weiss-Sabine-Seyffert.de-10.jpg 800w, https:\/\/www.sabine-seyffert.de\/blog\/wp-content\/uploads\/2022\/09\/Geschenktuete-Kranz-Weiss-Sabine-Seyffert.de-10-300x225.jpg 300w, https:\/\/www.sabine-seyffert.de\/blog\/wp-content\/uploads\/2022\/09\/Geschenktuete-Kranz-Weiss-Sabine-Seyffert.de-10-768x576.jpg 768w\" sizes=\"auto, (max-width: 800px) 100vw, 800px\" \/><\/a><\/p>\n<p style=\"text-align: justify;\">So sieht man gleich, dass es sich um Upcycling handelt. Aber das ist reine Geschmackssache, ihr k\u00f6nnt die Farbe auch unverd\u00fcnnt verwenden oder gleich unifarbenes Tonpapier verwenden.<\/p>\n<p style=\"text-align: center;\"><a href=\"https:\/\/www.sabine-seyffert.de\/blog\/wp-content\/uploads\/2022\/09\/Geschenktuete-Kranz-Weiss-Sabine-Seyffert.de-9.jpg\"><img loading=\"lazy\" decoding=\"async\" class=\"alignnone size-full wp-image-24070\" src=\"https:\/\/www.sabine-seyffert.de\/blog\/wp-content\/uploads\/2022\/09\/Geschenktuete-Kranz-Weiss-Sabine-Seyffert.de-9.jpg\" alt=\"\" width=\"800\" height=\"600\" srcset=\"https:\/\/www.sabine-seyffert.de\/blog\/wp-content\/uploads\/2022\/09\/Geschenktuete-Kranz-Weiss-Sabine-Seyffert.de-9.jpg 800w, https:\/\/www.sabine-seyffert.de\/blog\/wp-content\/uploads\/2022\/09\/Geschenktuete-Kranz-Weiss-Sabine-Seyffert.de-9-300x225.jpg 300w, https:\/\/www.sabine-seyffert.de\/blog\/wp-content\/uploads\/2022\/09\/Geschenktuete-Kranz-Weiss-Sabine-Seyffert.de-9-768x576.jpg 768w\" sizes=\"auto, (max-width: 800px) 100vw, 800px\" \/><\/a><\/p>\n<p style=\"text-align: justify;\">Mit dem Bleistift zeichnet man sich einen Kreis (ganz d\u00fcnn!) auf dem Packpapier vor.<\/p>\n<p style=\"text-align: center;\"><a href=\"https:\/\/www.sabine-seyffert.de\/blog\/wp-content\/uploads\/2022\/09\/Geschenktuete-Kranz-Weiss-Sabine-Seyffert.de-8.jpg\"><img loading=\"lazy\" decoding=\"async\" class=\"alignnone size-full wp-image-24071\" src=\"https:\/\/www.sabine-seyffert.de\/blog\/wp-content\/uploads\/2022\/09\/Geschenktuete-Kranz-Weiss-Sabine-Seyffert.de-8.jpg\" alt=\"\" width=\"800\" height=\"600\" srcset=\"https:\/\/www.sabine-seyffert.de\/blog\/wp-content\/uploads\/2022\/09\/Geschenktuete-Kranz-Weiss-Sabine-Seyffert.de-8.jpg 800w, https:\/\/www.sabine-seyffert.de\/blog\/wp-content\/uploads\/2022\/09\/Geschenktuete-Kranz-Weiss-Sabine-Seyffert.de-8-300x225.jpg 300w, https:\/\/www.sabine-seyffert.de\/blog\/wp-content\/uploads\/2022\/09\/Geschenktuete-Kranz-Weiss-Sabine-Seyffert.de-8-768x576.jpg 768w\" sizes=\"auto, (max-width: 800px) 100vw, 800px\" \/><\/a><\/p>\n<p style=\"text-align: justify;\">Das hilft beim Basteln immer als Orientierung, damit der Kranz auch wirklich sch\u00f6n rund wird.<\/p>\n<p style=\"text-align: center;\"><a href=\"https:\/\/www.sabine-seyffert.de\/blog\/wp-content\/uploads\/2022\/09\/Geschenktuete-Kranz-Weiss-Sabine-Seyffert.de-7.jpg\"><img loading=\"lazy\" decoding=\"async\" class=\"alignnone size-full wp-image-24072\" src=\"https:\/\/www.sabine-seyffert.de\/blog\/wp-content\/uploads\/2022\/09\/Geschenktuete-Kranz-Weiss-Sabine-Seyffert.de-7.jpg\" alt=\"\" width=\"800\" height=\"600\" srcset=\"https:\/\/www.sabine-seyffert.de\/blog\/wp-content\/uploads\/2022\/09\/Geschenktuete-Kranz-Weiss-Sabine-Seyffert.de-7.jpg 800w, https:\/\/www.sabine-seyffert.de\/blog\/wp-content\/uploads\/2022\/09\/Geschenktuete-Kranz-Weiss-Sabine-Seyffert.de-7-300x225.jpg 300w, https:\/\/www.sabine-seyffert.de\/blog\/wp-content\/uploads\/2022\/09\/Geschenktuete-Kranz-Weiss-Sabine-Seyffert.de-7-768x576.jpg 768w\" sizes=\"auto, (max-width: 800px) 100vw, 800px\" \/><\/a><\/p>\n<p style=\"text-align: justify;\">Aus dem selbst gemachten Bastelpapier schnippelt man allerhand Bl\u00e4tter.<\/p>\n<p style=\"text-align: center;\"><a href=\"https:\/\/www.sabine-seyffert.de\/blog\/wp-content\/uploads\/2022\/09\/Geschenktuete-Kranz-Weiss-Sabine-Seyffert.de-6.jpg\"><img loading=\"lazy\" decoding=\"async\" class=\"alignnone size-full wp-image-24073\" src=\"https:\/\/www.sabine-seyffert.de\/blog\/wp-content\/uploads\/2022\/09\/Geschenktuete-Kranz-Weiss-Sabine-Seyffert.de-6.jpg\" alt=\"\" width=\"800\" height=\"600\" srcset=\"https:\/\/www.sabine-seyffert.de\/blog\/wp-content\/uploads\/2022\/09\/Geschenktuete-Kranz-Weiss-Sabine-Seyffert.de-6.jpg 800w, https:\/\/www.sabine-seyffert.de\/blog\/wp-content\/uploads\/2022\/09\/Geschenktuete-Kranz-Weiss-Sabine-Seyffert.de-6-300x225.jpg 300w, https:\/\/www.sabine-seyffert.de\/blog\/wp-content\/uploads\/2022\/09\/Geschenktuete-Kranz-Weiss-Sabine-Seyffert.de-6-768x576.jpg 768w\" sizes=\"auto, (max-width: 800px) 100vw, 800px\" \/><\/a><\/p>\n<p style=\"text-align: justify;\">Aus einer vergilbten Buchseite habe ich au\u00dferdem mit der Lochzange noch kleine Kreise gestanzt. Alternativ kann man hierf\u00fcr auch den unbedruckten Rand der Zeitung verwenden.<\/p>\n<p style=\"text-align: center;\"><a href=\"https:\/\/www.sabine-seyffert.de\/blog\/wp-content\/uploads\/2022\/09\/Geschenktuete-Kranz-Weiss-Sabine-Seyffert.de-5.jpg\"><img loading=\"lazy\" decoding=\"async\" class=\"alignnone size-full wp-image-24074\" src=\"https:\/\/www.sabine-seyffert.de\/blog\/wp-content\/uploads\/2022\/09\/Geschenktuete-Kranz-Weiss-Sabine-Seyffert.de-5.jpg\" alt=\"\" width=\"800\" height=\"600\" srcset=\"https:\/\/www.sabine-seyffert.de\/blog\/wp-content\/uploads\/2022\/09\/Geschenktuete-Kranz-Weiss-Sabine-Seyffert.de-5.jpg 800w, https:\/\/www.sabine-seyffert.de\/blog\/wp-content\/uploads\/2022\/09\/Geschenktuete-Kranz-Weiss-Sabine-Seyffert.de-5-300x225.jpg 300w, https:\/\/www.sabine-seyffert.de\/blog\/wp-content\/uploads\/2022\/09\/Geschenktuete-Kranz-Weiss-Sabine-Seyffert.de-5-768x576.jpg 768w\" sizes=\"auto, (max-width: 800px) 100vw, 800px\" \/><\/a><\/p>\n<p style=\"text-align: justify;\">Die kleinen Papierbl\u00e4tter klebt man nun gleichm\u00e4\u00dfig verteilt um den Kreis.<\/p>\n<p style=\"text-align: justify;\"><a href=\"https:\/\/www.sabine-seyffert.de\/blog\/wp-content\/uploads\/2022\/09\/Geschenktuete-Kranz-Weiss-Sabine-Seyffert.de-4.jpg\"><img loading=\"lazy\" decoding=\"async\" class=\"size-full wp-image-24075 aligncenter\" src=\"https:\/\/www.sabine-seyffert.de\/blog\/wp-content\/uploads\/2022\/09\/Geschenktuete-Kranz-Weiss-Sabine-Seyffert.de-4.jpg\" alt=\"\" width=\"800\" height=\"600\" srcset=\"https:\/\/www.sabine-seyffert.de\/blog\/wp-content\/uploads\/2022\/09\/Geschenktuete-Kranz-Weiss-Sabine-Seyffert.de-4.jpg 800w, https:\/\/www.sabine-seyffert.de\/blog\/wp-content\/uploads\/2022\/09\/Geschenktuete-Kranz-Weiss-Sabine-Seyffert.de-4-300x225.jpg 300w, https:\/\/www.sabine-seyffert.de\/blog\/wp-content\/uploads\/2022\/09\/Geschenktuete-Kranz-Weiss-Sabine-Seyffert.de-4-768x576.jpg 768w\" sizes=\"auto, (max-width: 800px) 100vw, 800px\" \/><\/a><\/p>\n<p style=\"text-align: justify;\">Mit einem d\u00fcnnen Pinsel (oder wei\u00dfen Stift) kommen noch filigrane Bl\u00fcten dazwischen, die man oben mit den ausgestanzten Papierkreisen beklebt.<\/p>\n<p style=\"text-align: center;\"><a href=\"https:\/\/www.sabine-seyffert.de\/blog\/wp-content\/uploads\/2022\/09\/Geschenktuete-Kranz-Weiss-Sabine-Seyffert.de-3.jpg\"><img loading=\"lazy\" decoding=\"async\" class=\"alignnone size-full wp-image-24076\" src=\"https:\/\/www.sabine-seyffert.de\/blog\/wp-content\/uploads\/2022\/09\/Geschenktuete-Kranz-Weiss-Sabine-Seyffert.de-3.jpg\" alt=\"\" width=\"800\" height=\"600\" srcset=\"https:\/\/www.sabine-seyffert.de\/blog\/wp-content\/uploads\/2022\/09\/Geschenktuete-Kranz-Weiss-Sabine-Seyffert.de-3.jpg 800w, https:\/\/www.sabine-seyffert.de\/blog\/wp-content\/uploads\/2022\/09\/Geschenktuete-Kranz-Weiss-Sabine-Seyffert.de-3-300x225.jpg 300w, https:\/\/www.sabine-seyffert.de\/blog\/wp-content\/uploads\/2022\/09\/Geschenktuete-Kranz-Weiss-Sabine-Seyffert.de-3-768x576.jpg 768w\" sizes=\"auto, (max-width: 800px) 100vw, 800px\" \/><\/a><\/p>\n<p style=\"text-align: justify;\">Hier und da habe ich mit der wei\u00dfen Farbe noch Mini Punkte daneben getupft (=&gt; Tipp: das klappt super mit einem Zahnstocher!).<\/p>\n<p style=\"text-align: center;\"><a href=\"https:\/\/www.sabine-seyffert.de\/blog\/wp-content\/uploads\/2022\/09\/Geschenktuete-Kranz-Weiss-Sabine-Seyffert.de-2.jpg\"><img loading=\"lazy\" decoding=\"async\" class=\"alignnone size-full wp-image-24077\" src=\"https:\/\/www.sabine-seyffert.de\/blog\/wp-content\/uploads\/2022\/09\/Geschenktuete-Kranz-Weiss-Sabine-Seyffert.de-2.jpg\" alt=\"\" width=\"800\" height=\"600\" srcset=\"https:\/\/www.sabine-seyffert.de\/blog\/wp-content\/uploads\/2022\/09\/Geschenktuete-Kranz-Weiss-Sabine-Seyffert.de-2.jpg 800w, https:\/\/www.sabine-seyffert.de\/blog\/wp-content\/uploads\/2022\/09\/Geschenktuete-Kranz-Weiss-Sabine-Seyffert.de-2-300x225.jpg 300w, https:\/\/www.sabine-seyffert.de\/blog\/wp-content\/uploads\/2022\/09\/Geschenktuete-Kranz-Weiss-Sabine-Seyffert.de-2-768x576.jpg 768w\" sizes=\"auto, (max-width: 800px) 100vw, 800px\" \/><\/a><\/p>\n<p style=\"text-align: justify;\">Mit einem meiner Lieblingsstempel habe ich noch einen kleinen Gru\u00df auf d\u00fcnne Pappe gestempelt, diesen als Wimpel zugeschnitten, oben mit der Lochzange gelocht und anschlie\u00dfend mit einem kleinen St\u00fcck Kordel um den Henkel der Papiertasche geknotet.<\/p>\n<p style=\"text-align: center;\"><a href=\"https:\/\/www.sabine-seyffert.de\/blog\/wp-content\/uploads\/2022\/09\/Geschenktuete-Kranz-Weiss-Sabine-Seyffert.de-1.jpg\"><img loading=\"lazy\" decoding=\"async\" class=\"alignnone size-full wp-image-24065\" src=\"https:\/\/www.sabine-seyffert.de\/blog\/wp-content\/uploads\/2022\/09\/Geschenktuete-Kranz-Weiss-Sabine-Seyffert.de-1.jpg\" alt=\"\" width=\"800\" height=\"600\" srcset=\"https:\/\/www.sabine-seyffert.de\/blog\/wp-content\/uploads\/2022\/09\/Geschenktuete-Kranz-Weiss-Sabine-Seyffert.de-1.jpg 800w, https:\/\/www.sabine-seyffert.de\/blog\/wp-content\/uploads\/2022\/09\/Geschenktuete-Kranz-Weiss-Sabine-Seyffert.de-1-300x225.jpg 300w, https:\/\/www.sabine-seyffert.de\/blog\/wp-content\/uploads\/2022\/09\/Geschenktuete-Kranz-Weiss-Sabine-Seyffert.de-1-768x576.jpg 768w\" sizes=\"auto, (max-width: 800px) 100vw, 800px\" \/><\/a><\/p>\n<p style=\"text-align: justify;\"><strong>Ein kleiner Tipp:<\/strong><br \/>\nDas Motiv mit dem Kranz kann man nat\u00fcrlich farblich abwandeln, wenn einem eine andere Farbe hierf\u00fcr lieber ist und auch ebenso gut auf einer anderen Geschenkverpackung gestalten, wenn man das Pr\u00e4sent nicht in einer T\u00fcte \u00fcberreichen m\u00f6chte. Allerdings klappt das Malen und Kleben am besten auf einer flachen, glatten Oberfl\u00e4che. Das als kleiner Tipp am Rande.<\/p>\n<p style=\"text-align: center;\"><a href=\"https:\/\/www.sabine-seyffert.de\/blog\/wp-content\/uploads\/2022\/09\/Geschenktuete-Kranz-Weiss-Sabine-Seyffert.de-12.jpg\"><img loading=\"lazy\" decoding=\"async\" class=\"alignnone size-full wp-image-24067\" src=\"https:\/\/www.sabine-seyffert.de\/blog\/wp-content\/uploads\/2022\/09\/Geschenktuete-Kranz-Weiss-Sabine-Seyffert.de-12.jpg\" alt=\"\" width=\"600\" height=\"800\" srcset=\"https:\/\/www.sabine-seyffert.de\/blog\/wp-content\/uploads\/2022\/09\/Geschenktuete-Kranz-Weiss-Sabine-Seyffert.de-12.jpg 600w, https:\/\/www.sabine-seyffert.de\/blog\/wp-content\/uploads\/2022\/09\/Geschenktuete-Kranz-Weiss-Sabine-Seyffert.de-12-225x300.jpg 225w\" sizes=\"auto, (max-width: 600px) 100vw, 600px\" \/><\/a><\/p>\n<p style=\"text-align: justify;\">Weitere tolle Verpackungsideen f\u00fcr ganz unterschiedliche Anl\u00e4sse findet ihr \u00fcbrigens mit Bastelanleitung in <a href=\"https:\/\/www.sabine-seyffert.de\/blog\/?cat=49\" target=\"_blank\" rel=\"noopener\">dieser Blog Kategorie<\/a>, alles zum Thema Upcycling mit detaillierter Bastelanleitung gibt es in <a href=\"https:\/\/www.sabine-seyffert.de\/blog\/?cat=47\" target=\"_blank\" rel=\"noopener\">dieser Rubrik<\/a>, alles rund um die Herbstzeit sind in <a href=\"https:\/\/www.sabine-seyffert.de\/blog\/?cat=25\" target=\"_blank\" rel=\"noopener\">diesem Blog Ordner<\/a> oder <a href=\"https:\/\/www.pinterest.de\/diysabineseyffert\/\" target=\"_blank\" rel=\"noopener\">meiner Pinnwand<\/a> und andere kreative Sachen da.\u00a0<a href=\"https:\/\/www.sabine-seyffert.de\/blog\/wp-content\/uploads\/2022\/09\/Geschenktuete-Kranz-Weiss-Sabine-Seyffert.de-11.jpg\"><img loading=\"lazy\" decoding=\"async\" class=\"size-full wp-image-24066 aligncenter\" src=\"https:\/\/www.sabine-seyffert.de\/blog\/wp-content\/uploads\/2022\/09\/Geschenktuete-Kranz-Weiss-Sabine-Seyffert.de-11.jpg\" alt=\"\" width=\"600\" height=\"800\" srcset=\"https:\/\/www.sabine-seyffert.de\/blog\/wp-content\/uploads\/2022\/09\/Geschenktuete-Kranz-Weiss-Sabine-Seyffert.de-11.jpg 600w, https:\/\/www.sabine-seyffert.de\/blog\/wp-content\/uploads\/2022\/09\/Geschenktuete-Kranz-Weiss-Sabine-Seyffert.de-11-225x300.jpg 225w\" sizes=\"auto, (max-width: 600px) 100vw, 600px\" \/><\/a><a href=\"https:\/\/www.sabine-seyffert.de\/blog\/?page_id=32#urheberrecht\">urheberrechtlich gesch\u00fctzt<\/a>, \u00a9 Sabine Seyffert<\/p>\n","protected":false},"excerpt":{"rendered":"<p>Es gibt mal wieder eine neue Idee aus der Kategorie \u2013 Geschenke sch\u00f6n verpackt. Ich liebe es einfach kleine Mitbringsel &amp; Co. Sch\u00f6n zu verpacken. In einer geschmackvollen Verpackung macht das Schenken doch gleich doppelt Spa\u00df. Diese Verpackungsidee ist sogar nachhaltig, denn die Geschenkt\u00fcte l\u00e4sst sich nach dem Auspacken problemlos weiter verwenden. Zudem finde ich&#8230; <a href=\"https:\/\/www.sabine-seyffert.de\/blog\/diy-geschenkverpackung-papier-tasche-mit-herbstlichem-kranz-aus-bemaltem-zeitungspapier\/\" class=\"more-link\">Read more: DIY Geschenkverpackung Papier Tasche mit herbstlichem Kranz aus bemaltem Zeitungspapier<\/a><\/p>\n","protected":false},"author":2,"featured_media":0,"comment_status":"open","ping_status":"open","sticky":false,"template":"","format":"standard","meta":{"_metis_text_type":"","_metis_text_length":3046,"_post_count":0,"footnotes":""},"categories":[49,25,47],"tags":[],"class_list":["post-24062","post","type-post","status-publish","format-standard","hentry","category-verpackungsideen","category-herbst","category-upcyceltes"],"_links":{"self":[{"href":"https:\/\/www.sabine-seyffert.de\/blog\/wp-json\/wp\/v2\/posts\/24062","targetHints":{"allow":["GET"]}}],"collection":[{"href":"https:\/\/www.sabine-seyffert.de\/blog\/wp-json\/wp\/v2\/posts"}],"about":[{"href":"https:\/\/www.sabine-seyffert.de\/blog\/wp-json\/wp\/v2\/types\/post"}],"author":[{"embeddable":true,"href":"https:\/\/www.sabine-seyffert.de\/blog\/wp-json\/wp\/v2\/users\/2"}],"replies":[{"embeddable":true,"href":"https:\/\/www.sabine-seyffert.de\/blog\/wp-json\/wp\/v2\/comments?post=24062"}],"version-history":[{"count":3,"href":"https:\/\/www.sabine-seyffert.de\/blog\/wp-json\/wp\/v2\/posts\/24062\/revisions"}],"predecessor-version":[{"id":24079,"href":"https:\/\/www.sabine-seyffert.de\/blog\/wp-json\/wp\/v2\/posts\/24062\/revisions\/24079"}],"wp:attachment":[{"href":"https:\/\/www.sabine-seyffert.de\/blog\/wp-json\/wp\/v2\/media?parent=24062"}],"wp:term":[{"taxonomy":"category","embeddable":true,"href":"https:\/\/www.sabine-seyffert.de\/blog\/wp-json\/wp\/v2\/categories?post=24062"},{"taxonomy":"post_tag","embeddable":true,"href":"https:\/\/www.sabine-seyffert.de\/blog\/wp-json\/wp\/v2\/tags?post=24062"}],"curies":[{"name":"wp","href":"https:\/\/api.w.org\/{rel}","templated":true}]}}