{"id":23954,"date":"2022-09-26T06:00:10","date_gmt":"2022-09-26T04:00:10","guid":{"rendered":"https:\/\/www.sabine-seyffert.de\/blog\/?p=23954"},"modified":"2022-09-14T13:18:48","modified_gmt":"2022-09-14T11:18:48","slug":"basteln-mit-kindern-im-herbst-suesse-igel-aus-blaettern-pappe","status":"publish","type":"post","link":"https:\/\/www.sabine-seyffert.de\/blog\/basteln-mit-kindern-im-herbst-suesse-igel-aus-blaettern-pappe\/","title":{"rendered":"Basteln mit Kindern im Herbst: S\u00fc\u00dfe Igel aus Bl\u00e4ttern &#038; Pappe"},"content":{"rendered":"<p style=\"text-align: justify;\"><img loading=\"lazy\" decoding=\"async\" src=\"https:\/\/vg01.met.vgwort.de\/na\/7e9b755f68fd47c3beecce72f7e00f85\" alt=\"\" width=\"1\" height=\"1\" \/>Wie jedes Jahr im Herbst, gibt es auf meinem kunterbunten Familienblog nat\u00fcrlich auch eine Bastelidee zum Thema Igel. Nicht selten haben wir zur Herbstzeit Besuch im Garten von Igeln. Daher d\u00fcrfen die als Motiv nicht fehlen. Nachdem ich euch im letzten Jahr schon kleine <a href=\"https:\/\/www.sabine-seyffert.de\/blog\/?p=21192\" target=\"_blank\" rel=\"noopener\">Igel aus Ahornnasen<\/a> gezeigt habe, <a href=\"https:\/\/www.sabine-seyffert.de\/blog\/?p=21226\" target=\"_blank\" rel=\"noopener\">lustige Wickeligel<\/a>, die <a href=\"https:\/\/www.sabine-seyffert.de\/blog\/?p=21289\" target=\"_blank\" rel=\"noopener\">Igel aus Handabdr\u00fccken<\/a> oder die pfiffigen Upcycling <a href=\"https:\/\/www.sabine-seyffert.de\/blog\/?p=17248\" target=\"_blank\" rel=\"noopener\">Igel aus Pappe &amp; Zeitung<\/a>, kommt in diesem Jahr zu den <a href=\"https:\/\/www.sabine-seyffert.de\/blog\/?p=23737\" target=\"_blank\" rel=\"noopener\">Kastanien Igeln<\/a> noch eine neue Variante hinzu \u2013 ein Bl\u00e4tterigel!<br \/>\nSchlie\u00dflich wimmelt es in dieser Jahreszeit drau\u00dfen an allen Ecken nur so von bunten Herbstbl\u00e4ttern und Laub. Diese Natursch\u00e4tze kann man einfach prima als kostenloses Bastelmaterial zum Kreativsein nutzen.<br \/>\nHast du auch schon ein paar Bl\u00e4tter gesammelt und bis auf der Suche nach Bastelideen? Dann hol dir deinen <a href=\"https:\/\/www.sabine-seyffert.de\/blog\/?p=12310\" target=\"_blank\" rel=\"noopener\">Malkittel<\/a> und leiste uns beim Basteln Gesellschaft.<\/p>\n<p style=\"text-align: center;\"><a href=\"https:\/\/www.sabine-seyffert.de\/blog\/wp-content\/uploads\/2022\/09\/Igel-Amber-Sabine-Seyffert.de_.jpg\"><img loading=\"lazy\" decoding=\"async\" class=\"alignnone size-full wp-image-23955\" src=\"https:\/\/www.sabine-seyffert.de\/blog\/wp-content\/uploads\/2022\/09\/Igel-Amber-Sabine-Seyffert.de_.jpg\" alt=\"\" width=\"800\" height=\"600\" srcset=\"https:\/\/www.sabine-seyffert.de\/blog\/wp-content\/uploads\/2022\/09\/Igel-Amber-Sabine-Seyffert.de_.jpg 800w, https:\/\/www.sabine-seyffert.de\/blog\/wp-content\/uploads\/2022\/09\/Igel-Amber-Sabine-Seyffert.de_-300x225.jpg 300w, https:\/\/www.sabine-seyffert.de\/blog\/wp-content\/uploads\/2022\/09\/Igel-Amber-Sabine-Seyffert.de_-768x576.jpg 768w\" sizes=\"auto, (max-width: 800px) 100vw, 800px\" \/><\/a><\/p>\n<p style=\"text-align: justify;\"><strong>Das wird gebraucht:<\/strong><br \/>\nPappe \/ Karton, eine Bastelschere, kleine K\u00f6pfe, bunte, gepresste Herbstbl\u00e4tter, eine altes Tageszeitung, ein Wasserfarbkasten inklusiv Deckwei\u00df, Bastelkleber \/ Klebestift, Pinsel, Streichholz und Zahnstocher, eine Malunterlage und <a href=\"https:\/\/www.sabine-seyffert.de\/blog\/?p=12310\" target=\"_blank\" rel=\"noopener\">Malkittel<\/a><\/p>\n<p style=\"text-align: center;\"><a href=\"https:\/\/www.sabine-seyffert.de\/blog\/wp-content\/uploads\/2022\/09\/Igel-Amber-Sabine-Seyffert.de-0.jpg\"><img loading=\"lazy\" decoding=\"async\" class=\"alignnone size-full wp-image-23956\" src=\"https:\/\/www.sabine-seyffert.de\/blog\/wp-content\/uploads\/2022\/09\/Igel-Amber-Sabine-Seyffert.de-0.jpg\" alt=\"\" width=\"800\" height=\"600\" srcset=\"https:\/\/www.sabine-seyffert.de\/blog\/wp-content\/uploads\/2022\/09\/Igel-Amber-Sabine-Seyffert.de-0.jpg 800w, https:\/\/www.sabine-seyffert.de\/blog\/wp-content\/uploads\/2022\/09\/Igel-Amber-Sabine-Seyffert.de-0-300x225.jpg 300w, https:\/\/www.sabine-seyffert.de\/blog\/wp-content\/uploads\/2022\/09\/Igel-Amber-Sabine-Seyffert.de-0-768x576.jpg 768w\" sizes=\"auto, (max-width: 800px) 100vw, 800px\" \/><\/a><\/p>\n<p style=\"text-align: justify;\"><strong>So wird\u2019s gemacht:<\/strong><br \/>\nDas Laub solltet ihr vor dem Basteln 2-3 Tage gut pressen, so dass es glatt und trocken ist. So lassen sich die bunten Bl\u00e4tter am besten aufkleben und verarbeiten.<\/p>\n<p style=\"text-align: center;\"><a href=\"https:\/\/www.sabine-seyffert.de\/blog\/wp-content\/uploads\/2022\/09\/Igel-Amber-Sabine-Seyffert.de-6.jpg\"><img loading=\"lazy\" decoding=\"async\" class=\"alignnone size-full wp-image-23964\" src=\"https:\/\/www.sabine-seyffert.de\/blog\/wp-content\/uploads\/2022\/09\/Igel-Amber-Sabine-Seyffert.de-6.jpg\" alt=\"\" width=\"800\" height=\"600\" srcset=\"https:\/\/www.sabine-seyffert.de\/blog\/wp-content\/uploads\/2022\/09\/Igel-Amber-Sabine-Seyffert.de-6.jpg 800w, https:\/\/www.sabine-seyffert.de\/blog\/wp-content\/uploads\/2022\/09\/Igel-Amber-Sabine-Seyffert.de-6-300x225.jpg 300w, https:\/\/www.sabine-seyffert.de\/blog\/wp-content\/uploads\/2022\/09\/Igel-Amber-Sabine-Seyffert.de-6-768x576.jpg 768w\" sizes=\"auto, (max-width: 800px) 100vw, 800px\" \/><\/a><\/p>\n<p style=\"text-align: justify;\">Wenn ihr den Tisch abgedeckt und euch die Bastelkittel \u00fcbergezogen habt, lasst euch von einem Erwachsenen einen leeren Pappkarton zerschneiden.<\/p>\n<p style=\"text-align: center;\"><a href=\"https:\/\/www.sabine-seyffert.de\/blog\/wp-content\/uploads\/2022\/09\/Igel-Amber-Sabine-Seyffert.de-5.jpg\"><img loading=\"lazy\" decoding=\"async\" class=\"alignnone size-full wp-image-23963\" src=\"https:\/\/www.sabine-seyffert.de\/blog\/wp-content\/uploads\/2022\/09\/Igel-Amber-Sabine-Seyffert.de-5.jpg\" alt=\"\" width=\"800\" height=\"600\" srcset=\"https:\/\/www.sabine-seyffert.de\/blog\/wp-content\/uploads\/2022\/09\/Igel-Amber-Sabine-Seyffert.de-5.jpg 800w, https:\/\/www.sabine-seyffert.de\/blog\/wp-content\/uploads\/2022\/09\/Igel-Amber-Sabine-Seyffert.de-5-300x225.jpg 300w, https:\/\/www.sabine-seyffert.de\/blog\/wp-content\/uploads\/2022\/09\/Igel-Amber-Sabine-Seyffert.de-5-768x576.jpg 768w\" sizes=\"auto, (max-width: 800px) 100vw, 800px\" \/><\/a><\/p>\n<p style=\"text-align: justify;\">Auf der Pappe zeichnet ihr euch mit einem Bleistift kleine Igel vor und schneidet diese aus. Achtet darauf, dass ihr zum Basteln die Seite der Pappe verwendet, die unbedruckt ist!<\/p>\n<p style=\"text-align: center;\"><a href=\"https:\/\/www.sabine-seyffert.de\/blog\/wp-content\/uploads\/2022\/09\/Igel-Amber-Sabine-Seyffert.de-4.jpg\"><img loading=\"lazy\" decoding=\"async\" class=\"alignnone size-full wp-image-23962\" src=\"https:\/\/www.sabine-seyffert.de\/blog\/wp-content\/uploads\/2022\/09\/Igel-Amber-Sabine-Seyffert.de-4.jpg\" alt=\"\" width=\"800\" height=\"600\" srcset=\"https:\/\/www.sabine-seyffert.de\/blog\/wp-content\/uploads\/2022\/09\/Igel-Amber-Sabine-Seyffert.de-4.jpg 800w, https:\/\/www.sabine-seyffert.de\/blog\/wp-content\/uploads\/2022\/09\/Igel-Amber-Sabine-Seyffert.de-4-300x225.jpg 300w, https:\/\/www.sabine-seyffert.de\/blog\/wp-content\/uploads\/2022\/09\/Igel-Amber-Sabine-Seyffert.de-4-768x576.jpg 768w\" sizes=\"auto, (max-width: 800px) 100vw, 800px\" \/><\/a><\/p>\n<p style=\"text-align: justify;\">Den hinteren Teil des Igels beklebt ihr nun mit euren Bl\u00e4ttern. Diese sollten dicht an dicht geklebt werden, so dass keine Pappe mehr zu sehen ist. Das vordere St\u00fcck der Pappe bleibt wie es ist.<\/p>\n<p style=\"text-align: center;\"><a href=\"https:\/\/www.sabine-seyffert.de\/blog\/wp-content\/uploads\/2022\/09\/Igel-Amber-Sabine-Seyffert.de-3.jpg\"><img loading=\"lazy\" decoding=\"async\" class=\"alignnone size-full wp-image-23961\" src=\"https:\/\/www.sabine-seyffert.de\/blog\/wp-content\/uploads\/2022\/09\/Igel-Amber-Sabine-Seyffert.de-3.jpg\" alt=\"\" width=\"800\" height=\"600\" srcset=\"https:\/\/www.sabine-seyffert.de\/blog\/wp-content\/uploads\/2022\/09\/Igel-Amber-Sabine-Seyffert.de-3.jpg 800w, https:\/\/www.sabine-seyffert.de\/blog\/wp-content\/uploads\/2022\/09\/Igel-Amber-Sabine-Seyffert.de-3-300x225.jpg 300w, https:\/\/www.sabine-seyffert.de\/blog\/wp-content\/uploads\/2022\/09\/Igel-Amber-Sabine-Seyffert.de-3-768x576.jpg 768w\" sizes=\"auto, (max-width: 800px) 100vw, 800px\" \/><\/a><\/p>\n<p style=\"text-align: justify;\">Darauf k\u00f6nnt ihr, mit <a href=\"https:\/\/www.sabine-seyffert.de\/blog\/?p=13917\" target=\"_blank\" rel=\"noopener\">selbst gemachtem Bastelpapier<\/a> die Augen gestalten. Wem das mit diesem nachhaltigen Bastelpapier zu aufw\u00e4ndig ist, da ihr hierf\u00fcr nur ein klitzekleines St\u00fcck Papier ben\u00f6tigt, der kann die Augen auch aus kleinen Papierschnipseln schneiden und aufkleben. Dann noch ein paar rote B\u00e4ckchen aufmalen und vorne auf die Nase einen kleinen Knopf kleben, fertig!<\/p>\n<p style=\"text-align: center;\"><a href=\"https:\/\/www.sabine-seyffert.de\/blog\/wp-content\/uploads\/2022\/09\/Igel-Amber-Sabine-Seyffert.de-2.jpg\"><img loading=\"lazy\" decoding=\"async\" class=\"alignnone size-full wp-image-23960\" src=\"https:\/\/www.sabine-seyffert.de\/blog\/wp-content\/uploads\/2022\/09\/Igel-Amber-Sabine-Seyffert.de-2.jpg\" alt=\"\" width=\"800\" height=\"600\" srcset=\"https:\/\/www.sabine-seyffert.de\/blog\/wp-content\/uploads\/2022\/09\/Igel-Amber-Sabine-Seyffert.de-2.jpg 800w, https:\/\/www.sabine-seyffert.de\/blog\/wp-content\/uploads\/2022\/09\/Igel-Amber-Sabine-Seyffert.de-2-300x225.jpg 300w, https:\/\/www.sabine-seyffert.de\/blog\/wp-content\/uploads\/2022\/09\/Igel-Amber-Sabine-Seyffert.de-2-768x576.jpg 768w\" sizes=\"auto, (max-width: 800px) 100vw, 800px\" \/><\/a><\/p>\n<p style=\"text-align: justify;\"><strong>Ein kleiner Tipp:<\/strong><br \/>\nWer mag, kann seine Igel auch als Herbst Deko verwenden und an einem St\u00fcck Kordel aufh\u00e4ngen. Ebenso gut kann man mit den Bl\u00e4tter- Igeln ein Geschenk aufpimpen oder die lustigen Igel als Einladungen f\u00fcr einen Kindergeburtstag nutzen. In dem Fall einfach den Text der Einladung auf der R\u00fcckseite notieren. Das passt prima zu einer Motto Party zum Thema \u201eWald\u201c.<\/p>\n<p style=\"text-align: center;\"><a href=\"https:\/\/www.sabine-seyffert.de\/blog\/wp-content\/uploads\/2022\/09\/Igel-Amber-Sabine-Seyffert.de-1.jpg\"><img loading=\"lazy\" decoding=\"async\" class=\"alignnone size-full wp-image-23959\" src=\"https:\/\/www.sabine-seyffert.de\/blog\/wp-content\/uploads\/2022\/09\/Igel-Amber-Sabine-Seyffert.de-1.jpg\" alt=\"\" width=\"800\" height=\"600\" srcset=\"https:\/\/www.sabine-seyffert.de\/blog\/wp-content\/uploads\/2022\/09\/Igel-Amber-Sabine-Seyffert.de-1.jpg 800w, https:\/\/www.sabine-seyffert.de\/blog\/wp-content\/uploads\/2022\/09\/Igel-Amber-Sabine-Seyffert.de-1-300x225.jpg 300w, https:\/\/www.sabine-seyffert.de\/blog\/wp-content\/uploads\/2022\/09\/Igel-Amber-Sabine-Seyffert.de-1-768x576.jpg 768w\" sizes=\"auto, (max-width: 800px) 100vw, 800px\" \/><\/a><\/p>\n<p style=\"text-align: justify;\">Mehr bunte Herbst Ideen gibt es derzeit bei meiner <a href=\"https:\/\/www.instagram.com\/diy_sabine_seyffert\/\" target=\"_blank\" rel=\"noopener\">#DIYchallengederwoche<\/a><\/p>\n<p style=\"text-align: center;\"><a href=\"https:\/\/www.sabine-seyffert.de\/blog\/wp-content\/uploads\/2022\/09\/Igel-Amber-Sabine-Seyffert.de-8.jpg\"><img loading=\"lazy\" decoding=\"async\" class=\"alignnone size-full wp-image-23958\" src=\"https:\/\/www.sabine-seyffert.de\/blog\/wp-content\/uploads\/2022\/09\/Igel-Amber-Sabine-Seyffert.de-8.jpg\" alt=\"\" width=\"600\" height=\"800\" srcset=\"https:\/\/www.sabine-seyffert.de\/blog\/wp-content\/uploads\/2022\/09\/Igel-Amber-Sabine-Seyffert.de-8.jpg 600w, https:\/\/www.sabine-seyffert.de\/blog\/wp-content\/uploads\/2022\/09\/Igel-Amber-Sabine-Seyffert.de-8-225x300.jpg 225w\" sizes=\"auto, (max-width: 600px) 100vw, 600px\" \/><\/a><\/p>\n<p style=\"text-align: justify;\">Weitere kreative Ideen rund um das Thema Kindergeburtstag findet ihr \u00fcbrigens in <a href=\"https:\/\/www.sabine-seyffert.de\/blog\/?cat=21\" target=\"_blank\" rel=\"noopener\">dieser Blog Kategorie<\/a>, alles zum Thema Upcycling mit detaillierter Bastelanleitung gibt es in <a href=\"https:\/\/www.sabine-seyffert.de\/blog\/?cat=47\" target=\"_blank\" rel=\"noopener\">dieser Rubrik<\/a>, Do-it-Yourself Bastelideen f\u00fcr Kinder tummeln sich <a href=\"https:\/\/www.sabine-seyffert.de\/blog\/?cat=32\" target=\"_blank\" rel=\"noopener\">hier<\/a>, alles rund um die Herbstzeit sind in <a href=\"https:\/\/www.sabine-seyffert.de\/blog\/?cat=25\" target=\"_blank\" rel=\"noopener\">diesem Blog Ordner<\/a> oder <a href=\"https:\/\/www.pinterest.de\/diysabineseyffert\/\" target=\"_blank\" rel=\"noopener\">meiner Pinnwand<\/a> und andere kreative Sachen da.<\/p>\n<p style=\"text-align: center;\"><a href=\"https:\/\/www.sabine-seyffert.de\/blog\/wp-content\/uploads\/2022\/09\/Igel-Amber-Sabine-Seyffert.de-7.jpg\"><img loading=\"lazy\" decoding=\"async\" class=\"alignnone size-full wp-image-23957\" src=\"https:\/\/www.sabine-seyffert.de\/blog\/wp-content\/uploads\/2022\/09\/Igel-Amber-Sabine-Seyffert.de-7.jpg\" alt=\"\" width=\"600\" height=\"800\" srcset=\"https:\/\/www.sabine-seyffert.de\/blog\/wp-content\/uploads\/2022\/09\/Igel-Amber-Sabine-Seyffert.de-7.jpg 600w, https:\/\/www.sabine-seyffert.de\/blog\/wp-content\/uploads\/2022\/09\/Igel-Amber-Sabine-Seyffert.de-7-225x300.jpg 225w\" sizes=\"auto, (max-width: 600px) 100vw, 600px\" \/><\/a><br \/>\n<a href=\"https:\/\/www.sabine-seyffert.de\/blog\/?page_id=32#urheberrecht\">urheberrechtlich gesch\u00fctzt<\/a>, \u00a9 Sabine Seyffert<\/p>\n","protected":false},"excerpt":{"rendered":"<p>Wie jedes Jahr im Herbst, gibt es auf meinem kunterbunten Familienblog nat\u00fcrlich auch eine Bastelidee zum Thema Igel. Nicht selten haben wir zur Herbstzeit Besuch im Garten von Igeln. Daher d\u00fcrfen die als Motiv nicht fehlen. Nachdem ich euch im letzten Jahr schon kleine Igel aus Ahornnasen gezeigt habe, lustige Wickeligel, die Igel aus Handabdr\u00fccken&#8230; <a href=\"https:\/\/www.sabine-seyffert.de\/blog\/basteln-mit-kindern-im-herbst-suesse-igel-aus-blaettern-pappe\/\" class=\"more-link\">Read more: Basteln mit Kindern im Herbst: S\u00fc\u00dfe Igel aus Bl\u00e4ttern &#038; Pappe<\/a><\/p>\n","protected":false},"author":2,"featured_media":0,"comment_status":"open","ping_status":"open","sticky":false,"template":"","format":"standard","meta":{"_metis_text_type":"","_metis_text_length":3058,"_post_count":0,"footnotes":""},"categories":[32,25,47],"tags":[],"class_list":["post-23954","post","type-post","status-publish","format-standard","hentry","category-kreatives-fur-kleine-kinderhande","category-herbst","category-upcyceltes"],"_links":{"self":[{"href":"https:\/\/www.sabine-seyffert.de\/blog\/wp-json\/wp\/v2\/posts\/23954","targetHints":{"allow":["GET"]}}],"collection":[{"href":"https:\/\/www.sabine-seyffert.de\/blog\/wp-json\/wp\/v2\/posts"}],"about":[{"href":"https:\/\/www.sabine-seyffert.de\/blog\/wp-json\/wp\/v2\/types\/post"}],"author":[{"embeddable":true,"href":"https:\/\/www.sabine-seyffert.de\/blog\/wp-json\/wp\/v2\/users\/2"}],"replies":[{"embeddable":true,"href":"https:\/\/www.sabine-seyffert.de\/blog\/wp-json\/wp\/v2\/comments?post=23954"}],"version-history":[{"count":2,"href":"https:\/\/www.sabine-seyffert.de\/blog\/wp-json\/wp\/v2\/posts\/23954\/revisions"}],"predecessor-version":[{"id":23966,"href":"https:\/\/www.sabine-seyffert.de\/blog\/wp-json\/wp\/v2\/posts\/23954\/revisions\/23966"}],"wp:attachment":[{"href":"https:\/\/www.sabine-seyffert.de\/blog\/wp-json\/wp\/v2\/media?parent=23954"}],"wp:term":[{"taxonomy":"category","embeddable":true,"href":"https:\/\/www.sabine-seyffert.de\/blog\/wp-json\/wp\/v2\/categories?post=23954"},{"taxonomy":"post_tag","embeddable":true,"href":"https:\/\/www.sabine-seyffert.de\/blog\/wp-json\/wp\/v2\/tags?post=23954"}],"curies":[{"name":"wp","href":"https:\/\/api.w.org\/{rel}","templated":true}]}}