{"id":2391,"date":"2013-08-12T09:03:07","date_gmt":"2013-08-12T07:03:07","guid":{"rendered":"http:\/\/www.sabine-seyffert.de\/blog\/?p=2391"},"modified":"2017-03-06T12:42:52","modified_gmt":"2017-03-06T10:42:52","slug":"der-bach-ladt-heut-zum-spielen-ein","status":"publish","type":"post","link":"https:\/\/www.sabine-seyffert.de\/blog\/der-bach-ladt-heut-zum-spielen-ein\/","title":{"rendered":"Der Bach l\u00e4dt heut zum Spielen ein\u2026"},"content":{"rendered":"<p style=\"text-align: center;\"><img loading=\"lazy\" decoding=\"async\" src=\"https:\/\/ssl-vg03.met.vgwort.de\/na\/2c1f80f9a7104bd89267f5195b846aa7\" alt=\"\" width=\"1\" height=\"1\" \/><a href=\"http:\/\/www.sabine-seyffert.de\/blog\/wp-content\/uploads\/2013\/08\/Aprather-M\u00fchle-10.jpg\"><img loading=\"lazy\" decoding=\"async\" class=\"alignnone size-full wp-image-2392\" src=\"http:\/\/www.sabine-seyffert.de\/blog\/wp-content\/uploads\/2013\/08\/Aprather-M\u00fchle-10.jpg\" alt=\"Aprather M\u00fchle 10\" width=\"800\" height=\"600\" srcset=\"https:\/\/www.sabine-seyffert.de\/blog\/wp-content\/uploads\/2013\/08\/Aprather-M\u00fchle-10.jpg 800w, https:\/\/www.sabine-seyffert.de\/blog\/wp-content\/uploads\/2013\/08\/Aprather-M\u00fchle-10-300x225.jpg 300w\" sizes=\"auto, (max-width: 800px) 100vw, 800px\" \/><\/a><\/p>\n<p style=\"text-align: justify;\">Das Wetter ist herrlich und der blaue Himmel samt Sonne lockt in den Ferien nat\u00fcrlich ganz besonders nach Drau\u00dfen. Allerdings gebe ich es offen zu, die Temperaturen sind f\u00fcr mich doch eine ganze Spur zu warm.<\/p>\n<p style=\"text-align: center;\"><a href=\"http:\/\/www.sabine-seyffert.de\/blog\/wp-content\/uploads\/2013\/08\/Aprather-M\u00fchle-13.jpg\"><img loading=\"lazy\" decoding=\"async\" class=\"alignnone size-full wp-image-2393\" src=\"http:\/\/www.sabine-seyffert.de\/blog\/wp-content\/uploads\/2013\/08\/Aprather-M\u00fchle-13.jpg\" alt=\"Aprather M\u00fchle 13\" width=\"600\" height=\"800\" srcset=\"https:\/\/www.sabine-seyffert.de\/blog\/wp-content\/uploads\/2013\/08\/Aprather-M\u00fchle-13.jpg 600w, https:\/\/www.sabine-seyffert.de\/blog\/wp-content\/uploads\/2013\/08\/Aprather-M\u00fchle-13-225x300.jpg 225w\" sizes=\"auto, (max-width: 600px) 100vw, 600px\" \/><\/a><\/p>\n<p style=\"text-align: justify;\">Geplant hatte ich mit einer Freundin einen Tagesausflug. Aber bei der Hitze den ganzen Tag herumlaufen macht auch nicht wirklich Spa\u00df. Also haben wir mal wieder ganz spontan umgeplant und mit einer ganzen Kinderschar einen Ausflug an die <a href=\"http:\/\/de.wikipedia.org\/wiki\/Aprather_M%C3%BChle\" target=\"_blank\">Aprather M\u00fchle<\/a> bzw. einen nahe gelegenen Bach gemacht.<\/p>\n<p style=\"text-align: center;\"><a href=\"http:\/\/www.sabine-seyffert.de\/blog\/wp-content\/uploads\/2013\/08\/Aprather-M\u00fchle-9.jpg\"><img loading=\"lazy\" decoding=\"async\" class=\"alignnone size-full wp-image-2394\" src=\"http:\/\/www.sabine-seyffert.de\/blog\/wp-content\/uploads\/2013\/08\/Aprather-M\u00fchle-9.jpg\" alt=\"Aprather M\u00fchle 9\" width=\"600\" height=\"800\" srcset=\"https:\/\/www.sabine-seyffert.de\/blog\/wp-content\/uploads\/2013\/08\/Aprather-M\u00fchle-9.jpg 600w, https:\/\/www.sabine-seyffert.de\/blog\/wp-content\/uploads\/2013\/08\/Aprather-M\u00fchle-9-225x300.jpg 225w\" sizes=\"auto, (max-width: 600px) 100vw, 600px\" \/><\/a><\/p>\n<p style=\"text-align: justify;\">Dazu wurden noch schnell Badesachen, Handt\u00fccher, Wasserspielzeug und ein Picknickkorb samt Verpflegung gepackt. Da wir recht zeitig unterwegs waren, fanden wir sogar noch einen schattigen Parkplatz. Den Rest der Strecke haben wir samt Kinderwagen &amp; Gep\u00e4ck zu Fu\u00df zur\u00fcckgelegt. Hinter dem kleinen See ging es eine Weile durch den Wald.<\/p>\n<p style=\"text-align: center;\"><a href=\"http:\/\/www.sabine-seyffert.de\/blog\/wp-content\/uploads\/2013\/08\/Aprather-M\u00fchle-4.jpg\"><img loading=\"lazy\" decoding=\"async\" class=\"alignnone size-full wp-image-2395\" src=\"http:\/\/www.sabine-seyffert.de\/blog\/wp-content\/uploads\/2013\/08\/Aprather-M\u00fchle-4.jpg\" alt=\"Aprather M\u00fchle 4\" width=\"600\" height=\"800\" srcset=\"https:\/\/www.sabine-seyffert.de\/blog\/wp-content\/uploads\/2013\/08\/Aprather-M\u00fchle-4.jpg 600w, https:\/\/www.sabine-seyffert.de\/blog\/wp-content\/uploads\/2013\/08\/Aprather-M\u00fchle-4-225x300.jpg 225w\" sizes=\"auto, (max-width: 600px) 100vw, 600px\" \/><\/a><\/p>\n<p style=\"text-align: justify;\">Der sommerliche Wald mit seinem gr\u00fcnen Bl\u00e4tterdach gef\u00e4llt mir ausgesprochen gut. Und an diesem Tag besonders, da es angenehm k\u00fchl war. Das Licht der Sonne schimmert durch die saftig gr\u00fcnen Bl\u00e4tter hindurch und malt hier und da lustige Muster auf den Boden oder die Baumrinde. Unterwegs finden die Kinder Kletten, mit denen man sich wunderbar bewerfen kann \u2013 zack, da klebt schon wieder eine fest. Und selbst kleine \u201eKlettenb\u00e4lle\u201c lassen sich gleich an Ort und Stelle daraus basteln, wunderbar!<\/p>\n<p style=\"text-align: center;\"><a href=\"http:\/\/www.sabine-seyffert.de\/blog\/wp-content\/uploads\/2013\/08\/Aprather-M\u00fchle-7.jpg\"><img loading=\"lazy\" decoding=\"async\" class=\"alignnone size-full wp-image-2396\" src=\"http:\/\/www.sabine-seyffert.de\/blog\/wp-content\/uploads\/2013\/08\/Aprather-M\u00fchle-7.jpg\" alt=\"Aprather M\u00fchle 7\" width=\"800\" height=\"600\" srcset=\"https:\/\/www.sabine-seyffert.de\/blog\/wp-content\/uploads\/2013\/08\/Aprather-M\u00fchle-7.jpg 800w, https:\/\/www.sabine-seyffert.de\/blog\/wp-content\/uploads\/2013\/08\/Aprather-M\u00fchle-7-300x225.jpg 300w\" sizes=\"auto, (max-width: 800px) 100vw, 800px\" \/><\/a><\/p>\n<p style=\"text-align: justify;\">Schnell ist die passende Stelle gefunden und die Picknickdecken ausgebreitet. Die Kinder sind schon im Wasser und marschieren den kleinen Bach mal nach rechts und mal nach links entlang. Wir \u201eGro\u00dfen\u201c haben ganz offenbar frei und k\u00f6nnen uns mal in aller Ruhe unterhalten, sehr sch\u00f6n! Dabei genie\u00dfen wir das schattige Pl\u00e4tzchen unter dem riesigen Bl\u00e4tterdach. Wer h\u00e4tte das gedacht, bei Temperaturen um die 35\u00b0 Grad?<\/p>\n<p style=\"text-align: center;\"><a href=\"http:\/\/www.sabine-seyffert.de\/blog\/wp-content\/uploads\/2013\/08\/Aprather-M\u00fchle-1.jpg\"><img loading=\"lazy\" decoding=\"async\" class=\"alignnone size-full wp-image-2397\" src=\"http:\/\/www.sabine-seyffert.de\/blog\/wp-content\/uploads\/2013\/08\/Aprather-M\u00fchle-1.jpg\" alt=\"Aprather M\u00fchle 1\" width=\"800\" height=\"572\" srcset=\"https:\/\/www.sabine-seyffert.de\/blog\/wp-content\/uploads\/2013\/08\/Aprather-M\u00fchle-1.jpg 800w, https:\/\/www.sabine-seyffert.de\/blog\/wp-content\/uploads\/2013\/08\/Aprather-M\u00fchle-1-300x214.jpg 300w\" sizes=\"auto, (max-width: 800px) 100vw, 800px\" \/><\/a><\/p>\n<p style=\"text-align: justify;\">Ab und an kommt die rundum zufriedene Kinderschar mal vorbei um eine Kleinigkeit aus dem Picknickkorb zu stibitzen. Irgendwann wird mit dem Wasserspielzeug eine kleine Wasserschlacht veranstaltet um sich abzuk\u00fchlen. Und dann sind die Kinder wieder auf Achse. Dabei werden u.a. kleine Wassertiere in einer kleinen Plastiksch\u00fcssel bewundert, ein Frosch (oder ist es eine Kr\u00f6te \u2013 ich habe leider keine Ahnung!) gefangen, der im Eimer zu uns transportiert und voller Stolz pr\u00e4sentiert wird. Anschlie\u00dfend wird das Tier gewissenhaft und vorsichtig an einer von den Kindern ausgesuchten Stelle wieder in die Freiheit entlassen.<\/p>\n<p style=\"text-align: center;\"><a href=\"http:\/\/www.sabine-seyffert.de\/blog\/wp-content\/uploads\/2013\/08\/Aprather-M\u00fchle-3.jpg\"><img loading=\"lazy\" decoding=\"async\" class=\"alignnone size-full wp-image-2398\" src=\"http:\/\/www.sabine-seyffert.de\/blog\/wp-content\/uploads\/2013\/08\/Aprather-M\u00fchle-3.jpg\" alt=\"Aprather M\u00fchle 3\" width=\"800\" height=\"600\" srcset=\"https:\/\/www.sabine-seyffert.de\/blog\/wp-content\/uploads\/2013\/08\/Aprather-M\u00fchle-3.jpg 800w, https:\/\/www.sabine-seyffert.de\/blog\/wp-content\/uploads\/2013\/08\/Aprather-M\u00fchle-3-300x225.jpg 300w\" sizes=\"auto, (max-width: 800px) 100vw, 800px\" \/><\/a><\/p>\n<p style=\"text-align: justify;\">Und weil das Spielen hier am Bach so viel Spa\u00df macht, haben die Kinder einfach keine Zeit und Lust nach Hause zu gehen. Es muss unbedingt noch ein kleiner Staudamm gebaut werden, bei dem alle tatkr\u00e4ftig mithelfen um Steine, \u00c4ste, Laub und schlammigen Boden zu einem Damm aufzut\u00fcrmen.<\/p>\n<p style=\"text-align: center;\"><a href=\"http:\/\/www.sabine-seyffert.de\/blog\/wp-content\/uploads\/2013\/08\/Aprather-M\u00fchle-2.jpg\"><img loading=\"lazy\" decoding=\"async\" class=\"alignnone size-full wp-image-2399\" src=\"http:\/\/www.sabine-seyffert.de\/blog\/wp-content\/uploads\/2013\/08\/Aprather-M\u00fchle-2.jpg\" alt=\"Aprather M\u00fchle 2\" width=\"600\" height=\"800\" srcset=\"https:\/\/www.sabine-seyffert.de\/blog\/wp-content\/uploads\/2013\/08\/Aprather-M\u00fchle-2.jpg 600w, https:\/\/www.sabine-seyffert.de\/blog\/wp-content\/uploads\/2013\/08\/Aprather-M\u00fchle-2-225x300.jpg 225w\" sizes=\"auto, (max-width: 600px) 100vw, 600px\" \/><\/a><\/p>\n<p style=\"text-align: justify;\">So ein entspannter, rundum sch\u00f6ner Ferientag. Wozu in die Ferne schweifen, wenn das Gute doch so nah liegt, oder wie hei\u00dft es so sch\u00f6n? Mit Sicherheit nicht der letzte Ausflug dorthin!<\/p>\n<p style=\"text-align: center;\"><a href=\"http:\/\/www.sabine-seyffert.de\/blog\/wp-content\/uploads\/2013\/08\/Aprather-M\u00fchle-6.jpg\"><img loading=\"lazy\" decoding=\"async\" class=\"alignnone size-full wp-image-2400\" src=\"http:\/\/www.sabine-seyffert.de\/blog\/wp-content\/uploads\/2013\/08\/Aprather-M\u00fchle-6.jpg\" alt=\"Aprather M\u00fchle 6\" width=\"600\" height=\"800\" srcset=\"https:\/\/www.sabine-seyffert.de\/blog\/wp-content\/uploads\/2013\/08\/Aprather-M\u00fchle-6.jpg 600w, https:\/\/www.sabine-seyffert.de\/blog\/wp-content\/uploads\/2013\/08\/Aprather-M\u00fchle-6-225x300.jpg 225w\" sizes=\"auto, (max-width: 600px) 100vw, 600px\" \/><\/a><br \/>\n<a href=\"http:\/\/www.sabine-seyffert.de\/blog\/?page_id=32#urheberrecht\">urherrechtlich gesch\u00fctzt<\/a>, \u00a9 Sabine Seyffert<\/p>\n","protected":false},"excerpt":{"rendered":"<p>Das Wetter ist herrlich und der blaue Himmel samt Sonne lockt in den Ferien nat\u00fcrlich ganz besonders nach Drau\u00dfen. Allerdings gebe ich es offen zu, die Temperaturen sind f\u00fcr mich doch eine ganze Spur zu warm. Geplant hatte ich mit einer Freundin einen Tagesausflug. Aber bei der Hitze den ganzen Tag herumlaufen macht auch nicht&#8230; <a href=\"https:\/\/www.sabine-seyffert.de\/blog\/der-bach-ladt-heut-zum-spielen-ein\/\" class=\"more-link\">Read more: Der Bach l\u00e4dt heut zum Spielen ein\u2026<\/a><\/p>\n","protected":false},"author":2,"featured_media":0,"comment_status":"open","ping_status":"open","sticky":false,"template":"","format":"standard","meta":{"_metis_text_type":"","_metis_text_length":2884,"_post_count":0,"footnotes":""},"categories":[39,38,24],"tags":[],"class_list":["post-2391","post","type-post","status-publish","format-standard","hentry","category-ausfluge-co","category-ferien","category-sommer"],"_links":{"self":[{"href":"https:\/\/www.sabine-seyffert.de\/blog\/wp-json\/wp\/v2\/posts\/2391","targetHints":{"allow":["GET"]}}],"collection":[{"href":"https:\/\/www.sabine-seyffert.de\/blog\/wp-json\/wp\/v2\/posts"}],"about":[{"href":"https:\/\/www.sabine-seyffert.de\/blog\/wp-json\/wp\/v2\/types\/post"}],"author":[{"embeddable":true,"href":"https:\/\/www.sabine-seyffert.de\/blog\/wp-json\/wp\/v2\/users\/2"}],"replies":[{"embeddable":true,"href":"https:\/\/www.sabine-seyffert.de\/blog\/wp-json\/wp\/v2\/comments?post=2391"}],"version-history":[{"count":7,"href":"https:\/\/www.sabine-seyffert.de\/blog\/wp-json\/wp\/v2\/posts\/2391\/revisions"}],"predecessor-version":[{"id":9819,"href":"https:\/\/www.sabine-seyffert.de\/blog\/wp-json\/wp\/v2\/posts\/2391\/revisions\/9819"}],"wp:attachment":[{"href":"https:\/\/www.sabine-seyffert.de\/blog\/wp-json\/wp\/v2\/media?parent=2391"}],"wp:term":[{"taxonomy":"category","embeddable":true,"href":"https:\/\/www.sabine-seyffert.de\/blog\/wp-json\/wp\/v2\/categories?post=2391"},{"taxonomy":"post_tag","embeddable":true,"href":"https:\/\/www.sabine-seyffert.de\/blog\/wp-json\/wp\/v2\/tags?post=2391"}],"curies":[{"name":"wp","href":"https:\/\/api.w.org\/{rel}","templated":true}]}}