{"id":23797,"date":"2022-09-21T06:00:36","date_gmt":"2022-09-21T04:00:36","guid":{"rendered":"https:\/\/www.sabine-seyffert.de\/blog\/?p=23797"},"modified":"2022-09-02T11:12:15","modified_gmt":"2022-09-02T09:12:15","slug":"diy-geschenk-idee-zum-selbermachen-tutorial-fuer-einen-ich-mach-dich-gesund-kalender","status":"publish","type":"post","link":"https:\/\/www.sabine-seyffert.de\/blog\/diy-geschenk-idee-zum-selbermachen-tutorial-fuer-einen-ich-mach-dich-gesund-kalender\/","title":{"rendered":"DIY Geschenk Idee zum Selbermachen: Tutorial f\u00fcr einen \u201eIch mach dich gesund\u201c Kalender"},"content":{"rendered":"<p style=\"text-align: justify;\"><img loading=\"lazy\" decoding=\"async\" src=\"https:\/\/vg01.met.vgwort.de\/na\/ccaba9a6f447452b81726e65e2330b15\" alt=\"\" width=\"1\" height=\"1\" \/>Bei einer Freundin stand ein Krankenhausaufenthalt an. Und klar ist vorab, dass es sich hierbei nicht um ein oder zwei Tage sondern einen deutlich l\u00e4ngeren Krankenhausbesuch handelt. Also keine sch\u00f6ne Sache. Daher dachte ich mir, etwas Aufmunterung kann hier nicht schaden. Und daher habe ich den <a href=\"https:\/\/www.sabine-seyffert.de\/blog\/?p=14065\" target=\"_blank\" rel=\"noopener\">Gl\u00fcckskalender aus dieser Bastelanleitung<\/a> (eine weitere allgemeinere Variante findet ihr auch an <a href=\"https:\/\/www.sabine-seyffert.de\/blog\/?p=12540\" target=\"_blank\" rel=\"noopener\">dieser Stelle<\/a>) etwas ausgeschm\u00fcckt und verfeinert, um die Laune zu heben und nat\u00fcrlich die schnelle Genesung zu f\u00f6rdern.<br \/>\nDa man solche \u201eAufmunterungen\u201c des \u00d6fteren gebrauchen kann und diese auch f\u00fcr andere Anl\u00e4sse als Krankenhaus tauglich sind, gibt es hier also die neue Kalender Variante zum Nachbasteln.<\/p>\n<p style=\"text-align: center;\"><a href=\"https:\/\/www.sabine-seyffert.de\/blog\/wp-content\/uploads\/2022\/08\/Gesundmach-Kalender-1.jpg\"><img loading=\"lazy\" decoding=\"async\" class=\"alignnone size-full wp-image-23798\" src=\"https:\/\/www.sabine-seyffert.de\/blog\/wp-content\/uploads\/2022\/08\/Gesundmach-Kalender-1.jpg\" alt=\"\" width=\"800\" height=\"600\" srcset=\"https:\/\/www.sabine-seyffert.de\/blog\/wp-content\/uploads\/2022\/08\/Gesundmach-Kalender-1.jpg 800w, https:\/\/www.sabine-seyffert.de\/blog\/wp-content\/uploads\/2022\/08\/Gesundmach-Kalender-1-300x225.jpg 300w, https:\/\/www.sabine-seyffert.de\/blog\/wp-content\/uploads\/2022\/08\/Gesundmach-Kalender-1-768x576.jpg 768w\" sizes=\"auto, (max-width: 800px) 100vw, 800px\" \/><\/a><\/p>\n<p style=\"text-align: justify;\"><strong>Das wird gebraucht:<\/strong><br \/>\nKleine Flachbeutel \/ Papiert\u00fcten in braun, eine Bastelschere, Bastelkleber, eine alte Tageszeitung, ein St\u00fcck Packpapier oder d\u00fcnne Pappe, einen Drucker, 1 wei\u00dfes Din A4 Blatt, kleine \u00dcberraschungen, etwas S\u00fc\u00dfes als Nervennahrung o.\u00e4. zum Bef\u00fcllen, Zahlenstempel und ein Stempelkissen<\/p>\n<p style=\"text-align: center;\"><a href=\"https:\/\/www.sabine-seyffert.de\/blog\/wp-content\/uploads\/2022\/08\/Gesundmach-Kalender.jpg\"><img loading=\"lazy\" decoding=\"async\" class=\"alignnone size-full wp-image-23799\" src=\"https:\/\/www.sabine-seyffert.de\/blog\/wp-content\/uploads\/2022\/08\/Gesundmach-Kalender.jpg\" alt=\"\" width=\"800\" height=\"600\" srcset=\"https:\/\/www.sabine-seyffert.de\/blog\/wp-content\/uploads\/2022\/08\/Gesundmach-Kalender.jpg 800w, https:\/\/www.sabine-seyffert.de\/blog\/wp-content\/uploads\/2022\/08\/Gesundmach-Kalender-300x225.jpg 300w, https:\/\/www.sabine-seyffert.de\/blog\/wp-content\/uploads\/2022\/08\/Gesundmach-Kalender-768x576.jpg 768w\" sizes=\"auto, (max-width: 800px) 100vw, 800px\" \/><\/a><\/p>\n<p style=\"text-align: justify;\"><strong>So wird\u2019s gemacht:<\/strong><br \/>\nHierbei habe ich die kleinen \u00dcberraschungen nicht in Packpapier vern\u00e4ht, sondern stabile Flachbeutel verwendet.<\/p>\n<p style=\"text-align: center;\"><a href=\"https:\/\/www.sabine-seyffert.de\/blog\/wp-content\/uploads\/2022\/08\/Gesundmach-Kalender-19.jpg\"><img loading=\"lazy\" decoding=\"async\" class=\"alignnone size-full wp-image-23800\" src=\"https:\/\/www.sabine-seyffert.de\/blog\/wp-content\/uploads\/2022\/08\/Gesundmach-Kalender-19.jpg\" alt=\"\" width=\"800\" height=\"600\" srcset=\"https:\/\/www.sabine-seyffert.de\/blog\/wp-content\/uploads\/2022\/08\/Gesundmach-Kalender-19.jpg 800w, https:\/\/www.sabine-seyffert.de\/blog\/wp-content\/uploads\/2022\/08\/Gesundmach-Kalender-19-300x225.jpg 300w, https:\/\/www.sabine-seyffert.de\/blog\/wp-content\/uploads\/2022\/08\/Gesundmach-Kalender-19-768x576.jpg 768w\" sizes=\"auto, (max-width: 800px) 100vw, 800px\" \/><\/a><\/p>\n<p style=\"text-align: justify;\">Die kleinen T\u00fcten m\u00fcssen hierbei also nicht zum \u00d6ffnen aufgerissen werden, sondern man kann diese bei Bedarf weiterverwenden.<\/p>\n<p style=\"text-align: center;\"><a href=\"https:\/\/www.sabine-seyffert.de\/blog\/wp-content\/uploads\/2022\/08\/Gesundmach-Kalender-21.jpg\"><img loading=\"lazy\" decoding=\"async\" class=\"alignnone size-full wp-image-23803\" src=\"https:\/\/www.sabine-seyffert.de\/blog\/wp-content\/uploads\/2022\/08\/Gesundmach-Kalender-21.jpg\" alt=\"\" width=\"800\" height=\"600\" srcset=\"https:\/\/www.sabine-seyffert.de\/blog\/wp-content\/uploads\/2022\/08\/Gesundmach-Kalender-21.jpg 800w, https:\/\/www.sabine-seyffert.de\/blog\/wp-content\/uploads\/2022\/08\/Gesundmach-Kalender-21-300x225.jpg 300w, https:\/\/www.sabine-seyffert.de\/blog\/wp-content\/uploads\/2022\/08\/Gesundmach-Kalender-21-768x576.jpg 768w\" sizes=\"auto, (max-width: 800px) 100vw, 800px\" \/><\/a><\/p>\n<p style=\"text-align: justify;\">Wie auch bei dem schon <a href=\"https:\/\/www.sabine-seyffert.de\/blog\/?p=14065\" target=\"_blank\" rel=\"noopener\">gezeigten Kalender<\/a>, habe ich die T\u00fcten von Au\u00dfen mit Zeitungspapier beklebt, dass ich vorab mit Wasserfarbe bemalt habe.<\/p>\n<p style=\"text-align: center;\"><a href=\"https:\/\/www.sabine-seyffert.de\/blog\/wp-content\/uploads\/2022\/08\/Gesundmach-Kalender-18.jpg\"><img loading=\"lazy\" decoding=\"async\" class=\"alignnone size-full wp-image-23804\" src=\"https:\/\/www.sabine-seyffert.de\/blog\/wp-content\/uploads\/2022\/08\/Gesundmach-Kalender-18.jpg\" alt=\"\" width=\"800\" height=\"600\" srcset=\"https:\/\/www.sabine-seyffert.de\/blog\/wp-content\/uploads\/2022\/08\/Gesundmach-Kalender-18.jpg 800w, https:\/\/www.sabine-seyffert.de\/blog\/wp-content\/uploads\/2022\/08\/Gesundmach-Kalender-18-300x225.jpg 300w, https:\/\/www.sabine-seyffert.de\/blog\/wp-content\/uploads\/2022\/08\/Gesundmach-Kalender-18-768x576.jpg 768w\" sizes=\"auto, (max-width: 800px) 100vw, 800px\" \/><\/a><\/p>\n<p style=\"text-align: justify;\">Die Anleitung dazu gibt es <a href=\"https:\/\/www.sabine-seyffert.de\/blog\/?p=13917\" target=\"_blank\" rel=\"noopener\">hier<\/a>. Wieder sind es verschiedene Gl\u00fccksmotive geworden, aber auch andere Motive.<\/p>\n<p style=\"text-align: center;\"><a href=\"https:\/\/www.sabine-seyffert.de\/blog\/wp-content\/uploads\/2022\/08\/Boot-auf-Wellen-Papiertuete.jpg\"><img loading=\"lazy\" decoding=\"async\" class=\"alignnone size-full wp-image-23805\" src=\"https:\/\/www.sabine-seyffert.de\/blog\/wp-content\/uploads\/2022\/08\/Boot-auf-Wellen-Papiertuete.jpg\" alt=\"\" width=\"800\" height=\"600\" srcset=\"https:\/\/www.sabine-seyffert.de\/blog\/wp-content\/uploads\/2022\/08\/Boot-auf-Wellen-Papiertuete.jpg 800w, https:\/\/www.sabine-seyffert.de\/blog\/wp-content\/uploads\/2022\/08\/Boot-auf-Wellen-Papiertuete-300x225.jpg 300w, https:\/\/www.sabine-seyffert.de\/blog\/wp-content\/uploads\/2022\/08\/Boot-auf-Wellen-Papiertuete-768x576.jpg 768w\" sizes=\"auto, (max-width: 800px) 100vw, 800px\" \/><\/a><\/p>\n<p style=\"text-align: justify;\">F\u00fcr jeden Tag habe ich au\u00dfer den kleinen Geschenken noch sch\u00f6ne Spr\u00fcche und <a href=\"https:\/\/www.sabine-seyffert.de\/blog\/?p=14959\" target=\"_blank\" rel=\"noopener\">Affirmationen<\/a> gesammelt und auf ein Din A4 Blatt gedruckt.<\/p>\n<p style=\"text-align: center;\"><a href=\"https:\/\/www.sabine-seyffert.de\/blog\/wp-content\/uploads\/2022\/08\/Gesundmach-Kalender-3.jpg\"><img loading=\"lazy\" decoding=\"async\" class=\"alignnone size-full wp-image-23806\" src=\"https:\/\/www.sabine-seyffert.de\/blog\/wp-content\/uploads\/2022\/08\/Gesundmach-Kalender-3.jpg\" alt=\"\" width=\"800\" height=\"600\" srcset=\"https:\/\/www.sabine-seyffert.de\/blog\/wp-content\/uploads\/2022\/08\/Gesundmach-Kalender-3.jpg 800w, https:\/\/www.sabine-seyffert.de\/blog\/wp-content\/uploads\/2022\/08\/Gesundmach-Kalender-3-300x225.jpg 300w, https:\/\/www.sabine-seyffert.de\/blog\/wp-content\/uploads\/2022\/08\/Gesundmach-Kalender-3-768x576.jpg 768w\" sizes=\"auto, (max-width: 800px) 100vw, 800px\" \/><\/a><\/p>\n<p style=\"text-align: justify;\">Diese schneidet man aus und legt jedem P\u00e4ckchen einen der Spr\u00fcche bei.<\/p>\n<p style=\"text-align: center;\"><a href=\"https:\/\/www.sabine-seyffert.de\/blog\/wp-content\/uploads\/2022\/08\/Gesundmach-Kalender-4.jpg\"><img loading=\"lazy\" decoding=\"async\" class=\"alignnone size-full wp-image-23807\" src=\"https:\/\/www.sabine-seyffert.de\/blog\/wp-content\/uploads\/2022\/08\/Gesundmach-Kalender-4.jpg\" alt=\"\" width=\"800\" height=\"600\" srcset=\"https:\/\/www.sabine-seyffert.de\/blog\/wp-content\/uploads\/2022\/08\/Gesundmach-Kalender-4.jpg 800w, https:\/\/www.sabine-seyffert.de\/blog\/wp-content\/uploads\/2022\/08\/Gesundmach-Kalender-4-300x225.jpg 300w, https:\/\/www.sabine-seyffert.de\/blog\/wp-content\/uploads\/2022\/08\/Gesundmach-Kalender-4-768x576.jpg 768w\" sizes=\"auto, (max-width: 800px) 100vw, 800px\" \/><\/a><\/p>\n<p style=\"text-align: justify;\">Auch von Au\u00dfen kommt noch eine kleine \u201eMuntermacher\u201c Botschaft hinzu. Diese habe ich auf ein St\u00fcck d\u00fcnne Pappe (Bsp. einer alten Kartonage) gedruckt.<\/p>\n<p style=\"text-align: center;\"><a href=\"https:\/\/www.sabine-seyffert.de\/blog\/wp-content\/uploads\/2022\/08\/Gesundmach-Kalender-5.jpg\"><img loading=\"lazy\" decoding=\"async\" class=\"alignnone size-full wp-image-23808\" src=\"https:\/\/www.sabine-seyffert.de\/blog\/wp-content\/uploads\/2022\/08\/Gesundmach-Kalender-5.jpg\" alt=\"\" width=\"800\" height=\"600\" srcset=\"https:\/\/www.sabine-seyffert.de\/blog\/wp-content\/uploads\/2022\/08\/Gesundmach-Kalender-5.jpg 800w, https:\/\/www.sabine-seyffert.de\/blog\/wp-content\/uploads\/2022\/08\/Gesundmach-Kalender-5-300x225.jpg 300w, https:\/\/www.sabine-seyffert.de\/blog\/wp-content\/uploads\/2022\/08\/Gesundmach-Kalender-5-768x576.jpg 768w\" sizes=\"auto, (max-width: 800px) 100vw, 800px\" \/><\/a><\/p>\n<p style=\"text-align: justify;\">Wie beispielsweise: \u201eAlles wird gut\u201c, \u201eNur Mut!\u201c, \u201eGute Besserung\u201c u.a.m.<\/p>\n<p>&nbsp;<\/p>\n<p>&nbsp;<\/p>\n<p style=\"text-align: center;\"><a href=\"https:\/\/www.sabine-seyffert.de\/blog\/wp-content\/uploads\/2022\/08\/Gesundmach-Kalender-12.jpg\"><img loading=\"lazy\" decoding=\"async\" class=\"size-full wp-image-23809 aligncenter\" src=\"https:\/\/www.sabine-seyffert.de\/blog\/wp-content\/uploads\/2022\/08\/Gesundmach-Kalender-12.jpg\" alt=\"\" width=\"800\" height=\"600\" srcset=\"https:\/\/www.sabine-seyffert.de\/blog\/wp-content\/uploads\/2022\/08\/Gesundmach-Kalender-12.jpg 800w, https:\/\/www.sabine-seyffert.de\/blog\/wp-content\/uploads\/2022\/08\/Gesundmach-Kalender-12-300x225.jpg 300w, https:\/\/www.sabine-seyffert.de\/blog\/wp-content\/uploads\/2022\/08\/Gesundmach-Kalender-12-768x576.jpg 768w\" sizes=\"auto, (max-width: 800px) 100vw, 800px\" \/><\/a><\/p>\n<p style=\"text-align: justify;\">Diese Zeilen habe ich zu kleinen Wimpeln geschnitten und neben die gebastelten Motive geklebt.<\/p>\n<p style=\"text-align: center;\"><a href=\"https:\/\/www.sabine-seyffert.de\/blog\/wp-content\/uploads\/2022\/08\/Gesundmach-Kalender-15.jpg\"><img loading=\"lazy\" decoding=\"async\" class=\"alignnone size-full wp-image-23810\" src=\"https:\/\/www.sabine-seyffert.de\/blog\/wp-content\/uploads\/2022\/08\/Gesundmach-Kalender-15.jpg\" alt=\"\" width=\"800\" height=\"600\" srcset=\"https:\/\/www.sabine-seyffert.de\/blog\/wp-content\/uploads\/2022\/08\/Gesundmach-Kalender-15.jpg 800w, https:\/\/www.sabine-seyffert.de\/blog\/wp-content\/uploads\/2022\/08\/Gesundmach-Kalender-15-300x225.jpg 300w, https:\/\/www.sabine-seyffert.de\/blog\/wp-content\/uploads\/2022\/08\/Gesundmach-Kalender-15-768x576.jpg 768w\" sizes=\"auto, (max-width: 800px) 100vw, 800px\" \/><\/a><\/p>\n<p style=\"text-align: justify;\">Au\u00dferdem habe ich die einzelnen P\u00e4ckchen dieses Mal nummeriert. Mit einem Zahlenstempeln geh das ganz fix.<\/p>\n<p style=\"text-align: center;\"><a href=\"https:\/\/www.sabine-seyffert.de\/blog\/wp-content\/uploads\/2022\/08\/Gesundmach-Kalender-16.jpg\"><img loading=\"lazy\" decoding=\"async\" class=\"alignnone size-full wp-image-23811\" src=\"https:\/\/www.sabine-seyffert.de\/blog\/wp-content\/uploads\/2022\/08\/Gesundmach-Kalender-16.jpg\" alt=\"\" width=\"800\" height=\"600\" srcset=\"https:\/\/www.sabine-seyffert.de\/blog\/wp-content\/uploads\/2022\/08\/Gesundmach-Kalender-16.jpg 800w, https:\/\/www.sabine-seyffert.de\/blog\/wp-content\/uploads\/2022\/08\/Gesundmach-Kalender-16-300x225.jpg 300w, https:\/\/www.sabine-seyffert.de\/blog\/wp-content\/uploads\/2022\/08\/Gesundmach-Kalender-16-768x576.jpg 768w\" sizes=\"auto, (max-width: 800px) 100vw, 800px\" \/><\/a><\/p>\n<p style=\"text-align: justify;\">Jetzt hei\u00dft es Daumen dr\u00fccken und wir hoffen auf schnelle Genesung &#x1f60a;<\/p>\n<p style=\"text-align: center;\"><a href=\"https:\/\/www.sabine-seyffert.de\/blog\/wp-content\/uploads\/2022\/08\/Gesundmach-Kalender-17.jpg\"><img loading=\"lazy\" decoding=\"async\" class=\"alignnone size-full wp-image-23802\" src=\"https:\/\/www.sabine-seyffert.de\/blog\/wp-content\/uploads\/2022\/08\/Gesundmach-Kalender-17.jpg\" alt=\"\" width=\"800\" height=\"600\" srcset=\"https:\/\/www.sabine-seyffert.de\/blog\/wp-content\/uploads\/2022\/08\/Gesundmach-Kalender-17.jpg 800w, https:\/\/www.sabine-seyffert.de\/blog\/wp-content\/uploads\/2022\/08\/Gesundmach-Kalender-17-300x225.jpg 300w, https:\/\/www.sabine-seyffert.de\/blog\/wp-content\/uploads\/2022\/08\/Gesundmach-Kalender-17-768x576.jpg 768w\" sizes=\"auto, (max-width: 800px) 100vw, 800px\" \/><\/a><\/p>\n<p style=\"text-align: justify;\">Weitere kreative Geschenkideen zum Selbermachen ihr \u00fcbrigens in <a href=\"https:\/\/www.sabine-seyffert.de\/blog\/?cat=36\" target=\"_blank\" rel=\"noopener\">dieser Blog Kategorie<\/a>, ausgefallene Geschenkverpackungen zu unterschiedlichen Anl\u00e4ssen in <a href=\"https:\/\/www.sabine-seyffert.de\/blog\/?cat=49\" target=\"_blank\" rel=\"noopener\">dieser Rubrik<\/a>, alle Ideen zum Thema Upcycling gibt es in <a href=\"https:\/\/www.sabine-seyffert.de\/blog\/?cat=47\" target=\"_blank\" rel=\"noopener\">diesem Ordner<\/a> und andere kreative Sachen an <a href=\"https:\/\/www.pinterest.de\/diysabineseyffert\/\" target=\"_blank\" rel=\"noopener\">dieser Stelle<\/a>.<\/p>\n<p style=\"text-align: center;\"><a href=\"https:\/\/www.sabine-seyffert.de\/blog\/wp-content\/uploads\/2022\/08\/Gesundmach-Kalender-20.jpg\"><img loading=\"lazy\" decoding=\"async\" class=\"alignnone size-full wp-image-23801\" src=\"https:\/\/www.sabine-seyffert.de\/blog\/wp-content\/uploads\/2022\/08\/Gesundmach-Kalender-20.jpg\" alt=\"\" width=\"800\" height=\"600\" srcset=\"https:\/\/www.sabine-seyffert.de\/blog\/wp-content\/uploads\/2022\/08\/Gesundmach-Kalender-20.jpg 800w, https:\/\/www.sabine-seyffert.de\/blog\/wp-content\/uploads\/2022\/08\/Gesundmach-Kalender-20-300x225.jpg 300w, https:\/\/www.sabine-seyffert.de\/blog\/wp-content\/uploads\/2022\/08\/Gesundmach-Kalender-20-768x576.jpg 768w\" sizes=\"auto, (max-width: 800px) 100vw, 800px\" \/><\/a><\/p>\n<p style=\"text-align: justify;\"><a href=\"https:\/\/www.sabine-seyffert.de\/blog\/?page_id=32#urheberrecht\">urheberrechtlich gesch\u00fctzt<\/a>, \u00a9 Sabine Seyffert<\/p>\n","protected":false},"excerpt":{"rendered":"<p>Bei einer Freundin stand ein Krankenhausaufenthalt an. Und klar ist vorab, dass es sich hierbei nicht um ein oder zwei Tage sondern einen deutlich l\u00e4ngeren Krankenhausbesuch handelt. Also keine sch\u00f6ne Sache. Daher dachte ich mir, etwas Aufmunterung kann hier nicht schaden. Und daher habe ich den Gl\u00fcckskalender aus dieser Bastelanleitung (eine weitere allgemeinere Variante findet&#8230; <a href=\"https:\/\/www.sabine-seyffert.de\/blog\/diy-geschenk-idee-zum-selbermachen-tutorial-fuer-einen-ich-mach-dich-gesund-kalender\/\" class=\"more-link\">Read more: DIY Geschenk Idee zum Selbermachen: Tutorial f\u00fcr einen \u201eIch mach dich gesund\u201c Kalender<\/a><\/p>\n","protected":false},"author":2,"featured_media":0,"comment_status":"open","ping_status":"open","sticky":false,"template":"","format":"standard","meta":{"_metis_text_type":"","_metis_text_length":2554,"_post_count":0,"footnotes":""},"categories":[36,49,33],"tags":[],"class_list":["post-23797","post","type-post","status-publish","format-standard","hentry","category-klitzekleine-geschenkideen","category-verpackungsideen","category-kreative-naherein"],"_links":{"self":[{"href":"https:\/\/www.sabine-seyffert.de\/blog\/wp-json\/wp\/v2\/posts\/23797","targetHints":{"allow":["GET"]}}],"collection":[{"href":"https:\/\/www.sabine-seyffert.de\/blog\/wp-json\/wp\/v2\/posts"}],"about":[{"href":"https:\/\/www.sabine-seyffert.de\/blog\/wp-json\/wp\/v2\/types\/post"}],"author":[{"embeddable":true,"href":"https:\/\/www.sabine-seyffert.de\/blog\/wp-json\/wp\/v2\/users\/2"}],"replies":[{"embeddable":true,"href":"https:\/\/www.sabine-seyffert.de\/blog\/wp-json\/wp\/v2\/comments?post=23797"}],"version-history":[{"count":3,"href":"https:\/\/www.sabine-seyffert.de\/blog\/wp-json\/wp\/v2\/posts\/23797\/revisions"}],"predecessor-version":[{"id":23871,"href":"https:\/\/www.sabine-seyffert.de\/blog\/wp-json\/wp\/v2\/posts\/23797\/revisions\/23871"}],"wp:attachment":[{"href":"https:\/\/www.sabine-seyffert.de\/blog\/wp-json\/wp\/v2\/media?parent=23797"}],"wp:term":[{"taxonomy":"category","embeddable":true,"href":"https:\/\/www.sabine-seyffert.de\/blog\/wp-json\/wp\/v2\/categories?post=23797"},{"taxonomy":"post_tag","embeddable":true,"href":"https:\/\/www.sabine-seyffert.de\/blog\/wp-json\/wp\/v2\/tags?post=23797"}],"curies":[{"name":"wp","href":"https:\/\/api.w.org\/{rel}","templated":true}]}}