{"id":2365,"date":"2013-08-09T09:49:53","date_gmt":"2013-08-09T07:49:53","guid":{"rendered":"http:\/\/www.sabine-seyffert.de\/blog\/?p=2365"},"modified":"2017-03-06T12:43:52","modified_gmt":"2017-03-06T10:43:52","slug":"gute-reise-schonen-urlaub","status":"publish","type":"post","link":"https:\/\/www.sabine-seyffert.de\/blog\/gute-reise-schonen-urlaub\/","title":{"rendered":"Gute Reise, sch\u00f6nen Urlaub!"},"content":{"rendered":"<p style=\"text-align: center;\"><img loading=\"lazy\" decoding=\"async\" src=\"https:\/\/ssl-vg03.met.vgwort.de\/na\/2ee76c134f7c416e8131a769462c6bcd\" alt=\"\" width=\"1\" height=\"1\" \/><br \/>\n<a href=\"http:\/\/www.sabine-seyffert.de\/blog\/wp-content\/uploads\/2013\/08\/Bahnhof-1.jpg\"><img loading=\"lazy\" decoding=\"async\" class=\"alignnone size-full wp-image-2366\" src=\"http:\/\/www.sabine-seyffert.de\/blog\/wp-content\/uploads\/2013\/08\/Bahnhof-1.jpg\" alt=\"Bahnhof 1\" width=\"600\" height=\"800\" srcset=\"https:\/\/www.sabine-seyffert.de\/blog\/wp-content\/uploads\/2013\/08\/Bahnhof-1.jpg 600w, https:\/\/www.sabine-seyffert.de\/blog\/wp-content\/uploads\/2013\/08\/Bahnhof-1-225x300.jpg 225w\" sizes=\"auto, (max-width: 600px) 100vw, 600px\" \/><\/a><\/p>\n<p style=\"text-align: justify;\">In den letzten Wochen habe ich mich mehrfach auf den Weg zum Bahnhof gemacht. Verschiedene Klassenfahrten, Urlaubstrips und andere Ferientouren standen auf dem Programm.<\/p>\n<p style=\"text-align: center;\"><a href=\"http:\/\/www.sabine-seyffert.de\/blog\/wp-content\/uploads\/2013\/08\/Bahnhof-2.jpg\"><img loading=\"lazy\" decoding=\"async\" class=\"alignnone size-full wp-image-2367\" src=\"http:\/\/www.sabine-seyffert.de\/blog\/wp-content\/uploads\/2013\/08\/Bahnhof-2.jpg\" alt=\"Bahnhof 2\" width=\"600\" height=\"800\" srcset=\"https:\/\/www.sabine-seyffert.de\/blog\/wp-content\/uploads\/2013\/08\/Bahnhof-2.jpg 600w, https:\/\/www.sabine-seyffert.de\/blog\/wp-content\/uploads\/2013\/08\/Bahnhof-2-225x300.jpg 225w\" sizes=\"auto, (max-width: 600px) 100vw, 600px\" \/><\/a><\/p>\n<p style=\"text-align: justify;\">In den meisten F\u00e4lle hatte ich Gl\u00fcck, dass ich \u201enur\u201c den kleinen Bahnhof im Stadtteil aufsuchen musste, denn der Hauptbahnhof befindet sich derzeit komplett im Wandel und eine Gro\u00dfbaustelle ist nicht nur um den gesamten Eingangsbereich zu finden, sondern auch in einem gr\u00f6\u00dferen Umkreis von diesem.<\/p>\n<p style=\"text-align: center;\"><a href=\"http:\/\/www.sabine-seyffert.de\/blog\/wp-content\/uploads\/2013\/08\/Bahnhof-4.jpg\"><img loading=\"lazy\" decoding=\"async\" class=\"alignnone size-full wp-image-2368\" src=\"http:\/\/www.sabine-seyffert.de\/blog\/wp-content\/uploads\/2013\/08\/Bahnhof-4.jpg\" alt=\"Bahnhof 4\" width=\"800\" height=\"600\" srcset=\"https:\/\/www.sabine-seyffert.de\/blog\/wp-content\/uploads\/2013\/08\/Bahnhof-4.jpg 800w, https:\/\/www.sabine-seyffert.de\/blog\/wp-content\/uploads\/2013\/08\/Bahnhof-4-300x225.jpg 300w\" sizes=\"auto, (max-width: 800px) 100vw, 800px\" \/><\/a><\/p>\n<p style=\"text-align: justify;\">Jedes Mal, wenn ich an unserem kleinen Bahnhof ankam, erinnerte ich mich an meine Kindheit. Da herrschte hier reges Treiben. Mittlerweile sind die gro\u00dfe Post, der Fotograf, Blumenladen, Kiosk und andere kleine Gesch\u00e4fte fast allesamt verschwunden, als h\u00e4tte es diese nie gegeben. Etwas trostlos und wenig einladend sieht es nun dort aus. Dennoch mag ich den kleinen Bahnhof sehr und finde er hat seinen ganz eigenen Charme.<\/p>\n<p style=\"text-align: center;\"><a href=\"http:\/\/www.sabine-seyffert.de\/blog\/wp-content\/uploads\/2013\/08\/Bahnhof-5.jpg\"><img loading=\"lazy\" decoding=\"async\" class=\"alignnone size-full wp-image-2369\" src=\"http:\/\/www.sabine-seyffert.de\/blog\/wp-content\/uploads\/2013\/08\/Bahnhof-5.jpg\" alt=\"Bahnhof 5\" width=\"600\" height=\"800\" srcset=\"https:\/\/www.sabine-seyffert.de\/blog\/wp-content\/uploads\/2013\/08\/Bahnhof-5.jpg 600w, https:\/\/www.sabine-seyffert.de\/blog\/wp-content\/uploads\/2013\/08\/Bahnhof-5-225x300.jpg 225w\" sizes=\"auto, (max-width: 600px) 100vw, 600px\" \/><\/a><\/p>\n<p style=\"text-align: justify;\">Beim letzten Mal habe ich endlich daran gedacht meine Kamera mitzunehmen. Wie gut, dass das Wetter sich in den Sommerferien hier von seiner allerbesten Seite zeigt. W\u00e4hrend ich ganz enthusiastisch und munter anfange meine Bilder zu knipsen, hastete der Rest unserer Familie eilig zum Bahngleis. Schlie\u00dflich wartet ein Zug nicht&#8230;<\/p>\n<p style=\"text-align: center;\"><a href=\"http:\/\/www.sabine-seyffert.de\/blog\/wp-content\/uploads\/2013\/08\/Bahnhof-6.jpg\"><img loading=\"lazy\" decoding=\"async\" class=\"alignnone size-full wp-image-2370\" src=\"http:\/\/www.sabine-seyffert.de\/blog\/wp-content\/uploads\/2013\/08\/Bahnhof-6.jpg\" alt=\"Bahnhof 6\" width=\"600\" height=\"800\" srcset=\"https:\/\/www.sabine-seyffert.de\/blog\/wp-content\/uploads\/2013\/08\/Bahnhof-6.jpg 600w, https:\/\/www.sabine-seyffert.de\/blog\/wp-content\/uploads\/2013\/08\/Bahnhof-6-225x300.jpg 225w\" sizes=\"auto, (max-width: 600px) 100vw, 600px\" \/><\/a><\/p>\n<p style=\"text-align: justify;\">Aber selbst vom Bahngleis gibt es die ein oder andere reizvolle Ansicht. Auch die Atmosph\u00e4re hier mag ich sehr.<\/p>\n<p style=\"text-align: center;\"><a href=\"http:\/\/www.sabine-seyffert.de\/blog\/wp-content\/uploads\/2013\/08\/Bahnhof-7.jpg\"><img loading=\"lazy\" decoding=\"async\" class=\"alignnone size-full wp-image-2371\" src=\"http:\/\/www.sabine-seyffert.de\/blog\/wp-content\/uploads\/2013\/08\/Bahnhof-7.jpg\" alt=\"Bahnhof 7\" width=\"600\" height=\"800\" srcset=\"https:\/\/www.sabine-seyffert.de\/blog\/wp-content\/uploads\/2013\/08\/Bahnhof-7.jpg 600w, https:\/\/www.sabine-seyffert.de\/blog\/wp-content\/uploads\/2013\/08\/Bahnhof-7-225x300.jpg 225w\" sizes=\"auto, (max-width: 600px) 100vw, 600px\" \/><\/a><\/p>\n<p style=\"text-align: justify;\">Vielleicht lag es an der Ferienzeit, aber von der allgemeinen Hektik, der Hast und dem Gerempel, das man sonst so gerne auf den Gro\u00dfstadt typischen Hauptbahnh\u00f6fen mitbekommt, ist hier so gar nichts zu sp\u00fcren. Es geht offenbar auch anders. Hier herrscht eine angenehme Ruhe und die Sonne, die die Abendstunden langsam einl\u00e4utet, setzt alles in ein warmes, wunderbares Licht.<\/p>\n<p style=\"text-align: center;\"><a href=\"http:\/\/www.sabine-seyffert.de\/blog\/wp-content\/uploads\/2013\/08\/Bahnhof-8.jpg\"><img loading=\"lazy\" decoding=\"async\" class=\"alignnone size-full wp-image-2372\" src=\"http:\/\/www.sabine-seyffert.de\/blog\/wp-content\/uploads\/2013\/08\/Bahnhof-8.jpg\" alt=\"Bahnhof 8\" width=\"600\" height=\"800\" srcset=\"https:\/\/www.sabine-seyffert.de\/blog\/wp-content\/uploads\/2013\/08\/Bahnhof-8.jpg 600w, https:\/\/www.sabine-seyffert.de\/blog\/wp-content\/uploads\/2013\/08\/Bahnhof-8-225x300.jpg 225w\" sizes=\"auto, (max-width: 600px) 100vw, 600px\" \/><\/a><\/p>\n<p style=\"text-align: justify;\">Auf dem R\u00fcckweg knipse ich hier und da ein paar Bilder und bin erstaunt, <em>wie<\/em> sch\u00f6n der <a href=\"http:\/\/de.wikipedia.org\/wiki\/Bahnhof_Wuppertal-Vohwinkel\" target=\"_blank\">Vohwinkler Bahnhof<\/a> doch ist, wenn man nur mal richtig hinschaut\u2026<\/p>\n<p style=\"text-align: center;\"><a href=\"http:\/\/www.sabine-seyffert.de\/blog\/wp-content\/uploads\/2013\/08\/Bahnhof-9.jpg\"><img loading=\"lazy\" decoding=\"async\" class=\"alignnone size-full wp-image-2374\" src=\"http:\/\/www.sabine-seyffert.de\/blog\/wp-content\/uploads\/2013\/08\/Bahnhof-9.jpg\" alt=\"Bahnhof 9\" width=\"600\" height=\"800\" srcset=\"https:\/\/www.sabine-seyffert.de\/blog\/wp-content\/uploads\/2013\/08\/Bahnhof-9.jpg 600w, https:\/\/www.sabine-seyffert.de\/blog\/wp-content\/uploads\/2013\/08\/Bahnhof-9-225x300.jpg 225w\" sizes=\"auto, (max-width: 600px) 100vw, 600px\" \/><\/a><\/p>\n<p style=\"text-align: justify;\">Ein paar Tage sp\u00e4ter habe ich entdeckt, dass eines meiner Bahnhofsbilder nun den Desktop unseres Laptops ziert. Offenbar gef\u00e4llt der Bahnhof nicht nur mir \ud83d\ude09<\/p>\n<p style=\"text-align: center;\"><a href=\"http:\/\/www.sabine-seyffert.de\/blog\/wp-content\/uploads\/2013\/08\/Bahnhof-10.jpg\"><img loading=\"lazy\" decoding=\"async\" class=\"alignnone size-full wp-image-2375\" src=\"http:\/\/www.sabine-seyffert.de\/blog\/wp-content\/uploads\/2013\/08\/Bahnhof-10.jpg\" alt=\"Bahnhof 10\" width=\"600\" height=\"800\" srcset=\"https:\/\/www.sabine-seyffert.de\/blog\/wp-content\/uploads\/2013\/08\/Bahnhof-10.jpg 600w, https:\/\/www.sabine-seyffert.de\/blog\/wp-content\/uploads\/2013\/08\/Bahnhof-10-225x300.jpg 225w\" sizes=\"auto, (max-width: 600px) 100vw, 600px\" \/><\/a><\/p>\n<p style=\"text-align: justify;\">Bei meiner Recherche im Netz habe ich erfahren, da\u00df dieser &#8220;kleine Bahnhof&#8221; mit insgesamt 8 Gleisen wohl der gr\u00f6\u00dfte Bahnhof der Stadt Wuppertal ist, f\u00fcr dessen Erhalt sich der <a href=\"http:\/\/www.buergerbahnhof.com\/\" target=\"_blank\">B\u00fcrgerbahnhof<\/a> engagiert einsetzt.<\/p>\n<p style=\"text-align: center;\"><a href=\"http:\/\/www.sabine-seyffert.de\/blog\/wp-content\/uploads\/2013\/08\/Bahnhof-11.jpg\"><img loading=\"lazy\" decoding=\"async\" class=\"alignnone size-full wp-image-2376\" src=\"http:\/\/www.sabine-seyffert.de\/blog\/wp-content\/uploads\/2013\/08\/Bahnhof-11.jpg\" alt=\"Bahnhof 11\" width=\"800\" height=\"600\" srcset=\"https:\/\/www.sabine-seyffert.de\/blog\/wp-content\/uploads\/2013\/08\/Bahnhof-11.jpg 800w, https:\/\/www.sabine-seyffert.de\/blog\/wp-content\/uploads\/2013\/08\/Bahnhof-11-300x225.jpg 300w\" sizes=\"auto, (max-width: 800px) 100vw, 800px\" \/><\/a><\/p>\n<p><a href=\"http:\/\/www.sabine-seyffert.de\/blog\/?page_id=32#urheberrecht\">urherrechtlich gesch\u00fctzt<\/a>, \u00a9 Sabine Seyffert<\/p>\n","protected":false},"excerpt":{"rendered":"<p>In den letzten Wochen habe ich mich mehrfach auf den Weg zum Bahnhof gemacht. Verschiedene Klassenfahrten, Urlaubstrips und andere Ferientouren standen auf dem Programm. In den meisten F\u00e4lle hatte ich Gl\u00fcck, dass ich \u201enur\u201c den kleinen Bahnhof im Stadtteil aufsuchen musste, denn der Hauptbahnhof befindet sich derzeit komplett im Wandel und eine Gro\u00dfbaustelle ist nicht&#8230; <a href=\"https:\/\/www.sabine-seyffert.de\/blog\/gute-reise-schonen-urlaub\/\" class=\"more-link\">Read more: Gute Reise, sch\u00f6nen Urlaub!<\/a><\/p>\n","protected":false},"author":2,"featured_media":0,"comment_status":"open","ping_status":"open","sticky":false,"template":"","format":"standard","meta":{"_metis_text_type":"","_metis_text_length":2287,"_post_count":0,"footnotes":""},"categories":[38,24],"tags":[],"class_list":["post-2365","post","type-post","status-publish","format-standard","hentry","category-ferien","category-sommer"],"_links":{"self":[{"href":"https:\/\/www.sabine-seyffert.de\/blog\/wp-json\/wp\/v2\/posts\/2365","targetHints":{"allow":["GET"]}}],"collection":[{"href":"https:\/\/www.sabine-seyffert.de\/blog\/wp-json\/wp\/v2\/posts"}],"about":[{"href":"https:\/\/www.sabine-seyffert.de\/blog\/wp-json\/wp\/v2\/types\/post"}],"author":[{"embeddable":true,"href":"https:\/\/www.sabine-seyffert.de\/blog\/wp-json\/wp\/v2\/users\/2"}],"replies":[{"embeddable":true,"href":"https:\/\/www.sabine-seyffert.de\/blog\/wp-json\/wp\/v2\/comments?post=2365"}],"version-history":[{"count":10,"href":"https:\/\/www.sabine-seyffert.de\/blog\/wp-json\/wp\/v2\/posts\/2365\/revisions"}],"predecessor-version":[{"id":6161,"href":"https:\/\/www.sabine-seyffert.de\/blog\/wp-json\/wp\/v2\/posts\/2365\/revisions\/6161"}],"wp:attachment":[{"href":"https:\/\/www.sabine-seyffert.de\/blog\/wp-json\/wp\/v2\/media?parent=2365"}],"wp:term":[{"taxonomy":"category","embeddable":true,"href":"https:\/\/www.sabine-seyffert.de\/blog\/wp-json\/wp\/v2\/categories?post=2365"},{"taxonomy":"post_tag","embeddable":true,"href":"https:\/\/www.sabine-seyffert.de\/blog\/wp-json\/wp\/v2\/tags?post=2365"}],"curies":[{"name":"wp","href":"https:\/\/api.w.org\/{rel}","templated":true}]}}