{"id":23567,"date":"2022-08-28T06:00:26","date_gmt":"2022-08-28T04:00:26","guid":{"rendered":"https:\/\/www.sabine-seyffert.de\/blog\/?p=23567"},"modified":"2022-09-02T10:31:25","modified_gmt":"2022-09-02T08:31:25","slug":"diy-geschenkverpackung-selbstgemacht-geschenke-schoen-verpackt-suesse-aepfel-fuer-dich","status":"publish","type":"post","link":"https:\/\/www.sabine-seyffert.de\/blog\/diy-geschenkverpackung-selbstgemacht-geschenke-schoen-verpackt-suesse-aepfel-fuer-dich\/","title":{"rendered":"DIY Geschenkverpackung selbstgemacht: Geschenke sch\u00f6n verpackt &#8211; S\u00fc\u00dfe \u00c4pfel f\u00fcr dich!"},"content":{"rendered":"<p style=\"text-align: justify;\"><img loading=\"lazy\" decoding=\"async\" src=\"https:\/\/vg01.met.vgwort.de\/na\/961b58eff7ef49be8fa4783076069f26\" alt=\"\" width=\"1\" height=\"1\" \/>Die gesamte Woche hat sich auf dem Blog und meiner <a href=\"https:\/\/www.instagram.com\/diy_sabine_seyffert\/\" target=\"_blank\" rel=\"noopener noreferrer\">DIYchallengederwoche<\/a> alles um das Thema Apfel gedreht. Dazu hatte ich euch einen <a href=\"https:\/\/www.sabine-seyffert.de\/blog\/?p=23517\" target=\"_blank\" rel=\"noopener noreferrer\">Apfel in XL aus Pappteller<\/a> gezeigt, einen <a href=\"https:\/\/www.sabine-seyffert.de\/blog\/?p=23534\" target=\"_blank\" rel=\"noopener noreferrer\">Upcycling Apfel mit 3D Effekt<\/a> aus leeren Klorollen, einen leuchtenden <a href=\"https:\/\/www.sabine-seyffert.de\/blog\/?p=23549\" target=\"_blank\" rel=\"noopener noreferrer\">Apfel aus Joghurtdeckel<\/a> sowie die k\u00f6stlichen <a href=\"https:\/\/www.sabine-seyffert.de\/blog\/?p=23558\" target=\"_blank\" rel=\"noopener noreferrer\">\u00c4pfel f\u00fcrs Fr\u00fchst\u00fcck aus Hefeteig<\/a>.<br \/>\nZum kr\u00f6nenden Abschluss gibt es noch eine tolle Verpackungsidee. In der Bastelanleitung dazu zeige ich euch, wie man mit wenig Aufwand und Kosten auf die Schnelle kleine Mitbringsel &amp; Co. ganz sommerlich verpacken kann.<\/p>\n<p style=\"text-align: center;\"><a href=\"https:\/\/www.sabine-seyffert.de\/blog\/wp-content\/uploads\/2022\/07\/Apfel-Mini-Geschenkverpackung-Sabine-Seyffert.de-11.jpg\"><img loading=\"lazy\" decoding=\"async\" class=\"alignnone size-full wp-image-23568\" src=\"https:\/\/www.sabine-seyffert.de\/blog\/wp-content\/uploads\/2022\/07\/Apfel-Mini-Geschenkverpackung-Sabine-Seyffert.de-11.jpg\" alt=\"\" width=\"800\" height=\"600\" srcset=\"https:\/\/www.sabine-seyffert.de\/blog\/wp-content\/uploads\/2022\/07\/Apfel-Mini-Geschenkverpackung-Sabine-Seyffert.de-11.jpg 800w, https:\/\/www.sabine-seyffert.de\/blog\/wp-content\/uploads\/2022\/07\/Apfel-Mini-Geschenkverpackung-Sabine-Seyffert.de-11-300x225.jpg 300w, https:\/\/www.sabine-seyffert.de\/blog\/wp-content\/uploads\/2022\/07\/Apfel-Mini-Geschenkverpackung-Sabine-Seyffert.de-11-768x576.jpg 768w\" sizes=\"auto, (max-width: 800px) 100vw, 800px\" \/><\/a><\/p>\n<p style=\"text-align: justify;\"><strong>Das wird gebraucht:<\/strong><br \/>\nNaturbraunes Packpapier, eine Bastelschere, Kordel (oder Geschenkband) Bastelkleber \/ Klebestift, einen kleinen Apfel, Stempel samt Stempelkissen, Pinsel, rote Bastelfarbe (oder auch Wasserfarbe), Papierreste (oder <a href=\"https:\/\/www.sabine-seyffert.de\/blog\/?p=13917\" target=\"_blank\" rel=\"noopener noreferrer\">selbst gemachtes Bastelpapier<\/a>), eine Bastelunterlage sowie optional Pastellkreide und schwarzer Fineliner<\/p>\n<p style=\"text-align: center;\"><a href=\"https:\/\/www.sabine-seyffert.de\/blog\/wp-content\/uploads\/2022\/07\/Apfel-Mini-Geschenkverpackung-Sabine-Seyffert.de_.jpg\"><img loading=\"lazy\" decoding=\"async\" class=\"alignnone size-full wp-image-23569\" src=\"https:\/\/www.sabine-seyffert.de\/blog\/wp-content\/uploads\/2022\/07\/Apfel-Mini-Geschenkverpackung-Sabine-Seyffert.de_.jpg\" alt=\"\" width=\"800\" height=\"600\" srcset=\"https:\/\/www.sabine-seyffert.de\/blog\/wp-content\/uploads\/2022\/07\/Apfel-Mini-Geschenkverpackung-Sabine-Seyffert.de_.jpg 800w, https:\/\/www.sabine-seyffert.de\/blog\/wp-content\/uploads\/2022\/07\/Apfel-Mini-Geschenkverpackung-Sabine-Seyffert.de_-300x225.jpg 300w, https:\/\/www.sabine-seyffert.de\/blog\/wp-content\/uploads\/2022\/07\/Apfel-Mini-Geschenkverpackung-Sabine-Seyffert.de_-768x576.jpg 768w\" sizes=\"auto, (max-width: 800px) 100vw, 800px\" \/><\/a><\/p>\n<p style=\"text-align: justify;\"><strong>So wird\u2019s gemacht:<\/strong><br \/>\nWir haben einen Apfelbaum im Garten, von dem bereits einige unreife, Mini kleine \u00c4pfel heruntergefallen sind.<\/p>\n<p style=\"text-align: center;\"><a href=\"https:\/\/www.sabine-seyffert.de\/blog\/wp-content\/uploads\/2022\/07\/Apfel-Mini-Geschenkverpackung-Sabine-Seyffert.de-0.jpg\"><img loading=\"lazy\" decoding=\"async\" class=\"alignnone size-full wp-image-23575\" src=\"https:\/\/www.sabine-seyffert.de\/blog\/wp-content\/uploads\/2022\/07\/Apfel-Mini-Geschenkverpackung-Sabine-Seyffert.de-0.jpg\" alt=\"\" width=\"800\" height=\"600\" srcset=\"https:\/\/www.sabine-seyffert.de\/blog\/wp-content\/uploads\/2022\/07\/Apfel-Mini-Geschenkverpackung-Sabine-Seyffert.de-0.jpg 800w, https:\/\/www.sabine-seyffert.de\/blog\/wp-content\/uploads\/2022\/07\/Apfel-Mini-Geschenkverpackung-Sabine-Seyffert.de-0-300x225.jpg 300w, https:\/\/www.sabine-seyffert.de\/blog\/wp-content\/uploads\/2022\/07\/Apfel-Mini-Geschenkverpackung-Sabine-Seyffert.de-0-768x576.jpg 768w\" sizes=\"auto, (max-width: 800px) 100vw, 800px\" \/><\/a><\/p>\n<p style=\"text-align: justify;\">Die haben mich als kreativer Kopf nat\u00fcrlich gleich \u201eangelacht\u201c und im Nu machten sich allerhand Ideen in mir breit, was man mit diesen unreifen \u00c4pfeln anstellen k\u00f6nnte.<\/p>\n<p style=\"text-align: center;\"><a href=\"https:\/\/www.sabine-seyffert.de\/blog\/wp-content\/uploads\/2022\/07\/Apfel-Mini-Geschenkverpackung-Sabine-Seyffert.de-13.jpg\"><img loading=\"lazy\" decoding=\"async\" class=\"alignnone size-full wp-image-23576\" src=\"https:\/\/www.sabine-seyffert.de\/blog\/wp-content\/uploads\/2022\/07\/Apfel-Mini-Geschenkverpackung-Sabine-Seyffert.de-13.jpg\" alt=\"\" width=\"800\" height=\"600\" srcset=\"https:\/\/www.sabine-seyffert.de\/blog\/wp-content\/uploads\/2022\/07\/Apfel-Mini-Geschenkverpackung-Sabine-Seyffert.de-13.jpg 800w, https:\/\/www.sabine-seyffert.de\/blog\/wp-content\/uploads\/2022\/07\/Apfel-Mini-Geschenkverpackung-Sabine-Seyffert.de-13-300x225.jpg 300w, https:\/\/www.sabine-seyffert.de\/blog\/wp-content\/uploads\/2022\/07\/Apfel-Mini-Geschenkverpackung-Sabine-Seyffert.de-13-768x576.jpg 768w\" sizes=\"auto, (max-width: 800px) 100vw, 800px\" \/><\/a><\/p>\n<p style=\"text-align: justify;\">Zum einen diese fruchtige Geschenkverpackung, die wirklich ganz schnell gebastelt ist.<\/p>\n<p style=\"text-align: center;\"><a href=\"https:\/\/www.sabine-seyffert.de\/blog\/wp-content\/uploads\/2022\/07\/Apfel-Mini-Geschenkverpackung-Sabine-Seyffert.de-12.jpg\"><img loading=\"lazy\" decoding=\"async\" class=\"alignnone size-full wp-image-23577\" src=\"https:\/\/www.sabine-seyffert.de\/blog\/wp-content\/uploads\/2022\/07\/Apfel-Mini-Geschenkverpackung-Sabine-Seyffert.de-12.jpg\" alt=\"\" width=\"800\" height=\"600\" srcset=\"https:\/\/www.sabine-seyffert.de\/blog\/wp-content\/uploads\/2022\/07\/Apfel-Mini-Geschenkverpackung-Sabine-Seyffert.de-12.jpg 800w, https:\/\/www.sabine-seyffert.de\/blog\/wp-content\/uploads\/2022\/07\/Apfel-Mini-Geschenkverpackung-Sabine-Seyffert.de-12-300x225.jpg 300w, https:\/\/www.sabine-seyffert.de\/blog\/wp-content\/uploads\/2022\/07\/Apfel-Mini-Geschenkverpackung-Sabine-Seyffert.de-12-768x576.jpg 768w\" sizes=\"auto, (max-width: 800px) 100vw, 800px\" \/><\/a><\/p>\n<p style=\"text-align: justify;\">Und ein gro\u00dfes Basteltalent ben\u00f6tigt man f\u00fcr diese Bastelidee auch nicht.<\/p>\n<p style=\"text-align: center;\"><a href=\"https:\/\/www.sabine-seyffert.de\/blog\/wp-content\/uploads\/2022\/07\/Apfel-Mini-Geschenkverpackung-Sabine-Seyffert.de-10.jpg\"><img loading=\"lazy\" decoding=\"async\" class=\"alignnone size-full wp-image-23578\" src=\"https:\/\/www.sabine-seyffert.de\/blog\/wp-content\/uploads\/2022\/07\/Apfel-Mini-Geschenkverpackung-Sabine-Seyffert.de-10.jpg\" alt=\"\" width=\"800\" height=\"600\" srcset=\"https:\/\/www.sabine-seyffert.de\/blog\/wp-content\/uploads\/2022\/07\/Apfel-Mini-Geschenkverpackung-Sabine-Seyffert.de-10.jpg 800w, https:\/\/www.sabine-seyffert.de\/blog\/wp-content\/uploads\/2022\/07\/Apfel-Mini-Geschenkverpackung-Sabine-Seyffert.de-10-300x225.jpg 300w, https:\/\/www.sabine-seyffert.de\/blog\/wp-content\/uploads\/2022\/07\/Apfel-Mini-Geschenkverpackung-Sabine-Seyffert.de-10-768x576.jpg 768w\" sizes=\"auto, (max-width: 800px) 100vw, 800px\" \/><\/a><\/p>\n<p style=\"text-align: justify;\">Packt das Geschenk zuerst in das Packpapier. Anschlie\u00dfend teilt man den kleinen Apfel mit einem scharfen K\u00fcchenmesser, bestreicht eine H\u00e4lfe mit der roten Farbe und stempelt damit auf das Papier.<\/p>\n<p style=\"text-align: center;\"><a href=\"https:\/\/www.sabine-seyffert.de\/blog\/wp-content\/uploads\/2022\/07\/Apfel-Mini-Geschenkverpackung-Sabine-Seyffert.de-9.jpg\"><img loading=\"lazy\" decoding=\"async\" class=\"alignnone size-full wp-image-23579\" src=\"https:\/\/www.sabine-seyffert.de\/blog\/wp-content\/uploads\/2022\/07\/Apfel-Mini-Geschenkverpackung-Sabine-Seyffert.de-9.jpg\" alt=\"\" width=\"800\" height=\"600\" srcset=\"https:\/\/www.sabine-seyffert.de\/blog\/wp-content\/uploads\/2022\/07\/Apfel-Mini-Geschenkverpackung-Sabine-Seyffert.de-9.jpg 800w, https:\/\/www.sabine-seyffert.de\/blog\/wp-content\/uploads\/2022\/07\/Apfel-Mini-Geschenkverpackung-Sabine-Seyffert.de-9-300x225.jpg 300w, https:\/\/www.sabine-seyffert.de\/blog\/wp-content\/uploads\/2022\/07\/Apfel-Mini-Geschenkverpackung-Sabine-Seyffert.de-9-768x576.jpg 768w\" sizes=\"auto, (max-width: 800px) 100vw, 800px\" \/><\/a><\/p>\n<p style=\"text-align: justify;\">Aus d\u00fcnner Pappe schnippelt man sich f\u00fcr jeden Apfel einen kleinen Stiel und aus Papierresten gr\u00fcne Bl\u00e4tter.<\/p>\n<p style=\"text-align: center;\"><a href=\"https:\/\/www.sabine-seyffert.de\/blog\/wp-content\/uploads\/2022\/07\/Apfel-Mini-Geschenkverpackung-Sabine-Seyffert.de-8.jpg\"><img loading=\"lazy\" decoding=\"async\" class=\"alignnone size-full wp-image-23580\" src=\"https:\/\/www.sabine-seyffert.de\/blog\/wp-content\/uploads\/2022\/07\/Apfel-Mini-Geschenkverpackung-Sabine-Seyffert.de-8.jpg\" alt=\"\" width=\"800\" height=\"600\" srcset=\"https:\/\/www.sabine-seyffert.de\/blog\/wp-content\/uploads\/2022\/07\/Apfel-Mini-Geschenkverpackung-Sabine-Seyffert.de-8.jpg 800w, https:\/\/www.sabine-seyffert.de\/blog\/wp-content\/uploads\/2022\/07\/Apfel-Mini-Geschenkverpackung-Sabine-Seyffert.de-8-300x225.jpg 300w, https:\/\/www.sabine-seyffert.de\/blog\/wp-content\/uploads\/2022\/07\/Apfel-Mini-Geschenkverpackung-Sabine-Seyffert.de-8-768x576.jpg 768w\" sizes=\"auto, (max-width: 800px) 100vw, 800px\" \/><\/a><\/p>\n<p style=\"text-align: justify;\">Die Details klebt man auf, zeichnet mit einem Fineliner unten noch das Apfelende an und kann mit Pastellkreide den \u00c4pfeln an einer Seite noch eine kleine Schattierung aufmalen.<\/p>\n<p style=\"text-align: center;\"><a href=\"https:\/\/www.sabine-seyffert.de\/blog\/wp-content\/uploads\/2022\/07\/Apfel-Mini-Geschenkverpackung-Sabine-Seyffert.de-7.jpg\"><img loading=\"lazy\" decoding=\"async\" class=\"alignnone size-full wp-image-23574\" src=\"https:\/\/www.sabine-seyffert.de\/blog\/wp-content\/uploads\/2022\/07\/Apfel-Mini-Geschenkverpackung-Sabine-Seyffert.de-7.jpg\" alt=\"\" width=\"800\" height=\"600\" srcset=\"https:\/\/www.sabine-seyffert.de\/blog\/wp-content\/uploads\/2022\/07\/Apfel-Mini-Geschenkverpackung-Sabine-Seyffert.de-7.jpg 800w, https:\/\/www.sabine-seyffert.de\/blog\/wp-content\/uploads\/2022\/07\/Apfel-Mini-Geschenkverpackung-Sabine-Seyffert.de-7-300x225.jpg 300w, https:\/\/www.sabine-seyffert.de\/blog\/wp-content\/uploads\/2022\/07\/Apfel-Mini-Geschenkverpackung-Sabine-Seyffert.de-7-768x576.jpg 768w\" sizes=\"auto, (max-width: 800px) 100vw, 800px\" \/><\/a><\/p>\n<p style=\"text-align: justify;\">Zum Schluss etwas Kordel mittig darum binden und mit Schleife versehen.<\/p>\n<p style=\"text-align: center;\"><a href=\"https:\/\/www.sabine-seyffert.de\/blog\/wp-content\/uploads\/2022\/07\/Apfel-Mini-Geschenkverpackung-Sabine-Seyffert.de-6.jpg\"><img loading=\"lazy\" decoding=\"async\" class=\"alignnone size-full wp-image-23573\" src=\"https:\/\/www.sabine-seyffert.de\/blog\/wp-content\/uploads\/2022\/07\/Apfel-Mini-Geschenkverpackung-Sabine-Seyffert.de-6.jpg\" alt=\"\" width=\"800\" height=\"600\" srcset=\"https:\/\/www.sabine-seyffert.de\/blog\/wp-content\/uploads\/2022\/07\/Apfel-Mini-Geschenkverpackung-Sabine-Seyffert.de-6.jpg 800w, https:\/\/www.sabine-seyffert.de\/blog\/wp-content\/uploads\/2022\/07\/Apfel-Mini-Geschenkverpackung-Sabine-Seyffert.de-6-300x225.jpg 300w, https:\/\/www.sabine-seyffert.de\/blog\/wp-content\/uploads\/2022\/07\/Apfel-Mini-Geschenkverpackung-Sabine-Seyffert.de-6-768x576.jpg 768w\" sizes=\"auto, (max-width: 800px) 100vw, 800px\" \/><\/a><\/p>\n<p style=\"text-align: justify;\"><strong>Kleiner Tipp:<\/strong><br \/>\nWer Lust hat, druckt mit dem Stempel noch den Namen oder einen kleinen Gru\u00df auf d\u00fcnne Pappe, schneidet diese zu einem Wimpel und klebt diese seitlich an das Geschenk.<\/p>\n<p style=\"text-align: center;\"><a href=\"https:\/\/www.sabine-seyffert.de\/blog\/wp-content\/uploads\/2022\/07\/Apfel-Mini-Geschenkverpackung-Sabine-Seyffert.de-1.jpg\"><img loading=\"lazy\" decoding=\"async\" class=\"alignnone size-full wp-image-23572\" src=\"https:\/\/www.sabine-seyffert.de\/blog\/wp-content\/uploads\/2022\/07\/Apfel-Mini-Geschenkverpackung-Sabine-Seyffert.de-1.jpg\" alt=\"\" width=\"600\" height=\"800\" srcset=\"https:\/\/www.sabine-seyffert.de\/blog\/wp-content\/uploads\/2022\/07\/Apfel-Mini-Geschenkverpackung-Sabine-Seyffert.de-1.jpg 600w, https:\/\/www.sabine-seyffert.de\/blog\/wp-content\/uploads\/2022\/07\/Apfel-Mini-Geschenkverpackung-Sabine-Seyffert.de-1-225x300.jpg 225w\" sizes=\"auto, (max-width: 600px) 100vw, 600px\" \/><\/a><\/p>\n<p>Eine Variante mit Fingerabdr\u00fccken gestempelten \u00c4pfel findet ihr <a href=\"https:\/\/www.sabine-seyffert.de\/blog\/?p=17355\" target=\"_blank\" rel=\"noopener noreferrer\">hier<\/a> und eine umweltfreundliche Geschenkverpackung mit Apfel auch <a href=\"https:\/\/www.sabine-seyffert.de\/blog\/?p=17341\" target=\"_blank\" rel=\"noopener noreferrer\">dort<\/a>.<\/p>\n<p style=\"text-align: center;\"><a href=\"https:\/\/www.sabine-seyffert.de\/blog\/wp-content\/uploads\/2022\/07\/Apfel-Mini-Geschenkverpackung-Sabine-Seyffert.de-4.jpg\"><img loading=\"lazy\" decoding=\"async\" class=\"alignnone size-full wp-image-23571\" src=\"https:\/\/www.sabine-seyffert.de\/blog\/wp-content\/uploads\/2022\/07\/Apfel-Mini-Geschenkverpackung-Sabine-Seyffert.de-4.jpg\" alt=\"\" width=\"600\" height=\"800\" srcset=\"https:\/\/www.sabine-seyffert.de\/blog\/wp-content\/uploads\/2022\/07\/Apfel-Mini-Geschenkverpackung-Sabine-Seyffert.de-4.jpg 600w, https:\/\/www.sabine-seyffert.de\/blog\/wp-content\/uploads\/2022\/07\/Apfel-Mini-Geschenkverpackung-Sabine-Seyffert.de-4-225x300.jpg 225w\" sizes=\"auto, (max-width: 600px) 100vw, 600px\" \/><\/a><\/p>\n<p style=\"text-align: justify;\">Weitere kreative Geschenkverpackungen zu unterschiedlichen Anl\u00e4ssen findet ihr \u00fcbrigens in <a href=\"https:\/\/www.sabine-seyffert.de\/blog\/?cat=49\" target=\"_blank\" rel=\"noopener noreferrer\">dieser Blog Kategorie<\/a>, alle Do-it-Yourself Geschenkideen in <a href=\"https:\/\/www.sabine-seyffert.de\/blog\/?cat=36\" target=\"_blank\" rel=\"noopener noreferrer\">diesem Ordner<\/a>, zahlreiche Upcycling Ideen findet ihr an <a href=\"https:\/\/www.sabine-seyffert.de\/blog\/?cat=47\" target=\"_blank\" rel=\"noopener noreferrer\">dieser Stelle<\/a>, alles rund um die Sommerzeit sind in <a href=\"https:\/\/www.sabine-seyffert.de\/blog\/?cat=24\" target=\"_blank\" rel=\"noopener noreferrer\">diesem Blog Ordner<\/a> oder auch an <a href=\"https:\/\/www.pinterest.de\/diysabineseyffert\/\" target=\"_blank\" rel=\"noopener noreferrer\">meinen Pinnw\u00e4nden<\/a>.<\/p>\n<p style=\"text-align: center;\"><a href=\"https:\/\/www.sabine-seyffert.de\/blog\/wp-content\/uploads\/2022\/07\/Apfel-Mini-Geschenkverpackung-Sabine-Seyffert.de-3.jpg\"><img loading=\"lazy\" decoding=\"async\" class=\"alignnone size-full wp-image-23570\" src=\"https:\/\/www.sabine-seyffert.de\/blog\/wp-content\/uploads\/2022\/07\/Apfel-Mini-Geschenkverpackung-Sabine-Seyffert.de-3.jpg\" alt=\"\" width=\"600\" height=\"800\" srcset=\"https:\/\/www.sabine-seyffert.de\/blog\/wp-content\/uploads\/2022\/07\/Apfel-Mini-Geschenkverpackung-Sabine-Seyffert.de-3.jpg 600w, https:\/\/www.sabine-seyffert.de\/blog\/wp-content\/uploads\/2022\/07\/Apfel-Mini-Geschenkverpackung-Sabine-Seyffert.de-3-225x300.jpg 225w\" sizes=\"auto, (max-width: 600px) 100vw, 600px\" \/><\/a><\/p>\n<p style=\"text-align: justify;\"><a href=\"https:\/\/www.sabine-seyffert.de\/blog\/?page_id=32#urheberrecht\">urheberrechtlich gesch\u00fctzt<\/a>, \u00a9 Sabine Seyffert<\/p>\n","protected":false},"excerpt":{"rendered":"<p>Die gesamte Woche hat sich auf dem Blog und meiner DIYchallengederwoche alles um das Thema Apfel gedreht. Dazu hatte ich euch einen Apfel in XL aus Pappteller gezeigt, einen Upcycling Apfel mit 3D Effekt aus leeren Klorollen, einen leuchtenden Apfel aus Joghurtdeckel sowie die k\u00f6stlichen \u00c4pfel f\u00fcrs Fr\u00fchst\u00fcck aus Hefeteig. Zum kr\u00f6nenden Abschluss gibt es&#8230; <a href=\"https:\/\/www.sabine-seyffert.de\/blog\/diy-geschenkverpackung-selbstgemacht-geschenke-schoen-verpackt-suesse-aepfel-fuer-dich\/\" class=\"more-link\">Read more: DIY Geschenkverpackung selbstgemacht: Geschenke sch\u00f6n verpackt &#8211; S\u00fc\u00dfe \u00c4pfel f\u00fcr dich!<\/a><\/p>\n","protected":false},"author":2,"featured_media":0,"comment_status":"open","ping_status":"open","sticky":false,"template":"","format":"standard","meta":{"_metis_text_type":"","_metis_text_length":2574,"_post_count":0,"footnotes":""},"categories":[49,24,47],"tags":[],"class_list":["post-23567","post","type-post","status-publish","format-standard","hentry","category-verpackungsideen","category-sommer","category-upcyceltes"],"_links":{"self":[{"href":"https:\/\/www.sabine-seyffert.de\/blog\/wp-json\/wp\/v2\/posts\/23567","targetHints":{"allow":["GET"]}}],"collection":[{"href":"https:\/\/www.sabine-seyffert.de\/blog\/wp-json\/wp\/v2\/posts"}],"about":[{"href":"https:\/\/www.sabine-seyffert.de\/blog\/wp-json\/wp\/v2\/types\/post"}],"author":[{"embeddable":true,"href":"https:\/\/www.sabine-seyffert.de\/blog\/wp-json\/wp\/v2\/users\/2"}],"replies":[{"embeddable":true,"href":"https:\/\/www.sabine-seyffert.de\/blog\/wp-json\/wp\/v2\/comments?post=23567"}],"version-history":[{"count":5,"href":"https:\/\/www.sabine-seyffert.de\/blog\/wp-json\/wp\/v2\/posts\/23567\/revisions"}],"predecessor-version":[{"id":23840,"href":"https:\/\/www.sabine-seyffert.de\/blog\/wp-json\/wp\/v2\/posts\/23567\/revisions\/23840"}],"wp:attachment":[{"href":"https:\/\/www.sabine-seyffert.de\/blog\/wp-json\/wp\/v2\/media?parent=23567"}],"wp:term":[{"taxonomy":"category","embeddable":true,"href":"https:\/\/www.sabine-seyffert.de\/blog\/wp-json\/wp\/v2\/categories?post=23567"},{"taxonomy":"post_tag","embeddable":true,"href":"https:\/\/www.sabine-seyffert.de\/blog\/wp-json\/wp\/v2\/tags?post=23567"}],"curies":[{"name":"wp","href":"https:\/\/api.w.org\/{rel}","templated":true}]}}