{"id":23558,"date":"2022-08-26T06:00:53","date_gmt":"2022-08-26T04:00:53","guid":{"rendered":"https:\/\/www.sabine-seyffert.de\/blog\/?p=23558"},"modified":"2022-09-02T10:32:20","modified_gmt":"2022-09-02T08:32:20","slug":"rezept-idee-fuer-kinder-suesse-aepfel-aus-hefe-backen-mit-kindern","status":"publish","type":"post","link":"https:\/\/www.sabine-seyffert.de\/blog\/rezept-idee-fuer-kinder-suesse-aepfel-aus-hefe-backen-mit-kindern\/","title":{"rendered":"Rezept Idee f\u00fcr Kinder: S\u00fc\u00dfe \u00c4pfel aus Hefe \u2013 Backen mit Kindern"},"content":{"rendered":"<p style=\"text-align: justify;\"><img loading=\"lazy\" decoding=\"async\" src=\"https:\/\/vg01.met.vgwort.de\/na\/116cfc06cfb543e1bf8796da1d095523\" alt=\"\" width=\"1\" height=\"1\" \/>Das Wochenende steht vor der T\u00fcr. Und da gibt es bei uns zum Fr\u00fchst\u00fcck meist selbst gebackene Leckereien aus Hefeteig. Wie beispielsweise diesen <a href=\"https:\/\/www.sabine-seyffert.de\/blog\/?p=8788\" target=\"_blank\" rel=\"noopener noreferrer\">leckeren Hefezopf<\/a>, <a href=\"https:\/\/www.sabine-seyffert.de\/blog\/?p=17109\" target=\"_blank\" rel=\"noopener noreferrer\">Schokobr\u00f6tchen<\/a>, frische <a href=\"https:\/\/www.sabine-seyffert.de\/blog\/?p=18133\" target=\"_blank\" rel=\"noopener noreferrer\">Zimtknoten<\/a> oder s\u00fc\u00dfe <a href=\"https:\/\/www.sabine-seyffert.de\/blog\/?p=11346\" target=\"_blank\" rel=\"noopener noreferrer\">Nuss H\u00f6rnchen<\/a>. Besonders beliebt sind bei Kindern aber lustige, gebackene Motive wie <a href=\"https:\/\/www.sabine-seyffert.de\/blog\/?p=20183\" target=\"_blank\" rel=\"noopener noreferrer\">Pferd<\/a>, <a href=\"https:\/\/www.sabine-seyffert.de\/blog\/?p=17498\" target=\"_blank\" rel=\"noopener noreferrer\">Fuchs<\/a>, <a href=\"https:\/\/www.sabine-seyffert.de\/blog\/?p=18319\" target=\"_blank\" rel=\"noopener noreferrer\">Eisb\u00e4r<\/a>, <a href=\"https:\/\/www.sabine-seyffert.de\/blog\/?p=21903\" target=\"_blank\" rel=\"noopener noreferrer\">Schneemann<\/a> oder <a href=\"https:\/\/www.sabine-seyffert.de\/blog\/?p=10163\" target=\"_blank\" rel=\"noopener noreferrer\">Hasen<\/a>. Und weil sich in dieser Woche hier alles um das Thema \u00c4pfel dreht, gibt es passend dazu nat\u00fcrlich selbst gemachte \u00c4pfel f\u00fcr ein gem\u00fctliches Familien Fr\u00fchst\u00fcck oder auch als Ausflugs- oder Pausen Snack.<\/p>\n<p style=\"text-align: center;\"><a href=\"https:\/\/www.sabine-seyffert.de\/blog\/wp-content\/uploads\/2022\/07\/Apfel-Hefe-Sabine-Seyffert.de-1.jpg\"><img loading=\"lazy\" decoding=\"async\" class=\"alignnone size-full wp-image-23559\" src=\"https:\/\/www.sabine-seyffert.de\/blog\/wp-content\/uploads\/2022\/07\/Apfel-Hefe-Sabine-Seyffert.de-1.jpg\" alt=\"\" width=\"800\" height=\"600\" srcset=\"https:\/\/www.sabine-seyffert.de\/blog\/wp-content\/uploads\/2022\/07\/Apfel-Hefe-Sabine-Seyffert.de-1.jpg 800w, https:\/\/www.sabine-seyffert.de\/blog\/wp-content\/uploads\/2022\/07\/Apfel-Hefe-Sabine-Seyffert.de-1-300x225.jpg 300w, https:\/\/www.sabine-seyffert.de\/blog\/wp-content\/uploads\/2022\/07\/Apfel-Hefe-Sabine-Seyffert.de-1-768x576.jpg 768w\" sizes=\"auto, (max-width: 800px) 100vw, 800px\" \/><\/a><\/p>\n<p style=\"text-align: justify;\"><strong>Das wird gebraucht:<\/strong><br \/>\n500 g Mehl, 120 g Zucker, 1 Essl\u00f6ffel Margarine, 1 P\u00e4ckchen Backpulver, 1 P\u00e4ckchen Trockenhefe, 125 g Joghurt (ich habe pflanzlichen Sojajoghurt verwendet), 1 P\u00e4ckchen Vanillezucker oder eine Vanilleschote, 200 ml Milch (in unserem Fall pflanzliche Hafermilch), 1 TL Ei Ersatzpulver oder ein Ei, etwas Sojasahne oder 1 Eigelb zum Bestreichen, etwas Mehl zum Ausrollen<\/p>\n<p style=\"text-align: center;\"><a href=\"https:\/\/www.sabine-seyffert.de\/blog\/wp-content\/uploads\/2022\/07\/Apfel-Hefe-Sabine-Seyffert.de-2.jpg\"><img loading=\"lazy\" decoding=\"async\" class=\"alignnone size-full wp-image-23564\" src=\"https:\/\/www.sabine-seyffert.de\/blog\/wp-content\/uploads\/2022\/07\/Apfel-Hefe-Sabine-Seyffert.de-2.jpg\" alt=\"\" width=\"800\" height=\"600\" srcset=\"https:\/\/www.sabine-seyffert.de\/blog\/wp-content\/uploads\/2022\/07\/Apfel-Hefe-Sabine-Seyffert.de-2.jpg 800w, https:\/\/www.sabine-seyffert.de\/blog\/wp-content\/uploads\/2022\/07\/Apfel-Hefe-Sabine-Seyffert.de-2-300x225.jpg 300w, https:\/\/www.sabine-seyffert.de\/blog\/wp-content\/uploads\/2022\/07\/Apfel-Hefe-Sabine-Seyffert.de-2-768x576.jpg 768w\" sizes=\"auto, (max-width: 800px) 100vw, 800px\" \/><\/a><\/p>\n<p style=\"text-align: justify;\"><strong>So wird\u2019s gemacht:<\/strong><br \/>\nBereitet aus den o.g. Zutaten einen Hefeteig vor. Deckt diesen gut ab und lasst ihn rund eine Stunde an einem warmen Ort ruhen. Wenn der Teig fertig und die Ruhezeit vorbei ist, rollt man diesen auf etwas Mehl aus und sticht mit einem umgedrehten, gro\u00dfen Glas (oder einer kleinen Schale) runde Kreise aus. Mit einem K\u00fcchenmesser kann man diese oben und unten mittig etwas einschneiden und die R\u00e4nder gl\u00e4tten, so dass die Apfel Form erkennbar wird. Aus den Teigresten rollt man noch kleine Teigw\u00fcrste als Stiel und formt pro Apfel ein gro\u00dfes Blatt. Die Teig \u00c4pfel platziert man auf einem gefetteten Backblech und bestreicht diese d\u00fcnn mit etwas pflanzlicher Sahne.<br \/>\nDann schiebt man das Blech in den Ofen und b\u00e4ckt diese im vorgeheizten Backofen bei rund 175\u00b0 Grad f\u00fcr rund 15 Minuten. Schaut regelm\u00e4\u00dfig in den Ofen, da die Backzeit je nach Teigdicke und Gr\u00f6\u00dfe eurer \u00c4pfel variieren kann. Sobald die R\u00e4nder leicht gebr\u00e4unt sind, sind die Teig\u00e4pfel fertig. Wem das in der Form nicht s\u00fc\u00df genug ist, kann die Hefe \u00c4pfel nach dem Ausk\u00fchlen auch mit einer d\u00fcnnen Zuckerguss Glasur bestreichen.<br \/>\nLasst euch das lustige \u201eObst\u201c Fr\u00fchst\u00fcck gut schmecken!<\/p>\n<p style=\"text-align: center;\"><a href=\"https:\/\/www.sabine-seyffert.de\/blog\/wp-content\/uploads\/2022\/07\/Apfel-Hefe-Sabine-Seyffert.de-3.jpg\"><img loading=\"lazy\" decoding=\"async\" class=\"alignnone size-full wp-image-23563\" src=\"https:\/\/www.sabine-seyffert.de\/blog\/wp-content\/uploads\/2022\/07\/Apfel-Hefe-Sabine-Seyffert.de-3.jpg\" alt=\"\" width=\"800\" height=\"600\" srcset=\"https:\/\/www.sabine-seyffert.de\/blog\/wp-content\/uploads\/2022\/07\/Apfel-Hefe-Sabine-Seyffert.de-3.jpg 800w, https:\/\/www.sabine-seyffert.de\/blog\/wp-content\/uploads\/2022\/07\/Apfel-Hefe-Sabine-Seyffert.de-3-300x225.jpg 300w, https:\/\/www.sabine-seyffert.de\/blog\/wp-content\/uploads\/2022\/07\/Apfel-Hefe-Sabine-Seyffert.de-3-768x576.jpg 768w\" sizes=\"auto, (max-width: 800px) 100vw, 800px\" \/><\/a><\/p>\n<p style=\"text-align: justify;\"><strong>Ein kleiner Tipp:<\/strong><br \/>\nSuper lecker schmecken die \u00c4pfel \u00fcbrigens mit dieser selbst gemachter <a href=\"https:\/\/www.sabine-seyffert.de\/blog\/?p=3367\" target=\"_blank\" rel=\"noopener noreferrer\">Apfel Marzipan Marmelade<\/a> oder <a href=\"https:\/\/www.sabine-seyffert.de\/blog\/?p=6688\" target=\"_blank\" rel=\"noopener noreferrer\">Marzipan Butter<\/a>.<\/p>\n<p style=\"text-align: center;\"><a href=\"https:\/\/www.sabine-seyffert.de\/blog\/wp-content\/uploads\/2022\/07\/Apfel-Hefe-Sabine-Seyffert.de-6.jpg\"><img loading=\"lazy\" decoding=\"async\" class=\"alignnone size-full wp-image-23562\" src=\"https:\/\/www.sabine-seyffert.de\/blog\/wp-content\/uploads\/2022\/07\/Apfel-Hefe-Sabine-Seyffert.de-6.jpg\" alt=\"\" width=\"600\" height=\"800\" srcset=\"https:\/\/www.sabine-seyffert.de\/blog\/wp-content\/uploads\/2022\/07\/Apfel-Hefe-Sabine-Seyffert.de-6.jpg 600w, https:\/\/www.sabine-seyffert.de\/blog\/wp-content\/uploads\/2022\/07\/Apfel-Hefe-Sabine-Seyffert.de-6-225x300.jpg 225w\" sizes=\"auto, (max-width: 600px) 100vw, 600px\" \/><\/a><\/p>\n<p style=\"text-align: justify;\">Noch mehr Apfel Ideen gibt es in dieser Woche bei meiner <a href=\"https:\/\/www.instagram.com\/diy_sabine_seyffert\/\" target=\"_blank\" rel=\"noopener noreferrer\">DIYchallengederwoche<\/a>. Schaut gerne mal vorbei und macht mit!<\/p>\n<p style=\"text-align: center;\"><a href=\"https:\/\/www.sabine-seyffert.de\/blog\/wp-content\/uploads\/2022\/07\/Apfel-Hefe-Sabine-Seyffert.de-5.jpg\"><img loading=\"lazy\" decoding=\"async\" class=\"alignnone size-full wp-image-23561\" src=\"https:\/\/www.sabine-seyffert.de\/blog\/wp-content\/uploads\/2022\/07\/Apfel-Hefe-Sabine-Seyffert.de-5.jpg\" alt=\"\" width=\"600\" height=\"800\" srcset=\"https:\/\/www.sabine-seyffert.de\/blog\/wp-content\/uploads\/2022\/07\/Apfel-Hefe-Sabine-Seyffert.de-5.jpg 600w, https:\/\/www.sabine-seyffert.de\/blog\/wp-content\/uploads\/2022\/07\/Apfel-Hefe-Sabine-Seyffert.de-5-225x300.jpg 225w\" sizes=\"auto, (max-width: 600px) 100vw, 600px\" \/><\/a><\/p>\n<p style=\"text-align: justify;\">Weitere s\u00fc\u00dfe Rezept Ideen findet ihr \u00fcbrigens in <a href=\"https:\/\/www.sabine-seyffert.de\/blog\/?cat=31\" target=\"_blank\" rel=\"noopener noreferrer\">dieser Blog Kategorie<\/a>, herzhafte vegetarische Rezepte gibt es in <a href=\"https:\/\/www.sabine-seyffert.de\/blog\/?cat=30\" target=\"_blank\" rel=\"noopener noreferrer\">dieser Rubrik<\/a> und vegane Rezeptideen sind in <a href=\"https:\/\/www.sabine-seyffert.de\/blog\/?cat=44\" target=\"_blank\" rel=\"noopener noreferrer\">diesem Blog Ordner<\/a>.<\/p>\n<p style=\"text-align: center;\"><a href=\"https:\/\/www.sabine-seyffert.de\/blog\/wp-content\/uploads\/2022\/07\/Apfel-Hefe-Sabine-Seyffert.de-4.jpg\"><img loading=\"lazy\" decoding=\"async\" class=\"alignnone size-full wp-image-23560\" src=\"https:\/\/www.sabine-seyffert.de\/blog\/wp-content\/uploads\/2022\/07\/Apfel-Hefe-Sabine-Seyffert.de-4.jpg\" alt=\"\" width=\"600\" height=\"800\" srcset=\"https:\/\/www.sabine-seyffert.de\/blog\/wp-content\/uploads\/2022\/07\/Apfel-Hefe-Sabine-Seyffert.de-4.jpg 600w, https:\/\/www.sabine-seyffert.de\/blog\/wp-content\/uploads\/2022\/07\/Apfel-Hefe-Sabine-Seyffert.de-4-225x300.jpg 225w\" sizes=\"auto, (max-width: 600px) 100vw, 600px\" \/><\/a><\/p>\n<p style=\"text-align: justify;\"><a href=\"https:\/\/www.sabine-seyffert.de\/blog\/?page_id=32#urheberrecht\">urheberrechtlich gesch\u00fctzt<\/a>, \u00a9 Sabine Seyffert<\/p>\n","protected":false},"excerpt":{"rendered":"<p>Das Wochenende steht vor der T\u00fcr. Und da gibt es bei uns zum Fr\u00fchst\u00fcck meist selbst gebackene Leckereien aus Hefeteig. Wie beispielsweise diesen leckeren Hefezopf, Schokobr\u00f6tchen, frische Zimtknoten oder s\u00fc\u00dfe Nuss H\u00f6rnchen. Besonders beliebt sind bei Kindern aber lustige, gebackene Motive wie Pferd, Fuchs, Eisb\u00e4r, Schneemann oder Hasen. Und weil sich in dieser Woche hier&#8230; <a href=\"https:\/\/www.sabine-seyffert.de\/blog\/rezept-idee-fuer-kinder-suesse-aepfel-aus-hefe-backen-mit-kindern\/\" class=\"more-link\">Read more: Rezept Idee f\u00fcr Kinder: S\u00fc\u00dfe \u00c4pfel aus Hefe \u2013 Backen mit Kindern<\/a><\/p>\n","protected":false},"author":2,"featured_media":0,"comment_status":"open","ping_status":"open","sticky":false,"template":"","format":"standard","meta":{"_metis_text_type":"","_metis_text_length":2567,"_post_count":0,"footnotes":""},"categories":[31,44,24],"tags":[],"class_list":["post-23558","post","type-post","status-publish","format-standard","hentry","category-rezepte-suse-kuchen-co","category-rezepte-vegan","category-sommer"],"_links":{"self":[{"href":"https:\/\/www.sabine-seyffert.de\/blog\/wp-json\/wp\/v2\/posts\/23558","targetHints":{"allow":["GET"]}}],"collection":[{"href":"https:\/\/www.sabine-seyffert.de\/blog\/wp-json\/wp\/v2\/posts"}],"about":[{"href":"https:\/\/www.sabine-seyffert.de\/blog\/wp-json\/wp\/v2\/types\/post"}],"author":[{"embeddable":true,"href":"https:\/\/www.sabine-seyffert.de\/blog\/wp-json\/wp\/v2\/users\/2"}],"replies":[{"embeddable":true,"href":"https:\/\/www.sabine-seyffert.de\/blog\/wp-json\/wp\/v2\/comments?post=23558"}],"version-history":[{"count":4,"href":"https:\/\/www.sabine-seyffert.de\/blog\/wp-json\/wp\/v2\/posts\/23558\/revisions"}],"predecessor-version":[{"id":23842,"href":"https:\/\/www.sabine-seyffert.de\/blog\/wp-json\/wp\/v2\/posts\/23558\/revisions\/23842"}],"wp:attachment":[{"href":"https:\/\/www.sabine-seyffert.de\/blog\/wp-json\/wp\/v2\/media?parent=23558"}],"wp:term":[{"taxonomy":"category","embeddable":true,"href":"https:\/\/www.sabine-seyffert.de\/blog\/wp-json\/wp\/v2\/categories?post=23558"},{"taxonomy":"post_tag","embeddable":true,"href":"https:\/\/www.sabine-seyffert.de\/blog\/wp-json\/wp\/v2\/tags?post=23558"}],"curies":[{"name":"wp","href":"https:\/\/api.w.org\/{rel}","templated":true}]}}