{"id":23328,"date":"2022-07-17T06:00:36","date_gmt":"2022-07-17T04:00:36","guid":{"rendered":"https:\/\/www.sabine-seyffert.de\/blog\/?p=23328"},"modified":"2022-07-01T12:47:03","modified_gmt":"2022-07-01T10:47:03","slug":"basteln-mit-kindern-kugelfisch-mit-gabel-malen-sommer-deko-selbermachen","status":"publish","type":"post","link":"https:\/\/www.sabine-seyffert.de\/blog\/basteln-mit-kindern-kugelfisch-mit-gabel-malen-sommer-deko-selbermachen\/","title":{"rendered":"Basteln mit Kindern: Kugelfisch mit Gabel Malen \u2013 Sommer Deko selbermachen"},"content":{"rendered":"<p style=\"text-align: justify;\"><img loading=\"lazy\" decoding=\"async\" src=\"https:\/\/vg01.met.vgwort.de\/na\/3d863361a26c415f9e653ef7a3db20db\" alt=\"\" width=\"1\" height=\"1\" \/>Nach dem s\u00fc\u00dfen <a href=\"https:\/\/www.sabine-seyffert.de\/blog\/?p=23292\" target=\"_blank\" rel=\"noopener noreferrer\">Fisch Trio aus Kronkorken<\/a> und dem <a href=\"https:\/\/www.sabine-seyffert.de\/blog\/?p=23311\" target=\"_blank\" rel=\"noopener noreferrer\">Oktopus aus Luftpolsterfolie<\/a> folgt heute noch eine dritte Idee zum Thema Meer. Diese l\u00e4sst sich ganz einfach umsetzen, kommt mit sehr wenig Bastelmaterial aus und ist auch mal wieder eine sch\u00f6ne Idee f\u00fcr j\u00fcngere Kinder in Spielgruppe oder Kindergarten. Wie sieht\u00b4s aus bei euch? Habt ihr Lust euch ein bisschen Zeit in den Sommerferien zu vertreiben und kreativ zu sein? Hier kommt die Bastelanleitung f\u00fcr alle, die mitbasteln wollen.<\/p>\n<p style=\"text-align: center;\"><a href=\"https:\/\/www.sabine-seyffert.de\/blog\/wp-content\/uploads\/2022\/07\/Kugelfisch-Gabel-Sabine-Seyffert.de-1.jpg\"><img loading=\"lazy\" decoding=\"async\" class=\"alignnone size-full wp-image-23329\" src=\"https:\/\/www.sabine-seyffert.de\/blog\/wp-content\/uploads\/2022\/07\/Kugelfisch-Gabel-Sabine-Seyffert.de-1.jpg\" alt=\"\" width=\"800\" height=\"600\" srcset=\"https:\/\/www.sabine-seyffert.de\/blog\/wp-content\/uploads\/2022\/07\/Kugelfisch-Gabel-Sabine-Seyffert.de-1.jpg 800w, https:\/\/www.sabine-seyffert.de\/blog\/wp-content\/uploads\/2022\/07\/Kugelfisch-Gabel-Sabine-Seyffert.de-1-300x225.jpg 300w, https:\/\/www.sabine-seyffert.de\/blog\/wp-content\/uploads\/2022\/07\/Kugelfisch-Gabel-Sabine-Seyffert.de-1-768x576.jpg 768w\" sizes=\"auto, (max-width: 800px) 100vw, 800px\" \/><\/a><\/p>\n<p style=\"text-align: justify;\"><strong>Das wird gebraucht:<\/strong><br \/>\nPappe \/ Karton, einen Bleistift, eine Bastelschere, Bastelfarbe, einen Deckel, eine Lochzange, Kordel, Krepppapier (kleines Rest St\u00fcck reicht aus), eine alte Gabel, Bastelkleber \/ Klebestift, Bastelunterlage, <a href=\"https:\/\/www.sabine-seyffert.de\/blog\/?p=12310\" target=\"_blank\" rel=\"noopener noreferrer\">Malkittel<\/a> sowie optional Holzperlen<\/p>\n<p style=\"text-align: center;\"><a href=\"https:\/\/www.sabine-seyffert.de\/blog\/wp-content\/uploads\/2022\/07\/Kugelfisch-Gabel-Sabine-Seyffert.de-8.jpg\"><img loading=\"lazy\" decoding=\"async\" class=\"alignnone size-full wp-image-23330\" src=\"https:\/\/www.sabine-seyffert.de\/blog\/wp-content\/uploads\/2022\/07\/Kugelfisch-Gabel-Sabine-Seyffert.de-8.jpg\" alt=\"\" width=\"800\" height=\"600\" srcset=\"https:\/\/www.sabine-seyffert.de\/blog\/wp-content\/uploads\/2022\/07\/Kugelfisch-Gabel-Sabine-Seyffert.de-8.jpg 800w, https:\/\/www.sabine-seyffert.de\/blog\/wp-content\/uploads\/2022\/07\/Kugelfisch-Gabel-Sabine-Seyffert.de-8-300x225.jpg 300w, https:\/\/www.sabine-seyffert.de\/blog\/wp-content\/uploads\/2022\/07\/Kugelfisch-Gabel-Sabine-Seyffert.de-8-768x576.jpg 768w\" sizes=\"auto, (max-width: 800px) 100vw, 800px\" \/><\/a><\/p>\n<p style=\"text-align: justify;\"><strong>So wird\u2019s gemacht:<\/strong><br \/>\nAls erstes wird der Tisch gut abgedeckt, damit keine Farbe draufkleckern kann. Auch den Malkittel hierbei nicht vergessen! Dann schneidet man aus einem leeren Karton einen Kreis.<\/p>\n<p style=\"text-align: center;\"><a href=\"https:\/\/www.sabine-seyffert.de\/blog\/wp-content\/uploads\/2022\/07\/Kugelfisch-Gabel-Sabine-Seyffert.de-7.jpg\"><img loading=\"lazy\" decoding=\"async\" class=\"alignnone size-full wp-image-23334\" src=\"https:\/\/www.sabine-seyffert.de\/blog\/wp-content\/uploads\/2022\/07\/Kugelfisch-Gabel-Sabine-Seyffert.de-7.jpg\" alt=\"\" width=\"800\" height=\"600\" srcset=\"https:\/\/www.sabine-seyffert.de\/blog\/wp-content\/uploads\/2022\/07\/Kugelfisch-Gabel-Sabine-Seyffert.de-7.jpg 800w, https:\/\/www.sabine-seyffert.de\/blog\/wp-content\/uploads\/2022\/07\/Kugelfisch-Gabel-Sabine-Seyffert.de-7-300x225.jpg 300w, https:\/\/www.sabine-seyffert.de\/blog\/wp-content\/uploads\/2022\/07\/Kugelfisch-Gabel-Sabine-Seyffert.de-7-768x576.jpg 768w\" sizes=\"auto, (max-width: 800px) 100vw, 800px\" \/><\/a><\/p>\n<p style=\"text-align: justify;\">Den kann man mit Hilfe eines Zirkels aufzeichnen oder auch mit Bleistift und kleinem Teller (umgedrehte Sch\u00fcssel, Teller einer Untertasse o.\u00e4.) auf den Karton malen. Die Gr\u00f6\u00dfe kann man dem Alter und K\u00f6nnen der Kinder anpassen. Je gr\u00f6\u00dfer, desto einfacher ist es f\u00fcr die Allerkleinsten.<\/p>\n<p style=\"text-align: center;\"><a href=\"https:\/\/www.sabine-seyffert.de\/blog\/wp-content\/uploads\/2022\/07\/Kugelfisch-Gabel-Sabine-Seyffert.de-6.jpg\"><img loading=\"lazy\" decoding=\"async\" class=\"alignnone size-full wp-image-23335\" src=\"https:\/\/www.sabine-seyffert.de\/blog\/wp-content\/uploads\/2022\/07\/Kugelfisch-Gabel-Sabine-Seyffert.de-6.jpg\" alt=\"\" width=\"800\" height=\"600\" srcset=\"https:\/\/www.sabine-seyffert.de\/blog\/wp-content\/uploads\/2022\/07\/Kugelfisch-Gabel-Sabine-Seyffert.de-6.jpg 800w, https:\/\/www.sabine-seyffert.de\/blog\/wp-content\/uploads\/2022\/07\/Kugelfisch-Gabel-Sabine-Seyffert.de-6-300x225.jpg 300w, https:\/\/www.sabine-seyffert.de\/blog\/wp-content\/uploads\/2022\/07\/Kugelfisch-Gabel-Sabine-Seyffert.de-6-768x576.jpg 768w\" sizes=\"auto, (max-width: 800px) 100vw, 800px\" \/><\/a><\/p>\n<p style=\"text-align: justify;\">Nach dem Ausschneiden, zeichnet man in diesen einen kleineren Kreis. Der dient den Kindern beim Malen als Orientierung, damit der Kugelfisch auch sch\u00f6n rund wird.<\/p>\n<p style=\"text-align: center;\"><a href=\"https:\/\/www.sabine-seyffert.de\/blog\/wp-content\/uploads\/2022\/07\/Kugelfisch-Gabel-Sabine-Seyffert.de-5.jpg\"><img loading=\"lazy\" decoding=\"async\" class=\"alignnone size-full wp-image-23336\" src=\"https:\/\/www.sabine-seyffert.de\/blog\/wp-content\/uploads\/2022\/07\/Kugelfisch-Gabel-Sabine-Seyffert.de-5.jpg\" alt=\"\" width=\"800\" height=\"600\" srcset=\"https:\/\/www.sabine-seyffert.de\/blog\/wp-content\/uploads\/2022\/07\/Kugelfisch-Gabel-Sabine-Seyffert.de-5.jpg 800w, https:\/\/www.sabine-seyffert.de\/blog\/wp-content\/uploads\/2022\/07\/Kugelfisch-Gabel-Sabine-Seyffert.de-5-300x225.jpg 300w, https:\/\/www.sabine-seyffert.de\/blog\/wp-content\/uploads\/2022\/07\/Kugelfisch-Gabel-Sabine-Seyffert.de-5-768x576.jpg 768w\" sizes=\"auto, (max-width: 800px) 100vw, 800px\" \/><\/a><\/p>\n<p style=\"text-align: justify;\">F\u00fcllt etwas Bastelfarbe in einen leeren, flachen Deckel und tippt die Gabel mit den Zacken hinein. Damit stempelt man nun den kleineren Kreis in der Mitte aus, bis alles darin blau bedruckt ist.<\/p>\n<p style=\"text-align: center;\"><a href=\"https:\/\/www.sabine-seyffert.de\/blog\/wp-content\/uploads\/2022\/07\/Kugelfisch-Gabel-Sabine-Seyffert.de-4.jpg\"><img loading=\"lazy\" decoding=\"async\" class=\"alignnone size-full wp-image-23337\" src=\"https:\/\/www.sabine-seyffert.de\/blog\/wp-content\/uploads\/2022\/07\/Kugelfisch-Gabel-Sabine-Seyffert.de-4.jpg\" alt=\"\" width=\"800\" height=\"600\" srcset=\"https:\/\/www.sabine-seyffert.de\/blog\/wp-content\/uploads\/2022\/07\/Kugelfisch-Gabel-Sabine-Seyffert.de-4.jpg 800w, https:\/\/www.sabine-seyffert.de\/blog\/wp-content\/uploads\/2022\/07\/Kugelfisch-Gabel-Sabine-Seyffert.de-4-300x225.jpg 300w, https:\/\/www.sabine-seyffert.de\/blog\/wp-content\/uploads\/2022\/07\/Kugelfisch-Gabel-Sabine-Seyffert.de-4-768x576.jpg 768w\" sizes=\"auto, (max-width: 800px) 100vw, 800px\" \/><\/a><\/p>\n<p style=\"text-align: justify;\">Aus selbst gemachtem Bastelpapier oder kleinen Papierresten schnippelt man Augen und Mund f\u00fcr den Fisch. Die Flossen lassen sich prima aus Krepppapier gestalten.<\/p>\n<p style=\"text-align: center;\"><a href=\"https:\/\/www.sabine-seyffert.de\/blog\/wp-content\/uploads\/2022\/07\/Kugelfisch-Gabel-Sabine-Seyffert.de-4-1.jpg\"><img loading=\"lazy\" decoding=\"async\" class=\"alignnone size-full wp-image-23338\" src=\"https:\/\/www.sabine-seyffert.de\/blog\/wp-content\/uploads\/2022\/07\/Kugelfisch-Gabel-Sabine-Seyffert.de-4-1.jpg\" alt=\"\" width=\"800\" height=\"600\" srcset=\"https:\/\/www.sabine-seyffert.de\/blog\/wp-content\/uploads\/2022\/07\/Kugelfisch-Gabel-Sabine-Seyffert.de-4-1.jpg 800w, https:\/\/www.sabine-seyffert.de\/blog\/wp-content\/uploads\/2022\/07\/Kugelfisch-Gabel-Sabine-Seyffert.de-4-1-300x225.jpg 300w, https:\/\/www.sabine-seyffert.de\/blog\/wp-content\/uploads\/2022\/07\/Kugelfisch-Gabel-Sabine-Seyffert.de-4-1-768x576.jpg 768w\" sizes=\"auto, (max-width: 800px) 100vw, 800px\" \/><\/a><\/p>\n<p style=\"text-align: justify;\"><span style=\"color: #99ccff;\"><strong>Achtung:<\/strong><\/span> Das Krepppapier blutet in der Regel aus. Daher nur wenig Kleber beim Aufkleben verwenden und am besten einen Klebestift, der das Papier nicht aufweicht.<\/p>\n<p style=\"text-align: center;\"><a href=\"https:\/\/www.sabine-seyffert.de\/blog\/wp-content\/uploads\/2022\/07\/Kugelfisch-Gabel-Sabine-Seyffert.de-3.jpg\"><img loading=\"lazy\" decoding=\"async\" class=\"alignnone size-full wp-image-23339\" src=\"https:\/\/www.sabine-seyffert.de\/blog\/wp-content\/uploads\/2022\/07\/Kugelfisch-Gabel-Sabine-Seyffert.de-3.jpg\" alt=\"\" width=\"800\" height=\"600\" srcset=\"https:\/\/www.sabine-seyffert.de\/blog\/wp-content\/uploads\/2022\/07\/Kugelfisch-Gabel-Sabine-Seyffert.de-3.jpg 800w, https:\/\/www.sabine-seyffert.de\/blog\/wp-content\/uploads\/2022\/07\/Kugelfisch-Gabel-Sabine-Seyffert.de-3-300x225.jpg 300w, https:\/\/www.sabine-seyffert.de\/blog\/wp-content\/uploads\/2022\/07\/Kugelfisch-Gabel-Sabine-Seyffert.de-3-768x576.jpg 768w\" sizes=\"auto, (max-width: 800px) 100vw, 800px\" \/><\/a><\/p>\n<p style=\"text-align: justify;\">Damit das Bild noch etwas bunter wird, kann man den Rand farbig gestalten. Dazu einfach die Fingerspitze in die Farbe tippen und den Rand entlang stempeln.<\/p>\n<p style=\"text-align: center;\"><a href=\"https:\/\/www.sabine-seyffert.de\/blog\/wp-content\/uploads\/2022\/07\/Kugelfisch-Gabel-Sabine-Seyffert.de-2.jpg\"><img loading=\"lazy\" decoding=\"async\" class=\"alignnone size-full wp-image-23340\" src=\"https:\/\/www.sabine-seyffert.de\/blog\/wp-content\/uploads\/2022\/07\/Kugelfisch-Gabel-Sabine-Seyffert.de-2.jpg\" alt=\"\" width=\"800\" height=\"600\" srcset=\"https:\/\/www.sabine-seyffert.de\/blog\/wp-content\/uploads\/2022\/07\/Kugelfisch-Gabel-Sabine-Seyffert.de-2.jpg 800w, https:\/\/www.sabine-seyffert.de\/blog\/wp-content\/uploads\/2022\/07\/Kugelfisch-Gabel-Sabine-Seyffert.de-2-300x225.jpg 300w, https:\/\/www.sabine-seyffert.de\/blog\/wp-content\/uploads\/2022\/07\/Kugelfisch-Gabel-Sabine-Seyffert.de-2-768x576.jpg 768w\" sizes=\"auto, (max-width: 800px) 100vw, 800px\" \/><\/a><\/p>\n<p style=\"text-align: justify;\">Nach dem Trocknen mit der Lochzange oder eine dicken Nadel oben mittig ein Loch hineinstechen, Kordel hindurchziehen, Perlen auff\u00e4deln (wer keine Holzperlen hat, kann sich nach <a href=\"https:\/\/www.sabine-seyffert.de\/blog\/?p=16390\" target=\"_blank\" rel=\"noopener noreferrer\">dieser Bastelanleitung<\/a> ganz schnell welche basteln) und die Kordelenden verknoten.<\/p>\n<p style=\"text-align: center;\"><a href=\"https:\/\/www.sabine-seyffert.de\/blog\/wp-content\/uploads\/2022\/07\/Kugelfisch-Gabel-Sabine-Seyffert.de-10.jpg\"><img loading=\"lazy\" decoding=\"async\" class=\"alignnone size-full wp-image-23341\" src=\"https:\/\/www.sabine-seyffert.de\/blog\/wp-content\/uploads\/2022\/07\/Kugelfisch-Gabel-Sabine-Seyffert.de-10.jpg\" alt=\"\" width=\"800\" height=\"600\" srcset=\"https:\/\/www.sabine-seyffert.de\/blog\/wp-content\/uploads\/2022\/07\/Kugelfisch-Gabel-Sabine-Seyffert.de-10.jpg 800w, https:\/\/www.sabine-seyffert.de\/blog\/wp-content\/uploads\/2022\/07\/Kugelfisch-Gabel-Sabine-Seyffert.de-10-300x225.jpg 300w, https:\/\/www.sabine-seyffert.de\/blog\/wp-content\/uploads\/2022\/07\/Kugelfisch-Gabel-Sabine-Seyffert.de-10-768x576.jpg 768w\" sizes=\"auto, (max-width: 800px) 100vw, 800px\" \/><\/a><\/p>\n<p style=\"text-align: justify;\">Schon hat man eine s\u00fc\u00dfe Deko f\u00fcrs Kinderzimmer.<\/p>\n<p style=\"text-align: center;\"><a href=\"https:\/\/www.sabine-seyffert.de\/blog\/wp-content\/uploads\/2022\/07\/Kugelfisch-Gabel-Sabine-Seyffert.de-11.jpg\"><img loading=\"lazy\" decoding=\"async\" class=\"alignnone size-full wp-image-23333\" src=\"https:\/\/www.sabine-seyffert.de\/blog\/wp-content\/uploads\/2022\/07\/Kugelfisch-Gabel-Sabine-Seyffert.de-11.jpg\" alt=\"\" width=\"800\" height=\"600\" srcset=\"https:\/\/www.sabine-seyffert.de\/blog\/wp-content\/uploads\/2022\/07\/Kugelfisch-Gabel-Sabine-Seyffert.de-11.jpg 800w, https:\/\/www.sabine-seyffert.de\/blog\/wp-content\/uploads\/2022\/07\/Kugelfisch-Gabel-Sabine-Seyffert.de-11-300x225.jpg 300w, https:\/\/www.sabine-seyffert.de\/blog\/wp-content\/uploads\/2022\/07\/Kugelfisch-Gabel-Sabine-Seyffert.de-11-768x576.jpg 768w\" sizes=\"auto, (max-width: 800px) 100vw, 800px\" \/><\/a><\/p>\n<p style=\"text-align: justify;\">Malst du auch so gerne mit Gabel? Dann st\u00f6bere doch mal in diesen Bastelanleitungen. Da findest du weitere Varianten mit derselben Maltechnik:<\/p>\n<p style=\"text-align: justify;\">* <a href=\"https:\/\/www.sabine-seyffert.de\/blog\/?p=22538\" target=\"_blank\" rel=\"noopener noreferrer\">Ein kleines K\u00fcken<\/a><br \/>\n* <a href=\"https:\/\/www.sabine-seyffert.de\/blog\/?p=20665\" target=\"_blank\" rel=\"noopener noreferrer\">Ein Panda B\u00e4r<\/a><br \/>\n* <a href=\"https:\/\/www.sabine-seyffert.de\/blog\/?p=20119\" target=\"_blank\" rel=\"noopener noreferrer\">Eine Katze<\/a><br \/>\n* <a href=\"https:\/\/www.sabine-seyffert.de\/blog\/?p=18253\" target=\"_blank\" rel=\"noopener noreferrer\">Ein Eisb\u00e4r<\/a><br \/>\n* <a href=\"https:\/\/www.sabine-seyffert.de\/blog\/?p=19257\" target=\"_blank\" rel=\"noopener noreferrer\">Ein Hase<\/a><br \/>\n* <a href=\"https:\/\/www.sabine-seyffert.de\/blog\/?p=22567\" target=\"_blank\" rel=\"noopener noreferrer\">Huhn mit Nest<\/a><br \/>\n* <a href=\"https:\/\/www.sabine-seyffert.de\/blog\/?p=21939\" target=\"_blank\" rel=\"noopener noreferrer\">Schneeflocken<\/a><br \/>\n* <a href=\"https:\/\/www.sabine-seyffert.de\/blog\/?p=21922\" target=\"_blank\" rel=\"noopener noreferrer\">Ein Winterkranz<\/a><\/p>\n<p style=\"text-align: center;\"><a href=\"https:\/\/www.sabine-seyffert.de\/blog\/wp-content\/uploads\/2022\/07\/Kugelfisch-Gabel-Sabine-Seyffert.de-9.jpg\"><img loading=\"lazy\" decoding=\"async\" class=\"alignnone size-full wp-image-23332\" src=\"https:\/\/www.sabine-seyffert.de\/blog\/wp-content\/uploads\/2022\/07\/Kugelfisch-Gabel-Sabine-Seyffert.de-9.jpg\" alt=\"\" width=\"600\" height=\"800\" srcset=\"https:\/\/www.sabine-seyffert.de\/blog\/wp-content\/uploads\/2022\/07\/Kugelfisch-Gabel-Sabine-Seyffert.de-9.jpg 600w, https:\/\/www.sabine-seyffert.de\/blog\/wp-content\/uploads\/2022\/07\/Kugelfisch-Gabel-Sabine-Seyffert.de-9-225x300.jpg 225w\" sizes=\"auto, (max-width: 600px) 100vw, 600px\" \/><\/a><\/p>\n<p style=\"text-align: justify;\">Alle Bastelideen zum Thema Unterwasser findet ihr \u00fcbrigens in <a href=\"https:\/\/www.sabine-seyffert.de\/blog\/?cat=50\" target=\"_blank\" rel=\"noopener noreferrer\">dieser Blog Kategorie<\/a>, alles zum Thema Upcycling mit detaillierter Bastelanleitung gibt es in <a href=\"https:\/\/www.sabine-seyffert.de\/blog\/?cat=47\" target=\"_blank\" rel=\"noopener noreferrer\">dieser Rubrik<\/a>, kreative Do-it-Yourself Bastelideen f\u00fcr Kinder an <a href=\"https:\/\/www.sabine-seyffert.de\/blog\/?cat=32\" target=\"_blank\" rel=\"noopener noreferrer\">dieser Stelle<\/a>, alles rund um die Sommerzeit sind in <a href=\"https:\/\/www.sabine-seyffert.de\/blog\/?cat=24\" target=\"_blank\" rel=\"noopener noreferrer\">diesem Blog Ordner<\/a> oder auch an <a href=\"https:\/\/www.pinterest.de\/diysabineseyffert\/\" target=\"_blank\" rel=\"noopener noreferrer\">meinen Pinnw\u00e4nden<\/a>.<\/p>\n<p style=\"text-align: center;\"><a href=\"https:\/\/www.sabine-seyffert.de\/blog\/wp-content\/uploads\/2022\/07\/Kugelfisch-Gabel-Sabine-Seyffert.de-12.jpg\"><img loading=\"lazy\" decoding=\"async\" class=\"alignnone size-full wp-image-23331\" src=\"https:\/\/www.sabine-seyffert.de\/blog\/wp-content\/uploads\/2022\/07\/Kugelfisch-Gabel-Sabine-Seyffert.de-12.jpg\" alt=\"\" width=\"600\" height=\"800\" srcset=\"https:\/\/www.sabine-seyffert.de\/blog\/wp-content\/uploads\/2022\/07\/Kugelfisch-Gabel-Sabine-Seyffert.de-12.jpg 600w, https:\/\/www.sabine-seyffert.de\/blog\/wp-content\/uploads\/2022\/07\/Kugelfisch-Gabel-Sabine-Seyffert.de-12-225x300.jpg 225w\" sizes=\"auto, (max-width: 600px) 100vw, 600px\" \/><\/a><\/p>\n<p style=\"text-align: justify;\"><a href=\"https:\/\/www.sabine-seyffert.de\/blog\/?page_id=32#urheberrecht\">urheberrechtlich gesch\u00fctzt<\/a>, \u00a9 Sabine Seyffert<\/p>\n","protected":false},"excerpt":{"rendered":"<p>Nach dem s\u00fc\u00dfen Fisch Trio aus Kronkorken und dem Oktopus aus Luftpolsterfolie folgt heute noch eine dritte Idee zum Thema Meer. Diese l\u00e4sst sich ganz einfach umsetzen, kommt mit sehr wenig Bastelmaterial aus und ist auch mal wieder eine sch\u00f6ne Idee f\u00fcr j\u00fcngere Kinder in Spielgruppe oder Kindergarten. Wie sieht\u00b4s aus bei euch? Habt ihr&#8230; <a href=\"https:\/\/www.sabine-seyffert.de\/blog\/basteln-mit-kindern-kugelfisch-mit-gabel-malen-sommer-deko-selbermachen\/\" class=\"more-link\">Read more: Basteln mit Kindern: Kugelfisch mit Gabel Malen \u2013 Sommer Deko selbermachen<\/a><\/p>\n","protected":false},"author":2,"featured_media":0,"comment_status":"open","ping_status":"open","sticky":false,"template":"","format":"standard","meta":{"_metis_text_type":"","_metis_text_length":3013,"_post_count":0,"footnotes":""},"categories":[32,24,50,47],"tags":[],"class_list":["post-23328","post","type-post","status-publish","format-standard","hentry","category-kreatives-fur-kleine-kinderhande","category-sommer","category-unterwasserfest","category-upcyceltes"],"_links":{"self":[{"href":"https:\/\/www.sabine-seyffert.de\/blog\/wp-json\/wp\/v2\/posts\/23328","targetHints":{"allow":["GET"]}}],"collection":[{"href":"https:\/\/www.sabine-seyffert.de\/blog\/wp-json\/wp\/v2\/posts"}],"about":[{"href":"https:\/\/www.sabine-seyffert.de\/blog\/wp-json\/wp\/v2\/types\/post"}],"author":[{"embeddable":true,"href":"https:\/\/www.sabine-seyffert.de\/blog\/wp-json\/wp\/v2\/users\/2"}],"replies":[{"embeddable":true,"href":"https:\/\/www.sabine-seyffert.de\/blog\/wp-json\/wp\/v2\/comments?post=23328"}],"version-history":[{"count":3,"href":"https:\/\/www.sabine-seyffert.de\/blog\/wp-json\/wp\/v2\/posts\/23328\/revisions"}],"predecessor-version":[{"id":23344,"href":"https:\/\/www.sabine-seyffert.de\/blog\/wp-json\/wp\/v2\/posts\/23328\/revisions\/23344"}],"wp:attachment":[{"href":"https:\/\/www.sabine-seyffert.de\/blog\/wp-json\/wp\/v2\/media?parent=23328"}],"wp:term":[{"taxonomy":"category","embeddable":true,"href":"https:\/\/www.sabine-seyffert.de\/blog\/wp-json\/wp\/v2\/categories?post=23328"},{"taxonomy":"post_tag","embeddable":true,"href":"https:\/\/www.sabine-seyffert.de\/blog\/wp-json\/wp\/v2\/tags?post=23328"}],"curies":[{"name":"wp","href":"https:\/\/api.w.org\/{rel}","templated":true}]}}