{"id":23047,"date":"2022-06-14T06:00:54","date_gmt":"2022-06-14T04:00:54","guid":{"rendered":"https:\/\/www.sabine-seyffert.de\/blog\/?p=23047"},"modified":"2022-06-08T15:36:50","modified_gmt":"2022-06-08T13:36:50","slug":"bastelidee-fuer-kinder-upcycling-ananas-aus-walnuss-selbermachen","status":"publish","type":"post","link":"https:\/\/www.sabine-seyffert.de\/blog\/bastelidee-fuer-kinder-upcycling-ananas-aus-walnuss-selbermachen\/","title":{"rendered":"Bastelidee f\u00fcr Kinder: Upcycling Ananas aus Walnuss selbermachen"},"content":{"rendered":"<p style=\"text-align: justify;\"><img loading=\"lazy\" decoding=\"async\" src=\"https:\/\/vg01.met.vgwort.de\/na\/19120ba577fc45a78cc1e7068ae608bc\" alt=\"\" width=\"1\" height=\"1\" \/>Nachdem die Woche gestern mit reichlich Sonnenschein (auf jeden Fall basteltechnisch gesehen) begonnen hat, gibt es heute etwas Frisches, Fruchtiges f\u00fcr euch: Eine Upcycling Ananas aus Nussschalen. Denn die verwende ich ja liebend gerne als kostenloses Bastelmaterial wie ihr ja wisst: Ob als <a href=\"https:\/\/www.sabine-seyffert.de\/blog\/?p=22925\" target=\"_blank\" rel=\"noopener noreferrer\">summende Biene<\/a>, <a href=\"https:\/\/www.sabine-seyffert.de\/blog\/?p=21378\" target=\"_blank\" rel=\"noopener noreferrer\">kleine Maus<\/a>, <a href=\"https:\/\/www.sabine-seyffert.de\/blog\/?p=20944\" target=\"_blank\" rel=\"noopener noreferrer\">saftigen Apfel<\/a>, <a href=\"https:\/\/www.sabine-seyffert.de\/blog\/?p=20040\" target=\"_blank\" rel=\"noopener noreferrer\">kecken Krebs<\/a>, den m\u00e4rchenhaften <a href=\"https:\/\/www.sabine-seyffert.de\/blog\/?p=19272\" target=\"_blank\" rel=\"noopener noreferrer\">Froschk\u00f6nig<\/a>, die <a href=\"https:\/\/www.sabine-seyffert.de\/blog\/?p=16729\" target=\"_blank\" rel=\"noopener noreferrer\">s\u00fc\u00dfen Erdbeeren<\/a>, die <a href=\"https:\/\/www.sabine-seyffert.de\/blog\/?p=5544\" target=\"_blank\" rel=\"noopener noreferrer\">herbstlichen F\u00fcchse<\/a> zum Spielen oder auch <a href=\"https:\/\/www.sabine-seyffert.de\/blog\/?p=21776\" target=\"_blank\" rel=\"noopener noreferrer\">den Weihnachtsmann<\/a> \u2013 Ideen dazu habe ich reichlich.<br \/>\nWenn ihr also auch ein wenig tropisches Sommerfeeling auf den Basteltisch und ins Kinderzimmer zaubern wollt \u2013 dann macht doch einfach mit!<\/p>\n<p style=\"text-align: center;\"><a href=\"https:\/\/www.sabine-seyffert.de\/blog\/wp-content\/uploads\/2022\/06\/Ananas-Walnuss-Sabine-Seyffert.de-5.jpg\"><img loading=\"lazy\" decoding=\"async\" class=\"alignnone size-full wp-image-23048\" src=\"https:\/\/www.sabine-seyffert.de\/blog\/wp-content\/uploads\/2022\/06\/Ananas-Walnuss-Sabine-Seyffert.de-5.jpg\" alt=\"\" width=\"800\" height=\"600\" srcset=\"https:\/\/www.sabine-seyffert.de\/blog\/wp-content\/uploads\/2022\/06\/Ananas-Walnuss-Sabine-Seyffert.de-5.jpg 800w, https:\/\/www.sabine-seyffert.de\/blog\/wp-content\/uploads\/2022\/06\/Ananas-Walnuss-Sabine-Seyffert.de-5-300x225.jpg 300w, https:\/\/www.sabine-seyffert.de\/blog\/wp-content\/uploads\/2022\/06\/Ananas-Walnuss-Sabine-Seyffert.de-5-768x576.jpg 768w\" sizes=\"auto, (max-width: 800px) 100vw, 800px\" \/><\/a><\/p>\n<p style=\"text-align: justify;\"><strong>Das wird gebraucht:<\/strong><br \/>\nEin gro\u00dfer sauberer Deckel (von einem alten Schraubglas), eine alte Tageszeitung, Bastelfarbe in gelb, gr\u00fcn und braun, , Wasserfarbkasten inklusiv Deckwei\u00df, Pinsel, einen leeren Eierkarton, Bastelkleber \/ Klebestift, eine Hei\u00dfklebepistole samt Hei\u00dfkleber Patrone, eine Bastelschere, eine Bastelunterlage und <a href=\"https:\/\/www.sabine-seyffert.de\/blog\/?p=12310\" target=\"_blank\" rel=\"noopener noreferrer\">Malkittel<\/a> sowie optional etwas d\u00fcnne Kordel &amp; Streichh\u00f6lzer<\/p>\n<p style=\"text-align: center;\"><a href=\"https:\/\/www.sabine-seyffert.de\/blog\/wp-content\/uploads\/2022\/06\/Ananas-Walnuss-Sabine-Seyffert.de-0.jpg\"><img loading=\"lazy\" decoding=\"async\" class=\"alignnone size-full wp-image-23049\" src=\"https:\/\/www.sabine-seyffert.de\/blog\/wp-content\/uploads\/2022\/06\/Ananas-Walnuss-Sabine-Seyffert.de-0.jpg\" alt=\"\" width=\"800\" height=\"600\" srcset=\"https:\/\/www.sabine-seyffert.de\/blog\/wp-content\/uploads\/2022\/06\/Ananas-Walnuss-Sabine-Seyffert.de-0.jpg 800w, https:\/\/www.sabine-seyffert.de\/blog\/wp-content\/uploads\/2022\/06\/Ananas-Walnuss-Sabine-Seyffert.de-0-300x225.jpg 300w, https:\/\/www.sabine-seyffert.de\/blog\/wp-content\/uploads\/2022\/06\/Ananas-Walnuss-Sabine-Seyffert.de-0-768x576.jpg 768w\" sizes=\"auto, (max-width: 800px) 100vw, 800px\" \/><\/a><\/p>\n<p style=\"text-align: justify;\"><strong>So wird\u2019s gemacht:<\/strong><br \/>\nBeim N\u00fcsse knacken hebe ich meist die Schalen auf. Gerade die Walnuss Schalen sind zum Basteln toll. Daher habe ich f\u00fcr diese sommerliche DIY Idee ein paar davon upcycelt.<\/p>\n<p style=\"text-align: center;\"><a href=\"https:\/\/www.sabine-seyffert.de\/blog\/wp-content\/uploads\/2022\/06\/Ananas-Walnuss-Sabine-Seyffert.de_.jpg\"><img loading=\"lazy\" decoding=\"async\" class=\"alignnone size-full wp-image-23054\" src=\"https:\/\/www.sabine-seyffert.de\/blog\/wp-content\/uploads\/2022\/06\/Ananas-Walnuss-Sabine-Seyffert.de_.jpg\" alt=\"\" width=\"800\" height=\"600\" srcset=\"https:\/\/www.sabine-seyffert.de\/blog\/wp-content\/uploads\/2022\/06\/Ananas-Walnuss-Sabine-Seyffert.de_.jpg 800w, https:\/\/www.sabine-seyffert.de\/blog\/wp-content\/uploads\/2022\/06\/Ananas-Walnuss-Sabine-Seyffert.de_-300x225.jpg 300w, https:\/\/www.sabine-seyffert.de\/blog\/wp-content\/uploads\/2022\/06\/Ananas-Walnuss-Sabine-Seyffert.de_-768x576.jpg 768w\" sizes=\"auto, (max-width: 800px) 100vw, 800px\" \/><\/a><\/p>\n<p style=\"text-align: justify;\">Bevor ihr mit dem Malen startet, denkt daran den Tisch abzudecken und euch die Bastelkittel \u00fcberzuziehen. Danach stellt euch aus Zeitung und Wasserfarben <a href=\"https:\/\/www.sabine-seyffert.de\/blog\/?p=13917\" target=\"_blank\" rel=\"noopener noreferrer\">umweltfreundliches Bastelpapier<\/a> her. Die Nussschalen streicht ihr von au\u00dfen mit gelber Bastelfarbe an.<\/p>\n<p style=\"text-align: center;\"><a href=\"https:\/\/www.sabine-seyffert.de\/blog\/wp-content\/uploads\/2022\/06\/Ananas-Walnuss-Sabine-Seyffert.de-11.jpg\"><img loading=\"lazy\" decoding=\"async\" class=\"alignnone size-full wp-image-23055\" src=\"https:\/\/www.sabine-seyffert.de\/blog\/wp-content\/uploads\/2022\/06\/Ananas-Walnuss-Sabine-Seyffert.de-11.jpg\" alt=\"\" width=\"800\" height=\"600\" srcset=\"https:\/\/www.sabine-seyffert.de\/blog\/wp-content\/uploads\/2022\/06\/Ananas-Walnuss-Sabine-Seyffert.de-11.jpg 800w, https:\/\/www.sabine-seyffert.de\/blog\/wp-content\/uploads\/2022\/06\/Ananas-Walnuss-Sabine-Seyffert.de-11-300x225.jpg 300w, https:\/\/www.sabine-seyffert.de\/blog\/wp-content\/uploads\/2022\/06\/Ananas-Walnuss-Sabine-Seyffert.de-11-768x576.jpg 768w\" sizes=\"auto, (max-width: 800px) 100vw, 800px\" \/><\/a><\/p>\n<p style=\"text-align: justify;\">Aus dem Eierkarton schneidet ihr eine Ecke au\u00dfen an, schnippelt diese am Rand zackig ein und malt diese mit gr\u00fcner Farbe ab. Das klappt sowohl mit Wasserfarbe (wenn man viel Farbe &amp; nur wenig Wasser nimmt) als auch mit Bastelfarbe.<\/p>\n<p style=\"text-align: center;\"><a href=\"https:\/\/www.sabine-seyffert.de\/blog\/wp-content\/uploads\/2022\/06\/Ananas-Walnuss-Sabine-Seyffert.de-10.jpg\"><img loading=\"lazy\" decoding=\"async\" class=\"alignnone size-full wp-image-23056\" src=\"https:\/\/www.sabine-seyffert.de\/blog\/wp-content\/uploads\/2022\/06\/Ananas-Walnuss-Sabine-Seyffert.de-10.jpg\" alt=\"\" width=\"800\" height=\"600\" srcset=\"https:\/\/www.sabine-seyffert.de\/blog\/wp-content\/uploads\/2022\/06\/Ananas-Walnuss-Sabine-Seyffert.de-10.jpg 800w, https:\/\/www.sabine-seyffert.de\/blog\/wp-content\/uploads\/2022\/06\/Ananas-Walnuss-Sabine-Seyffert.de-10-300x225.jpg 300w, https:\/\/www.sabine-seyffert.de\/blog\/wp-content\/uploads\/2022\/06\/Ananas-Walnuss-Sabine-Seyffert.de-10-768x576.jpg 768w\" sizes=\"auto, (max-width: 800px) 100vw, 800px\" \/><\/a><\/p>\n<p style=\"text-align: justify;\">Dann ben\u00f6tigt ihr einen gr\u00f6\u00dferen Deckel. Bsp. von einem Glas Rotkohl, Gurken o.\u00e4. Das legt ihr auf das bemalte Zeitungspapier, zeichnet mit dem Bleistift um den Rand und schneidet den Kreis aus. Diesen klebt ihr mittig in den Deckel hinein. Wer mag kann den Rand au\u00dfen noch mit einem filigranen Muster verzieren. Das klappt mit Hilfe eines Streichholzes (oder Zahnstocher) und Bastelfarbe prima.<\/p>\n<p style=\"text-align: center;\"><a href=\"https:\/\/www.sabine-seyffert.de\/blog\/wp-content\/uploads\/2022\/06\/Ananas-Walnuss-Sabine-Seyffert.de-9.jpg\"><img loading=\"lazy\" decoding=\"async\" class=\"alignnone size-full wp-image-23057\" src=\"https:\/\/www.sabine-seyffert.de\/blog\/wp-content\/uploads\/2022\/06\/Ananas-Walnuss-Sabine-Seyffert.de-9.jpg\" alt=\"\" width=\"800\" height=\"600\" srcset=\"https:\/\/www.sabine-seyffert.de\/blog\/wp-content\/uploads\/2022\/06\/Ananas-Walnuss-Sabine-Seyffert.de-9.jpg 800w, https:\/\/www.sabine-seyffert.de\/blog\/wp-content\/uploads\/2022\/06\/Ananas-Walnuss-Sabine-Seyffert.de-9-300x225.jpg 300w, https:\/\/www.sabine-seyffert.de\/blog\/wp-content\/uploads\/2022\/06\/Ananas-Walnuss-Sabine-Seyffert.de-9-768x576.jpg 768w\" sizes=\"auto, (max-width: 800px) 100vw, 800px\" \/><\/a><\/p>\n<p style=\"text-align: justify;\">Sobald die Farbe aus den Schalen getrocknet ist zeichnet man mit einem d\u00fcnnen Pinsel und brauner Farbe ein f\u00fcr die Ananas typisches Muster darauf.<\/p>\n<p style=\"text-align: center;\"><a href=\"https:\/\/www.sabine-seyffert.de\/blog\/wp-content\/uploads\/2022\/06\/Ananas-Walnuss-Sabine-Seyffert.de-8.jpg\"><img loading=\"lazy\" decoding=\"async\" class=\"alignnone size-full wp-image-23058\" src=\"https:\/\/www.sabine-seyffert.de\/blog\/wp-content\/uploads\/2022\/06\/Ananas-Walnuss-Sabine-Seyffert.de-8.jpg\" alt=\"\" width=\"800\" height=\"600\" srcset=\"https:\/\/www.sabine-seyffert.de\/blog\/wp-content\/uploads\/2022\/06\/Ananas-Walnuss-Sabine-Seyffert.de-8.jpg 800w, https:\/\/www.sabine-seyffert.de\/blog\/wp-content\/uploads\/2022\/06\/Ananas-Walnuss-Sabine-Seyffert.de-8-300x225.jpg 300w, https:\/\/www.sabine-seyffert.de\/blog\/wp-content\/uploads\/2022\/06\/Ananas-Walnuss-Sabine-Seyffert.de-8-768x576.jpg 768w\" sizes=\"auto, (max-width: 800px) 100vw, 800px\" \/><\/a><\/p>\n<p style=\"text-align: justify;\">F\u00fcr jede Nuss Schale rei\u00dft ihr euch ein St\u00fcck Zeitung ab, kn\u00fcddelt das zu einer Kugel und klebt diese in die Nussschale hinein. So habt ihr eine besser Klebefl\u00e4che.<\/p>\n<p style=\"text-align: center;\"><a href=\"https:\/\/www.sabine-seyffert.de\/blog\/wp-content\/uploads\/2022\/06\/Ananas-Walnuss-Sabine-Seyffert.de-7.jpg\"><img loading=\"lazy\" decoding=\"async\" class=\"alignnone size-full wp-image-23059\" src=\"https:\/\/www.sabine-seyffert.de\/blog\/wp-content\/uploads\/2022\/06\/Ananas-Walnuss-Sabine-Seyffert.de-7.jpg\" alt=\"\" width=\"800\" height=\"600\" srcset=\"https:\/\/www.sabine-seyffert.de\/blog\/wp-content\/uploads\/2022\/06\/Ananas-Walnuss-Sabine-Seyffert.de-7.jpg 800w, https:\/\/www.sabine-seyffert.de\/blog\/wp-content\/uploads\/2022\/06\/Ananas-Walnuss-Sabine-Seyffert.de-7-300x225.jpg 300w, https:\/\/www.sabine-seyffert.de\/blog\/wp-content\/uploads\/2022\/06\/Ananas-Walnuss-Sabine-Seyffert.de-7-768x576.jpg 768w\" sizes=\"auto, (max-width: 800px) 100vw, 800px\" \/><\/a><\/p>\n<p style=\"text-align: justify;\">Nun bestreicht ihr die Unterseite der Nuss Schale mit Kleber und klebt diese in den Deckel hinein. <span style=\"color: #ff9900;\"><strong>Achtung<\/strong><\/span>, denkt daran nach oben etwas Platz f\u00fcr den Strunk zu lassen oder klebt diesen vorab an die Schale.<\/p>\n<p style=\"text-align: center;\"><a href=\"https:\/\/www.sabine-seyffert.de\/blog\/wp-content\/uploads\/2022\/06\/Ananas-Walnuss-Sabine-Seyffert.de-6.jpg\"><img loading=\"lazy\" decoding=\"async\" class=\"alignnone size-full wp-image-23060\" src=\"https:\/\/www.sabine-seyffert.de\/blog\/wp-content\/uploads\/2022\/06\/Ananas-Walnuss-Sabine-Seyffert.de-6.jpg\" alt=\"\" width=\"800\" height=\"600\" srcset=\"https:\/\/www.sabine-seyffert.de\/blog\/wp-content\/uploads\/2022\/06\/Ananas-Walnuss-Sabine-Seyffert.de-6.jpg 800w, https:\/\/www.sabine-seyffert.de\/blog\/wp-content\/uploads\/2022\/06\/Ananas-Walnuss-Sabine-Seyffert.de-6-300x225.jpg 300w, https:\/\/www.sabine-seyffert.de\/blog\/wp-content\/uploads\/2022\/06\/Ananas-Walnuss-Sabine-Seyffert.de-6-768x576.jpg 768w\" sizes=\"auto, (max-width: 800px) 100vw, 800px\" \/><\/a><\/p>\n<p style=\"text-align: justify;\">Dazu rollt ihr das St\u00fcck gr\u00fcn bemalten Eierkarton eng auf, verklebt das Ende, damit sich nichts aufrollt und klebt diesen oben mittig auf die Nuss. Die Zacken k\u00f6nnt ihr dann noch nach Au\u00dfen biegen.<\/p>\n<p style=\"text-align: center;\"><a href=\"https:\/\/www.sabine-seyffert.de\/blog\/wp-content\/uploads\/2022\/06\/Ananas-Walnuss-Sabine-Seyffert.de-4.jpg\"><img loading=\"lazy\" decoding=\"async\" class=\"alignnone size-full wp-image-23053\" src=\"https:\/\/www.sabine-seyffert.de\/blog\/wp-content\/uploads\/2022\/06\/Ananas-Walnuss-Sabine-Seyffert.de-4.jpg\" alt=\"\" width=\"800\" height=\"600\" srcset=\"https:\/\/www.sabine-seyffert.de\/blog\/wp-content\/uploads\/2022\/06\/Ananas-Walnuss-Sabine-Seyffert.de-4.jpg 800w, https:\/\/www.sabine-seyffert.de\/blog\/wp-content\/uploads\/2022\/06\/Ananas-Walnuss-Sabine-Seyffert.de-4-300x225.jpg 300w, https:\/\/www.sabine-seyffert.de\/blog\/wp-content\/uploads\/2022\/06\/Ananas-Walnuss-Sabine-Seyffert.de-4-768x576.jpg 768w\" sizes=\"auto, (max-width: 800px) 100vw, 800px\" \/><\/a><\/p>\n<p style=\"text-align: justify;\"><strong>Ein kleiner Tipp:<\/strong> Wenn ihr die Ananas als Sommer Deko aufh\u00e4ngen oder beispielsweise als Geschenkanh\u00e4nger nutzen wollt, schneidet euch ein kleines St\u00fcck Kordel ab, verknotet die Enden und klebt diese Schlaufe mit einem Tropfen Hei\u00dfkleber von Hinten an den Deckel.<\/p>\n<p style=\"text-align: center;\"><a href=\"https:\/\/www.sabine-seyffert.de\/blog\/wp-content\/uploads\/2022\/06\/Ananas-Walnuss-Sabine-Seyffert.de-3.jpg\"><img loading=\"lazy\" decoding=\"async\" class=\"alignnone size-full wp-image-23052\" src=\"https:\/\/www.sabine-seyffert.de\/blog\/wp-content\/uploads\/2022\/06\/Ananas-Walnuss-Sabine-Seyffert.de-3.jpg\" alt=\"\" width=\"600\" height=\"800\" srcset=\"https:\/\/www.sabine-seyffert.de\/blog\/wp-content\/uploads\/2022\/06\/Ananas-Walnuss-Sabine-Seyffert.de-3.jpg 600w, https:\/\/www.sabine-seyffert.de\/blog\/wp-content\/uploads\/2022\/06\/Ananas-Walnuss-Sabine-Seyffert.de-3-225x300.jpg 225w\" sizes=\"auto, (max-width: 600px) 100vw, 600px\" \/><\/a><\/p>\n<p style=\"text-align: justify;\">Falls euch das Ananas Motiv gef\u00e4llt, schaut doch mal in diesen Bastelanleitungen: Eine gestempelte <a href=\"https:\/\/www.sabine-seyffert.de\/blog\/?p=14801\" target=\"_blank\" rel=\"noopener noreferrer\">Ananas Girlande<\/a>, der lustigen <a href=\"https:\/\/www.sabine-seyffert.de\/blog\/?p=14739\" target=\"_blank\" rel=\"noopener noreferrer\">Geschenkverpackung mit Ananas Lolli<\/a>, der <a href=\"https:\/\/www.sabine-seyffert.de\/blog\/?p=17017\" target=\"_blank\" rel=\"noopener noreferrer\">\u00dcberraschungs Ananas<\/a>, dem <a href=\"https:\/\/www.sabine-seyffert.de\/blog\/?p=16972\" target=\"_blank\" rel=\"noopener noreferrer\">leuchtenden Windlicht<\/a> oder den kleinen <a href=\"https:\/\/www.sabine-seyffert.de\/blog\/?p=20732\" target=\"_blank\" rel=\"noopener noreferrer\">Party Piekern<\/a> im schicken Ananas Look.<\/p>\n<p style=\"text-align: center;\"><a href=\"https:\/\/www.sabine-seyffert.de\/blog\/wp-content\/uploads\/2022\/06\/Ananas-Walnuss-Sabine-Seyffert.de-2.jpg\"><img loading=\"lazy\" decoding=\"async\" class=\"alignnone size-full wp-image-23051\" src=\"https:\/\/www.sabine-seyffert.de\/blog\/wp-content\/uploads\/2022\/06\/Ananas-Walnuss-Sabine-Seyffert.de-2.jpg\" alt=\"\" width=\"600\" height=\"800\" srcset=\"https:\/\/www.sabine-seyffert.de\/blog\/wp-content\/uploads\/2022\/06\/Ananas-Walnuss-Sabine-Seyffert.de-2.jpg 600w, https:\/\/www.sabine-seyffert.de\/blog\/wp-content\/uploads\/2022\/06\/Ananas-Walnuss-Sabine-Seyffert.de-2-225x300.jpg 225w\" sizes=\"auto, (max-width: 600px) 100vw, 600px\" \/><\/a><\/p>\n<p style=\"text-align: justify;\">Weitere kreative Do-it-Yourself Bastelideen f\u00fcr Kinder findet ihr \u00fcbrigens in <a href=\"https:\/\/www.sabine-seyffert.de\/blog\/?cat=32\" target=\"_blank\" rel=\"noopener noreferrer\">dieser Blog Kategorie<\/a>, alles zum Thema Upcycling mit detaillierter Bastelanleitung gibt es in <a href=\"https:\/\/www.sabine-seyffert.de\/blog\/?cat=47\" target=\"_blank\" rel=\"noopener noreferrer\">dieser Rubrik<\/a>, alles rund um die Sommerzeit sind in <a href=\"https:\/\/www.sabine-seyffert.de\/blog\/?cat=24\" target=\"_blank\" rel=\"noopener noreferrer\">diesem Blog Ordner<\/a> oder auch an <a href=\"https:\/\/www.pinterest.de\/diysabineseyffert\/\" target=\"_blank\" rel=\"noopener noreferrer\">meinen Pinnw\u00e4nden<\/a>.<\/p>\n<p style=\"text-align: center;\"><a href=\"https:\/\/www.sabine-seyffert.de\/blog\/wp-content\/uploads\/2022\/06\/Ananas-Walnuss-Sabine-Seyffert.de-1.jpg\"><img loading=\"lazy\" decoding=\"async\" class=\"alignnone size-full wp-image-23050\" src=\"https:\/\/www.sabine-seyffert.de\/blog\/wp-content\/uploads\/2022\/06\/Ananas-Walnuss-Sabine-Seyffert.de-1.jpg\" alt=\"\" width=\"600\" height=\"800\" srcset=\"https:\/\/www.sabine-seyffert.de\/blog\/wp-content\/uploads\/2022\/06\/Ananas-Walnuss-Sabine-Seyffert.de-1.jpg 600w, https:\/\/www.sabine-seyffert.de\/blog\/wp-content\/uploads\/2022\/06\/Ananas-Walnuss-Sabine-Seyffert.de-1-225x300.jpg 225w\" sizes=\"auto, (max-width: 600px) 100vw, 600px\" \/><\/a><\/p>\n<p style=\"text-align: justify;\"><a href=\"https:\/\/www.sabine-seyffert.de\/blog\/?page_id=32#urheberrecht\">urheberrechtlich gesch\u00fctzt<\/a>, \u00a9 Sabine Seyffert<\/p>\n","protected":false},"excerpt":{"rendered":"<p>Nachdem die Woche gestern mit reichlich Sonnenschein (auf jeden Fall basteltechnisch gesehen) begonnen hat, gibt es heute etwas Frisches, Fruchtiges f\u00fcr euch: Eine Upcycling Ananas aus Nussschalen. Denn die verwende ich ja liebend gerne als kostenloses Bastelmaterial wie ihr ja wisst: Ob als summende Biene, kleine Maus, saftigen Apfel, kecken Krebs, den m\u00e4rchenhaften Froschk\u00f6nig, die&#8230; <a href=\"https:\/\/www.sabine-seyffert.de\/blog\/bastelidee-fuer-kinder-upcycling-ananas-aus-walnuss-selbermachen\/\" class=\"more-link\">Read more: Bastelidee f\u00fcr Kinder: Upcycling Ananas aus Walnuss selbermachen<\/a><\/p>\n","protected":false},"author":2,"featured_media":0,"comment_status":"open","ping_status":"open","sticky":false,"template":"","format":"standard","meta":{"_metis_text_type":"","_metis_text_length":3687,"_post_count":0,"footnotes":""},"categories":[32,24,47],"tags":[],"class_list":["post-23047","post","type-post","status-publish","format-standard","hentry","category-kreatives-fur-kleine-kinderhande","category-sommer","category-upcyceltes"],"_links":{"self":[{"href":"https:\/\/www.sabine-seyffert.de\/blog\/wp-json\/wp\/v2\/posts\/23047","targetHints":{"allow":["GET"]}}],"collection":[{"href":"https:\/\/www.sabine-seyffert.de\/blog\/wp-json\/wp\/v2\/posts"}],"about":[{"href":"https:\/\/www.sabine-seyffert.de\/blog\/wp-json\/wp\/v2\/types\/post"}],"author":[{"embeddable":true,"href":"https:\/\/www.sabine-seyffert.de\/blog\/wp-json\/wp\/v2\/users\/2"}],"replies":[{"embeddable":true,"href":"https:\/\/www.sabine-seyffert.de\/blog\/wp-json\/wp\/v2\/comments?post=23047"}],"version-history":[{"count":3,"href":"https:\/\/www.sabine-seyffert.de\/blog\/wp-json\/wp\/v2\/posts\/23047\/revisions"}],"predecessor-version":[{"id":23063,"href":"https:\/\/www.sabine-seyffert.de\/blog\/wp-json\/wp\/v2\/posts\/23047\/revisions\/23063"}],"wp:attachment":[{"href":"https:\/\/www.sabine-seyffert.de\/blog\/wp-json\/wp\/v2\/media?parent=23047"}],"wp:term":[{"taxonomy":"category","embeddable":true,"href":"https:\/\/www.sabine-seyffert.de\/blog\/wp-json\/wp\/v2\/categories?post=23047"},{"taxonomy":"post_tag","embeddable":true,"href":"https:\/\/www.sabine-seyffert.de\/blog\/wp-json\/wp\/v2\/tags?post=23047"}],"curies":[{"name":"wp","href":"https:\/\/api.w.org\/{rel}","templated":true}]}}