{"id":23011,"date":"2022-06-11T06:00:56","date_gmt":"2022-06-11T04:00:56","guid":{"rendered":"https:\/\/www.sabine-seyffert.de\/blog\/?p=23011"},"modified":"2022-06-07T19:37:39","modified_gmt":"2022-06-07T17:37:39","slug":"ausflugstipp-fuer-familien-in-ostfriesland-ein-besuch-in-leer","status":"publish","type":"post","link":"https:\/\/www.sabine-seyffert.de\/blog\/ausflugstipp-fuer-familien-in-ostfriesland-ein-besuch-in-leer\/","title":{"rendered":"Ausflugstipp f\u00fcr Familien in Ostfriesland: Ein Besuch in Leer"},"content":{"rendered":"<p style=\"text-align: justify;\"><img loading=\"lazy\" decoding=\"async\" src=\"https:\/\/vg01.met.vgwort.de\/na\/a557128e071e4364a4a28bbb6d8a40b0\" alt=\"\" width=\"1\" height=\"1\" \/>Nach dem Besuch in <a href=\"https:\/\/www.sabine-seyffert.de\/blog\/?p=22973\" target=\"_blank\" rel=\"noopener noreferrer\">Greetsiel<\/a> und <a href=\"https:\/\/www.sabine-seyffert.de\/blog\/?p=22995\" target=\"_blank\" rel=\"noopener noreferrer\">Aurich<\/a>, k\u00f6nnt ihr uns heute nach <a href=\"https:\/\/de.wikipedia.org\/wiki\/Leer_(Ostfriesland)\" target=\"_blank\" rel=\"noopener noreferrer\">Leer<\/a> begleiten. Dort wollte ich schon ganz lange einmal hin. Aber aus verschiedenen Gr\u00fcnden hat es irgendwie nie geklappt. Aber da es aus Greetsiel nicht weit ist und wir durch eine Umleitung auf dem Hinweg zum Feriendomizil durch Leer geleitet wurden, haben wir die Gunst der Stunde genutzt und haben einen Tagesausflug in diese wundersch\u00f6ne Stadt gemacht.<\/p>\n<p style=\"text-align: center;\"><a href=\"https:\/\/www.sabine-seyffert.de\/blog\/wp-content\/uploads\/2022\/06\/Leer-Sabine-Seyffert.de-4.jpg\"><img loading=\"lazy\" decoding=\"async\" class=\"alignnone size-full wp-image-23014\" src=\"https:\/\/www.sabine-seyffert.de\/blog\/wp-content\/uploads\/2022\/06\/Leer-Sabine-Seyffert.de-4.jpg\" alt=\"\" width=\"600\" height=\"800\" srcset=\"https:\/\/www.sabine-seyffert.de\/blog\/wp-content\/uploads\/2022\/06\/Leer-Sabine-Seyffert.de-4.jpg 600w, https:\/\/www.sabine-seyffert.de\/blog\/wp-content\/uploads\/2022\/06\/Leer-Sabine-Seyffert.de-4-225x300.jpg 225w\" sizes=\"auto, (max-width: 600px) 100vw, 600px\" \/><\/a><\/p>\n<p style=\"text-align: justify;\">Leer ist \u00fcbrigens die drittgr\u00f6\u00dfte Stadt Ostfrieslands und hat etwas weniger Einwohner als <a href=\"https:\/\/www.sabine-seyffert.de\/blog\/?p=22995\" target=\"_blank\" rel=\"noopener noreferrer\">Aurich<\/a>, das wir ebenfalls in den Ferien besucht haben und von wo ich an dieser Stelle schon berichtet habe.<\/p>\n<p style=\"text-align: center;\"><a href=\"https:\/\/www.sabine-seyffert.de\/blog\/wp-content\/uploads\/2022\/06\/Leer-Sabine-Seyffert.de-1.jpg\"><img loading=\"lazy\" decoding=\"async\" class=\"alignnone size-full wp-image-23015\" src=\"https:\/\/www.sabine-seyffert.de\/blog\/wp-content\/uploads\/2022\/06\/Leer-Sabine-Seyffert.de-1.jpg\" alt=\"\" width=\"801\" height=\"600\" srcset=\"https:\/\/www.sabine-seyffert.de\/blog\/wp-content\/uploads\/2022\/06\/Leer-Sabine-Seyffert.de-1.jpg 801w, https:\/\/www.sabine-seyffert.de\/blog\/wp-content\/uploads\/2022\/06\/Leer-Sabine-Seyffert.de-1-300x225.jpg 300w, https:\/\/www.sabine-seyffert.de\/blog\/wp-content\/uploads\/2022\/06\/Leer-Sabine-Seyffert.de-1-768x575.jpg 768w\" sizes=\"auto, (max-width: 801px) 100vw, 801px\" \/><\/a><\/p>\n<p style=\"text-align: justify;\">Wir haben auf einem gro\u00dfen Parkplatz geparkt, nahegelegen der historischen Altstadt, den man kostenlos nutzen konnte. Das kennen wir von hier oder anderen St\u00e4dten, die wir bisher besucht haben, eher selten.<\/p>\n<p style=\"text-align: center;\"><a href=\"https:\/\/www.sabine-seyffert.de\/blog\/wp-content\/uploads\/2022\/06\/Leer-Sabine-Seyffert.de-2.jpg\"><img loading=\"lazy\" decoding=\"async\" class=\"alignnone size-full wp-image-23016\" src=\"https:\/\/www.sabine-seyffert.de\/blog\/wp-content\/uploads\/2022\/06\/Leer-Sabine-Seyffert.de-2.jpg\" alt=\"\" width=\"801\" height=\"600\" srcset=\"https:\/\/www.sabine-seyffert.de\/blog\/wp-content\/uploads\/2022\/06\/Leer-Sabine-Seyffert.de-2.jpg 801w, https:\/\/www.sabine-seyffert.de\/blog\/wp-content\/uploads\/2022\/06\/Leer-Sabine-Seyffert.de-2-300x225.jpg 300w, https:\/\/www.sabine-seyffert.de\/blog\/wp-content\/uploads\/2022\/06\/Leer-Sabine-Seyffert.de-2-768x575.jpg 768w\" sizes=\"auto, (max-width: 801px) 100vw, 801px\" \/><\/a><\/p>\n<p style=\"text-align: justify;\">Von dort aus sind wir bei sch\u00f6nstem Sonnenschein in Richtung Hafen (Freizeithafen) gebummelt. Vorbei an dem wirklich eindrucksvollen, alten Rathaus, der \u201ealten Waage\u201c (in der sich heute ein Restaurant befindet), an der Ostfriesischen Teestube am Hafen bis zum Wasser.<\/p>\n<p style=\"text-align: center;\"><a href=\"https:\/\/www.sabine-seyffert.de\/blog\/wp-content\/uploads\/2022\/06\/Leer-Sabine-Seyffert.de-3.jpg\"><img loading=\"lazy\" decoding=\"async\" class=\"alignnone size-full wp-image-23017\" src=\"https:\/\/www.sabine-seyffert.de\/blog\/wp-content\/uploads\/2022\/06\/Leer-Sabine-Seyffert.de-3.jpg\" alt=\"\" width=\"600\" height=\"800\" srcset=\"https:\/\/www.sabine-seyffert.de\/blog\/wp-content\/uploads\/2022\/06\/Leer-Sabine-Seyffert.de-3.jpg 600w, https:\/\/www.sabine-seyffert.de\/blog\/wp-content\/uploads\/2022\/06\/Leer-Sabine-Seyffert.de-3-225x300.jpg 225w\" sizes=\"auto, (max-width: 600px) 100vw, 600px\" \/><\/a><\/p>\n<p style=\"text-align: justify;\">Dort kann man auf der Uferpromenade ganz entspannt am Wasser entlang schlendern und die Seele baumeln lassen.<\/p>\n<p style=\"text-align: center;\"><a href=\"https:\/\/www.sabine-seyffert.de\/blog\/wp-content\/uploads\/2022\/06\/Leer-Sabine-Seyffert.de-5.jpg\"><img loading=\"lazy\" decoding=\"async\" class=\"alignnone size-full wp-image-23018\" src=\"https:\/\/www.sabine-seyffert.de\/blog\/wp-content\/uploads\/2022\/06\/Leer-Sabine-Seyffert.de-5.jpg\" alt=\"\" width=\"600\" height=\"800\" srcset=\"https:\/\/www.sabine-seyffert.de\/blog\/wp-content\/uploads\/2022\/06\/Leer-Sabine-Seyffert.de-5.jpg 600w, https:\/\/www.sabine-seyffert.de\/blog\/wp-content\/uploads\/2022\/06\/Leer-Sabine-Seyffert.de-5-225x300.jpg 225w\" sizes=\"auto, (max-width: 600px) 100vw, 600px\" \/><\/a><\/p>\n<p style=\"text-align: justify;\">Sowohl die historische Altstadt als auch die Innenstadt mit der Fu\u00dfg\u00e4ngerzone, sind von hier aus fu\u00dfl\u00e4ufig zu erreichen. Selbst wer mit Kindern unterwegs ist, sollte diese Entfernungen problemlos meistern k\u00f6nnen.<\/p>\n<p style=\"text-align: center;\"><a href=\"https:\/\/www.sabine-seyffert.de\/blog\/wp-content\/uploads\/2022\/06\/Leer-Sabine-Seyffert.de-6.jpg\"><img loading=\"lazy\" decoding=\"async\" class=\"alignnone size-full wp-image-23019\" src=\"https:\/\/www.sabine-seyffert.de\/blog\/wp-content\/uploads\/2022\/06\/Leer-Sabine-Seyffert.de-6.jpg\" alt=\"\" width=\"600\" height=\"800\" srcset=\"https:\/\/www.sabine-seyffert.de\/blog\/wp-content\/uploads\/2022\/06\/Leer-Sabine-Seyffert.de-6.jpg 600w, https:\/\/www.sabine-seyffert.de\/blog\/wp-content\/uploads\/2022\/06\/Leer-Sabine-Seyffert.de-6-225x300.jpg 225w\" sizes=\"auto, (max-width: 600px) 100vw, 600px\" \/><\/a><\/p>\n<p style=\"text-align: justify;\">Die gem\u00fctliche Altstadt ist in jedem Fall einen Besuch wert. Die kleinen schmalen Gassen sind ausgesprochen einladend.<\/p>\n<p style=\"text-align: center;\"><a href=\"https:\/\/www.sabine-seyffert.de\/blog\/wp-content\/uploads\/2022\/06\/Leer-Sabine-Seyffert.de-7.jpg\"><img loading=\"lazy\" decoding=\"async\" class=\"alignnone size-full wp-image-23020\" src=\"https:\/\/www.sabine-seyffert.de\/blog\/wp-content\/uploads\/2022\/06\/Leer-Sabine-Seyffert.de-7.jpg\" alt=\"\" width=\"600\" height=\"800\" srcset=\"https:\/\/www.sabine-seyffert.de\/blog\/wp-content\/uploads\/2022\/06\/Leer-Sabine-Seyffert.de-7.jpg 600w, https:\/\/www.sabine-seyffert.de\/blog\/wp-content\/uploads\/2022\/06\/Leer-Sabine-Seyffert.de-7-225x300.jpg 225w\" sizes=\"auto, (max-width: 600px) 100vw, 600px\" \/><\/a><\/p>\n<p style=\"text-align: justify;\">Man f\u00fchlt sich umgehend der prachtvollen H\u00e4user und Geb\u00e4ude wie in eine andere Zeit versetzt. Es wirkt fast ein bisschen m\u00e4rchenhaft.<\/p>\n<p style=\"text-align: center;\"><a href=\"https:\/\/www.sabine-seyffert.de\/blog\/wp-content\/uploads\/2022\/06\/Leer-Sabine-Seyffert.de-8.jpg\"><img loading=\"lazy\" decoding=\"async\" class=\"alignnone size-full wp-image-23021\" src=\"https:\/\/www.sabine-seyffert.de\/blog\/wp-content\/uploads\/2022\/06\/Leer-Sabine-Seyffert.de-8.jpg\" alt=\"\" width=\"600\" height=\"800\" srcset=\"https:\/\/www.sabine-seyffert.de\/blog\/wp-content\/uploads\/2022\/06\/Leer-Sabine-Seyffert.de-8.jpg 600w, https:\/\/www.sabine-seyffert.de\/blog\/wp-content\/uploads\/2022\/06\/Leer-Sabine-Seyffert.de-8-225x300.jpg 225w\" sizes=\"auto, (max-width: 600px) 100vw, 600px\" \/><\/a><\/p>\n<p style=\"text-align: justify;\">In dieser Gegend findet man urige, kleine L\u00e4den und auch kleine Caf\u00e9s in denen man verweilen und den Flair dieser Umgebung genie\u00dfen kann.<\/p>\n<p style=\"text-align: center;\"><a href=\"https:\/\/www.sabine-seyffert.de\/blog\/wp-content\/uploads\/2022\/06\/Leer-Sabine-Seyffert.de-9.jpg\"><img loading=\"lazy\" decoding=\"async\" class=\"alignnone size-full wp-image-23022\" src=\"https:\/\/www.sabine-seyffert.de\/blog\/wp-content\/uploads\/2022\/06\/Leer-Sabine-Seyffert.de-9.jpg\" alt=\"\" width=\"600\" height=\"800\" srcset=\"https:\/\/www.sabine-seyffert.de\/blog\/wp-content\/uploads\/2022\/06\/Leer-Sabine-Seyffert.de-9.jpg 600w, https:\/\/www.sabine-seyffert.de\/blog\/wp-content\/uploads\/2022\/06\/Leer-Sabine-Seyffert.de-9-225x300.jpg 225w\" sizes=\"auto, (max-width: 600px) 100vw, 600px\" \/><\/a><\/p>\n<p style=\"text-align: justify;\">Wer lieber \u201eshoppen\u201c m\u00f6chte oder sich ins Get\u00fcmmel st\u00fcrzen, der kann das in der nahegelegenen Fu\u00dfg\u00e4ngerzone tun. Dort ist allerhand los und weil Ferien sind und wir das tolle Wetter genie\u00dfen gibt es hier zur Abk\u00fchlung und St\u00e4rkung erst mal ein leckeres Eis.<\/p>\n<p style=\"text-align: center;\"><a href=\"https:\/\/www.sabine-seyffert.de\/blog\/wp-content\/uploads\/2022\/06\/Leer-Sabine-Seyffert.de-10.jpg\"><img loading=\"lazy\" decoding=\"async\" class=\"alignnone size-full wp-image-23023\" src=\"https:\/\/www.sabine-seyffert.de\/blog\/wp-content\/uploads\/2022\/06\/Leer-Sabine-Seyffert.de-10.jpg\" alt=\"\" width=\"600\" height=\"800\" srcset=\"https:\/\/www.sabine-seyffert.de\/blog\/wp-content\/uploads\/2022\/06\/Leer-Sabine-Seyffert.de-10.jpg 600w, https:\/\/www.sabine-seyffert.de\/blog\/wp-content\/uploads\/2022\/06\/Leer-Sabine-Seyffert.de-10-225x300.jpg 225w\" sizes=\"auto, (max-width: 600px) 100vw, 600px\" \/><\/a><\/p>\n<p style=\"text-align: justify;\">Weitere tolle Ausflugstipps f\u00fcr Familien mit Kindern findet ihr \u00fcbrigens in <a href=\"https:\/\/www.sabine-seyffert.de\/blog\/?cat=39\" target=\"_blank\" rel=\"noopener noreferrer\">dieser Rubrik<\/a>, Artikel rund um die Ferienzeit &amp; Urlaube gibt es in <a href=\"https:\/\/www.sabine-seyffert.de\/blog\/?cat=38\" target=\"_blank\" rel=\"noopener noreferrer\">diesem Ordner<\/a> und alles rund um die Sommerzeit sind in <a href=\"https:\/\/www.sabine-seyffert.de\/blog\/?cat=24\" target=\"_blank\" rel=\"noopener noreferrer\">diesem Blog Ordner<\/a>.<\/p>\n<p style=\"text-align: center;\"><a href=\"https:\/\/www.sabine-seyffert.de\/blog\/wp-content\/uploads\/2022\/06\/Leer-Sabine-Seyffert.de_.jpg\"><img loading=\"lazy\" decoding=\"async\" class=\"alignnone size-full wp-image-23024\" src=\"https:\/\/www.sabine-seyffert.de\/blog\/wp-content\/uploads\/2022\/06\/Leer-Sabine-Seyffert.de_.jpg\" alt=\"\" width=\"600\" height=\"800\" srcset=\"https:\/\/www.sabine-seyffert.de\/blog\/wp-content\/uploads\/2022\/06\/Leer-Sabine-Seyffert.de_.jpg 600w, https:\/\/www.sabine-seyffert.de\/blog\/wp-content\/uploads\/2022\/06\/Leer-Sabine-Seyffert.de_-225x300.jpg 225w\" sizes=\"auto, (max-width: 600px) 100vw, 600px\" \/><\/a><\/p>\n<p style=\"text-align: justify;\"><a href=\"https:\/\/www.sabine-seyffert.de\/blog\/?page_id=32#urheberrecht\">urheberrechtlich gesch\u00fctzt<\/a>, \u00a9 Sabine Seyffert<\/p>\n","protected":false},"excerpt":{"rendered":"<p>Nach dem Besuch in Greetsiel und Aurich, k\u00f6nnt ihr uns heute nach Leer begleiten. Dort wollte ich schon ganz lange einmal hin. Aber aus verschiedenen Gr\u00fcnden hat es irgendwie nie geklappt. Aber da es aus Greetsiel nicht weit ist und wir durch eine Umleitung auf dem Hinweg zum Feriendomizil durch Leer geleitet wurden, haben wir&#8230; <a href=\"https:\/\/www.sabine-seyffert.de\/blog\/ausflugstipp-fuer-familien-in-ostfriesland-ein-besuch-in-leer\/\" class=\"more-link\">Read more: Ausflugstipp f\u00fcr Familien in Ostfriesland: Ein Besuch in Leer<\/a><\/p>\n","protected":false},"author":2,"featured_media":0,"comment_status":"open","ping_status":"open","sticky":false,"template":"","format":"standard","meta":{"_metis_text_type":"","_metis_text_length":2336,"_post_count":0,"footnotes":""},"categories":[39,52,24],"tags":[],"class_list":["post-23011","post","type-post","status-publish","format-standard","hentry","category-ausfluge-co","category-familie","category-sommer"],"_links":{"self":[{"href":"https:\/\/www.sabine-seyffert.de\/blog\/wp-json\/wp\/v2\/posts\/23011","targetHints":{"allow":["GET"]}}],"collection":[{"href":"https:\/\/www.sabine-seyffert.de\/blog\/wp-json\/wp\/v2\/posts"}],"about":[{"href":"https:\/\/www.sabine-seyffert.de\/blog\/wp-json\/wp\/v2\/types\/post"}],"author":[{"embeddable":true,"href":"https:\/\/www.sabine-seyffert.de\/blog\/wp-json\/wp\/v2\/users\/2"}],"replies":[{"embeddable":true,"href":"https:\/\/www.sabine-seyffert.de\/blog\/wp-json\/wp\/v2\/comments?post=23011"}],"version-history":[{"count":4,"href":"https:\/\/www.sabine-seyffert.de\/blog\/wp-json\/wp\/v2\/posts\/23011\/revisions"}],"predecessor-version":[{"id":23026,"href":"https:\/\/www.sabine-seyffert.de\/blog\/wp-json\/wp\/v2\/posts\/23011\/revisions\/23026"}],"wp:attachment":[{"href":"https:\/\/www.sabine-seyffert.de\/blog\/wp-json\/wp\/v2\/media?parent=23011"}],"wp:term":[{"taxonomy":"category","embeddable":true,"href":"https:\/\/www.sabine-seyffert.de\/blog\/wp-json\/wp\/v2\/categories?post=23011"},{"taxonomy":"post_tag","embeddable":true,"href":"https:\/\/www.sabine-seyffert.de\/blog\/wp-json\/wp\/v2\/tags?post=23011"}],"curies":[{"name":"wp","href":"https:\/\/api.w.org\/{rel}","templated":true}]}}