{"id":22995,"date":"2022-06-09T06:00:15","date_gmt":"2022-06-09T04:00:15","guid":{"rendered":"https:\/\/www.sabine-seyffert.de\/blog\/?p=22995"},"modified":"2022-06-07T12:38:46","modified_gmt":"2022-06-07T10:38:46","slug":"ausflugstipp-fuer-familien-ein-besuch-im-ostfriesischen-aurich","status":"publish","type":"post","link":"https:\/\/www.sabine-seyffert.de\/blog\/ausflugstipp-fuer-familien-ein-besuch-im-ostfriesischen-aurich\/","title":{"rendered":"Ausflugstipp f\u00fcr Familien: Ein Besuch im ostfriesischen Aurich"},"content":{"rendered":"<p style=\"text-align: justify;\"><img loading=\"lazy\" decoding=\"async\" src=\"https:\/\/vg01.met.vgwort.de\/na\/72cee27389c748ebbd67f63e0753ec31\" alt=\"\" width=\"1\" height=\"1\" \/>Nachdem wir im Herbst in Nordfriesland unterwegs waren und uns <a href=\"https:\/\/www.sabine-seyffert.de\/blog\/?p=21578\" target=\"_blank\" rel=\"noopener noreferrer\">Husum<\/a>, <a href=\"https:\/\/www.sabine-seyffert.de\/blog\/?p=21593\" target=\"_blank\" rel=\"noopener noreferrer\">Friedrichstadt<\/a> und in D\u00e4nemark <a href=\"https:\/\/www.sabine-seyffert.de\/blog\/?p=21563\" target=\"_blank\" rel=\"noopener noreferrer\">Tondern<\/a> angeschaut haben, waren wir in den Osterferien in Ostfriesland unterwegs. Von <a href=\"https:\/\/www.sabine-seyffert.de\/blog\/?p=22973\" target=\"_blank\" rel=\"noopener noreferrer\">Greetsiel<\/a> habe ich euch bereits berichtet.<\/p>\n<p style=\"text-align: center;\"><a href=\"https:\/\/www.sabine-seyffert.de\/blog\/wp-content\/uploads\/2022\/06\/Aurich-Sabine-Seyffert.de-.jpg\"><img loading=\"lazy\" decoding=\"async\" class=\"alignnone size-full wp-image-22996\" src=\"https:\/\/www.sabine-seyffert.de\/blog\/wp-content\/uploads\/2022\/06\/Aurich-Sabine-Seyffert.de-.jpg\" alt=\"\" width=\"802\" height=\"600\" srcset=\"https:\/\/www.sabine-seyffert.de\/blog\/wp-content\/uploads\/2022\/06\/Aurich-Sabine-Seyffert.de-.jpg 802w, https:\/\/www.sabine-seyffert.de\/blog\/wp-content\/uploads\/2022\/06\/Aurich-Sabine-Seyffert.de--300x224.jpg 300w, https:\/\/www.sabine-seyffert.de\/blog\/wp-content\/uploads\/2022\/06\/Aurich-Sabine-Seyffert.de--768x575.jpg 768w\" sizes=\"auto, (max-width: 802px) 100vw, 802px\" \/><\/a><\/p>\n<p style=\"text-align: justify;\">Nicht weit von dem <a href=\"https:\/\/www.sabine-seyffert.de\/blog\/?p=22973\" target=\"_blank\" rel=\"noopener noreferrer\">beschaulichen Greetsiel<\/a> liegt <a href=\"https:\/\/de.wikipedia.org\/wiki\/Aurich\" target=\"_blank\" rel=\"noopener noreferrer\">Aurich<\/a>. Ebenfalls eine Stadt (Kreisstadt), die in Ostfriesland in Niedersachsen liegt. Allerdings ist diese schon deutlich gr\u00f6\u00dfer als Greetsiel mit seinen rund 1400 Einwohnern. (In Aurich leben dagegen rund 42.000 Menschen.) Daher haben wir einen Ausflug dorthin unternommen. Mit dem Auto f\u00e4hrt man von Greetsiel aus eine gute halbe Stunde.<\/p>\n<p style=\"text-align: center;\"><a href=\"https:\/\/www.sabine-seyffert.de\/blog\/wp-content\/uploads\/2022\/06\/Aurich-Sabine-Seyffert.de-10.jpg\"><img loading=\"lazy\" decoding=\"async\" class=\"alignnone size-full wp-image-22997\" src=\"https:\/\/www.sabine-seyffert.de\/blog\/wp-content\/uploads\/2022\/06\/Aurich-Sabine-Seyffert.de-10.jpg\" alt=\"\" width=\"801\" height=\"600\" srcset=\"https:\/\/www.sabine-seyffert.de\/blog\/wp-content\/uploads\/2022\/06\/Aurich-Sabine-Seyffert.de-10.jpg 801w, https:\/\/www.sabine-seyffert.de\/blog\/wp-content\/uploads\/2022\/06\/Aurich-Sabine-Seyffert.de-10-300x225.jpg 300w, https:\/\/www.sabine-seyffert.de\/blog\/wp-content\/uploads\/2022\/06\/Aurich-Sabine-Seyffert.de-10-768x575.jpg 768w\" sizes=\"auto, (max-width: 801px) 100vw, 801px\" \/><\/a><\/p>\n<p style=\"text-align: justify;\">Geplant war den Parkplatz am Schloss zu nutzen, der war jedoch geschlossen und das Parkleitsystem hat uns etwas in die Irre gef\u00fchrt. Daher haben wir kurzerhand ein nahegelegenes Parkhaus aufgesucht und kamen von dort aus direkt am Marktplatz von Aurich raus, auf dem hoch hinaus der Sous-Turm ragt, an dem auch eine Markthalle grenzt, die von au\u00dfen rundum mit passenden Motiven zum bunten Markttreiben verziert ist.<\/p>\n<p style=\"text-align: center;\"><a href=\"https:\/\/www.sabine-seyffert.de\/blog\/wp-content\/uploads\/2022\/06\/Aurich-Sabine-Seyffert.de-2.jpg\"><img loading=\"lazy\" decoding=\"async\" class=\"alignnone size-full wp-image-23000\" src=\"https:\/\/www.sabine-seyffert.de\/blog\/wp-content\/uploads\/2022\/06\/Aurich-Sabine-Seyffert.de-2.jpg\" alt=\"\" width=\"802\" height=\"600\" srcset=\"https:\/\/www.sabine-seyffert.de\/blog\/wp-content\/uploads\/2022\/06\/Aurich-Sabine-Seyffert.de-2.jpg 802w, https:\/\/www.sabine-seyffert.de\/blog\/wp-content\/uploads\/2022\/06\/Aurich-Sabine-Seyffert.de-2-300x224.jpg 300w, https:\/\/www.sabine-seyffert.de\/blog\/wp-content\/uploads\/2022\/06\/Aurich-Sabine-Seyffert.de-2-768x575.jpg 768w\" sizes=\"auto, (max-width: 802px) 100vw, 802px\" \/><\/a><\/p>\n<p style=\"text-align: justify;\">Wir sind kurzerhand \u00fcber den Marktplatz geschlendert, zwischen den Marktst\u00e4nden umher und kamen so auf eine belegte Einkaufsmeile, die durch die Innenstadt f\u00fchrt.<\/p>\n<p style=\"text-align: center;\"><a href=\"https:\/\/www.sabine-seyffert.de\/blog\/wp-content\/uploads\/2022\/06\/Aurich-Sabine-Seyffert.de-3.jpg\"><img loading=\"lazy\" decoding=\"async\" class=\"alignnone size-full wp-image-22998\" src=\"https:\/\/www.sabine-seyffert.de\/blog\/wp-content\/uploads\/2022\/06\/Aurich-Sabine-Seyffert.de-3.jpg\" alt=\"\" width=\"801\" height=\"600\" srcset=\"https:\/\/www.sabine-seyffert.de\/blog\/wp-content\/uploads\/2022\/06\/Aurich-Sabine-Seyffert.de-3.jpg 801w, https:\/\/www.sabine-seyffert.de\/blog\/wp-content\/uploads\/2022\/06\/Aurich-Sabine-Seyffert.de-3-300x225.jpg 300w, https:\/\/www.sabine-seyffert.de\/blog\/wp-content\/uploads\/2022\/06\/Aurich-Sabine-Seyffert.de-3-768x575.jpg 768w\" sizes=\"auto, (max-width: 801px) 100vw, 801px\" \/><\/a><\/p>\n<p style=\"text-align: justify;\">Au\u00dfer ein paar gem\u00fctlichen Stra\u00dfencaf\u00e9s findet man hier allerhand Gesch\u00e4fte, eine \u201enostalgische\u201c Apotheke, den <a href=\"https:\/\/de.wikipedia.org\/wiki\/Lambertikirche_(Aurich)\" target=\"_blank\" rel=\"noopener noreferrer\">Lamberti Turm<\/a> und auch das <a href=\"https:\/\/de.wikipedia.org\/wiki\/Historisches_Museum_Aurich\" target=\"_blank\" rel=\"noopener noreferrer\">historische Museum<\/a>.<\/p>\n<p style=\"text-align: center;\"><a href=\"https:\/\/www.sabine-seyffert.de\/blog\/wp-content\/uploads\/2022\/06\/Aurich-Sabine-Seyffert.de-4.jpg\"><img loading=\"lazy\" decoding=\"async\" class=\"alignnone size-full wp-image-22999\" src=\"https:\/\/www.sabine-seyffert.de\/blog\/wp-content\/uploads\/2022\/06\/Aurich-Sabine-Seyffert.de-4.jpg\" alt=\"\" width=\"800\" height=\"600\" srcset=\"https:\/\/www.sabine-seyffert.de\/blog\/wp-content\/uploads\/2022\/06\/Aurich-Sabine-Seyffert.de-4.jpg 800w, https:\/\/www.sabine-seyffert.de\/blog\/wp-content\/uploads\/2022\/06\/Aurich-Sabine-Seyffert.de-4-300x225.jpg 300w, https:\/\/www.sabine-seyffert.de\/blog\/wp-content\/uploads\/2022\/06\/Aurich-Sabine-Seyffert.de-4-768x576.jpg 768w\" sizes=\"auto, (max-width: 800px) 100vw, 800px\" \/><\/a><\/p>\n<p style=\"text-align: justify;\">Noch ein St\u00fcck weiter die Einkaufsmeile entlang kommt man zum <a href=\"https:\/\/de.wikipedia.org\/wiki\/Auricher_Schlossbezirk\" target=\"_blank\" rel=\"noopener noreferrer\">Schloss<\/a>. In einem Teil davon ist das Landgericht untergebracht. Teile des Marstall, einem der \u00e4ltesten Geb\u00e4ude im Schlossbereich die noch erhalten sind, fanden einige Sanierungsarbeiten statt, daher war das Fotografieren leider etwas schwierig.<\/p>\n<p style=\"text-align: center;\"><a href=\"https:\/\/www.sabine-seyffert.de\/blog\/wp-content\/uploads\/2022\/06\/Aurich-Sabine-Seyffert.de-5.jpg\"><img loading=\"lazy\" decoding=\"async\" class=\"alignnone size-full wp-image-23001\" src=\"https:\/\/www.sabine-seyffert.de\/blog\/wp-content\/uploads\/2022\/06\/Aurich-Sabine-Seyffert.de-5.jpg\" alt=\"\" width=\"797\" height=\"600\" srcset=\"https:\/\/www.sabine-seyffert.de\/blog\/wp-content\/uploads\/2022\/06\/Aurich-Sabine-Seyffert.de-5.jpg 797w, https:\/\/www.sabine-seyffert.de\/blog\/wp-content\/uploads\/2022\/06\/Aurich-Sabine-Seyffert.de-5-300x226.jpg 300w, https:\/\/www.sabine-seyffert.de\/blog\/wp-content\/uploads\/2022\/06\/Aurich-Sabine-Seyffert.de-5-768x578.jpg 768w\" sizes=\"auto, (max-width: 797px) 100vw, 797px\" \/><\/a><\/p>\n<p style=\"text-align: justify;\">Vom Schloss aus haben wir von au\u00dfen einen kleinen Bogen um die Einkaufspassage gemacht. Hier kamen wir an einem nagelneuen, wundersch\u00f6nen Spielplatz vorbei. Den solltet ihr unbedingt aufsuchen, wenn ihr mit kleineren Kindern unterwegs seid. Unsere sind daf\u00fcr mittlerweile allesamt schon zu alt \ud83d\ude09<\/p>\n<p style=\"text-align: center;\"><a href=\"https:\/\/www.sabine-seyffert.de\/blog\/wp-content\/uploads\/2022\/06\/Aurich-Sabine-Seyffert.de-6.jpg\"><img loading=\"lazy\" decoding=\"async\" class=\"alignnone size-full wp-image-23002\" src=\"https:\/\/www.sabine-seyffert.de\/blog\/wp-content\/uploads\/2022\/06\/Aurich-Sabine-Seyffert.de-6.jpg\" alt=\"\" width=\"800\" height=\"600\" srcset=\"https:\/\/www.sabine-seyffert.de\/blog\/wp-content\/uploads\/2022\/06\/Aurich-Sabine-Seyffert.de-6.jpg 800w, https:\/\/www.sabine-seyffert.de\/blog\/wp-content\/uploads\/2022\/06\/Aurich-Sabine-Seyffert.de-6-300x225.jpg 300w, https:\/\/www.sabine-seyffert.de\/blog\/wp-content\/uploads\/2022\/06\/Aurich-Sabine-Seyffert.de-6-768x576.jpg 768w\" sizes=\"auto, (max-width: 800px) 100vw, 800px\" \/><\/a><\/p>\n<p style=\"text-align: justify;\">Sp\u00e4ter sind wir die Fu\u00dfg\u00e4ngerzone noch in die andere Richtung entlang geschlendert. Dort wurde gerade ein spannendes Kunstprojekt von einer K\u00fcnstlergruppe vorbereitet, die uns dazu auch einladen wollten.<\/p>\n<p style=\"text-align: center;\"><a href=\"https:\/\/www.sabine-seyffert.de\/blog\/wp-content\/uploads\/2022\/06\/Aurich-Sabine-Seyffert.de-7.jpg\"><img loading=\"lazy\" decoding=\"async\" class=\"alignnone size-full wp-image-23003\" src=\"https:\/\/www.sabine-seyffert.de\/blog\/wp-content\/uploads\/2022\/06\/Aurich-Sabine-Seyffert.de-7.jpg\" alt=\"\" width=\"802\" height=\"598\" srcset=\"https:\/\/www.sabine-seyffert.de\/blog\/wp-content\/uploads\/2022\/06\/Aurich-Sabine-Seyffert.de-7.jpg 802w, https:\/\/www.sabine-seyffert.de\/blog\/wp-content\/uploads\/2022\/06\/Aurich-Sabine-Seyffert.de-7-300x224.jpg 300w, https:\/\/www.sabine-seyffert.de\/blog\/wp-content\/uploads\/2022\/06\/Aurich-Sabine-Seyffert.de-7-768x573.jpg 768w\" sizes=\"auto, (max-width: 802px) 100vw, 802px\" \/><\/a><\/p>\n<p style=\"text-align: justify;\">Aber wir waren ja lediglich f\u00fcr diesen Tag in der Stadt und konnten dies dann leider nicht mehr bewundern.<\/p>\n<p style=\"text-align: center;\"><a href=\"https:\/\/www.sabine-seyffert.de\/blog\/wp-content\/uploads\/2022\/06\/Aurich-Sabine-Seyffert.de-8.jpg\"><img loading=\"lazy\" decoding=\"async\" class=\"alignnone size-full wp-image-23004\" src=\"https:\/\/www.sabine-seyffert.de\/blog\/wp-content\/uploads\/2022\/06\/Aurich-Sabine-Seyffert.de-8.jpg\" alt=\"\" width=\"803\" height=\"600\" srcset=\"https:\/\/www.sabine-seyffert.de\/blog\/wp-content\/uploads\/2022\/06\/Aurich-Sabine-Seyffert.de-8.jpg 803w, https:\/\/www.sabine-seyffert.de\/blog\/wp-content\/uploads\/2022\/06\/Aurich-Sabine-Seyffert.de-8-300x224.jpg 300w, https:\/\/www.sabine-seyffert.de\/blog\/wp-content\/uploads\/2022\/06\/Aurich-Sabine-Seyffert.de-8-768x574.jpg 768w\" sizes=\"auto, (max-width: 803px) 100vw, 803px\" \/><\/a><\/p>\n<p style=\"text-align: justify;\">Auch wenn es hier recht \u00fcbersichtlich ist, mir hat Aurich sehr gut gefallen und ich w\u00fcrde jederzeit wieder hinfahren. Kennt jemand von euch die Stadt oder die n\u00e4here Umgebung?<\/p>\n<p style=\"text-align: center;\"><a href=\"https:\/\/www.sabine-seyffert.de\/blog\/wp-content\/uploads\/2022\/06\/Aurich-Sabine-Seyffert.de-9.jpg\"><img loading=\"lazy\" decoding=\"async\" class=\"alignnone size-full wp-image-23005\" src=\"https:\/\/www.sabine-seyffert.de\/blog\/wp-content\/uploads\/2022\/06\/Aurich-Sabine-Seyffert.de-9.jpg\" alt=\"\" width=\"800\" height=\"599\" srcset=\"https:\/\/www.sabine-seyffert.de\/blog\/wp-content\/uploads\/2022\/06\/Aurich-Sabine-Seyffert.de-9.jpg 800w, https:\/\/www.sabine-seyffert.de\/blog\/wp-content\/uploads\/2022\/06\/Aurich-Sabine-Seyffert.de-9-300x225.jpg 300w, https:\/\/www.sabine-seyffert.de\/blog\/wp-content\/uploads\/2022\/06\/Aurich-Sabine-Seyffert.de-9-768x575.jpg 768w\" sizes=\"auto, (max-width: 800px) 100vw, 800px\" \/><\/a><\/p>\n<p style=\"text-align: justify;\">Weitere tolle Ausflugstipps f\u00fcr Familien mit Kindern findet ihr \u00fcbrigens in <a href=\"https:\/\/www.sabine-seyffert.de\/blog\/?cat=39\" target=\"_blank\" rel=\"noopener noreferrer\">dieser Rubrik<\/a>, Artikel rund um die Ferienzeit &amp; Urlaube gibt es in <a href=\"https:\/\/www.sabine-seyffert.de\/blog\/?cat=38\" target=\"_blank\" rel=\"noopener noreferrer\">diesem Ordner<\/a> und alles rund um die Sommerzeit sind in <a href=\"https:\/\/www.sabine-seyffert.de\/blog\/?cat=24\" target=\"_blank\" rel=\"noopener noreferrer\">diesem Blog Ordner<\/a>.<\/p>\n<p style=\"text-align: center;\"><a href=\"https:\/\/www.sabine-seyffert.de\/blog\/wp-content\/uploads\/2022\/06\/Aurich-Sabine-Seyffert.de-1.jpg\"><img loading=\"lazy\" decoding=\"async\" class=\"alignnone size-full wp-image-23006\" src=\"https:\/\/www.sabine-seyffert.de\/blog\/wp-content\/uploads\/2022\/06\/Aurich-Sabine-Seyffert.de-1.jpg\" alt=\"\" width=\"600\" height=\"800\" srcset=\"https:\/\/www.sabine-seyffert.de\/blog\/wp-content\/uploads\/2022\/06\/Aurich-Sabine-Seyffert.de-1.jpg 600w, https:\/\/www.sabine-seyffert.de\/blog\/wp-content\/uploads\/2022\/06\/Aurich-Sabine-Seyffert.de-1-225x300.jpg 225w\" sizes=\"auto, (max-width: 600px) 100vw, 600px\" \/><\/a><\/p>\n<p style=\"text-align: justify;\"><a href=\"https:\/\/www.sabine-seyffert.de\/blog\/?page_id=32#urheberrecht\">urheberrechtlich gesch\u00fctzt<\/a>, \u00a9 Sabine Seyffert<\/p>\n","protected":false},"excerpt":{"rendered":"<p>Nachdem wir im Herbst in Nordfriesland unterwegs waren und uns Husum, Friedrichstadt und in D\u00e4nemark Tondern angeschaut haben, waren wir in den Osterferien in Ostfriesland unterwegs. Von Greetsiel habe ich euch bereits berichtet. Nicht weit von dem beschaulichen Greetsiel liegt Aurich. Ebenfalls eine Stadt (Kreisstadt), die in Ostfriesland in Niedersachsen liegt. Allerdings ist diese schon&#8230; <a href=\"https:\/\/www.sabine-seyffert.de\/blog\/ausflugstipp-fuer-familien-ein-besuch-im-ostfriesischen-aurich\/\" class=\"more-link\">Read more: Ausflugstipp f\u00fcr Familien: Ein Besuch im ostfriesischen Aurich<\/a><\/p>\n","protected":false},"author":2,"featured_media":0,"comment_status":"open","ping_status":"open","sticky":false,"template":"","format":"standard","meta":{"_metis_text_type":"","_metis_text_length":2714,"_post_count":0,"footnotes":""},"categories":[39,38,24],"tags":[],"class_list":["post-22995","post","type-post","status-publish","format-standard","hentry","category-ausfluge-co","category-ferien","category-sommer"],"_links":{"self":[{"href":"https:\/\/www.sabine-seyffert.de\/blog\/wp-json\/wp\/v2\/posts\/22995","targetHints":{"allow":["GET"]}}],"collection":[{"href":"https:\/\/www.sabine-seyffert.de\/blog\/wp-json\/wp\/v2\/posts"}],"about":[{"href":"https:\/\/www.sabine-seyffert.de\/blog\/wp-json\/wp\/v2\/types\/post"}],"author":[{"embeddable":true,"href":"https:\/\/www.sabine-seyffert.de\/blog\/wp-json\/wp\/v2\/users\/2"}],"replies":[{"embeddable":true,"href":"https:\/\/www.sabine-seyffert.de\/blog\/wp-json\/wp\/v2\/comments?post=22995"}],"version-history":[{"count":4,"href":"https:\/\/www.sabine-seyffert.de\/blog\/wp-json\/wp\/v2\/posts\/22995\/revisions"}],"predecessor-version":[{"id":23010,"href":"https:\/\/www.sabine-seyffert.de\/blog\/wp-json\/wp\/v2\/posts\/22995\/revisions\/23010"}],"wp:attachment":[{"href":"https:\/\/www.sabine-seyffert.de\/blog\/wp-json\/wp\/v2\/media?parent=22995"}],"wp:term":[{"taxonomy":"category","embeddable":true,"href":"https:\/\/www.sabine-seyffert.de\/blog\/wp-json\/wp\/v2\/categories?post=22995"},{"taxonomy":"post_tag","embeddable":true,"href":"https:\/\/www.sabine-seyffert.de\/blog\/wp-json\/wp\/v2\/tags?post=22995"}],"curies":[{"name":"wp","href":"https:\/\/api.w.org\/{rel}","templated":true}]}}