{"id":2298,"date":"2013-08-04T09:28:45","date_gmt":"2013-08-04T07:28:45","guid":{"rendered":"http:\/\/www.sabine-seyffert.de\/blog\/?p=2298"},"modified":"2018-06-26T08:14:51","modified_gmt":"2018-06-26T06:14:51","slug":"ein-marchenhafter-sonntag","status":"publish","type":"post","link":"https:\/\/www.sabine-seyffert.de\/blog\/ein-marchenhafter-sonntag\/","title":{"rendered":"Ein m\u00e4rchenhafter Sonntag"},"content":{"rendered":"<p style=\"text-align: justify;\"><img loading=\"lazy\" decoding=\"async\" src=\"https:\/\/ssl-vg03.met.vgwort.de\/na\/1e2f753a156a4a85bb9e336851dfc2ac\" alt=\"\" width=\"1\" height=\"1\" \/><br \/>\nEs war einmal, an einem herrlich warmen Sonntag in den Ferien, dass Schneewittchen zu Besuch kam\u2026<\/p>\n<p style=\"text-align: justify;\">Und Schneewittchen kam nicht allein, sondern mit den sieben Zwergen als Begleitung, die uns im Rahmen des Sommertheaters 2013 auf der Hardt eine zauberhafte M\u00e4rchenvorstellung bescherten.<\/p>\n<p style=\"text-align: center;\"><a href=\"http:\/\/www.sabine-seyffert.de\/blog\/wp-content\/uploads\/2013\/08\/Gew\u00e4chshaus.jpg\"><img loading=\"lazy\" decoding=\"async\" class=\"alignnone size-full wp-image-2299\" src=\"http:\/\/www.sabine-seyffert.de\/blog\/wp-content\/uploads\/2013\/08\/Gew\u00e4chshaus.jpg\" alt=\"Gew\u00e4chshaus\" width=\"600\" height=\"806\" srcset=\"https:\/\/www.sabine-seyffert.de\/blog\/wp-content\/uploads\/2013\/08\/Gew\u00e4chshaus.jpg 600w, https:\/\/www.sabine-seyffert.de\/blog\/wp-content\/uploads\/2013\/08\/Gew\u00e4chshaus-223x300.jpg 223w\" sizes=\"auto, (max-width: 600px) 100vw, 600px\" \/><\/a><\/p>\n<p style=\"text-align: justify;\">So m\u00e4rchenhaft begann unser Ferienausflug am letzten Sonntagnachmittag. Und soviel kann ich verraten, es ging an diesem Feriennachmittag ganz m\u00e4rchenhaft weiter!<\/p>\n<p style=\"text-align: justify;\">Diese Auff\u00fchrung wollten wir nat\u00fcrlich nicht vers\u00e4umen \u2013 schlie\u00dflich ist es so wunderbar einem M\u00e4rchen zu lauschen und sich von diesem \u201everzaubern\u201c zu lassen. Und Theatervorstellungen f\u00fcr Kinder sind ebenfalls immer etwas ganz Besonderes.<\/p>\n<p style=\"text-align: justify;\">Also packten wir unsere sieben Sachen und machten uns auf den Weg. Die Auff\u00fchrung fand im Gew\u00e4chshaus statt. Dort standen bereits allerhand B\u00e4nke und zahlreiche, bunte Flickenteppiche luden die Kinder zum gem\u00fctlichen Sitzen auf dem Boden ein. Von dort hatte man den besten Ausblick auf den \u201eThron\u201c, der als B\u00fchne diente.<\/p>\n<p style=\"text-align: center;\"><a href=\"http:\/\/www.sabine-seyffert.de\/blog\/wp-content\/uploads\/2013\/08\/Theater-2.jpg\"><img loading=\"lazy\" decoding=\"async\" class=\"alignnone size-full wp-image-2300\" src=\"http:\/\/www.sabine-seyffert.de\/blog\/wp-content\/uploads\/2013\/08\/Theater-2.jpg\" alt=\"Theater 2\" width=\"800\" height=\"744\" srcset=\"https:\/\/www.sabine-seyffert.de\/blog\/wp-content\/uploads\/2013\/08\/Theater-2.jpg 800w, https:\/\/www.sabine-seyffert.de\/blog\/wp-content\/uploads\/2013\/08\/Theater-2-300x279.jpg 300w\" sizes=\"auto, (max-width: 800px) 100vw, 800px\" \/><\/a><\/p>\n<p style=\"text-align: justify;\">Ein Gitarrenspieler begleitete das M\u00e4rchen von \u201eSchneewittchen\u201c musikalisch, dass von der Schauspielerin Jeannette Luft sehr lebendig erz\u00e4hlt und mit Hilfe von Puppen auf ganz faszinierende Art und Weise gespielt wurde. Allein die unglaubliche \u201eStimmgewalt\u201c der Akteurin zog jeden Zuschauer in seinen Bann.<\/p>\n<p style=\"text-align: center;\"><a href=\"http:\/\/www.sabine-seyffert.de\/blog\/wp-content\/uploads\/2013\/08\/Theater-3.jpg\"><img loading=\"lazy\" decoding=\"async\" class=\"alignnone size-full wp-image-2301\" src=\"http:\/\/www.sabine-seyffert.de\/blog\/wp-content\/uploads\/2013\/08\/Theater-3.jpg\" alt=\"Theater 3\" width=\"800\" height=\"600\" srcset=\"https:\/\/www.sabine-seyffert.de\/blog\/wp-content\/uploads\/2013\/08\/Theater-3.jpg 800w, https:\/\/www.sabine-seyffert.de\/blog\/wp-content\/uploads\/2013\/08\/Theater-3-300x225.jpg 300w\" sizes=\"auto, (max-width: 800px) 100vw, 800px\" \/><\/a><\/p>\n<p style=\"text-align: justify;\">Besonders gelungen an der Umsetzung war, dass mit ganz einfachen Mitteln, so ein eindrucksvolles Erlebnis geschaffen wurde: Hier und dort wurden bekannte Kinder- bzw. Volklieder gesungen, die auf ganz wundersame Art und Weise wie f\u00fcr das M\u00e4rchen gemacht waren. Die R\u00fcckenlehne des Throns hatte zudem die Funktion eines Theatervorhangs, der zur Seite gezogen, eine weitere \u201ekleine B\u00fchne\u201c freigab. Ein kleiner Koffer, das Haus der sieben Zwerge, stellte in geschlossener Form den M\u00e4rchenwald dar, auf der Kofferr\u00fcckseite das Haus von Au\u00dfen und aufgeklappt, das gem\u00fctliche Zwergenheim von Innen. Diese Kleinigkeiten waren so liebevoll umgesetzt, das es eine wahre Freude war. Das rauschende Hochzeitsfest am Ende der Erz\u00e4hlung wurde von zart durch die Sommerluft schwebenden Seifenblasen dargestellt \u2013 rundum m\u00e4rchenhaft gelungen und zum Tr\u00e4umen sch\u00f6n\u2026<\/p>\n<p style=\"text-align: center;\"><a href=\"http:\/\/www.sabine-seyffert.de\/blog\/wp-content\/uploads\/2013\/08\/Theater-1.jpg\"><img loading=\"lazy\" decoding=\"async\" class=\"alignnone size-full wp-image-2302\" src=\"http:\/\/www.sabine-seyffert.de\/blog\/wp-content\/uploads\/2013\/08\/Theater-1.jpg\" alt=\"Theater 1\" width=\"800\" height=\"600\" srcset=\"https:\/\/www.sabine-seyffert.de\/blog\/wp-content\/uploads\/2013\/08\/Theater-1.jpg 800w, https:\/\/www.sabine-seyffert.de\/blog\/wp-content\/uploads\/2013\/08\/Theater-1-300x225.jpg 300w\" sizes=\"auto, (max-width: 800px) 100vw, 800px\" \/><\/a><\/p>\n<p style=\"text-align: justify;\">Wer die M\u00f6glichkeit hat, das aus Bremen stammende Theater &#8220;Mensch, Puppe!&#8221; live zu erleben, sollte diese Gelegenheit schnell beim Schopfe packen. Das Zusehen hat mich \u00fcbrigens derart in den Bann gezogen, dass ich vollkommen vergessen habe zwischendurch Fotos zu machen.<\/p>\n<p style=\"text-align: center;\"><a href=\"http:\/\/www.sabine-seyffert.de\/blog\/wp-content\/uploads\/2013\/08\/Theater-4.jpg\"><img loading=\"lazy\" decoding=\"async\" class=\"alignnone size-full wp-image-2303\" src=\"http:\/\/www.sabine-seyffert.de\/blog\/wp-content\/uploads\/2013\/08\/Theater-4.jpg\" alt=\"Theater 4\" width=\"600\" height=\"800\" srcset=\"https:\/\/www.sabine-seyffert.de\/blog\/wp-content\/uploads\/2013\/08\/Theater-4.jpg 600w, https:\/\/www.sabine-seyffert.de\/blog\/wp-content\/uploads\/2013\/08\/Theater-4-225x300.jpg 225w\" sizes=\"auto, (max-width: 600px) 100vw, 600px\" \/><\/a><\/p>\n<p style=\"text-align: justify;\">Ich danke Jeannette Luft f\u00fcr die Erlaubnis meine Fotos hier zu ver\u00f6ffentlichen.<\/p>\n<p style=\"text-align: justify;\">Allen einen \u201em\u00e4rchenhaften\u201c Sonntag und sonnige Gr\u00fc\u00dfe!<\/p>\n<p style=\"text-align: justify;\">PS.: Das der Zeitungsbericht \u00fcber die gelungene Auff\u00fchrung in unseren <a href=\"http:\/\/www.sabine-seyffert.de\/blog\/?p=2260\" target=\"_blank\" rel=\"noopener\">Ferienordner<\/a> gewandert ist, versteht sich wohl von selbst \ud83d\ude09<\/p>\n<p><a href=\"http:\/\/www.sabine-seyffert.de\/blog\/?page_id=32#urheberrecht\">urherrechtlich gesch\u00fctzt<\/a>, \u00a9 Sabine Seyffert<\/p>\n","protected":false},"excerpt":{"rendered":"<p>Es war einmal, an einem herrlich warmen Sonntag in den Ferien, dass Schneewittchen zu Besuch kam\u2026 Und Schneewittchen kam nicht allein, sondern mit den sieben Zwergen als Begleitung, die uns im Rahmen des Sommertheaters 2013 auf der Hardt eine zauberhafte M\u00e4rchenvorstellung bescherten. So m\u00e4rchenhaft begann unser Ferienausflug am letzten Sonntagnachmittag. Und soviel kann ich verraten,&#8230; <a href=\"https:\/\/www.sabine-seyffert.de\/blog\/ein-marchenhafter-sonntag\/\" class=\"more-link\">Read more: Ein m\u00e4rchenhafter Sonntag<\/a><\/p>\n","protected":false},"author":2,"featured_media":0,"comment_status":"open","ping_status":"open","sticky":false,"template":"","format":"standard","meta":{"_metis_text_type":"","_metis_text_length":2755,"_post_count":0,"footnotes":""},"categories":[39,38,24],"tags":[],"class_list":["post-2298","post","type-post","status-publish","format-standard","hentry","category-ausfluge-co","category-ferien","category-sommer"],"_links":{"self":[{"href":"https:\/\/www.sabine-seyffert.de\/blog\/wp-json\/wp\/v2\/posts\/2298","targetHints":{"allow":["GET"]}}],"collection":[{"href":"https:\/\/www.sabine-seyffert.de\/blog\/wp-json\/wp\/v2\/posts"}],"about":[{"href":"https:\/\/www.sabine-seyffert.de\/blog\/wp-json\/wp\/v2\/types\/post"}],"author":[{"embeddable":true,"href":"https:\/\/www.sabine-seyffert.de\/blog\/wp-json\/wp\/v2\/users\/2"}],"replies":[{"embeddable":true,"href":"https:\/\/www.sabine-seyffert.de\/blog\/wp-json\/wp\/v2\/comments?post=2298"}],"version-history":[{"count":9,"href":"https:\/\/www.sabine-seyffert.de\/blog\/wp-json\/wp\/v2\/posts\/2298\/revisions"}],"predecessor-version":[{"id":12806,"href":"https:\/\/www.sabine-seyffert.de\/blog\/wp-json\/wp\/v2\/posts\/2298\/revisions\/12806"}],"wp:attachment":[{"href":"https:\/\/www.sabine-seyffert.de\/blog\/wp-json\/wp\/v2\/media?parent=2298"}],"wp:term":[{"taxonomy":"category","embeddable":true,"href":"https:\/\/www.sabine-seyffert.de\/blog\/wp-json\/wp\/v2\/categories?post=2298"},{"taxonomy":"post_tag","embeddable":true,"href":"https:\/\/www.sabine-seyffert.de\/blog\/wp-json\/wp\/v2\/tags?post=2298"}],"curies":[{"name":"wp","href":"https:\/\/api.w.org\/{rel}","templated":true}]}}