{"id":22973,"date":"2022-06-07T12:20:47","date_gmt":"2022-06-07T10:20:47","guid":{"rendered":"https:\/\/www.sabine-seyffert.de\/blog\/?p=22973"},"modified":"2022-06-07T12:20:47","modified_gmt":"2022-06-07T10:20:47","slug":"ausflugstipps-fuer-familien-wir-nehmen-euch-mit-nach-greetsiel-in-ostfriesland","status":"publish","type":"post","link":"https:\/\/www.sabine-seyffert.de\/blog\/ausflugstipps-fuer-familien-wir-nehmen-euch-mit-nach-greetsiel-in-ostfriesland\/","title":{"rendered":"Ausflugstipps f\u00fcr Familien: Wir nehmen euch mit nach Greetsiel in Ostfriesland"},"content":{"rendered":"<p style=\"text-align: justify;\"><img loading=\"lazy\" decoding=\"async\" src=\"https:\/\/vg01.met.vgwort.de\/na\/228d8e6fcd7a40c6b3bb2f0ea205f542\" alt=\"\" width=\"1\" height=\"1\" \/>In den Osterferien waren wir mal wieder in Norddeutschland unterwegs und haben einige sch\u00f6ne St\u00e4dte erkundet. Da die Ausflugstipps auf meinem Blog immer gefragt sind und nicht nur allerhand lange Wochenenden sondern auch die Sommerferien in greifbare N\u00e4he r\u00fccken, gibt es f\u00fcr nun ein paar lohnenswerte Ausflugsziele f\u00fcr euch.<\/p>\n<p style=\"text-align: center;\"><a href=\"https:\/\/www.sabine-seyffert.de\/blog\/wp-content\/uploads\/2022\/06\/Greetsiel-1-Sabine-Seyffert.de-16.jpg\"><img loading=\"lazy\" decoding=\"async\" class=\"alignnone size-full wp-image-22974\" src=\"https:\/\/www.sabine-seyffert.de\/blog\/wp-content\/uploads\/2022\/06\/Greetsiel-1-Sabine-Seyffert.de-16.jpg\" alt=\"\" width=\"801\" height=\"600\" srcset=\"https:\/\/www.sabine-seyffert.de\/blog\/wp-content\/uploads\/2022\/06\/Greetsiel-1-Sabine-Seyffert.de-16.jpg 801w, https:\/\/www.sabine-seyffert.de\/blog\/wp-content\/uploads\/2022\/06\/Greetsiel-1-Sabine-Seyffert.de-16-300x225.jpg 300w, https:\/\/www.sabine-seyffert.de\/blog\/wp-content\/uploads\/2022\/06\/Greetsiel-1-Sabine-Seyffert.de-16-768x575.jpg 768w\" sizes=\"auto, (max-width: 801px) 100vw, 801px\" \/><\/a><\/p>\n<p style=\"text-align: justify;\">Zuerst nehme ich euch mit nach <a href=\"https:\/\/de.wikipedia.org\/wiki\/Greetsiel\" target=\"_blank\" rel=\"noopener noreferrer\">Greetsiel<\/a>. Dies ist ein kleiner, schnuckeliger und \u00fcberschaubarer K\u00fcstenort in Ostfriesland, besser gesagt ein Ortsteil der Gemeinde Krummh\u00f6rn, der mir ausgesprochen gut gefallen hat.<\/p>\n<p style=\"text-align: center;\"><a href=\"https:\/\/www.sabine-seyffert.de\/blog\/wp-content\/uploads\/2022\/06\/Greetsiel-1-Sabine-Seyffert.de_.jpg\"><img loading=\"lazy\" decoding=\"async\" class=\"alignnone size-full wp-image-22975\" src=\"https:\/\/www.sabine-seyffert.de\/blog\/wp-content\/uploads\/2022\/06\/Greetsiel-1-Sabine-Seyffert.de_.jpg\" alt=\"\" width=\"800\" height=\"600\" srcset=\"https:\/\/www.sabine-seyffert.de\/blog\/wp-content\/uploads\/2022\/06\/Greetsiel-1-Sabine-Seyffert.de_.jpg 800w, https:\/\/www.sabine-seyffert.de\/blog\/wp-content\/uploads\/2022\/06\/Greetsiel-1-Sabine-Seyffert.de_-300x225.jpg 300w, https:\/\/www.sabine-seyffert.de\/blog\/wp-content\/uploads\/2022\/06\/Greetsiel-1-Sabine-Seyffert.de_-768x576.jpg 768w\" sizes=\"auto, (max-width: 800px) 100vw, 800px\" \/><\/a><\/p>\n<p style=\"text-align: justify;\">Vor allen Dingen der historische Ortskern, der ein echter Publikumsmagnet ist und zahlreiche Touristen und Besucher anzieht. Daher ist der kleine Ort zu den Sto\u00dfzeiten auch meist ziemlich voll. Falls ihr die M\u00f6glichkeit habt Greetsiel au\u00dferhalb der Ferienzeiten zu besuchen, solltet ihr das unbedingt tun \ud83d\ude09<\/p>\n<p style=\"text-align: center;\"><a href=\"https:\/\/www.sabine-seyffert.de\/blog\/wp-content\/uploads\/2022\/06\/Greetsiel-1-Sabine-Seyffert.de-4.jpg\"><img loading=\"lazy\" decoding=\"async\" class=\"alignnone size-full wp-image-22976\" src=\"https:\/\/www.sabine-seyffert.de\/blog\/wp-content\/uploads\/2022\/06\/Greetsiel-1-Sabine-Seyffert.de-4.jpg\" alt=\"\" width=\"800\" height=\"600\" srcset=\"https:\/\/www.sabine-seyffert.de\/blog\/wp-content\/uploads\/2022\/06\/Greetsiel-1-Sabine-Seyffert.de-4.jpg 800w, https:\/\/www.sabine-seyffert.de\/blog\/wp-content\/uploads\/2022\/06\/Greetsiel-1-Sabine-Seyffert.de-4-300x225.jpg 300w, https:\/\/www.sabine-seyffert.de\/blog\/wp-content\/uploads\/2022\/06\/Greetsiel-1-Sabine-Seyffert.de-4-768x576.jpg 768w\" sizes=\"auto, (max-width: 800px) 100vw, 800px\" \/><\/a><\/p>\n<p style=\"text-align: justify;\">Am Ortseingang werdet ihr gleich von den <a href=\"https:\/\/de.wikipedia.org\/wiki\/Greetsieler_Zwillingsm%C3%BChlen\" target=\"_blank\" rel=\"noopener noreferrer\">Zwillingsm\u00fchlen<\/a> begr\u00fc\u00dft, von denen ihr bestimmt schon einmal geh\u00f6rt habt. Die geh\u00f6ren sicherlich zu den bekanntesten Sehensw\u00fcrdigkeiten von Greetsiel.<\/p>\n<p style=\"text-align: center;\"><a href=\"https:\/\/www.sabine-seyffert.de\/blog\/wp-content\/uploads\/2022\/06\/Greetsiel-1-Sabine-Seyffert.de-3.jpg\"><img loading=\"lazy\" decoding=\"async\" class=\"alignnone size-full wp-image-22977\" src=\"https:\/\/www.sabine-seyffert.de\/blog\/wp-content\/uploads\/2022\/06\/Greetsiel-1-Sabine-Seyffert.de-3.jpg\" alt=\"\" width=\"800\" height=\"600\" srcset=\"https:\/\/www.sabine-seyffert.de\/blog\/wp-content\/uploads\/2022\/06\/Greetsiel-1-Sabine-Seyffert.de-3.jpg 800w, https:\/\/www.sabine-seyffert.de\/blog\/wp-content\/uploads\/2022\/06\/Greetsiel-1-Sabine-Seyffert.de-3-300x225.jpg 300w, https:\/\/www.sabine-seyffert.de\/blog\/wp-content\/uploads\/2022\/06\/Greetsiel-1-Sabine-Seyffert.de-3-768x576.jpg 768w\" sizes=\"auto, (max-width: 800px) 100vw, 800px\" \/><\/a><\/p>\n<p style=\"text-align: justify;\">In der roten M\u00fchle, wird Mehl hergestellt, das man in dem kleiner M\u00fchlladen, ebenso wie andere regionale Produkte, kaufen kann. Diese M\u00fchle kann man \u00fcbrigens auch besichtigen.<\/p>\n<p style=\"text-align: center;\"><a href=\"https:\/\/www.sabine-seyffert.de\/blog\/wp-content\/uploads\/2022\/06\/Greetsiel-1-Sabine-Seyffert.de-0.jpg\"><img loading=\"lazy\" decoding=\"async\" class=\"alignnone size-full wp-image-22978\" src=\"https:\/\/www.sabine-seyffert.de\/blog\/wp-content\/uploads\/2022\/06\/Greetsiel-1-Sabine-Seyffert.de-0.jpg\" alt=\"\" width=\"800\" height=\"600\" srcset=\"https:\/\/www.sabine-seyffert.de\/blog\/wp-content\/uploads\/2022\/06\/Greetsiel-1-Sabine-Seyffert.de-0.jpg 800w, https:\/\/www.sabine-seyffert.de\/blog\/wp-content\/uploads\/2022\/06\/Greetsiel-1-Sabine-Seyffert.de-0-300x225.jpg 300w, https:\/\/www.sabine-seyffert.de\/blog\/wp-content\/uploads\/2022\/06\/Greetsiel-1-Sabine-Seyffert.de-0-768x576.jpg 768w\" sizes=\"auto, (max-width: 800px) 100vw, 800px\" \/><\/a><\/p>\n<p style=\"text-align: justify;\">In der gr\u00fcnen M\u00fchle findet ihr eine kleine, gem\u00fctliche Teestube. Dort kann man es sich auch an Tischen gem\u00fctlich machen, die man unmittelbar um der M\u00fchle findet.<\/p>\n<p style=\"text-align: center;\"><a href=\"https:\/\/www.sabine-seyffert.de\/blog\/wp-content\/uploads\/2022\/06\/Greetsiel-1-Sabine-Seyffert.de-1.jpg\"><img loading=\"lazy\" decoding=\"async\" class=\"alignnone size-full wp-image-22979\" src=\"https:\/\/www.sabine-seyffert.de\/blog\/wp-content\/uploads\/2022\/06\/Greetsiel-1-Sabine-Seyffert.de-1.jpg\" alt=\"\" width=\"800\" height=\"600\" srcset=\"https:\/\/www.sabine-seyffert.de\/blog\/wp-content\/uploads\/2022\/06\/Greetsiel-1-Sabine-Seyffert.de-1.jpg 800w, https:\/\/www.sabine-seyffert.de\/blog\/wp-content\/uploads\/2022\/06\/Greetsiel-1-Sabine-Seyffert.de-1-300x225.jpg 300w, https:\/\/www.sabine-seyffert.de\/blog\/wp-content\/uploads\/2022\/06\/Greetsiel-1-Sabine-Seyffert.de-1-768x576.jpg 768w\" sizes=\"auto, (max-width: 800px) 100vw, 800px\" \/><\/a><\/p>\n<p style=\"text-align: justify;\">Wenn ihr die Stra\u00dfe weiterschlendert kommt ihr an eine Br\u00fccke. Dort ist ein kleiner Bootsverleih, der auch t\u00e4glich Rundfahren anbietet. Auf der gegen\u00fcberliegenden Seite habt ihr Ausblick auf das Sch\u00f6pfwerk.<\/p>\n<p style=\"text-align: center;\"><a href=\"https:\/\/www.sabine-seyffert.de\/blog\/wp-content\/uploads\/2022\/06\/Greetsiel-1-Sabine-Seyffert.de-2.jpg\"><img loading=\"lazy\" decoding=\"async\" class=\"alignnone size-full wp-image-22980\" src=\"https:\/\/www.sabine-seyffert.de\/blog\/wp-content\/uploads\/2022\/06\/Greetsiel-1-Sabine-Seyffert.de-2.jpg\" alt=\"\" width=\"800\" height=\"600\" srcset=\"https:\/\/www.sabine-seyffert.de\/blog\/wp-content\/uploads\/2022\/06\/Greetsiel-1-Sabine-Seyffert.de-2.jpg 800w, https:\/\/www.sabine-seyffert.de\/blog\/wp-content\/uploads\/2022\/06\/Greetsiel-1-Sabine-Seyffert.de-2-300x225.jpg 300w, https:\/\/www.sabine-seyffert.de\/blog\/wp-content\/uploads\/2022\/06\/Greetsiel-1-Sabine-Seyffert.de-2-768x576.jpg 768w\" sizes=\"auto, (max-width: 800px) 100vw, 800px\" \/><\/a><\/p>\n<p style=\"text-align: justify;\">Hinter der Br\u00fccke f\u00fchrt eine sch\u00f6ne Gasse in den Ortskern. Schon hier k\u00f6nnt ihr auf beiden Seiten die prachtvollen Altbauten bewundern und in geschmackvollen L\u00e4den st\u00f6bern.<\/p>\n<p style=\"text-align: center;\"><a href=\"https:\/\/www.sabine-seyffert.de\/blog\/wp-content\/uploads\/2022\/06\/Greetsiel-1-Sabine-Seyffert.de-5.jpg\"><img loading=\"lazy\" decoding=\"async\" class=\"alignnone size-full wp-image-22981\" src=\"https:\/\/www.sabine-seyffert.de\/blog\/wp-content\/uploads\/2022\/06\/Greetsiel-1-Sabine-Seyffert.de-5.jpg\" alt=\"\" width=\"800\" height=\"600\" srcset=\"https:\/\/www.sabine-seyffert.de\/blog\/wp-content\/uploads\/2022\/06\/Greetsiel-1-Sabine-Seyffert.de-5.jpg 800w, https:\/\/www.sabine-seyffert.de\/blog\/wp-content\/uploads\/2022\/06\/Greetsiel-1-Sabine-Seyffert.de-5-300x225.jpg 300w, https:\/\/www.sabine-seyffert.de\/blog\/wp-content\/uploads\/2022\/06\/Greetsiel-1-Sabine-Seyffert.de-5-768x576.jpg 768w\" sizes=\"auto, (max-width: 800px) 100vw, 800px\" \/><\/a><\/p>\n<p style=\"text-align: justify;\">Es lohnt sich hier und da kleine Abstecher in die vielen kleinen Gassen zu machen. Denn darin kommt man sich vor, wie in einer Puppenstube.<\/p>\n<p style=\"text-align: center;\"><a href=\"https:\/\/www.sabine-seyffert.de\/blog\/wp-content\/uploads\/2022\/06\/Greetsiel-1-Sabine-Seyffert.de-6.jpg\"><img loading=\"lazy\" decoding=\"async\" class=\"alignnone size-full wp-image-22982\" src=\"https:\/\/www.sabine-seyffert.de\/blog\/wp-content\/uploads\/2022\/06\/Greetsiel-1-Sabine-Seyffert.de-6.jpg\" alt=\"\" width=\"800\" height=\"600\" srcset=\"https:\/\/www.sabine-seyffert.de\/blog\/wp-content\/uploads\/2022\/06\/Greetsiel-1-Sabine-Seyffert.de-6.jpg 800w, https:\/\/www.sabine-seyffert.de\/blog\/wp-content\/uploads\/2022\/06\/Greetsiel-1-Sabine-Seyffert.de-6-300x225.jpg 300w, https:\/\/www.sabine-seyffert.de\/blog\/wp-content\/uploads\/2022\/06\/Greetsiel-1-Sabine-Seyffert.de-6-768x576.jpg 768w\" sizes=\"auto, (max-width: 800px) 100vw, 800px\" \/><\/a><\/p>\n<p style=\"text-align: justify;\">Wenn ihr der \u201eHauptstra\u00dfe\u201c folgt, landet ihr direkt im historischen Ortskern, von dem aus ihr auch an den kleinen Hafen gelangt.<\/p>\n<p style=\"text-align: center;\"><a href=\"https:\/\/www.sabine-seyffert.de\/blog\/wp-content\/uploads\/2022\/06\/Greetsiel-1-Sabine-Seyffert.de-7.jpg\"><img loading=\"lazy\" decoding=\"async\" class=\"alignnone size-full wp-image-22983\" src=\"https:\/\/www.sabine-seyffert.de\/blog\/wp-content\/uploads\/2022\/06\/Greetsiel-1-Sabine-Seyffert.de-7.jpg\" alt=\"\" width=\"800\" height=\"600\" srcset=\"https:\/\/www.sabine-seyffert.de\/blog\/wp-content\/uploads\/2022\/06\/Greetsiel-1-Sabine-Seyffert.de-7.jpg 800w, https:\/\/www.sabine-seyffert.de\/blog\/wp-content\/uploads\/2022\/06\/Greetsiel-1-Sabine-Seyffert.de-7-300x225.jpg 300w, https:\/\/www.sabine-seyffert.de\/blog\/wp-content\/uploads\/2022\/06\/Greetsiel-1-Sabine-Seyffert.de-7-768x576.jpg 768w\" sizes=\"auto, (max-width: 800px) 100vw, 800px\" \/><\/a><\/p>\n<p style=\"text-align: justify;\">Ein wenig erinnert mich die Stadt an unsere Ausfl\u00fcge nach <a href=\"https:\/\/www.sabine-seyffert.de\/blog\/?p=14617\" target=\"_blank\" rel=\"noopener noreferrer\">Amersfoort<\/a>, <a href=\"https:\/\/www.sabine-seyffert.de\/blog\/?p=14438\" target=\"_blank\" rel=\"noopener noreferrer\">Veere<\/a> oder auch <a href=\"https:\/\/www.sabine-seyffert.de\/blog\/?p=21593\" target=\"_blank\" rel=\"noopener noreferrer\">Friedrichstadt<\/a>. Wie ihr wisst mag ich solche gem\u00fctlichen St\u00e4dtchen einfach zu gerne, weil sie immer ihren ganz pers\u00f6nlichen Charme haben.<\/p>\n<p style=\"text-align: center;\"><a href=\"https:\/\/www.sabine-seyffert.de\/blog\/wp-content\/uploads\/2022\/06\/Greetsiel-1-Sabine-Seyffert.de-8.jpg\"><img loading=\"lazy\" decoding=\"async\" class=\"alignnone size-full wp-image-22984\" src=\"https:\/\/www.sabine-seyffert.de\/blog\/wp-content\/uploads\/2022\/06\/Greetsiel-1-Sabine-Seyffert.de-8.jpg\" alt=\"\" width=\"800\" height=\"600\" srcset=\"https:\/\/www.sabine-seyffert.de\/blog\/wp-content\/uploads\/2022\/06\/Greetsiel-1-Sabine-Seyffert.de-8.jpg 800w, https:\/\/www.sabine-seyffert.de\/blog\/wp-content\/uploads\/2022\/06\/Greetsiel-1-Sabine-Seyffert.de-8-300x225.jpg 300w, https:\/\/www.sabine-seyffert.de\/blog\/wp-content\/uploads\/2022\/06\/Greetsiel-1-Sabine-Seyffert.de-8-768x576.jpg 768w\" sizes=\"auto, (max-width: 800px) 100vw, 800px\" \/><\/a><\/p>\n<p style=\"text-align: justify;\">Wer von euch mit Kindern unterwegs ist, sollte man das L\u00fckko Leuchtturm Kinderhaus aufsuchen. Dort gibt es allerhand Kursangebote und Programm f\u00fcr Familien mit Kindern.<\/p>\n<p style=\"text-align: center;\"><a href=\"https:\/\/www.sabine-seyffert.de\/blog\/wp-content\/uploads\/2022\/06\/Greetsiel-1-Sabine-Seyffert.de-9.jpg\"><img loading=\"lazy\" decoding=\"async\" class=\"alignnone size-full wp-image-22985\" src=\"https:\/\/www.sabine-seyffert.de\/blog\/wp-content\/uploads\/2022\/06\/Greetsiel-1-Sabine-Seyffert.de-9.jpg\" alt=\"\" width=\"802\" height=\"600\" srcset=\"https:\/\/www.sabine-seyffert.de\/blog\/wp-content\/uploads\/2022\/06\/Greetsiel-1-Sabine-Seyffert.de-9.jpg 802w, https:\/\/www.sabine-seyffert.de\/blog\/wp-content\/uploads\/2022\/06\/Greetsiel-1-Sabine-Seyffert.de-9-300x224.jpg 300w, https:\/\/www.sabine-seyffert.de\/blog\/wp-content\/uploads\/2022\/06\/Greetsiel-1-Sabine-Seyffert.de-9-768x575.jpg 768w\" sizes=\"auto, (max-width: 802px) 100vw, 802px\" \/><\/a><\/p>\n<p style=\"text-align: justify;\">Drau\u00dfen gibt es einen sch\u00f6nen Spielplatz und direkt daneben eine Minigolf Anlage, auf der man f\u00fcr wirklich wenig Geld eine Partie Minigolf spielen kann.<\/p>\n<p style=\"text-align: center;\"><a href=\"https:\/\/www.sabine-seyffert.de\/blog\/wp-content\/uploads\/2022\/06\/Greetsiel-1-Sabine-Seyffert.de-10.jpg\"><img loading=\"lazy\" decoding=\"async\" class=\"alignnone size-full wp-image-22986\" src=\"https:\/\/www.sabine-seyffert.de\/blog\/wp-content\/uploads\/2022\/06\/Greetsiel-1-Sabine-Seyffert.de-10.jpg\" alt=\"\" width=\"801\" height=\"600\" srcset=\"https:\/\/www.sabine-seyffert.de\/blog\/wp-content\/uploads\/2022\/06\/Greetsiel-1-Sabine-Seyffert.de-10.jpg 801w, https:\/\/www.sabine-seyffert.de\/blog\/wp-content\/uploads\/2022\/06\/Greetsiel-1-Sabine-Seyffert.de-10-300x225.jpg 300w, https:\/\/www.sabine-seyffert.de\/blog\/wp-content\/uploads\/2022\/06\/Greetsiel-1-Sabine-Seyffert.de-10-768x575.jpg 768w\" sizes=\"auto, (max-width: 801px) 100vw, 801px\" \/><\/a><\/p>\n<p style=\"text-align: justify;\">Wer euch Meerweh hat, kann von hier aus gut ins nahegelegen <a href=\"https:\/\/de.wikipedia.org\/wiki\/Norddeich\" target=\"_blank\" rel=\"noopener noreferrer\">Norddeich<\/a> fahren, wo es einen gro\u00dfen Strand samt Meer gibt. Allerdings hat es uns ehrlich gesagt dort nicht so gut gefallen, daher gibt es dazu auch keinen Ausflugsbericht.<\/p>\n<p style=\"text-align: center;\"><a href=\"https:\/\/www.sabine-seyffert.de\/blog\/wp-content\/uploads\/2022\/06\/Greetsiel-1-Sabine-Seyffert.de-11.jpg\"><img loading=\"lazy\" decoding=\"async\" class=\"alignnone size-full wp-image-22987\" src=\"https:\/\/www.sabine-seyffert.de\/blog\/wp-content\/uploads\/2022\/06\/Greetsiel-1-Sabine-Seyffert.de-11.jpg\" alt=\"\" width=\"800\" height=\"600\" srcset=\"https:\/\/www.sabine-seyffert.de\/blog\/wp-content\/uploads\/2022\/06\/Greetsiel-1-Sabine-Seyffert.de-11.jpg 800w, https:\/\/www.sabine-seyffert.de\/blog\/wp-content\/uploads\/2022\/06\/Greetsiel-1-Sabine-Seyffert.de-11-300x225.jpg 300w, https:\/\/www.sabine-seyffert.de\/blog\/wp-content\/uploads\/2022\/06\/Greetsiel-1-Sabine-Seyffert.de-11-768x576.jpg 768w\" sizes=\"auto, (max-width: 800px) 100vw, 800px\" \/><\/a><\/p>\n<p style=\"text-align: justify;\">Wart ihr schon mal in Greetsiel? Was hat euch dort besonders gut gefallen?<\/p>\n<p style=\"text-align: center;\"><a href=\"https:\/\/www.sabine-seyffert.de\/blog\/wp-content\/uploads\/2022\/06\/Greetsiel-1-Sabine-Seyffert.de-12.jpg\"><img loading=\"lazy\" decoding=\"async\" class=\"alignnone size-full wp-image-22988\" src=\"https:\/\/www.sabine-seyffert.de\/blog\/wp-content\/uploads\/2022\/06\/Greetsiel-1-Sabine-Seyffert.de-12.jpg\" alt=\"\" width=\"800\" height=\"600\" srcset=\"https:\/\/www.sabine-seyffert.de\/blog\/wp-content\/uploads\/2022\/06\/Greetsiel-1-Sabine-Seyffert.de-12.jpg 800w, https:\/\/www.sabine-seyffert.de\/blog\/wp-content\/uploads\/2022\/06\/Greetsiel-1-Sabine-Seyffert.de-12-300x225.jpg 300w, https:\/\/www.sabine-seyffert.de\/blog\/wp-content\/uploads\/2022\/06\/Greetsiel-1-Sabine-Seyffert.de-12-768x576.jpg 768w\" sizes=\"auto, (max-width: 800px) 100vw, 800px\" \/><\/a><\/p>\n<p style=\"text-align: justify;\">In K\u00fcrze nehme ich euch auch noch mit nach Aurich und Leer, denn die beiden St\u00e4dte liegen ganz in der N\u00e4he.<\/p>\n<p style=\"text-align: center;\"><a href=\"https:\/\/www.sabine-seyffert.de\/blog\/wp-content\/uploads\/2022\/06\/Greetsiel-1-Sabine-Seyffert.de-14.jpg\"><img loading=\"lazy\" decoding=\"async\" class=\"alignnone size-full wp-image-22989\" src=\"https:\/\/www.sabine-seyffert.de\/blog\/wp-content\/uploads\/2022\/06\/Greetsiel-1-Sabine-Seyffert.de-14.jpg\" alt=\"\" width=\"802\" height=\"600\" srcset=\"https:\/\/www.sabine-seyffert.de\/blog\/wp-content\/uploads\/2022\/06\/Greetsiel-1-Sabine-Seyffert.de-14.jpg 802w, https:\/\/www.sabine-seyffert.de\/blog\/wp-content\/uploads\/2022\/06\/Greetsiel-1-Sabine-Seyffert.de-14-300x224.jpg 300w, https:\/\/www.sabine-seyffert.de\/blog\/wp-content\/uploads\/2022\/06\/Greetsiel-1-Sabine-Seyffert.de-14-768x575.jpg 768w\" sizes=\"auto, (max-width: 802px) 100vw, 802px\" \/><\/a><\/p>\n<p style=\"text-align: justify;\">Weitere tolle Ausflugstipps f\u00fcr Familien mit Kindern findet ihr \u00fcbrigens in <a href=\"https:\/\/www.sabine-seyffert.de\/blog\/?cat=39\" target=\"_blank\" rel=\"noopener noreferrer\">dieser Rubrik<\/a>, Artikel rund um die Ferienzeit &amp; Urlaube gibt es in <a href=\"https:\/\/www.sabine-seyffert.de\/blog\/?cat=38\" target=\"_blank\" rel=\"noopener noreferrer\">diesem Ordner<\/a> und alles rund um die Sommerzeit sind in <a href=\"https:\/\/www.sabine-seyffert.de\/blog\/?cat=24\" target=\"_blank\" rel=\"noopener noreferrer\">diesem Blog Ordner<\/a>.<\/p>\n<p style=\"text-align: center;\"><a href=\"https:\/\/www.sabine-seyffert.de\/blog\/wp-content\/uploads\/2022\/06\/Greetsiel-1-Sabine-Seyffert.de-15.jpg\"><img loading=\"lazy\" decoding=\"async\" class=\"alignnone size-full wp-image-22991\" src=\"https:\/\/www.sabine-seyffert.de\/blog\/wp-content\/uploads\/2022\/06\/Greetsiel-1-Sabine-Seyffert.de-15.jpg\" alt=\"\" width=\"800\" height=\"600\" srcset=\"https:\/\/www.sabine-seyffert.de\/blog\/wp-content\/uploads\/2022\/06\/Greetsiel-1-Sabine-Seyffert.de-15.jpg 800w, https:\/\/www.sabine-seyffert.de\/blog\/wp-content\/uploads\/2022\/06\/Greetsiel-1-Sabine-Seyffert.de-15-300x225.jpg 300w, https:\/\/www.sabine-seyffert.de\/blog\/wp-content\/uploads\/2022\/06\/Greetsiel-1-Sabine-Seyffert.de-15-768x576.jpg 768w\" sizes=\"auto, (max-width: 800px) 100vw, 800px\" \/><\/a><\/p>\n<p style=\"text-align: justify;\"><a href=\"https:\/\/www.sabine-seyffert.de\/blog\/?page_id=32#urheberrecht\">urheberrechtlich gesch\u00fctzt<\/a>, \u00a9 Sabine Seyffert<\/p>\n","protected":false},"excerpt":{"rendered":"<p>In den Osterferien waren wir mal wieder in Norddeutschland unterwegs und haben einige sch\u00f6ne St\u00e4dte erkundet. Da die Ausflugstipps auf meinem Blog immer gefragt sind und nicht nur allerhand lange Wochenenden sondern auch die Sommerferien in greifbare N\u00e4he r\u00fccken, gibt es f\u00fcr nun ein paar lohnenswerte Ausflugsziele f\u00fcr euch. Zuerst nehme ich euch mit nach&#8230; <a href=\"https:\/\/www.sabine-seyffert.de\/blog\/ausflugstipps-fuer-familien-wir-nehmen-euch-mit-nach-greetsiel-in-ostfriesland\/\" class=\"more-link\">Read more: Ausflugstipps f\u00fcr Familien: Wir nehmen euch mit nach Greetsiel in Ostfriesland<\/a><\/p>\n","protected":false},"author":2,"featured_media":0,"comment_status":"open","ping_status":"open","sticky":false,"template":"","format":"standard","meta":{"_metis_text_type":"","_metis_text_length":3256,"_post_count":0,"footnotes":""},"categories":[39,38,24],"tags":[],"class_list":["post-22973","post","type-post","status-publish","format-standard","hentry","category-ausfluge-co","category-ferien","category-sommer"],"_links":{"self":[{"href":"https:\/\/www.sabine-seyffert.de\/blog\/wp-json\/wp\/v2\/posts\/22973","targetHints":{"allow":["GET"]}}],"collection":[{"href":"https:\/\/www.sabine-seyffert.de\/blog\/wp-json\/wp\/v2\/posts"}],"about":[{"href":"https:\/\/www.sabine-seyffert.de\/blog\/wp-json\/wp\/v2\/types\/post"}],"author":[{"embeddable":true,"href":"https:\/\/www.sabine-seyffert.de\/blog\/wp-json\/wp\/v2\/users\/2"}],"replies":[{"embeddable":true,"href":"https:\/\/www.sabine-seyffert.de\/blog\/wp-json\/wp\/v2\/comments?post=22973"}],"version-history":[{"count":3,"href":"https:\/\/www.sabine-seyffert.de\/blog\/wp-json\/wp\/v2\/posts\/22973\/revisions"}],"predecessor-version":[{"id":22994,"href":"https:\/\/www.sabine-seyffert.de\/blog\/wp-json\/wp\/v2\/posts\/22973\/revisions\/22994"}],"wp:attachment":[{"href":"https:\/\/www.sabine-seyffert.de\/blog\/wp-json\/wp\/v2\/media?parent=22973"}],"wp:term":[{"taxonomy":"category","embeddable":true,"href":"https:\/\/www.sabine-seyffert.de\/blog\/wp-json\/wp\/v2\/categories?post=22973"},{"taxonomy":"post_tag","embeddable":true,"href":"https:\/\/www.sabine-seyffert.de\/blog\/wp-json\/wp\/v2\/tags?post=22973"}],"curies":[{"name":"wp","href":"https:\/\/api.w.org\/{rel}","templated":true}]}}