{"id":22925,"date":"2022-05-20T06:00:05","date_gmt":"2022-05-20T04:00:05","guid":{"rendered":"https:\/\/www.sabine-seyffert.de\/blog\/?p=22925"},"modified":"2022-05-11T10:33:02","modified_gmt":"2022-05-11T08:33:02","slug":"diy-bastelidee-fuer-kinder-biene-aus-walnuss-basteln-collage-aus-pappe-zeitungspapier","status":"publish","type":"post","link":"https:\/\/www.sabine-seyffert.de\/blog\/diy-bastelidee-fuer-kinder-biene-aus-walnuss-basteln-collage-aus-pappe-zeitungspapier\/","title":{"rendered":"DIY Bastelidee f\u00fcr Kinder: Biene aus Walnuss basteln &#8211; Collage aus Pappe &#038; Zeitungspapier"},"content":{"rendered":"<p style=\"text-align: justify;\"><img loading=\"lazy\" decoding=\"async\" src=\"https:\/\/vg01.met.vgwort.de\/na\/19e5f6899a9942d880c4df02bbeb073e\" alt=\"\" width=\"1\" height=\"1\" \/>In unserem Garten summt es ganz sch\u00f6n fr\u00f6hliche vor sich hin. Besonders in der Hecke, dem Lavendel und vor allem im Strauch der Mini Hagebutte f\u00fchlen sich die Bienchen offensichtlich ausgesprochen wohl. Daher gibt es passend zu dem lustigen Herumgesumme noch eine kreative Besch\u00e4ftigungsidee f\u00fcr Kinder, passend zum heutigen Weltbienentag. Wie bei vielen meiner Bastelideen mit herk\u00f6mmlichem Bastelmaterial, das auch ihr mit Sicherheit Zuhause habt.<\/p>\n<p style=\"text-align: center;\"><a href=\"https:\/\/www.sabine-seyffert.de\/blog\/wp-content\/uploads\/2022\/05\/Biene-Walnuss-Bild-Sabine-Seyffert.de-9.jpg\"><img loading=\"lazy\" decoding=\"async\" class=\"alignnone size-full wp-image-22926\" src=\"https:\/\/www.sabine-seyffert.de\/blog\/wp-content\/uploads\/2022\/05\/Biene-Walnuss-Bild-Sabine-Seyffert.de-9.jpg\" alt=\"\" width=\"800\" height=\"600\" srcset=\"https:\/\/www.sabine-seyffert.de\/blog\/wp-content\/uploads\/2022\/05\/Biene-Walnuss-Bild-Sabine-Seyffert.de-9.jpg 800w, https:\/\/www.sabine-seyffert.de\/blog\/wp-content\/uploads\/2022\/05\/Biene-Walnuss-Bild-Sabine-Seyffert.de-9-300x225.jpg 300w, https:\/\/www.sabine-seyffert.de\/blog\/wp-content\/uploads\/2022\/05\/Biene-Walnuss-Bild-Sabine-Seyffert.de-9-768x576.jpg 768w\" sizes=\"auto, (max-width: 800px) 100vw, 800px\" \/><\/a><\/p>\n<p style=\"text-align: justify;\"><strong>Das wird gebraucht:<\/strong><br \/>\nWaln\u00fcsse, einen Nussknacker, gelbe Wolle, Basteldraht, gelbe Perlen, Pappe \/ ein leerer Karton, ein Bastelmesser \/ Cutter, eine Bastelschere, einen Wasserfarbkasten inklusiv Deckwei\u00df, Pinsel, eine alte Tageszeitung, Bastelkleber \/ Klebestift, eine Malunterlage und <a href=\"https:\/\/www.sabine-seyffert.de\/blog\/?p=12310\" target=\"_blank\" rel=\"noopener noreferrer\">einen Bastelkittel<\/a><\/p>\n<p style=\"text-align: center;\"><a href=\"https:\/\/www.sabine-seyffert.de\/blog\/wp-content\/uploads\/2022\/05\/Biene-Walnuss-Bild-Sabine-Seyffert.de-0.jpg\"><img loading=\"lazy\" decoding=\"async\" class=\"alignnone size-full wp-image-22927\" src=\"https:\/\/www.sabine-seyffert.de\/blog\/wp-content\/uploads\/2022\/05\/Biene-Walnuss-Bild-Sabine-Seyffert.de-0.jpg\" alt=\"\" width=\"800\" height=\"600\" srcset=\"https:\/\/www.sabine-seyffert.de\/blog\/wp-content\/uploads\/2022\/05\/Biene-Walnuss-Bild-Sabine-Seyffert.de-0.jpg 800w, https:\/\/www.sabine-seyffert.de\/blog\/wp-content\/uploads\/2022\/05\/Biene-Walnuss-Bild-Sabine-Seyffert.de-0-300x225.jpg 300w, https:\/\/www.sabine-seyffert.de\/blog\/wp-content\/uploads\/2022\/05\/Biene-Walnuss-Bild-Sabine-Seyffert.de-0-768x576.jpg 768w\" sizes=\"auto, (max-width: 800px) 100vw, 800px\" \/><\/a><\/p>\n<p style=\"text-align: justify;\"><strong>So wird\u2019s gemacht:<\/strong><br \/>\nDeckt den Tisch mit ein paar Bl\u00e4ttern Zeitung oder einer Bastelunterlage ab und die Kinder ziehen sich ihren Malkittel \u00fcber. W\u00e4hrend ein Erwachsener mit einem scharfen Messer einem Pappkarton zu Leibe r\u00fcckt und diesen auseinander schneidet, k\u00f6nnen die Kinder sich das restliche Zeitungspapier vornehmen.<\/p>\n<p style=\"text-align: center;\"><a href=\"https:\/\/www.sabine-seyffert.de\/blog\/wp-content\/uploads\/2022\/05\/Biene-Walnuss-Bild-Sabine-Seyffert.de-0-1.jpg\"><img loading=\"lazy\" decoding=\"async\" class=\"alignnone size-full wp-image-22931\" src=\"https:\/\/www.sabine-seyffert.de\/blog\/wp-content\/uploads\/2022\/05\/Biene-Walnuss-Bild-Sabine-Seyffert.de-0-1.jpg\" alt=\"\" width=\"800\" height=\"600\" srcset=\"https:\/\/www.sabine-seyffert.de\/blog\/wp-content\/uploads\/2022\/05\/Biene-Walnuss-Bild-Sabine-Seyffert.de-0-1.jpg 800w, https:\/\/www.sabine-seyffert.de\/blog\/wp-content\/uploads\/2022\/05\/Biene-Walnuss-Bild-Sabine-Seyffert.de-0-1-300x225.jpg 300w, https:\/\/www.sabine-seyffert.de\/blog\/wp-content\/uploads\/2022\/05\/Biene-Walnuss-Bild-Sabine-Seyffert.de-0-1-768x576.jpg 768w\" sizes=\"auto, (max-width: 800px) 100vw, 800px\" \/><\/a><\/p>\n<p style=\"text-align: justify;\">Das wird mit Wasserfarbe zu <a href=\"https:\/\/www.sabine-seyffert.de\/blog\/?p=13917\" target=\"_blank\" rel=\"noopener noreferrer\">kostenlosem Bastelpapier<\/a> umgewandelt. Dazu bemalt man das Papier, wie hier, mit Wasserfarben. In unserem Fall waren die verschiedene Blaut\u00f6ne und ein mit Deckwei\u00df bemaltes St\u00fcck.<\/p>\n<p style=\"text-align: center;\"><a href=\"https:\/\/www.sabine-seyffert.de\/blog\/wp-content\/uploads\/2022\/05\/Biene-Walnuss-Bild-Sabine-Seyffert.de-8.jpg\"><img loading=\"lazy\" decoding=\"async\" class=\"alignnone size-full wp-image-22932\" src=\"https:\/\/www.sabine-seyffert.de\/blog\/wp-content\/uploads\/2022\/05\/Biene-Walnuss-Bild-Sabine-Seyffert.de-8.jpg\" alt=\"\" width=\"800\" height=\"600\" srcset=\"https:\/\/www.sabine-seyffert.de\/blog\/wp-content\/uploads\/2022\/05\/Biene-Walnuss-Bild-Sabine-Seyffert.de-8.jpg 800w, https:\/\/www.sabine-seyffert.de\/blog\/wp-content\/uploads\/2022\/05\/Biene-Walnuss-Bild-Sabine-Seyffert.de-8-300x225.jpg 300w, https:\/\/www.sabine-seyffert.de\/blog\/wp-content\/uploads\/2022\/05\/Biene-Walnuss-Bild-Sabine-Seyffert.de-8-768x576.jpg 768w\" sizes=\"auto, (max-width: 800px) 100vw, 800px\" \/><\/a><\/p>\n<p style=\"text-align: justify;\">W\u00e4hrend das selbst gemachte Bastelpapier kurz trocknet, kann sich jeder aus der Pappe ein rechteckiges St\u00fcck (etwa Gr\u00f6\u00dfe Din A 5) zuschneiden und aus der restlichen Pappe etwas Schilf basteln: Lange St\u00fccke f\u00fcr das Gras und auch ein paar Kolben f\u00fcr das Schilfrohr.<\/p>\n<p style=\"text-align: center;\"><a href=\"https:\/\/www.sabine-seyffert.de\/blog\/wp-content\/uploads\/2022\/05\/Biene-Walnuss-Bild-Sabine-Seyffert.de-7.jpg\"><img loading=\"lazy\" decoding=\"async\" class=\"alignnone size-full wp-image-22939\" src=\"https:\/\/www.sabine-seyffert.de\/blog\/wp-content\/uploads\/2022\/05\/Biene-Walnuss-Bild-Sabine-Seyffert.de-7.jpg\" alt=\"\" width=\"800\" height=\"600\" srcset=\"https:\/\/www.sabine-seyffert.de\/blog\/wp-content\/uploads\/2022\/05\/Biene-Walnuss-Bild-Sabine-Seyffert.de-7.jpg 800w, https:\/\/www.sabine-seyffert.de\/blog\/wp-content\/uploads\/2022\/05\/Biene-Walnuss-Bild-Sabine-Seyffert.de-7-300x225.jpg 300w, https:\/\/www.sabine-seyffert.de\/blog\/wp-content\/uploads\/2022\/05\/Biene-Walnuss-Bild-Sabine-Seyffert.de-7-768x576.jpg 768w\" sizes=\"auto, (max-width: 800px) 100vw, 800px\" \/><\/a><\/p>\n<p style=\"text-align: justify;\">Ein kleines St\u00fcck Pappe f\u00fcr das Ufer des Teichs, rei\u00dft man zackig ein und zieht dann vorsichtig die oberste Papierschicht ab, so dass die Wellen darunter zum Vorschein kommen.<\/p>\n<p style=\"text-align: center;\"><a href=\"https:\/\/www.sabine-seyffert.de\/blog\/wp-content\/uploads\/2022\/05\/Biene-Walnuss-Bild-Sabine-Seyffert.de-6.jpg\"><img loading=\"lazy\" decoding=\"async\" class=\"alignnone size-full wp-image-22938\" src=\"https:\/\/www.sabine-seyffert.de\/blog\/wp-content\/uploads\/2022\/05\/Biene-Walnuss-Bild-Sabine-Seyffert.de-6.jpg\" alt=\"\" width=\"800\" height=\"600\" srcset=\"https:\/\/www.sabine-seyffert.de\/blog\/wp-content\/uploads\/2022\/05\/Biene-Walnuss-Bild-Sabine-Seyffert.de-6.jpg 800w, https:\/\/www.sabine-seyffert.de\/blog\/wp-content\/uploads\/2022\/05\/Biene-Walnuss-Bild-Sabine-Seyffert.de-6-300x225.jpg 300w, https:\/\/www.sabine-seyffert.de\/blog\/wp-content\/uploads\/2022\/05\/Biene-Walnuss-Bild-Sabine-Seyffert.de-6-768x576.jpg 768w\" sizes=\"auto, (max-width: 800px) 100vw, 800px\" \/><\/a><\/p>\n<p style=\"text-align: justify;\">Das Schilfrohr kann man mit brauner Wasserfarbe, Wachsmalern oder auch braun bemaltem Zeitungspapier farblich abheben. Auf die Pappe klebt man nun mit dem bemalten Papier den Hintergrund.<\/p>\n<p style=\"text-align: center;\"><a href=\"https:\/\/www.sabine-seyffert.de\/blog\/wp-content\/uploads\/2022\/05\/Biene-Walnuss-Bild-Sabine-Seyffert.de-5.jpg\"><img loading=\"lazy\" decoding=\"async\" class=\"alignnone size-full wp-image-22937\" src=\"https:\/\/www.sabine-seyffert.de\/blog\/wp-content\/uploads\/2022\/05\/Biene-Walnuss-Bild-Sabine-Seyffert.de-5.jpg\" alt=\"\" width=\"800\" height=\"600\" srcset=\"https:\/\/www.sabine-seyffert.de\/blog\/wp-content\/uploads\/2022\/05\/Biene-Walnuss-Bild-Sabine-Seyffert.de-5.jpg 800w, https:\/\/www.sabine-seyffert.de\/blog\/wp-content\/uploads\/2022\/05\/Biene-Walnuss-Bild-Sabine-Seyffert.de-5-300x225.jpg 300w, https:\/\/www.sabine-seyffert.de\/blog\/wp-content\/uploads\/2022\/05\/Biene-Walnuss-Bild-Sabine-Seyffert.de-5-768x576.jpg 768w\" sizes=\"auto, (max-width: 800px) 100vw, 800px\" \/><\/a><\/p>\n<p style=\"text-align: justify;\">Der gr\u00f6\u00dfte Teil ist der Himmel und hellblau und der untere Bereich aus verschiedenen Blaut\u00f6nen. Dazu rei\u00dft man das Zeitungspapier in Streifen und klebt diese \u00fcbereinander, so das kleine \u201eWellen\u201c entstehen.<\/p>\n<p style=\"text-align: center;\"><a href=\"https:\/\/www.sabine-seyffert.de\/blog\/wp-content\/uploads\/2022\/05\/Biene-Walnuss-Bild-Sabine-Seyffert.de-3.jpg\"><img loading=\"lazy\" decoding=\"async\" class=\"alignnone size-full wp-image-22936\" src=\"https:\/\/www.sabine-seyffert.de\/blog\/wp-content\/uploads\/2022\/05\/Biene-Walnuss-Bild-Sabine-Seyffert.de-3.jpg\" alt=\"\" width=\"800\" height=\"600\" srcset=\"https:\/\/www.sabine-seyffert.de\/blog\/wp-content\/uploads\/2022\/05\/Biene-Walnuss-Bild-Sabine-Seyffert.de-3.jpg 800w, https:\/\/www.sabine-seyffert.de\/blog\/wp-content\/uploads\/2022\/05\/Biene-Walnuss-Bild-Sabine-Seyffert.de-3-300x225.jpg 300w, https:\/\/www.sabine-seyffert.de\/blog\/wp-content\/uploads\/2022\/05\/Biene-Walnuss-Bild-Sabine-Seyffert.de-3-768x576.jpg 768w\" sizes=\"auto, (max-width: 800px) 100vw, 800px\" \/><\/a><\/p>\n<p style=\"text-align: justify;\">F\u00fcr die Biene braucht ihr Walnussschalen. Die knackt man ganz vorsichtig, so dass die Schale nicht einrei\u00dft, sondern sich die beiden H\u00e4lften sauber in der Mitte teilen.<\/p>\n<p style=\"text-align: center;\"><a href=\"https:\/\/www.sabine-seyffert.de\/blog\/wp-content\/uploads\/2022\/05\/Biene-Walnuss-Bild-Sabine-Seyffert.de-4.jpg\"><img loading=\"lazy\" decoding=\"async\" class=\"alignnone size-full wp-image-22935\" src=\"https:\/\/www.sabine-seyffert.de\/blog\/wp-content\/uploads\/2022\/05\/Biene-Walnuss-Bild-Sabine-Seyffert.de-4.jpg\" alt=\"\" width=\"800\" height=\"600\" srcset=\"https:\/\/www.sabine-seyffert.de\/blog\/wp-content\/uploads\/2022\/05\/Biene-Walnuss-Bild-Sabine-Seyffert.de-4.jpg 800w, https:\/\/www.sabine-seyffert.de\/blog\/wp-content\/uploads\/2022\/05\/Biene-Walnuss-Bild-Sabine-Seyffert.de-4-300x225.jpg 300w, https:\/\/www.sabine-seyffert.de\/blog\/wp-content\/uploads\/2022\/05\/Biene-Walnuss-Bild-Sabine-Seyffert.de-4-768x576.jpg 768w\" sizes=\"auto, (max-width: 800px) 100vw, 800px\" \/><\/a><\/p>\n<p style=\"text-align: justify;\">Die Fl\u00fcgel schneidet ihr aus dem wei\u00df bemalten Papier und f\u00fcr die Fl\u00fcgel f\u00e4delt ihr auf den St\u00fcck Draht zwei gelbe Perlen und dreht die Drahtenden in sich ein.<\/p>\n<p style=\"text-align: center;\"><a href=\"https:\/\/www.sabine-seyffert.de\/blog\/wp-content\/uploads\/2022\/05\/Biene-Walnuss-Bild-Sabine-Seyffert.de-2-1.jpg\"><img loading=\"lazy\" decoding=\"async\" class=\"alignnone size-full wp-image-22942\" src=\"https:\/\/www.sabine-seyffert.de\/blog\/wp-content\/uploads\/2022\/05\/Biene-Walnuss-Bild-Sabine-Seyffert.de-2-1.jpg\" alt=\"\" width=\"800\" height=\"600\" srcset=\"https:\/\/www.sabine-seyffert.de\/blog\/wp-content\/uploads\/2022\/05\/Biene-Walnuss-Bild-Sabine-Seyffert.de-2-1.jpg 800w, https:\/\/www.sabine-seyffert.de\/blog\/wp-content\/uploads\/2022\/05\/Biene-Walnuss-Bild-Sabine-Seyffert.de-2-1-300x225.jpg 300w, https:\/\/www.sabine-seyffert.de\/blog\/wp-content\/uploads\/2022\/05\/Biene-Walnuss-Bild-Sabine-Seyffert.de-2-1-768x576.jpg 768w\" sizes=\"auto, (max-width: 800px) 100vw, 800px\" \/><\/a><\/p>\n<p style=\"text-align: justify;\">Damit ihr die Biene aufkleben k\u00f6nnt, solltet ihr ein St\u00fcck Zeitungspapier zusammenrollen und von Innen in die Schale kleben. Dann wickelt ihr etwas von der gelben Wolle um die Schale und klebt das Bienchen auf das Bild.<\/p>\n<p style=\"text-align: center;\"><a href=\"https:\/\/www.sabine-seyffert.de\/blog\/wp-content\/uploads\/2022\/05\/Biene-Walnuss-Bild-Sabine-Seyffert.de-1-1.jpg\"><img loading=\"lazy\" decoding=\"async\" class=\"alignnone size-full wp-image-22943\" src=\"https:\/\/www.sabine-seyffert.de\/blog\/wp-content\/uploads\/2022\/05\/Biene-Walnuss-Bild-Sabine-Seyffert.de-1-1.jpg\" alt=\"\" width=\"800\" height=\"600\" srcset=\"https:\/\/www.sabine-seyffert.de\/blog\/wp-content\/uploads\/2022\/05\/Biene-Walnuss-Bild-Sabine-Seyffert.de-1-1.jpg 800w, https:\/\/www.sabine-seyffert.de\/blog\/wp-content\/uploads\/2022\/05\/Biene-Walnuss-Bild-Sabine-Seyffert.de-1-1-300x225.jpg 300w, https:\/\/www.sabine-seyffert.de\/blog\/wp-content\/uploads\/2022\/05\/Biene-Walnuss-Bild-Sabine-Seyffert.de-1-1-768x576.jpg 768w\" sizes=\"auto, (max-width: 800px) 100vw, 800px\" \/><\/a><\/p>\n<p style=\"text-align: justify;\"><strong><span style=\"color: #ff9900;\">Achtung<\/span><\/strong>, nicht vergessen, die F\u00fchler und Fl\u00fcgel darunter zu befestigen. Zum Schluss k\u00f6nnt ihr euren Bienchen noch Auge und Mund aufmalen.<\/p>\n<p style=\"text-align: center;\"><a href=\"https:\/\/www.sabine-seyffert.de\/blog\/wp-content\/uploads\/2022\/05\/Biene-Walnuss-Bild-Sabine-Seyffert.de-10.jpg\"><img loading=\"lazy\" decoding=\"async\" class=\"alignnone size-full wp-image-22930\" src=\"https:\/\/www.sabine-seyffert.de\/blog\/wp-content\/uploads\/2022\/05\/Biene-Walnuss-Bild-Sabine-Seyffert.de-10.jpg\" alt=\"\" width=\"800\" height=\"600\" srcset=\"https:\/\/www.sabine-seyffert.de\/blog\/wp-content\/uploads\/2022\/05\/Biene-Walnuss-Bild-Sabine-Seyffert.de-10.jpg 800w, https:\/\/www.sabine-seyffert.de\/blog\/wp-content\/uploads\/2022\/05\/Biene-Walnuss-Bild-Sabine-Seyffert.de-10-300x225.jpg 300w, https:\/\/www.sabine-seyffert.de\/blog\/wp-content\/uploads\/2022\/05\/Biene-Walnuss-Bild-Sabine-Seyffert.de-10-768x576.jpg 768w\" sizes=\"auto, (max-width: 800px) 100vw, 800px\" \/><\/a><\/p>\n<p style=\"text-align: justify;\">Um dem <a href=\"https:\/\/de.wikipedia.org\/wiki\/Weltbienentag\" target=\"_blank\" rel=\"noopener noreferrer\">Weltbienentag<\/a> bzw. den Bienen mehr Beachtung zu schenken habe ich in dieser Woche bereits einige tolle Do-it-Yourself Ideen dazu gezeigt, wie bsp. die <a href=\"https:\/\/www.sabine-seyffert.de\/blog\/?p=22878\" target=\"_blank\" rel=\"noopener noreferrer\">Handabdruck Biene<\/a>, die <a href=\"https:\/\/www.sabine-seyffert.de\/blog\/?p=22893\" target=\"_blank\" rel=\"noopener noreferrer\">gestempelten Bienchen<\/a> oder der <a href=\"https:\/\/www.sabine-seyffert.de\/blog\/?p=22910\" target=\"_blank\" rel=\"noopener noreferrer\">Upcycling Biene<\/a>.<\/p>\n<p style=\"text-align: center;\"><a href=\"https:\/\/www.sabine-seyffert.de\/blog\/wp-content\/uploads\/2022\/05\/Biene-Walnuss-Bild-Sabine-Seyffert.de-11.jpg\"><img loading=\"lazy\" decoding=\"async\" class=\"alignnone size-full wp-image-22929\" src=\"https:\/\/www.sabine-seyffert.de\/blog\/wp-content\/uploads\/2022\/05\/Biene-Walnuss-Bild-Sabine-Seyffert.de-11.jpg\" alt=\"\" width=\"800\" height=\"600\" srcset=\"https:\/\/www.sabine-seyffert.de\/blog\/wp-content\/uploads\/2022\/05\/Biene-Walnuss-Bild-Sabine-Seyffert.de-11.jpg 800w, https:\/\/www.sabine-seyffert.de\/blog\/wp-content\/uploads\/2022\/05\/Biene-Walnuss-Bild-Sabine-Seyffert.de-11-300x225.jpg 300w, https:\/\/www.sabine-seyffert.de\/blog\/wp-content\/uploads\/2022\/05\/Biene-Walnuss-Bild-Sabine-Seyffert.de-11-768x576.jpg 768w\" sizes=\"auto, (max-width: 800px) 100vw, 800px\" \/><\/a><\/p>\n<p style=\"text-align: justify;\">Noch mehr Bastelanleitung rund um die Biene findet ihr an <a href=\"https:\/\/www.sabine-seyffert.de\/blog\/?s=biene\" target=\"_blank\" rel=\"noopener noreferrer\">dieser Stelle<\/a>, mehr Bastelideen f\u00fcr Kinder sind in <a href=\"https:\/\/www.sabine-seyffert.de\/blog\/?cat=32\" target=\"_blank\" rel=\"noopener noreferrer\">dieser Blog Kategorie<\/a>, alles zum Thema Upcycling mit detaillierter Bastelanleitung gibt es in <a href=\"https:\/\/www.sabine-seyffert.de\/blog\/?cat=47\" target=\"_blank\" rel=\"noopener noreferrer\">dieser Rubrik<\/a>, alles rund um die Fr\u00fchlingszeit sind in <a href=\"https:\/\/www.sabine-seyffert.de\/blog\/?cat=23\" target=\"_blank\" rel=\"noopener noreferrer\">diesem Blog Ordner<\/a> und andere kreative Sachen da.<\/p>\n<p style=\"text-align: center;\"><a href=\"https:\/\/www.sabine-seyffert.de\/blog\/wp-content\/uploads\/2022\/05\/Biene-Walnuss-Bild-Sabine-Seyffert.de-12.jpg\"><img loading=\"lazy\" decoding=\"async\" class=\"alignnone size-full wp-image-22928\" src=\"https:\/\/www.sabine-seyffert.de\/blog\/wp-content\/uploads\/2022\/05\/Biene-Walnuss-Bild-Sabine-Seyffert.de-12.jpg\" alt=\"\" width=\"600\" height=\"800\" srcset=\"https:\/\/www.sabine-seyffert.de\/blog\/wp-content\/uploads\/2022\/05\/Biene-Walnuss-Bild-Sabine-Seyffert.de-12.jpg 600w, https:\/\/www.sabine-seyffert.de\/blog\/wp-content\/uploads\/2022\/05\/Biene-Walnuss-Bild-Sabine-Seyffert.de-12-225x300.jpg 225w\" sizes=\"auto, (max-width: 600px) 100vw, 600px\" \/><\/a><\/p>\n<p style=\"text-align: justify;\"><a href=\"https:\/\/www.sabine-seyffert.de\/blog\/?page_id=32#urheberrecht\">urheberrechtlich gesch\u00fctzt<\/a>, \u00a9 Sabine Seyffert<\/p>\n<p style=\"text-align: justify;\">\n","protected":false},"excerpt":{"rendered":"<p>In unserem Garten summt es ganz sch\u00f6n fr\u00f6hliche vor sich hin. Besonders in der Hecke, dem Lavendel und vor allem im Strauch der Mini Hagebutte f\u00fchlen sich die Bienchen offensichtlich ausgesprochen wohl. Daher gibt es passend zu dem lustigen Herumgesumme noch eine kreative Besch\u00e4ftigungsidee f\u00fcr Kinder, passend zum heutigen Weltbienentag. Wie bei vielen meiner Bastelideen&#8230; <a href=\"https:\/\/www.sabine-seyffert.de\/blog\/diy-bastelidee-fuer-kinder-biene-aus-walnuss-basteln-collage-aus-pappe-zeitungspapier\/\" class=\"more-link\">Read more: DIY Bastelidee f\u00fcr Kinder: Biene aus Walnuss basteln &#8211; Collage aus Pappe &#038; Zeitungspapier<\/a><\/p>\n","protected":false},"author":2,"featured_media":0,"comment_status":"open","ping_status":"open","sticky":false,"template":"","format":"standard","meta":{"_metis_text_type":"","_metis_text_length":3387,"_post_count":0,"footnotes":""},"categories":[32,23,24,47],"tags":[],"class_list":["post-22925","post","type-post","status-publish","format-standard","hentry","category-kreatives-fur-kleine-kinderhande","category-fruhling","category-sommer","category-upcyceltes"],"_links":{"self":[{"href":"https:\/\/www.sabine-seyffert.de\/blog\/wp-json\/wp\/v2\/posts\/22925","targetHints":{"allow":["GET"]}}],"collection":[{"href":"https:\/\/www.sabine-seyffert.de\/blog\/wp-json\/wp\/v2\/posts"}],"about":[{"href":"https:\/\/www.sabine-seyffert.de\/blog\/wp-json\/wp\/v2\/types\/post"}],"author":[{"embeddable":true,"href":"https:\/\/www.sabine-seyffert.de\/blog\/wp-json\/wp\/v2\/users\/2"}],"replies":[{"embeddable":true,"href":"https:\/\/www.sabine-seyffert.de\/blog\/wp-json\/wp\/v2\/comments?post=22925"}],"version-history":[{"count":3,"href":"https:\/\/www.sabine-seyffert.de\/blog\/wp-json\/wp\/v2\/posts\/22925\/revisions"}],"predecessor-version":[{"id":22944,"href":"https:\/\/www.sabine-seyffert.de\/blog\/wp-json\/wp\/v2\/posts\/22925\/revisions\/22944"}],"wp:attachment":[{"href":"https:\/\/www.sabine-seyffert.de\/blog\/wp-json\/wp\/v2\/media?parent=22925"}],"wp:term":[{"taxonomy":"category","embeddable":true,"href":"https:\/\/www.sabine-seyffert.de\/blog\/wp-json\/wp\/v2\/categories?post=22925"},{"taxonomy":"post_tag","embeddable":true,"href":"https:\/\/www.sabine-seyffert.de\/blog\/wp-json\/wp\/v2\/tags?post=22925"}],"curies":[{"name":"wp","href":"https:\/\/api.w.org\/{rel}","templated":true}]}}