{"id":22910,"date":"2022-05-18T06:00:52","date_gmt":"2022-05-18T04:00:52","guid":{"rendered":"https:\/\/www.sabine-seyffert.de\/blog\/?p=22910"},"modified":"2022-09-02T11:15:17","modified_gmt":"2022-09-02T09:15:17","slug":"upcycling-beschaeftigungsidee-fuer-kinder-biene-aus-deckel-zeitung-buchseite-basteln","status":"publish","type":"post","link":"https:\/\/www.sabine-seyffert.de\/blog\/upcycling-beschaeftigungsidee-fuer-kinder-biene-aus-deckel-zeitung-buchseite-basteln\/","title":{"rendered":"Upcycling &#038; Besch\u00e4ftigungsidee f\u00fcr Kinder: Biene aus Deckel, Zeitung &#038; Buchseite basteln"},"content":{"rendered":"<p style=\"text-align: justify;\"><img loading=\"lazy\" decoding=\"async\" src=\"https:\/\/vg01.met.vgwort.de\/na\/9188752baa2f4962a521a68a1ed682db\" alt=\"\" width=\"1\" height=\"1\" \/>Wenn im Garten alles bl\u00fcht und die Sonne scheint, zeigen sich Drau\u00dfen auch die ersten Bienchen. Und da am <a href=\"https:\/\/de.wikipedia.org\/wiki\/Weltbienentag\" target=\"_blank\" rel=\"noopener noreferrer\">20. Mai Weltbienentag<\/a> ist, zeige ich euch diese Woche allerhand kreative Ideen zu diesem so wichtigen Tier. Nach der <a href=\"https:\/\/www.sabine-seyffert.de\/blog\/?p=22878\" target=\"_blank\" rel=\"noopener noreferrer\">Biene aus dem Handabdruck<\/a> und den kleinen <a href=\"https:\/\/www.sabine-seyffert.de\/blog\/?p=22893\" target=\"_blank\" rel=\"noopener noreferrer\">Bienchen aus Fingerabdr\u00fccken<\/a>, mit denen sich Postkarten, Geschenkanh\u00e4nger oder Bilder im Nu verzieren lassen, gibt es heute eine pfiffige Upcyclingidee dazu. Diese Bienen werden aus Bastelmaterial upcycelt, das jeder von euch zu Hause hat. Also los \u2013 die Bienen freuen sich \u00fcber Gesellschaft. Schlie\u00dflich leben sie ja in einem gro\u00dfen Bienenstock.<\/p>\n<p style=\"text-align: center;\"><a href=\"https:\/\/www.sabine-seyffert.de\/blog\/wp-content\/uploads\/2022\/05\/Biene-aus-Deckel-Sabine-Seyffert.de-7.jpg\"><img loading=\"lazy\" decoding=\"async\" class=\"alignnone size-full wp-image-22912\" src=\"https:\/\/www.sabine-seyffert.de\/blog\/wp-content\/uploads\/2022\/05\/Biene-aus-Deckel-Sabine-Seyffert.de-7.jpg\" alt=\"\" width=\"800\" height=\"600\" srcset=\"https:\/\/www.sabine-seyffert.de\/blog\/wp-content\/uploads\/2022\/05\/Biene-aus-Deckel-Sabine-Seyffert.de-7.jpg 800w, https:\/\/www.sabine-seyffert.de\/blog\/wp-content\/uploads\/2022\/05\/Biene-aus-Deckel-Sabine-Seyffert.de-7-300x225.jpg 300w, https:\/\/www.sabine-seyffert.de\/blog\/wp-content\/uploads\/2022\/05\/Biene-aus-Deckel-Sabine-Seyffert.de-7-768x576.jpg 768w\" sizes=\"auto, (max-width: 800px) 100vw, 800px\" \/><\/a><\/p>\n<p style=\"text-align: justify;\"><strong>Das wird gebraucht:<\/strong><br \/>\nD\u00fcnne Pappe (beispielsweise ein leerer M\u00fcsli- oder Nudelkarton), einen gr\u00f6\u00dferen Deckel (Schraubverschluss), eine Bastelschere, eine alte Buchseite und \/ oder eine alte Tageszeitung, einen Wasserfarbkasten inklusiv Deckwei\u00df, Pinsel, etwas Basteldraht \/ Papierdraht, kleine Holzperlen, Bastelkleber \/ Klebestift, eine Malunterlage und einen <a href=\"https:\/\/www.sabine-seyffert.de\/blog\/?p=12310\" target=\"_blank\" rel=\"noopener noreferrer\">Bastelkittel<\/a><\/p>\n<p style=\"text-align: center;\"><a href=\"https:\/\/www.sabine-seyffert.de\/blog\/wp-content\/uploads\/2022\/05\/Biene-aus-Deckel-Sabine-Seyffert.de_.jpg\"><img loading=\"lazy\" decoding=\"async\" class=\"alignnone size-full wp-image-22917\" src=\"https:\/\/www.sabine-seyffert.de\/blog\/wp-content\/uploads\/2022\/05\/Biene-aus-Deckel-Sabine-Seyffert.de_.jpg\" alt=\"\" width=\"800\" height=\"600\" srcset=\"https:\/\/www.sabine-seyffert.de\/blog\/wp-content\/uploads\/2022\/05\/Biene-aus-Deckel-Sabine-Seyffert.de_.jpg 800w, https:\/\/www.sabine-seyffert.de\/blog\/wp-content\/uploads\/2022\/05\/Biene-aus-Deckel-Sabine-Seyffert.de_-300x225.jpg 300w, https:\/\/www.sabine-seyffert.de\/blog\/wp-content\/uploads\/2022\/05\/Biene-aus-Deckel-Sabine-Seyffert.de_-768x576.jpg 768w\" sizes=\"auto, (max-width: 800px) 100vw, 800px\" \/><\/a><\/p>\n<p style=\"text-align: justify;\"><strong>So wird\u2019s gemacht:<\/strong><br \/>\nDeckt den Tisch etwas ab und zieht euch einen Malkittel \u00fcber. Danach bemalt ihr etwas Zeitungspapier oder eine alte Buchseite mit gelber Wasserfarbe.<\/p>\n<p style=\"text-align: center;\"><a href=\"https:\/\/www.sabine-seyffert.de\/blog\/wp-content\/uploads\/2022\/05\/Biene-aus-Deckel-Sabine-Seyffert.de-5.jpg\"><img loading=\"lazy\" decoding=\"async\" class=\"alignnone size-full wp-image-22918\" src=\"https:\/\/www.sabine-seyffert.de\/blog\/wp-content\/uploads\/2022\/05\/Biene-aus-Deckel-Sabine-Seyffert.de-5.jpg\" alt=\"\" width=\"800\" height=\"600\" srcset=\"https:\/\/www.sabine-seyffert.de\/blog\/wp-content\/uploads\/2022\/05\/Biene-aus-Deckel-Sabine-Seyffert.de-5.jpg 800w, https:\/\/www.sabine-seyffert.de\/blog\/wp-content\/uploads\/2022\/05\/Biene-aus-Deckel-Sabine-Seyffert.de-5-300x225.jpg 300w, https:\/\/www.sabine-seyffert.de\/blog\/wp-content\/uploads\/2022\/05\/Biene-aus-Deckel-Sabine-Seyffert.de-5-768x576.jpg 768w\" sizes=\"auto, (max-width: 800px) 100vw, 800px\" \/><\/a><\/p>\n<p style=\"text-align: justify;\">Verwendet m\u00f6glichst viel Farbe und nur wenig Wasser. Zum einen weicht auf diese Weise das Papier nicht durch, sondern die Farbe leuchtet kr\u00e4ftigt und trocknet auch schneller!<\/p>\n<p style=\"text-align: center;\"><a href=\"https:\/\/www.sabine-seyffert.de\/blog\/wp-content\/uploads\/2022\/05\/Biene-aus-Deckel-Sabine-Seyffert.de-4.jpg\"><img loading=\"lazy\" decoding=\"async\" class=\"alignnone size-full wp-image-22919\" src=\"https:\/\/www.sabine-seyffert.de\/blog\/wp-content\/uploads\/2022\/05\/Biene-aus-Deckel-Sabine-Seyffert.de-4.jpg\" alt=\"\" width=\"800\" height=\"600\" srcset=\"https:\/\/www.sabine-seyffert.de\/blog\/wp-content\/uploads\/2022\/05\/Biene-aus-Deckel-Sabine-Seyffert.de-4.jpg 800w, https:\/\/www.sabine-seyffert.de\/blog\/wp-content\/uploads\/2022\/05\/Biene-aus-Deckel-Sabine-Seyffert.de-4-300x225.jpg 300w, https:\/\/www.sabine-seyffert.de\/blog\/wp-content\/uploads\/2022\/05\/Biene-aus-Deckel-Sabine-Seyffert.de-4-768x576.jpg 768w\" sizes=\"auto, (max-width: 800px) 100vw, 800px\" \/><\/a><\/p>\n<p style=\"text-align: justify;\">Aus der Pappe schneidet ihr euch einen runden Kopf und zwei Fl\u00fcgel. Die Fl\u00fcgel \u00fcberzieht ihr noch mit einer Papierschicht, die ihr aus der Buchseite schneidet.<\/p>\n<p style=\"text-align: center;\"><a href=\"https:\/\/www.sabine-seyffert.de\/blog\/wp-content\/uploads\/2022\/05\/Biene-aus-Deckel-Sabine-Seyffert.de-3.jpg\"><img loading=\"lazy\" decoding=\"async\" class=\"alignnone size-full wp-image-22920\" src=\"https:\/\/www.sabine-seyffert.de\/blog\/wp-content\/uploads\/2022\/05\/Biene-aus-Deckel-Sabine-Seyffert.de-3.jpg\" alt=\"\" width=\"800\" height=\"600\" srcset=\"https:\/\/www.sabine-seyffert.de\/blog\/wp-content\/uploads\/2022\/05\/Biene-aus-Deckel-Sabine-Seyffert.de-3.jpg 800w, https:\/\/www.sabine-seyffert.de\/blog\/wp-content\/uploads\/2022\/05\/Biene-aus-Deckel-Sabine-Seyffert.de-3-300x225.jpg 300w, https:\/\/www.sabine-seyffert.de\/blog\/wp-content\/uploads\/2022\/05\/Biene-aus-Deckel-Sabine-Seyffert.de-3-768x576.jpg 768w\" sizes=\"auto, (max-width: 800px) 100vw, 800px\" \/><\/a><\/p>\n<p style=\"text-align: justify;\">Auf diese Weise sind die Fl\u00fcgel stabiler. Wem das egal ist, kann die Fl\u00fcgel auch nur aus der Buchseite gestalten.<\/p>\n<p style=\"text-align: center;\"><a href=\"https:\/\/www.sabine-seyffert.de\/blog\/wp-content\/uploads\/2022\/05\/Biene-aus-Deckel-Sabine-Seyffert.de-2.jpg\"><img loading=\"lazy\" decoding=\"async\" class=\"alignnone size-full wp-image-22921\" src=\"https:\/\/www.sabine-seyffert.de\/blog\/wp-content\/uploads\/2022\/05\/Biene-aus-Deckel-Sabine-Seyffert.de-2.jpg\" alt=\"\" width=\"800\" height=\"600\" srcset=\"https:\/\/www.sabine-seyffert.de\/blog\/wp-content\/uploads\/2022\/05\/Biene-aus-Deckel-Sabine-Seyffert.de-2.jpg 800w, https:\/\/www.sabine-seyffert.de\/blog\/wp-content\/uploads\/2022\/05\/Biene-aus-Deckel-Sabine-Seyffert.de-2-300x225.jpg 300w, https:\/\/www.sabine-seyffert.de\/blog\/wp-content\/uploads\/2022\/05\/Biene-aus-Deckel-Sabine-Seyffert.de-2-768x576.jpg 768w\" sizes=\"auto, (max-width: 800px) 100vw, 800px\" \/><\/a><\/p>\n<p style=\"text-align: justify;\">Innen beklebt man den Deckel mit dem gelb bemalten Papier. Dazu legt man den Deckel auf die Zeitung und umf\u00e4hrt den Rand mit einem Bleistift. Den Kreis schneidet man aus.<\/p>\n<p style=\"text-align: center;\"><a href=\"https:\/\/www.sabine-seyffert.de\/blog\/wp-content\/uploads\/2022\/05\/Biene-aus-Deckel-Sabine-Seyffert.de-1.jpg\"><img loading=\"lazy\" decoding=\"async\" class=\"alignnone size-full wp-image-22922\" src=\"https:\/\/www.sabine-seyffert.de\/blog\/wp-content\/uploads\/2022\/05\/Biene-aus-Deckel-Sabine-Seyffert.de-1.jpg\" alt=\"\" width=\"800\" height=\"600\" srcset=\"https:\/\/www.sabine-seyffert.de\/blog\/wp-content\/uploads\/2022\/05\/Biene-aus-Deckel-Sabine-Seyffert.de-1.jpg 800w, https:\/\/www.sabine-seyffert.de\/blog\/wp-content\/uploads\/2022\/05\/Biene-aus-Deckel-Sabine-Seyffert.de-1-300x225.jpg 300w, https:\/\/www.sabine-seyffert.de\/blog\/wp-content\/uploads\/2022\/05\/Biene-aus-Deckel-Sabine-Seyffert.de-1-768x576.jpg 768w\" sizes=\"auto, (max-width: 800px) 100vw, 800px\" \/><\/a><\/p>\n<p style=\"text-align: justify;\">Bevor man diesen in den Deckel hineinklebt, sollten noch die brauen Streifen darauf fixiert werden. Die rei\u00dft man einfach per Hand aus d\u00fcnner Pappe und klebt diese auf.<\/p>\n<p style=\"text-align: center;\"><a href=\"https:\/\/www.sabine-seyffert.de\/blog\/wp-content\/uploads\/2022\/05\/Biene-aus-Deckel-Sabine-Seyffert.de-9.jpg\"><img loading=\"lazy\" decoding=\"async\" class=\"alignnone size-full wp-image-22916\" src=\"https:\/\/www.sabine-seyffert.de\/blog\/wp-content\/uploads\/2022\/05\/Biene-aus-Deckel-Sabine-Seyffert.de-9.jpg\" alt=\"\" width=\"800\" height=\"600\" srcset=\"https:\/\/www.sabine-seyffert.de\/blog\/wp-content\/uploads\/2022\/05\/Biene-aus-Deckel-Sabine-Seyffert.de-9.jpg 800w, https:\/\/www.sabine-seyffert.de\/blog\/wp-content\/uploads\/2022\/05\/Biene-aus-Deckel-Sabine-Seyffert.de-9-300x225.jpg 300w, https:\/\/www.sabine-seyffert.de\/blog\/wp-content\/uploads\/2022\/05\/Biene-aus-Deckel-Sabine-Seyffert.de-9-768x576.jpg 768w\" sizes=\"auto, (max-width: 800px) 100vw, 800px\" \/><\/a><\/p>\n<p style=\"text-align: justify;\">F\u00fcr die F\u00fchler schneidet man ein St\u00fcck Draht ab, f\u00e4delt auf jede Seite eine kleine Holzperle und dreht die Enden ein. So kann man den Draht auf die Unterseite des Kopfes kleben. Ganz zum Schluss bekommt das Bienchen noch Auge und Mund.<\/p>\n<p style=\"text-align: center;\"><a href=\"https:\/\/www.sabine-seyffert.de\/blog\/wp-content\/uploads\/2022\/05\/Biene-aus-Deckel-Sabine-Seyffert.de-8.jpg\"><img loading=\"lazy\" decoding=\"async\" class=\"alignnone size-full wp-image-22915\" src=\"https:\/\/www.sabine-seyffert.de\/blog\/wp-content\/uploads\/2022\/05\/Biene-aus-Deckel-Sabine-Seyffert.de-8.jpg\" alt=\"\" width=\"800\" height=\"600\" srcset=\"https:\/\/www.sabine-seyffert.de\/blog\/wp-content\/uploads\/2022\/05\/Biene-aus-Deckel-Sabine-Seyffert.de-8.jpg 800w, https:\/\/www.sabine-seyffert.de\/blog\/wp-content\/uploads\/2022\/05\/Biene-aus-Deckel-Sabine-Seyffert.de-8-300x225.jpg 300w, https:\/\/www.sabine-seyffert.de\/blog\/wp-content\/uploads\/2022\/05\/Biene-aus-Deckel-Sabine-Seyffert.de-8-768x576.jpg 768w\" sizes=\"auto, (max-width: 800px) 100vw, 800px\" \/><\/a><\/p>\n<p style=\"text-align: justify;\"><strong>Ein kleiner Tipp:<\/strong><br \/>\nWer noch auf der Suche nach weiteren Bastelideen zum Thema Biene ist, kann hier mal st\u00f6bern: <a href=\"https:\/\/www.sabine-seyffert.de\/blog\/?p=4632\" target=\"_blank\" rel=\"noopener noreferrer\">Bienen aus Ahornnasen<\/a>, eine kleine <a href=\"https:\/\/www.sabine-seyffert.de\/blog\/?p=16080\" target=\"_blank\" rel=\"noopener noreferrer\">Biene aus Streichholzschachtel<\/a>, s\u00fc\u00dfe <a href=\"https:\/\/www.sabine-seyffert.de\/blog\/?p=10338\" target=\"_blank\" rel=\"noopener noreferrer\">Bananen Bienchen<\/a> oder <a href=\"https:\/\/www.sabine-seyffert.de\/blog\/?p=19897\" target=\"_blank\" rel=\"noopener noreferrer\">Keks Bienchen<\/a> zum Naschen, <a href=\"https:\/\/www.sabine-seyffert.de\/blog\/?p=20585\" target=\"_blank\" rel=\"noopener noreferrer\">Bienen aus Eierkarton<\/a>, die pfiffigen <a href=\"https:\/\/www.sabine-seyffert.de\/blog\/?p=19982\" target=\"_blank\" rel=\"noopener noreferrer\">Bienen aus L\u00f6ffeln<\/a>, die <a href=\"https:\/\/www.sabine-seyffert.de\/blog\/?p=19546\" target=\"_blank\" rel=\"noopener noreferrer\">Erdnuss Biene<\/a> auf der Geschenkverpackung oder auch die leuchtende <a href=\"https:\/\/www.sabine-seyffert.de\/blog\/?p=16599\" target=\"_blank\" rel=\"noopener noreferrer\">Biene aus einem Joghurt-Deckel<\/a><\/p>\n<p style=\"text-align: center;\"><a href=\"https:\/\/www.sabine-seyffert.de\/blog\/wp-content\/uploads\/2022\/05\/Biene-aus-Deckel-Sabine-Seyffert.de-12.jpg\"><img loading=\"lazy\" decoding=\"async\" class=\"alignnone size-full wp-image-22914\" src=\"https:\/\/www.sabine-seyffert.de\/blog\/wp-content\/uploads\/2022\/05\/Biene-aus-Deckel-Sabine-Seyffert.de-12.jpg\" alt=\"\" width=\"600\" height=\"800\" srcset=\"https:\/\/www.sabine-seyffert.de\/blog\/wp-content\/uploads\/2022\/05\/Biene-aus-Deckel-Sabine-Seyffert.de-12.jpg 600w, https:\/\/www.sabine-seyffert.de\/blog\/wp-content\/uploads\/2022\/05\/Biene-aus-Deckel-Sabine-Seyffert.de-12-225x300.jpg 225w\" sizes=\"auto, (max-width: 600px) 100vw, 600px\" \/><\/a><\/p>\n<p style=\"text-align: justify;\">Weitere DIY Bastelideen f\u00fcr Kinder findet ihr \u00fcbrigens in <a href=\"https:\/\/www.sabine-seyffert.de\/blog\/?cat=32\" target=\"_blank\" rel=\"noopener noreferrer\">dieser Blog Kategorie<\/a>, alles zum Thema Upcycling mit detaillierter Bastelanleitung gibt es in <a href=\"https:\/\/www.sabine-seyffert.de\/blog\/?cat=47\" target=\"_blank\" rel=\"noopener noreferrer\">dieser Rubrik<\/a>, alles rund um die Fr\u00fchlingszeit sind in <a href=\"https:\/\/www.sabine-seyffert.de\/blog\/?cat=23\" target=\"_blank\" rel=\"noopener noreferrer\">diesem Blog Ordner<\/a> und andere kreative Sachen da.<\/p>\n<p style=\"text-align: center;\"><a href=\"https:\/\/www.sabine-seyffert.de\/blog\/wp-content\/uploads\/2022\/05\/Biene-aus-Deckel-Sabine-Seyffert.de-11.jpg\"><img loading=\"lazy\" decoding=\"async\" class=\"alignnone size-full wp-image-22913\" src=\"https:\/\/www.sabine-seyffert.de\/blog\/wp-content\/uploads\/2022\/05\/Biene-aus-Deckel-Sabine-Seyffert.de-11.jpg\" alt=\"\" width=\"600\" height=\"800\" srcset=\"https:\/\/www.sabine-seyffert.de\/blog\/wp-content\/uploads\/2022\/05\/Biene-aus-Deckel-Sabine-Seyffert.de-11.jpg 600w, https:\/\/www.sabine-seyffert.de\/blog\/wp-content\/uploads\/2022\/05\/Biene-aus-Deckel-Sabine-Seyffert.de-11-225x300.jpg 225w\" sizes=\"auto, (max-width: 600px) 100vw, 600px\" \/><\/a><\/p>\n<p style=\"text-align: justify;\"><a href=\"https:\/\/www.sabine-seyffert.de\/blog\/?page_id=32#urheberrecht\">urheberrechtlich gesch\u00fctzt<\/a>, \u00a9 Sabine Seyffert<\/p>\n","protected":false},"excerpt":{"rendered":"<p>Wenn im Garten alles bl\u00fcht und die Sonne scheint, zeigen sich Drau\u00dfen auch die ersten Bienchen. Und da am 20. Mai Weltbienentag ist, zeige ich euch diese Woche allerhand kreative Ideen zu diesem so wichtigen Tier. Nach der Biene aus dem Handabdruck und den kleinen Bienchen aus Fingerabdr\u00fccken, mit denen sich Postkarten, Geschenkanh\u00e4nger oder Bilder&#8230; <a href=\"https:\/\/www.sabine-seyffert.de\/blog\/upcycling-beschaeftigungsidee-fuer-kinder-biene-aus-deckel-zeitung-buchseite-basteln\/\" class=\"more-link\">Read more: Upcycling &#038; Besch\u00e4ftigungsidee f\u00fcr Kinder: Biene aus Deckel, Zeitung &#038; Buchseite basteln<\/a><\/p>\n","protected":false},"author":2,"featured_media":0,"comment_status":"open","ping_status":"open","sticky":false,"template":"","format":"standard","meta":{"_metis_text_type":"","_metis_text_length":2870,"_post_count":0,"footnotes":""},"categories":[32,23,47],"tags":[],"class_list":["post-22910","post","type-post","status-publish","format-standard","hentry","category-kreatives-fur-kleine-kinderhande","category-fruhling","category-upcyceltes"],"_links":{"self":[{"href":"https:\/\/www.sabine-seyffert.de\/blog\/wp-json\/wp\/v2\/posts\/22910","targetHints":{"allow":["GET"]}}],"collection":[{"href":"https:\/\/www.sabine-seyffert.de\/blog\/wp-json\/wp\/v2\/posts"}],"about":[{"href":"https:\/\/www.sabine-seyffert.de\/blog\/wp-json\/wp\/v2\/types\/post"}],"author":[{"embeddable":true,"href":"https:\/\/www.sabine-seyffert.de\/blog\/wp-json\/wp\/v2\/users\/2"}],"replies":[{"embeddable":true,"href":"https:\/\/www.sabine-seyffert.de\/blog\/wp-json\/wp\/v2\/comments?post=22910"}],"version-history":[{"count":4,"href":"https:\/\/www.sabine-seyffert.de\/blog\/wp-json\/wp\/v2\/posts\/22910\/revisions"}],"predecessor-version":[{"id":23878,"href":"https:\/\/www.sabine-seyffert.de\/blog\/wp-json\/wp\/v2\/posts\/22910\/revisions\/23878"}],"wp:attachment":[{"href":"https:\/\/www.sabine-seyffert.de\/blog\/wp-json\/wp\/v2\/media?parent=22910"}],"wp:term":[{"taxonomy":"category","embeddable":true,"href":"https:\/\/www.sabine-seyffert.de\/blog\/wp-json\/wp\/v2\/categories?post=22910"},{"taxonomy":"post_tag","embeddable":true,"href":"https:\/\/www.sabine-seyffert.de\/blog\/wp-json\/wp\/v2\/tags?post=22910"}],"curies":[{"name":"wp","href":"https:\/\/api.w.org\/{rel}","templated":true}]}}