{"id":22689,"date":"2022-04-22T06:00:02","date_gmt":"2022-04-22T04:00:02","guid":{"rendered":"https:\/\/www.sabine-seyffert.de\/blog\/?p=22689"},"modified":"2022-04-07T09:33:00","modified_gmt":"2022-04-07T07:33:00","slug":"bastelidee-fuer-kinder-gaensebluemchen-fruehlingswiese-upcycling-zum-basteln","status":"publish","type":"post","link":"https:\/\/www.sabine-seyffert.de\/blog\/bastelidee-fuer-kinder-gaensebluemchen-fruehlingswiese-upcycling-zum-basteln\/","title":{"rendered":"Bastelidee f\u00fcr Kinder: G\u00e4nsebl\u00fcmchen &#038; Fr\u00fchlingswiese \u2013 Upcycling zum Basteln"},"content":{"rendered":"<p style=\"text-align: justify;\"><img loading=\"lazy\" decoding=\"async\" src=\"https:\/\/vg01.met.vgwort.de\/na\/f0f1ae17a9f14f929c6451b29bbe3987\" alt=\"\" width=\"1\" height=\"1\" \/>G\u00e4nsebl\u00fcmchen mag ich sehr und freue mich, dass bei uns im Garten reichlich davon wachsen. Auf dem Blog habe ich euch schon allerhand DIY Ideen gezeigt. Weiter unten habe ich euch die Links zu den Bastelanleitungen aufgelistet \ud83d\ude09<br \/>\nHeute gibt es jedoch eine Bastelanleitung f\u00fcr Kinder mit Alltagsmaterial bzw. Dingen, die normalerweise gerne im M\u00fcll landen. Das ben\u00f6tigte Bastelmaterial hat jeder Zuhause zur Hand. Also worauf wartet ihr \u2013 lasst uns ganz viele G\u00e4nsebl\u00fcmchen gemeinsam basteln!<\/p>\n<p style=\"text-align: center;\"><a href=\"https:\/\/www.sabine-seyffert.de\/blog\/wp-content\/uploads\/2022\/04\/G\u00e4nsebl\u00fcmchen-Upcycling-Sabine-Seyffert.de-4.jpg\"><img loading=\"lazy\" decoding=\"async\" class=\"alignnone size-full wp-image-22690\" src=\"https:\/\/www.sabine-seyffert.de\/blog\/wp-content\/uploads\/2022\/04\/G\u00e4nsebl\u00fcmchen-Upcycling-Sabine-Seyffert.de-4.jpg\" alt=\"\" width=\"800\" height=\"600\" srcset=\"https:\/\/www.sabine-seyffert.de\/blog\/wp-content\/uploads\/2022\/04\/G\u00e4nsebl\u00fcmchen-Upcycling-Sabine-Seyffert.de-4.jpg 800w, https:\/\/www.sabine-seyffert.de\/blog\/wp-content\/uploads\/2022\/04\/G\u00e4nsebl\u00fcmchen-Upcycling-Sabine-Seyffert.de-4-300x225.jpg 300w, https:\/\/www.sabine-seyffert.de\/blog\/wp-content\/uploads\/2022\/04\/G\u00e4nsebl\u00fcmchen-Upcycling-Sabine-Seyffert.de-4-768x576.jpg 768w\" sizes=\"auto, (max-width: 800px) 100vw, 800px\" \/><\/a><\/p>\n<p style=\"text-align: justify;\"><strong>Das wird gebraucht:<\/strong><br \/>\nPappe \/ ein leerer Karton, ein Bastelmesser \/ Cutter, eine Bastelschere, ein Wasserfarbkasten inklusiv Deckwei\u00df, Pinsel, eine alte Tageszeitung, Bastelkleber \/ Klebestift, Kronkorken, etwas gelbes Seidenpapier sowie optional eine Malunterlage und einen <a href=\"https:\/\/www.sabine-seyffert.de\/blog\/?p=12310\" target=\"_blank\" rel=\"noopener noreferrer\">Bastelkittel<\/a><\/p>\n<p style=\"text-align: center;\"><a href=\"https:\/\/www.sabine-seyffert.de\/blog\/wp-content\/uploads\/2022\/04\/G\u00e4nsebl\u00fcmchen-Upcycling-Sabine-Seyffert.de-0-.jpg\"><img loading=\"lazy\" decoding=\"async\" class=\"alignnone size-full wp-image-22691\" src=\"https:\/\/www.sabine-seyffert.de\/blog\/wp-content\/uploads\/2022\/04\/G\u00e4nsebl\u00fcmchen-Upcycling-Sabine-Seyffert.de-0-.jpg\" alt=\"\" width=\"800\" height=\"600\" srcset=\"https:\/\/www.sabine-seyffert.de\/blog\/wp-content\/uploads\/2022\/04\/G\u00e4nsebl\u00fcmchen-Upcycling-Sabine-Seyffert.de-0-.jpg 800w, https:\/\/www.sabine-seyffert.de\/blog\/wp-content\/uploads\/2022\/04\/G\u00e4nsebl\u00fcmchen-Upcycling-Sabine-Seyffert.de-0--300x225.jpg 300w, https:\/\/www.sabine-seyffert.de\/blog\/wp-content\/uploads\/2022\/04\/G\u00e4nsebl\u00fcmchen-Upcycling-Sabine-Seyffert.de-0--768x576.jpg 768w\" sizes=\"auto, (max-width: 800px) 100vw, 800px\" \/><\/a><\/p>\n<p style=\"text-align: justify;\"><strong>So wird\u2019s gemacht:<\/strong><br \/>\nDeckt den Tisch ab und bemalt ein St\u00fcck Zeitungspapier wie <a href=\"https:\/\/www.sabine-seyffert.de\/blog\/?p=13917\" target=\"_blank\" rel=\"noopener noreferrer\">hier<\/a> ausf\u00fchrlich beschrieben mit Deckwei\u00df und gr\u00fcner Wasserfarbe.<\/p>\n<p style=\"text-align: center;\"><a href=\"https:\/\/www.sabine-seyffert.de\/blog\/wp-content\/uploads\/2022\/04\/G\u00e4nsebl\u00fcmchen-Upcycling-Sabine-Seyffert.de13-.jpg\"><img loading=\"lazy\" decoding=\"async\" class=\"alignnone size-full wp-image-22695\" src=\"https:\/\/www.sabine-seyffert.de\/blog\/wp-content\/uploads\/2022\/04\/G\u00e4nsebl\u00fcmchen-Upcycling-Sabine-Seyffert.de13-.jpg\" alt=\"\" width=\"800\" height=\"600\" srcset=\"https:\/\/www.sabine-seyffert.de\/blog\/wp-content\/uploads\/2022\/04\/G\u00e4nsebl\u00fcmchen-Upcycling-Sabine-Seyffert.de13-.jpg 800w, https:\/\/www.sabine-seyffert.de\/blog\/wp-content\/uploads\/2022\/04\/G\u00e4nsebl\u00fcmchen-Upcycling-Sabine-Seyffert.de13--300x225.jpg 300w, https:\/\/www.sabine-seyffert.de\/blog\/wp-content\/uploads\/2022\/04\/G\u00e4nsebl\u00fcmchen-Upcycling-Sabine-Seyffert.de13--768x576.jpg 768w\" sizes=\"auto, (max-width: 800px) 100vw, 800px\" \/><\/a><\/p>\n<p style=\"text-align: justify;\">Das Deckwei\u00df k\u00f6nnt ihr prima mit Wasser verd\u00fcnnen, dann schimmert die Schrift von Unten durch.<\/p>\n<p style=\"text-align: center;\"><a href=\"https:\/\/www.sabine-seyffert.de\/blog\/wp-content\/uploads\/2022\/04\/G\u00e4nsebl\u00fcmchen-Upcycling-Sabine-Seyffert.de12-.jpg\"><img loading=\"lazy\" decoding=\"async\" class=\"alignnone size-full wp-image-22696\" src=\"https:\/\/www.sabine-seyffert.de\/blog\/wp-content\/uploads\/2022\/04\/G\u00e4nsebl\u00fcmchen-Upcycling-Sabine-Seyffert.de12-.jpg\" alt=\"\" width=\"800\" height=\"600\" srcset=\"https:\/\/www.sabine-seyffert.de\/blog\/wp-content\/uploads\/2022\/04\/G\u00e4nsebl\u00fcmchen-Upcycling-Sabine-Seyffert.de12-.jpg 800w, https:\/\/www.sabine-seyffert.de\/blog\/wp-content\/uploads\/2022\/04\/G\u00e4nsebl\u00fcmchen-Upcycling-Sabine-Seyffert.de12--300x225.jpg 300w, https:\/\/www.sabine-seyffert.de\/blog\/wp-content\/uploads\/2022\/04\/G\u00e4nsebl\u00fcmchen-Upcycling-Sabine-Seyffert.de12--768x576.jpg 768w\" sizes=\"auto, (max-width: 800px) 100vw, 800px\" \/><\/a><\/p>\n<p style=\"text-align: justify;\">W\u00e4hrend das selbst gemachte Bastelpapier kurz trocknet, lasst euch von einem Erwachsenen einen leeren Pappkarton mit dem Cutter auseinanderschneiden. Aus der Pappe schneidet ihr euch dann ein Quadrat oder Rechteck und bemalt dieses mit blauer Farbe.<\/p>\n<p style=\"text-align: center;\"><a href=\"https:\/\/www.sabine-seyffert.de\/blog\/wp-content\/uploads\/2022\/04\/G\u00e4nsebl\u00fcmchen-Upcycling-Sabine-Seyffert.de11-.jpg\"><img loading=\"lazy\" decoding=\"async\" class=\"alignnone size-full wp-image-22697\" src=\"https:\/\/www.sabine-seyffert.de\/blog\/wp-content\/uploads\/2022\/04\/G\u00e4nsebl\u00fcmchen-Upcycling-Sabine-Seyffert.de11-.jpg\" alt=\"\" width=\"800\" height=\"600\" srcset=\"https:\/\/www.sabine-seyffert.de\/blog\/wp-content\/uploads\/2022\/04\/G\u00e4nsebl\u00fcmchen-Upcycling-Sabine-Seyffert.de11-.jpg 800w, https:\/\/www.sabine-seyffert.de\/blog\/wp-content\/uploads\/2022\/04\/G\u00e4nsebl\u00fcmchen-Upcycling-Sabine-Seyffert.de11--300x225.jpg 300w, https:\/\/www.sabine-seyffert.de\/blog\/wp-content\/uploads\/2022\/04\/G\u00e4nsebl\u00fcmchen-Upcycling-Sabine-Seyffert.de11--768x576.jpg 768w\" sizes=\"auto, (max-width: 800px) 100vw, 800px\" \/><\/a><\/p>\n<p style=\"text-align: justify;\">Aus dem gr\u00fcn bemalten Zeitungspapier k\u00f6nnt ihr nun allerhand Grashalme selbermachen. \u00c4hnlich wie bei <a href=\"https:\/\/www.sabine-seyffert.de\/blog\/?p=16243\" target=\"_blank\" rel=\"noopener noreferrer\">dieser Marienk\u00e4fer Collage<\/a>.<\/p>\n<p style=\"text-align: center;\"><a href=\"https:\/\/www.sabine-seyffert.de\/blog\/wp-content\/uploads\/2022\/04\/G\u00e4nsebl\u00fcmchen-Upcycling-Sabine-Seyffert.de-9.jpg\"><img loading=\"lazy\" decoding=\"async\" class=\"alignnone size-full wp-image-22698\" src=\"https:\/\/www.sabine-seyffert.de\/blog\/wp-content\/uploads\/2022\/04\/G\u00e4nsebl\u00fcmchen-Upcycling-Sabine-Seyffert.de-9.jpg\" alt=\"\" width=\"800\" height=\"600\" srcset=\"https:\/\/www.sabine-seyffert.de\/blog\/wp-content\/uploads\/2022\/04\/G\u00e4nsebl\u00fcmchen-Upcycling-Sabine-Seyffert.de-9.jpg 800w, https:\/\/www.sabine-seyffert.de\/blog\/wp-content\/uploads\/2022\/04\/G\u00e4nsebl\u00fcmchen-Upcycling-Sabine-Seyffert.de-9-300x225.jpg 300w, https:\/\/www.sabine-seyffert.de\/blog\/wp-content\/uploads\/2022\/04\/G\u00e4nsebl\u00fcmchen-Upcycling-Sabine-Seyffert.de-9-768x576.jpg 768w\" sizes=\"auto, (max-width: 800px) 100vw, 800px\" \/><\/a><\/p>\n<p style=\"text-align: justify;\">Wenn es euch lieber ist k\u00f6nnt ihr das Papier auch schneiden, wenn euch das leichter f\u00e4llt als das Rei\u00dfen.<\/p>\n<p style=\"text-align: center;\"><a href=\"https:\/\/www.sabine-seyffert.de\/blog\/wp-content\/uploads\/2022\/04\/G\u00e4nsebl\u00fcmchen-Upcycling-Sabine-Seyffert.de10-.jpg\"><img loading=\"lazy\" decoding=\"async\" class=\"alignnone size-full wp-image-22699\" src=\"https:\/\/www.sabine-seyffert.de\/blog\/wp-content\/uploads\/2022\/04\/G\u00e4nsebl\u00fcmchen-Upcycling-Sabine-Seyffert.de10-.jpg\" alt=\"\" width=\"800\" height=\"600\" srcset=\"https:\/\/www.sabine-seyffert.de\/blog\/wp-content\/uploads\/2022\/04\/G\u00e4nsebl\u00fcmchen-Upcycling-Sabine-Seyffert.de10-.jpg 800w, https:\/\/www.sabine-seyffert.de\/blog\/wp-content\/uploads\/2022\/04\/G\u00e4nsebl\u00fcmchen-Upcycling-Sabine-Seyffert.de10--300x225.jpg 300w, https:\/\/www.sabine-seyffert.de\/blog\/wp-content\/uploads\/2022\/04\/G\u00e4nsebl\u00fcmchen-Upcycling-Sabine-Seyffert.de10--768x576.jpg 768w\" sizes=\"auto, (max-width: 800px) 100vw, 800px\" \/><\/a><\/p>\n<p style=\"text-align: justify;\">Dann klebt ihr die Zeitungswiese an den unteren Rand der Pappe.<\/p>\n<p style=\"text-align: center;\"><a href=\"https:\/\/www.sabine-seyffert.de\/blog\/wp-content\/uploads\/2022\/04\/G\u00e4nsebl\u00fcmchen-Upcycling-Sabine-Seyffert.de-7.jpg\"><img loading=\"lazy\" decoding=\"async\" class=\"alignnone size-full wp-image-22700\" src=\"https:\/\/www.sabine-seyffert.de\/blog\/wp-content\/uploads\/2022\/04\/G\u00e4nsebl\u00fcmchen-Upcycling-Sabine-Seyffert.de-7.jpg\" alt=\"\" width=\"800\" height=\"600\" srcset=\"https:\/\/www.sabine-seyffert.de\/blog\/wp-content\/uploads\/2022\/04\/G\u00e4nsebl\u00fcmchen-Upcycling-Sabine-Seyffert.de-7.jpg 800w, https:\/\/www.sabine-seyffert.de\/blog\/wp-content\/uploads\/2022\/04\/G\u00e4nsebl\u00fcmchen-Upcycling-Sabine-Seyffert.de-7-300x225.jpg 300w, https:\/\/www.sabine-seyffert.de\/blog\/wp-content\/uploads\/2022\/04\/G\u00e4nsebl\u00fcmchen-Upcycling-Sabine-Seyffert.de-7-768x576.jpg 768w\" sizes=\"auto, (max-width: 800px) 100vw, 800px\" \/><\/a><\/p>\n<p style=\"text-align: justify;\">F\u00fcr die G\u00e4nsebl\u00fcmchen, beklebt ihr die Kronkorken innen mit gelben Seidenpapierkugeln, die man einfach mit der Hand rollt.<\/p>\n<p style=\"text-align: center;\"><a href=\"https:\/\/www.sabine-seyffert.de\/blog\/wp-content\/uploads\/2022\/04\/G\u00e4nsebl\u00fcmchen-Upcycling-Sabine-Seyffert.de-6.jpg\"><img loading=\"lazy\" decoding=\"async\" class=\"alignnone size-full wp-image-22701\" src=\"https:\/\/www.sabine-seyffert.de\/blog\/wp-content\/uploads\/2022\/04\/G\u00e4nsebl\u00fcmchen-Upcycling-Sabine-Seyffert.de-6.jpg\" alt=\"\" width=\"800\" height=\"600\" srcset=\"https:\/\/www.sabine-seyffert.de\/blog\/wp-content\/uploads\/2022\/04\/G\u00e4nsebl\u00fcmchen-Upcycling-Sabine-Seyffert.de-6.jpg 800w, https:\/\/www.sabine-seyffert.de\/blog\/wp-content\/uploads\/2022\/04\/G\u00e4nsebl\u00fcmchen-Upcycling-Sabine-Seyffert.de-6-300x225.jpg 300w, https:\/\/www.sabine-seyffert.de\/blog\/wp-content\/uploads\/2022\/04\/G\u00e4nsebl\u00fcmchen-Upcycling-Sabine-Seyffert.de-6-768x576.jpg 768w\" sizes=\"auto, (max-width: 800px) 100vw, 800px\" \/><\/a><\/p>\n<p style=\"text-align: justify;\">F\u00fcr die Bl\u00fctenbl\u00e4tter schneidet man aus dem wei\u00df bemalten Papier zahlreiche Bl\u00e4tter aus. Anschlie\u00dfend klebt man die Bl\u00fctenbl\u00e4tter aus Kreis auf die Pappe und fixiert den Kronkorken danach mittig in jeder Blume.<\/p>\n<p style=\"text-align: center;\"><a href=\"https:\/\/www.sabine-seyffert.de\/blog\/wp-content\/uploads\/2022\/04\/G\u00e4nsebl\u00fcmchen-Upcycling-Sabine-Seyffert.de-5.jpg\"><img loading=\"lazy\" decoding=\"async\" class=\"alignnone size-full wp-image-22702\" src=\"https:\/\/www.sabine-seyffert.de\/blog\/wp-content\/uploads\/2022\/04\/G\u00e4nsebl\u00fcmchen-Upcycling-Sabine-Seyffert.de-5.jpg\" alt=\"\" width=\"800\" height=\"600\" srcset=\"https:\/\/www.sabine-seyffert.de\/blog\/wp-content\/uploads\/2022\/04\/G\u00e4nsebl\u00fcmchen-Upcycling-Sabine-Seyffert.de-5.jpg 800w, https:\/\/www.sabine-seyffert.de\/blog\/wp-content\/uploads\/2022\/04\/G\u00e4nsebl\u00fcmchen-Upcycling-Sabine-Seyffert.de-5-300x225.jpg 300w, https:\/\/www.sabine-seyffert.de\/blog\/wp-content\/uploads\/2022\/04\/G\u00e4nsebl\u00fcmchen-Upcycling-Sabine-Seyffert.de-5-768x576.jpg 768w\" sizes=\"auto, (max-width: 800px) 100vw, 800px\" \/><\/a><\/p>\n<p style=\"text-align: justify;\"><strong>Ein kleiner Tipp:<\/strong><br \/>\nWer das Bild aufh\u00e4ngen m\u00f6chte, kann sich ein St\u00fcck Kordel abschneiden und die Enden von Hinten mit etwas Kleber oder Tesafilm befestigen.<\/p>\n<p style=\"text-align: center;\"><a href=\"https:\/\/www.sabine-seyffert.de\/blog\/wp-content\/uploads\/2022\/04\/G\u00e4nsebl\u00fcmchen-Upcycling-Sabine-Seyffert.de-3.jpg\"><img loading=\"lazy\" decoding=\"async\" class=\"alignnone size-full wp-image-22694\" src=\"https:\/\/www.sabine-seyffert.de\/blog\/wp-content\/uploads\/2022\/04\/G\u00e4nsebl\u00fcmchen-Upcycling-Sabine-Seyffert.de-3.jpg\" alt=\"\" width=\"800\" height=\"600\" srcset=\"https:\/\/www.sabine-seyffert.de\/blog\/wp-content\/uploads\/2022\/04\/G\u00e4nsebl\u00fcmchen-Upcycling-Sabine-Seyffert.de-3.jpg 800w, https:\/\/www.sabine-seyffert.de\/blog\/wp-content\/uploads\/2022\/04\/G\u00e4nsebl\u00fcmchen-Upcycling-Sabine-Seyffert.de-3-300x225.jpg 300w, https:\/\/www.sabine-seyffert.de\/blog\/wp-content\/uploads\/2022\/04\/G\u00e4nsebl\u00fcmchen-Upcycling-Sabine-Seyffert.de-3-768x576.jpg 768w\" sizes=\"auto, (max-width: 800px) 100vw, 800px\" \/><\/a><\/p>\n<p>F\u00fcr alle G\u00e4nsebl\u00fcmchen Fans von euch, hier findet ihr zahlreiche Ideen zum Thema:<\/p>\n<p>&#x1f33c;<a href=\"https:\/\/www.sabine-seyffert.de\/blog\/?p=9973\" target=\"_blank\" rel=\"noopener noreferrer\">Geschenkverpackung mit G\u00e4nsebl\u00fcmchenwiese<\/a><\/p>\n<p>&#x1f33c; <a href=\"https:\/\/www.sabine-seyffert.de\/blog\/?p=22405\" target=\"_blank\" rel=\"noopener noreferrer\">Gestempelte G\u00e4nsebl\u00fcmchen<\/a><\/p>\n<p>&#x1f33c; <a href=\"https:\/\/www.sabine-seyffert.de\/blog\/?p=12242\" target=\"_blank\" rel=\"noopener noreferrer\">G\u00e4nsebl\u00fcmchenkranz aus Papier, Draht &amp; Filz<\/a><\/p>\n<p>&#x1f33c; <a href=\"https:\/\/www.sabine-seyffert.de\/blog\/?p=19463\" target=\"_blank\" rel=\"noopener noreferrer\">G\u00e4nsebl\u00fcmchen aus Eierkarton<\/a>,<\/p>\n<p>&#x1f33c; <a href=\"https:\/\/www.sabine-seyffert.de\/blog\/?p=20341\" target=\"_blank\" rel=\"noopener noreferrer\">G\u00e4nsebl\u00fcmchen aus Handabdruck<\/a><\/p>\n<p>&#x1f33c; <a href=\"https:\/\/www.sabine-seyffert.de\/blog\/?p=22454\" target=\"_blank\" rel=\"noopener noreferrer\">Blumenstrau\u00df aus G\u00e4nsebl\u00fcmchen<\/a><\/p>\n<p>&#x1f33c; <a href=\"https:\/\/www.sabine-seyffert.de\/blog\/?p=18984\" target=\"_blank\" rel=\"noopener noreferrer\">G\u00e4nsebl\u00fcmchengru\u00df als kleines Mitbringsel<\/a><\/p>\n<p>&#x1f33c; <a href=\"https:\/\/www.sabine-seyffert.de\/blog\/?p=16431\" target=\"_blank\" rel=\"noopener noreferrer\">Geburtstagspost mit G\u00e4nsebl\u00fcmchenkranz<\/a><\/p>\n<p>&#x1f33c; <a href=\"https:\/\/www.sabine-seyffert.de\/blog\/?p=14218\" target=\"_blank\" rel=\"noopener noreferrer\">G\u00e4nsebl\u00fcmchen Post<\/a><\/p>\n<p style=\"text-align: center;\"><a href=\"https:\/\/www.sabine-seyffert.de\/blog\/wp-content\/uploads\/2022\/04\/G\u00e4nsebl\u00fcmchen-Upcycling-Sabine-Seyffert.de-1.jpg\"><img loading=\"lazy\" decoding=\"async\" class=\"alignnone size-full wp-image-22693\" src=\"https:\/\/www.sabine-seyffert.de\/blog\/wp-content\/uploads\/2022\/04\/G\u00e4nsebl\u00fcmchen-Upcycling-Sabine-Seyffert.de-1.jpg\" alt=\"\" width=\"800\" height=\"600\" srcset=\"https:\/\/www.sabine-seyffert.de\/blog\/wp-content\/uploads\/2022\/04\/G\u00e4nsebl\u00fcmchen-Upcycling-Sabine-Seyffert.de-1.jpg 800w, https:\/\/www.sabine-seyffert.de\/blog\/wp-content\/uploads\/2022\/04\/G\u00e4nsebl\u00fcmchen-Upcycling-Sabine-Seyffert.de-1-300x225.jpg 300w, https:\/\/www.sabine-seyffert.de\/blog\/wp-content\/uploads\/2022\/04\/G\u00e4nsebl\u00fcmchen-Upcycling-Sabine-Seyffert.de-1-768x576.jpg 768w\" sizes=\"auto, (max-width: 800px) 100vw, 800px\" \/><\/a><\/p>\n<p style=\"text-align: justify;\">Weitere DIY Bastelideen f\u00fcr Kinder findet ihr \u00fcbrigens in <a href=\"https:\/\/www.sabine-seyffert.de\/blog\/?cat=32\" target=\"_blank\" rel=\"noopener noreferrer\">dieser Blog Kategorie<\/a>, alles zum Thema Upcycling mit detaillierter Bastelanleitung gibt es in <a href=\"https:\/\/www.sabine-seyffert.de\/blog\/?cat=47\" target=\"_blank\" rel=\"noopener noreferrer\">dieser Rubrik<\/a>, alles rund um Ostern und die Fr\u00fchlingszeit sind in <a href=\"https:\/\/www.sabine-seyffert.de\/blog\/?cat=23\" target=\"_blank\" rel=\"noopener noreferrer\">diesem Blog Ordner<\/a> und andere kreative Sachen <a href=\"https:\/\/www.pinterest.de\/diysabineseyffert\/\" target=\"_blank\" rel=\"noopener noreferrer\">da<\/a>.<\/p>\n<p style=\"text-align: center;\"><a href=\"https:\/\/www.sabine-seyffert.de\/blog\/wp-content\/uploads\/2022\/04\/G\u00e4nsebl\u00fcmchen-Upcycling-Sabine-Seyffert.de_.jpg\"><img loading=\"lazy\" decoding=\"async\" class=\"alignnone size-full wp-image-22692\" src=\"https:\/\/www.sabine-seyffert.de\/blog\/wp-content\/uploads\/2022\/04\/G\u00e4nsebl\u00fcmchen-Upcycling-Sabine-Seyffert.de_.jpg\" alt=\"\" width=\"600\" height=\"800\" srcset=\"https:\/\/www.sabine-seyffert.de\/blog\/wp-content\/uploads\/2022\/04\/G\u00e4nsebl\u00fcmchen-Upcycling-Sabine-Seyffert.de_.jpg 600w, https:\/\/www.sabine-seyffert.de\/blog\/wp-content\/uploads\/2022\/04\/G\u00e4nsebl\u00fcmchen-Upcycling-Sabine-Seyffert.de_-225x300.jpg 225w\" sizes=\"auto, (max-width: 600px) 100vw, 600px\" \/><\/a><\/p>\n<p style=\"text-align: justify;\"><a href=\"https:\/\/www.sabine-seyffert.de\/blog\/?page_id=32#urheberrecht\">urheberrechtlich gesch\u00fctzt<\/a>, \u00a9 Sabine Seyffert<\/p>\n","protected":false},"excerpt":{"rendered":"<p>G\u00e4nsebl\u00fcmchen mag ich sehr und freue mich, dass bei uns im Garten reichlich davon wachsen. Auf dem Blog habe ich euch schon allerhand DIY Ideen gezeigt. Weiter unten habe ich euch die Links zu den Bastelanleitungen aufgelistet \ud83d\ude09 Heute gibt es jedoch eine Bastelanleitung f\u00fcr Kinder mit Alltagsmaterial bzw. Dingen, die normalerweise gerne im M\u00fcll&#8230; <a href=\"https:\/\/www.sabine-seyffert.de\/blog\/bastelidee-fuer-kinder-gaensebluemchen-fruehlingswiese-upcycling-zum-basteln\/\" class=\"more-link\">Read more: Bastelidee f\u00fcr Kinder: G\u00e4nsebl\u00fcmchen &#038; Fr\u00fchlingswiese \u2013 Upcycling zum Basteln<\/a><\/p>\n","protected":false},"author":2,"featured_media":0,"comment_status":"open","ping_status":"open","sticky":false,"template":"","format":"standard","meta":{"_metis_text_type":"","_metis_text_length":2846,"_post_count":0,"footnotes":""},"categories":[32,23,47],"tags":[],"class_list":["post-22689","post","type-post","status-publish","format-standard","hentry","category-kreatives-fur-kleine-kinderhande","category-fruhling","category-upcyceltes"],"_links":{"self":[{"href":"https:\/\/www.sabine-seyffert.de\/blog\/wp-json\/wp\/v2\/posts\/22689","targetHints":{"allow":["GET"]}}],"collection":[{"href":"https:\/\/www.sabine-seyffert.de\/blog\/wp-json\/wp\/v2\/posts"}],"about":[{"href":"https:\/\/www.sabine-seyffert.de\/blog\/wp-json\/wp\/v2\/types\/post"}],"author":[{"embeddable":true,"href":"https:\/\/www.sabine-seyffert.de\/blog\/wp-json\/wp\/v2\/users\/2"}],"replies":[{"embeddable":true,"href":"https:\/\/www.sabine-seyffert.de\/blog\/wp-json\/wp\/v2\/comments?post=22689"}],"version-history":[{"count":4,"href":"https:\/\/www.sabine-seyffert.de\/blog\/wp-json\/wp\/v2\/posts\/22689\/revisions"}],"predecessor-version":[{"id":22706,"href":"https:\/\/www.sabine-seyffert.de\/blog\/wp-json\/wp\/v2\/posts\/22689\/revisions\/22706"}],"wp:attachment":[{"href":"https:\/\/www.sabine-seyffert.de\/blog\/wp-json\/wp\/v2\/media?parent=22689"}],"wp:term":[{"taxonomy":"category","embeddable":true,"href":"https:\/\/www.sabine-seyffert.de\/blog\/wp-json\/wp\/v2\/categories?post=22689"},{"taxonomy":"post_tag","embeddable":true,"href":"https:\/\/www.sabine-seyffert.de\/blog\/wp-json\/wp\/v2\/tags?post=22689"}],"curies":[{"name":"wp","href":"https:\/\/api.w.org\/{rel}","templated":true}]}}