{"id":22612,"date":"2022-04-08T06:00:54","date_gmt":"2022-04-08T04:00:54","guid":{"rendered":"https:\/\/www.sabine-seyffert.de\/blog\/?p=22612"},"modified":"2023-02-16T16:09:55","modified_gmt":"2023-02-16T14:09:55","slug":"diy-bastelidee-fuer-ostern-upcycling-osterhase-osternest-aus-kaeseschachtel-basteln","status":"publish","type":"post","link":"https:\/\/www.sabine-seyffert.de\/blog\/diy-bastelidee-fuer-ostern-upcycling-osterhase-osternest-aus-kaeseschachtel-basteln\/","title":{"rendered":"DIY Bastelidee f\u00fcr Ostern: Upcycling Osterhase &#038; Osternest aus K\u00e4seschachtel basteln"},"content":{"rendered":"<p style=\"text-align: justify;\"><img loading=\"lazy\" decoding=\"async\" src=\"https:\/\/vg01.met.vgwort.de\/na\/2f98f2757f63475ca290c5b7a9993686\" alt=\"\" width=\"1\" height=\"1\" \/>Vor etlicher Zeit hatte ich auf dem Blog mal eine Bastelidee f\u00fcr Ostern gezeigt: Selbst gemachte <a href=\"https:\/\/www.sabine-seyffert.de\/blog\/?p=14273\" target=\"_blank\" rel=\"noopener noreferrer\">\u00dcberraschungseier aus K\u00e4seschachteln<\/a>. Dieses Jahr habe ich diese Idee abgewandelt und mit Kindern aus leeren Verpackungen von Camembert bunte Osterhasen gebastelt. In deren Bauch ist Platz f\u00fcr s\u00fc\u00dfe Schokoladeneier &amp; Co.<br \/>\nDiese \u00dcberraschungshasen lassen sich wunderbar als kleine Oster\u00fcberraschung und Osternest nutzen. Das Bastelmaterial ist \u00fcberschaubar und kostenlos, bis auf die Farbe.<\/p>\n<p style=\"text-align: center;\"><a href=\"https:\/\/www.sabine-seyffert.de\/blog\/wp-content\/uploads\/2022\/04\/Osterhase-K\u00e4seschachtel-Sabine-Seyffert.de-4.jpg\"><img loading=\"lazy\" decoding=\"async\" class=\"alignnone size-full wp-image-22613\" src=\"https:\/\/www.sabine-seyffert.de\/blog\/wp-content\/uploads\/2022\/04\/Osterhase-K\u00e4seschachtel-Sabine-Seyffert.de-4.jpg\" alt=\"\" width=\"800\" height=\"600\" srcset=\"https:\/\/www.sabine-seyffert.de\/blog\/wp-content\/uploads\/2022\/04\/Osterhase-K\u00e4seschachtel-Sabine-Seyffert.de-4.jpg 800w, https:\/\/www.sabine-seyffert.de\/blog\/wp-content\/uploads\/2022\/04\/Osterhase-K\u00e4seschachtel-Sabine-Seyffert.de-4-300x225.jpg 300w, https:\/\/www.sabine-seyffert.de\/blog\/wp-content\/uploads\/2022\/04\/Osterhase-K\u00e4seschachtel-Sabine-Seyffert.de-4-768x576.jpg 768w\" sizes=\"auto, (max-width: 800px) 100vw, 800px\" \/><\/a><\/p>\n<p style=\"text-align: justify;\"><strong>Das wird gebraucht:<\/strong><br \/>\nLeere K\u00e4seschachteln, eine Bastelschere, eine Tageszeitung, d\u00fcnne Pappe, Acrylfarbe oder Bastelfarbe, Pinsel, eine alte Tageszeitung, samt Wasserfarbkasten oder bunte Papierreste, Bastelkleber \/ Klebestift, eine Hei\u00dfklebepistole samt Klebepatrone, eine Malunterlage und einen <a href=\"https:\/\/www.sabine-seyffert.de\/blog\/?p=12310\" target=\"_blank\" rel=\"noopener noreferrer\">Bastelkittel<\/a> sowie optional Buchstabenstempel samt Stempelkissen<\/p>\n<p style=\"text-align: center;\"><a href=\"https:\/\/www.sabine-seyffert.de\/blog\/wp-content\/uploads\/2022\/04\/Osterhase-K\u00e4seschachtel-Sabine-Seyffert.de-11.jpg\"><img loading=\"lazy\" decoding=\"async\" class=\"alignnone size-full wp-image-22614\" src=\"https:\/\/www.sabine-seyffert.de\/blog\/wp-content\/uploads\/2022\/04\/Osterhase-K\u00e4seschachtel-Sabine-Seyffert.de-11.jpg\" alt=\"\" width=\"800\" height=\"600\" srcset=\"https:\/\/www.sabine-seyffert.de\/blog\/wp-content\/uploads\/2022\/04\/Osterhase-K\u00e4seschachtel-Sabine-Seyffert.de-11.jpg 800w, https:\/\/www.sabine-seyffert.de\/blog\/wp-content\/uploads\/2022\/04\/Osterhase-K\u00e4seschachtel-Sabine-Seyffert.de-11-300x225.jpg 300w, https:\/\/www.sabine-seyffert.de\/blog\/wp-content\/uploads\/2022\/04\/Osterhase-K\u00e4seschachtel-Sabine-Seyffert.de-11-768x576.jpg 768w\" sizes=\"auto, (max-width: 800px) 100vw, 800px\" \/><\/a><\/p>\n<p style=\"text-align: justify;\"><strong>So wird\u2019s gemacht:<\/strong><br \/>\nZuerst deckt man den Tisch gut ab. Zum Malen ziehen sich alle einen Malkittel \u00fcber. Dann bestreicht jeder seine K\u00e4seschachtel von au\u00dfen und innen mit der gew\u00fcnschten Farbe.<\/p>\n<p style=\"text-align: center;\"><a href=\"https:\/\/www.sabine-seyffert.de\/blog\/wp-content\/uploads\/2022\/04\/Osterhase-K\u00e4seschachtel-Sabine-Seyffert.de-10.jpg\"><img loading=\"lazy\" decoding=\"async\" class=\"alignnone size-full wp-image-22617\" src=\"https:\/\/www.sabine-seyffert.de\/blog\/wp-content\/uploads\/2022\/04\/Osterhase-K\u00e4seschachtel-Sabine-Seyffert.de-10.jpg\" alt=\"\" width=\"800\" height=\"600\" srcset=\"https:\/\/www.sabine-seyffert.de\/blog\/wp-content\/uploads\/2022\/04\/Osterhase-K\u00e4seschachtel-Sabine-Seyffert.de-10.jpg 800w, https:\/\/www.sabine-seyffert.de\/blog\/wp-content\/uploads\/2022\/04\/Osterhase-K\u00e4seschachtel-Sabine-Seyffert.de-10-300x225.jpg 300w, https:\/\/www.sabine-seyffert.de\/blog\/wp-content\/uploads\/2022\/04\/Osterhase-K\u00e4seschachtel-Sabine-Seyffert.de-10-768x576.jpg 768w\" sizes=\"auto, (max-width: 800px) 100vw, 800px\" \/><\/a><\/p>\n<p style=\"text-align: justify;\">Wenn diese gut deckt, reicht eine Farbschicht aus. Bei helleren Farben streicht besser mehrfach dar\u00fcber, damit der Aufdruck und die Schrift darunter nicht zum Vorschein kommen.<\/p>\n<p style=\"text-align: center;\"><a href=\"https:\/\/www.sabine-seyffert.de\/blog\/wp-content\/uploads\/2022\/04\/Osterhase-K\u00e4seschachtel-Sabine-Seyffert.de-9.jpg\"><img loading=\"lazy\" decoding=\"async\" class=\"alignnone size-full wp-image-22618\" src=\"https:\/\/www.sabine-seyffert.de\/blog\/wp-content\/uploads\/2022\/04\/Osterhase-K\u00e4seschachtel-Sabine-Seyffert.de-9.jpg\" alt=\"\" width=\"800\" height=\"600\" srcset=\"https:\/\/www.sabine-seyffert.de\/blog\/wp-content\/uploads\/2022\/04\/Osterhase-K\u00e4seschachtel-Sabine-Seyffert.de-9.jpg 800w, https:\/\/www.sabine-seyffert.de\/blog\/wp-content\/uploads\/2022\/04\/Osterhase-K\u00e4seschachtel-Sabine-Seyffert.de-9-300x225.jpg 300w, https:\/\/www.sabine-seyffert.de\/blog\/wp-content\/uploads\/2022\/04\/Osterhase-K\u00e4seschachtel-Sabine-Seyffert.de-9-768x576.jpg 768w\" sizes=\"auto, (max-width: 800px) 100vw, 800px\" \/><\/a><\/p>\n<p style=\"text-align: justify;\">Die kleinen Ostereier im inneren Teil der Schachtel und das Hasengesicht kann man aus <a href=\"https:\/\/www.sabine-seyffert.de\/blog\/?p=13917\" target=\"_blank\" rel=\"noopener noreferrer\">bemaltem Zeitungspapier<\/a> oder farbigen Papierresten basteln.<\/p>\n<p style=\"text-align: center;\"><a href=\"https:\/\/www.sabine-seyffert.de\/blog\/wp-content\/uploads\/2022\/04\/Osterhase-K\u00e4seschachtel-Sabine-Seyffert.de-8.jpg\"><img loading=\"lazy\" decoding=\"async\" class=\"alignnone size-full wp-image-22619\" src=\"https:\/\/www.sabine-seyffert.de\/blog\/wp-content\/uploads\/2022\/04\/Osterhase-K\u00e4seschachtel-Sabine-Seyffert.de-8.jpg\" alt=\"\" width=\"800\" height=\"600\" srcset=\"https:\/\/www.sabine-seyffert.de\/blog\/wp-content\/uploads\/2022\/04\/Osterhase-K\u00e4seschachtel-Sabine-Seyffert.de-8.jpg 800w, https:\/\/www.sabine-seyffert.de\/blog\/wp-content\/uploads\/2022\/04\/Osterhase-K\u00e4seschachtel-Sabine-Seyffert.de-8-300x225.jpg 300w, https:\/\/www.sabine-seyffert.de\/blog\/wp-content\/uploads\/2022\/04\/Osterhase-K\u00e4seschachtel-Sabine-Seyffert.de-8-768x576.jpg 768w\" sizes=\"auto, (max-width: 800px) 100vw, 800px\" \/><\/a><\/p>\n<p style=\"text-align: justify;\">F\u00fcr die Hasennase haben wir Pappe verwendet und die oberste Papierschicht abgezogen, so dass der Wellenkarton darunter zum Vorschein kam.<\/p>\n<p style=\"text-align: center;\"><a href=\"https:\/\/www.sabine-seyffert.de\/blog\/wp-content\/uploads\/2022\/04\/Osterhase-K\u00e4seschachtel-Sabine-Seyffert.de-0.jpg\"><img loading=\"lazy\" decoding=\"async\" class=\"alignnone size-full wp-image-22620\" src=\"https:\/\/www.sabine-seyffert.de\/blog\/wp-content\/uploads\/2022\/04\/Osterhase-K\u00e4seschachtel-Sabine-Seyffert.de-0.jpg\" alt=\"\" width=\"800\" height=\"600\" srcset=\"https:\/\/www.sabine-seyffert.de\/blog\/wp-content\/uploads\/2022\/04\/Osterhase-K\u00e4seschachtel-Sabine-Seyffert.de-0.jpg 800w, https:\/\/www.sabine-seyffert.de\/blog\/wp-content\/uploads\/2022\/04\/Osterhase-K\u00e4seschachtel-Sabine-Seyffert.de-0-300x225.jpg 300w, https:\/\/www.sabine-seyffert.de\/blog\/wp-content\/uploads\/2022\/04\/Osterhase-K\u00e4seschachtel-Sabine-Seyffert.de-0-768x576.jpg 768w\" sizes=\"auto, (max-width: 800px) 100vw, 800px\" \/><\/a><\/p>\n<p style=\"text-align: justify;\">Die Ohren schneidet man ebenfalls aus Pappe und \u00fcbermalt diese in derselben Farbe wie die K\u00e4seschachtel. Nach dem Trocknen kann man diesen noch ein Muster aufmalen. In unserem Fall kleine P\u00fcnktchen.<\/p>\n<p style=\"text-align: center;\"><a href=\"https:\/\/www.sabine-seyffert.de\/blog\/wp-content\/uploads\/2022\/04\/Osterhase-K\u00e4seschachtel-Sabine-Seyffert.de-7.jpg\"><img loading=\"lazy\" decoding=\"async\" class=\"alignnone size-full wp-image-22621\" src=\"https:\/\/www.sabine-seyffert.de\/blog\/wp-content\/uploads\/2022\/04\/Osterhase-K\u00e4seschachtel-Sabine-Seyffert.de-7.jpg\" alt=\"\" width=\"800\" height=\"600\" srcset=\"https:\/\/www.sabine-seyffert.de\/blog\/wp-content\/uploads\/2022\/04\/Osterhase-K\u00e4seschachtel-Sabine-Seyffert.de-7.jpg 800w, https:\/\/www.sabine-seyffert.de\/blog\/wp-content\/uploads\/2022\/04\/Osterhase-K\u00e4seschachtel-Sabine-Seyffert.de-7-300x225.jpg 300w, https:\/\/www.sabine-seyffert.de\/blog\/wp-content\/uploads\/2022\/04\/Osterhase-K\u00e4seschachtel-Sabine-Seyffert.de-7-768x576.jpg 768w\" sizes=\"auto, (max-width: 800px) 100vw, 800px\" \/><\/a><\/p>\n<p style=\"text-align: justify;\">Den Innenteil haben wir noch mit einem kleinen Ostergru\u00df bestempelt und Papier Ostereier darunter geklebt. Nun kann man die Schachtel bef\u00fcllt, und mit dem Deckel verschlie\u00dfen. Ganz zum Schluss klebt man mit Hei\u00dfkleber noch die langen Ohren von Unten an. Fertig ist der Osterhase!<\/p>\n<p style=\"text-align: center;\"><a href=\"https:\/\/www.sabine-seyffert.de\/blog\/wp-content\/uploads\/2022\/04\/Osterhase-K\u00e4seschachtel-Sabine-Seyffert.de-5.jpg\"><img loading=\"lazy\" decoding=\"async\" class=\"alignnone size-full wp-image-22622\" src=\"https:\/\/www.sabine-seyffert.de\/blog\/wp-content\/uploads\/2022\/04\/Osterhase-K\u00e4seschachtel-Sabine-Seyffert.de-5.jpg\" alt=\"\" width=\"800\" height=\"600\" srcset=\"https:\/\/www.sabine-seyffert.de\/blog\/wp-content\/uploads\/2022\/04\/Osterhase-K\u00e4seschachtel-Sabine-Seyffert.de-5.jpg 800w, https:\/\/www.sabine-seyffert.de\/blog\/wp-content\/uploads\/2022\/04\/Osterhase-K\u00e4seschachtel-Sabine-Seyffert.de-5-300x225.jpg 300w, https:\/\/www.sabine-seyffert.de\/blog\/wp-content\/uploads\/2022\/04\/Osterhase-K\u00e4seschachtel-Sabine-Seyffert.de-5-768x576.jpg 768w\" sizes=\"auto, (max-width: 800px) 100vw, 800px\" \/><\/a><\/p>\n<p style=\"text-align: justify;\">Noch eine tolle Oster\u00fcberraschung sind diese <a href=\"https:\/\/www.sabine-seyffert.de\/blog\/?p=12039\" target=\"_blank\" rel=\"noopener noreferrer\">\u00dcberraschungseier aus Papier<\/a>. Erinnert ihr euch noch? Die sind perfekt als kleines Mitbringsel oder Geschenk zu Ostern!<\/p>\n<p style=\"text-align: center;\"><a href=\"https:\/\/www.sabine-seyffert.de\/blog\/wp-content\/uploads\/2022\/04\/Osterhase-K\u00e4seschachtel-Sabine-Seyffert.de-3.jpg\"><img loading=\"lazy\" decoding=\"async\" class=\"alignnone size-full wp-image-22616\" src=\"https:\/\/www.sabine-seyffert.de\/blog\/wp-content\/uploads\/2022\/04\/Osterhase-K\u00e4seschachtel-Sabine-Seyffert.de-3.jpg\" alt=\"\" width=\"800\" height=\"600\" srcset=\"https:\/\/www.sabine-seyffert.de\/blog\/wp-content\/uploads\/2022\/04\/Osterhase-K\u00e4seschachtel-Sabine-Seyffert.de-3.jpg 800w, https:\/\/www.sabine-seyffert.de\/blog\/wp-content\/uploads\/2022\/04\/Osterhase-K\u00e4seschachtel-Sabine-Seyffert.de-3-300x225.jpg 300w, https:\/\/www.sabine-seyffert.de\/blog\/wp-content\/uploads\/2022\/04\/Osterhase-K\u00e4seschachtel-Sabine-Seyffert.de-3-768x576.jpg 768w\" sizes=\"auto, (max-width: 800px) 100vw, 800px\" \/><\/a><\/p>\n<p style=\"text-align: justify;\">Weitere DIY Bastelideen f\u00fcr Kinder findet ihr \u00fcbrigens in <a href=\"https:\/\/www.sabine-seyffert.de\/blog\/?cat=32\" target=\"_blank\" rel=\"noopener noreferrer\">dieser Blog Kategorie<\/a>, alles zum Thema Upcycling mit detaillierter Bastelanleitung gibt es in <a href=\"https:\/\/www.sabine-seyffert.de\/blog\/?cat=47\" target=\"_blank\" rel=\"noopener noreferrer\">dieser Rubrik<\/a>, alles rund um Ostern und die Fr\u00fchlingszeit sind in <a href=\"https:\/\/www.sabine-seyffert.de\/blog\/?cat=23\" target=\"_blank\" rel=\"noopener noreferrer\">diesem Blog Ordner<\/a> und andere kreative Sachen da.<\/p>\n<p style=\"text-align: center;\"><a href=\"https:\/\/www.sabine-seyffert.de\/blog\/wp-content\/uploads\/2022\/04\/Osterhase-K\u00e4seschachtel-Sabine-Seyffert.de-1.jpg\"><img loading=\"lazy\" decoding=\"async\" class=\"alignnone size-full wp-image-22615\" src=\"https:\/\/www.sabine-seyffert.de\/blog\/wp-content\/uploads\/2022\/04\/Osterhase-K\u00e4seschachtel-Sabine-Seyffert.de-1.jpg\" alt=\"\" width=\"600\" height=\"800\" srcset=\"https:\/\/www.sabine-seyffert.de\/blog\/wp-content\/uploads\/2022\/04\/Osterhase-K\u00e4seschachtel-Sabine-Seyffert.de-1.jpg 600w, https:\/\/www.sabine-seyffert.de\/blog\/wp-content\/uploads\/2022\/04\/Osterhase-K\u00e4seschachtel-Sabine-Seyffert.de-1-225x300.jpg 225w\" sizes=\"auto, (max-width: 600px) 100vw, 600px\" \/><\/a><\/p>\n<p style=\"text-align: justify;\"><a href=\"https:\/\/www.sabine-seyffert.de\/blog\/?page_id=32#urheberrecht\">urheberrechtlich gesch\u00fctzt<\/a>, \u00a9 Sabine Seyffert<\/p>\n","protected":false},"excerpt":{"rendered":"<p>Vor etlicher Zeit hatte ich auf dem Blog mal eine Bastelidee f\u00fcr Ostern gezeigt: Selbst gemachte \u00dcberraschungseier aus K\u00e4seschachteln. Dieses Jahr habe ich diese Idee abgewandelt und mit Kindern aus leeren Verpackungen von Camembert bunte Osterhasen gebastelt. In deren Bauch ist Platz f\u00fcr s\u00fc\u00dfe Schokoladeneier &amp; Co. Diese \u00dcberraschungshasen lassen sich wunderbar als kleine Oster\u00fcberraschung&#8230; <a href=\"https:\/\/www.sabine-seyffert.de\/blog\/diy-bastelidee-fuer-ostern-upcycling-osterhase-osternest-aus-kaeseschachtel-basteln\/\" class=\"more-link\">Read more: DIY Bastelidee f\u00fcr Ostern: Upcycling Osterhase &#038; Osternest aus K\u00e4seschachtel basteln<\/a><\/p>\n","protected":false},"author":2,"featured_media":0,"comment_status":"open","ping_status":"open","sticky":false,"template":"","format":"standard","meta":{"_metis_text_type":"","_metis_text_length":2460,"_post_count":0,"footnotes":""},"categories":[32,49,57,47],"tags":[],"class_list":["post-22612","post","type-post","status-publish","format-standard","hentry","category-kreatives-fur-kleine-kinderhande","category-verpackungsideen","category-ostern","category-upcyceltes"],"_links":{"self":[{"href":"https:\/\/www.sabine-seyffert.de\/blog\/wp-json\/wp\/v2\/posts\/22612","targetHints":{"allow":["GET"]}}],"collection":[{"href":"https:\/\/www.sabine-seyffert.de\/blog\/wp-json\/wp\/v2\/posts"}],"about":[{"href":"https:\/\/www.sabine-seyffert.de\/blog\/wp-json\/wp\/v2\/types\/post"}],"author":[{"embeddable":true,"href":"https:\/\/www.sabine-seyffert.de\/blog\/wp-json\/wp\/v2\/users\/2"}],"replies":[{"embeddable":true,"href":"https:\/\/www.sabine-seyffert.de\/blog\/wp-json\/wp\/v2\/comments?post=22612"}],"version-history":[{"count":4,"href":"https:\/\/www.sabine-seyffert.de\/blog\/wp-json\/wp\/v2\/posts\/22612\/revisions"}],"predecessor-version":[{"id":25382,"href":"https:\/\/www.sabine-seyffert.de\/blog\/wp-json\/wp\/v2\/posts\/22612\/revisions\/25382"}],"wp:attachment":[{"href":"https:\/\/www.sabine-seyffert.de\/blog\/wp-json\/wp\/v2\/media?parent=22612"}],"wp:term":[{"taxonomy":"category","embeddable":true,"href":"https:\/\/www.sabine-seyffert.de\/blog\/wp-json\/wp\/v2\/categories?post=22612"},{"taxonomy":"post_tag","embeddable":true,"href":"https:\/\/www.sabine-seyffert.de\/blog\/wp-json\/wp\/v2\/tags?post=22612"}],"curies":[{"name":"wp","href":"https:\/\/api.w.org\/{rel}","templated":true}]}}