{"id":2260,"date":"2013-07-30T17:47:42","date_gmt":"2013-07-30T15:47:42","guid":{"rendered":"http:\/\/www.sabine-seyffert.de\/blog\/?p=2260"},"modified":"2017-03-06T12:49:25","modified_gmt":"2017-03-06T10:49:25","slug":"diy-ein-ferienalbum-selbstgemacht-mein-sommer-2013","status":"publish","type":"post","link":"https:\/\/www.sabine-seyffert.de\/blog\/diy-ein-ferienalbum-selbstgemacht-mein-sommer-2013\/","title":{"rendered":"DIY Ein Ferienalbum selbstgemacht: Mein Sommer 2013"},"content":{"rendered":"<p style=\"text-align: center;\"><img loading=\"lazy\" decoding=\"async\" src=\"https:\/\/ssl-vg03.met.vgwort.de\/na\/a1ea42c923834aaabec0ab2ff5524d1d\" alt=\"\" width=\"1\" height=\"1\" \/><a href=\"http:\/\/www.sabine-seyffert.de\/blog\/wp-content\/uploads\/2013\/07\/Ferienordner-1.jpg\"><img loading=\"lazy\" decoding=\"async\" class=\"alignnone size-full wp-image-2261\" src=\"http:\/\/www.sabine-seyffert.de\/blog\/wp-content\/uploads\/2013\/07\/Ferienordner-1.jpg\" alt=\"Ferienordner 1\" width=\"800\" height=\"600\" srcset=\"https:\/\/www.sabine-seyffert.de\/blog\/wp-content\/uploads\/2013\/07\/Ferienordner-1.jpg 800w, https:\/\/www.sabine-seyffert.de\/blog\/wp-content\/uploads\/2013\/07\/Ferienordner-1-300x225.jpg 300w\" sizes=\"auto, (max-width: 800px) 100vw, 800px\" \/><\/a><\/p>\n<p style=\"text-align: justify;\">Die Ferien sind gestartet und unser <a href=\"http:\/\/www.sabine-seyffert.de\/blog\/?p=2197\" target=\"_blank\">bunter Ferienplan<\/a>, der als \u00dcbersicht gedacht war, h\u00e4ngt bereits gut sichtbar an der K\u00fcchent\u00fcr. Dort hat man ihn wunderbar im Blick und so langsam f\u00fcllt er sich mit allerhand Terminen. An dieser Stelle sei gesagt, dass ich die Ferienaktivit\u00e4ten zwar als \u201eTermine\u201c bezeichne, diese aber weder Stress noch Druck bedeuten \u2013 ganz im Gegenteil: Es sind ausnahmslos Dinge, die Spa\u00df machen, wie kleine Ausfl\u00fcge, Verabredungen etc.<\/p>\n<p style=\"text-align: center;\"><a href=\"http:\/\/www.sabine-seyffert.de\/blog\/wp-content\/uploads\/2013\/07\/Ferienordner-2.jpg\"><img loading=\"lazy\" decoding=\"async\" class=\"alignnone size-full wp-image-2262\" src=\"http:\/\/www.sabine-seyffert.de\/blog\/wp-content\/uploads\/2013\/07\/Ferienordner-2.jpg\" alt=\"Ferienordner 2\" width=\"800\" height=\"600\" srcset=\"https:\/\/www.sabine-seyffert.de\/blog\/wp-content\/uploads\/2013\/07\/Ferienordner-2.jpg 800w, https:\/\/www.sabine-seyffert.de\/blog\/wp-content\/uploads\/2013\/07\/Ferienordner-2-300x225.jpg 300w\" sizes=\"auto, (max-width: 800px) 100vw, 800px\" \/><\/a><\/p>\n<p style=\"text-align: justify;\">Ganz spontan kam mir die Idee f\u00fcr ein kinderleichtes DIY. Wie w\u00e4re es, einen selbstgemachten Ordner zu basteln \u2013 eine Art Ferienalbum f\u00fcr die Sommerferien 2013?<\/p>\n<p style=\"text-align: center;\"><a href=\"http:\/\/www.sabine-seyffert.de\/blog\/wp-content\/uploads\/2013\/07\/Ferienordner-3.jpg\"><img loading=\"lazy\" decoding=\"async\" class=\"alignnone size-full wp-image-2263\" src=\"http:\/\/www.sabine-seyffert.de\/blog\/wp-content\/uploads\/2013\/07\/Ferienordner-3.jpg\" alt=\"Ferienordner 3\" width=\"800\" height=\"600\" srcset=\"https:\/\/www.sabine-seyffert.de\/blog\/wp-content\/uploads\/2013\/07\/Ferienordner-3.jpg 800w, https:\/\/www.sabine-seyffert.de\/blog\/wp-content\/uploads\/2013\/07\/Ferienordner-3-300x225.jpg 300w\" sizes=\"auto, (max-width: 800px) 100vw, 800px\" \/><\/a><\/p>\n<p style=\"text-align: justify;\">Fr\u00fcher haben wir immer reichlich Fotos in der Ferienzeit gemacht und daf\u00fcr verschiedene Fotoalben angelegt. Irgendwie sind die aufgrund des Zeitalters der digitalen Fotografie aus der Mode gekommen und bei uns ganz in Vergessenheit geraten. Also kurz \u00fcberlegt und schwupp, war die Idee schon da. Das Beste daran, der Ordner l\u00e4sst sich innerhalb von 10 Minuten basteln und ist was ganz besonderes. Los geht\u2019s!<\/p>\n<p style=\"text-align: center;\"><a href=\"http:\/\/www.sabine-seyffert.de\/blog\/wp-content\/uploads\/2013\/07\/Ferienordner-4.jpg\"><img loading=\"lazy\" decoding=\"async\" class=\"alignnone size-full wp-image-2264\" src=\"http:\/\/www.sabine-seyffert.de\/blog\/wp-content\/uploads\/2013\/07\/Ferienordner-4.jpg\" alt=\"Ferienordner 4\" width=\"800\" height=\"600\" srcset=\"https:\/\/www.sabine-seyffert.de\/blog\/wp-content\/uploads\/2013\/07\/Ferienordner-4.jpg 800w, https:\/\/www.sabine-seyffert.de\/blog\/wp-content\/uploads\/2013\/07\/Ferienordner-4-300x225.jpg 300w\" sizes=\"auto, (max-width: 800px) 100vw, 800px\" \/><\/a><\/p>\n<p style=\"text-align: justify;\"><strong>Das wird gebraucht:<\/strong><br \/>\nEin gro\u00dfer Bogen Tonkarton, eine Schere, ein Heftstreifen, ein Locher, ein Blatt Papier in Din A4, ein Lineal, Prospekth\u00fcllen in Din A4 und ggf. Dinge zum Beschriften und Verzieren wie bsp. buntes Papier, Klebstoff, Stempel o.a.<\/p>\n<p style=\"text-align: center;\"><a href=\"http:\/\/www.sabine-seyffert.de\/blog\/wp-content\/uploads\/2013\/07\/Ferienordner-5.jpg\"><img loading=\"lazy\" decoding=\"async\" class=\"alignnone size-full wp-image-2265\" src=\"http:\/\/www.sabine-seyffert.de\/blog\/wp-content\/uploads\/2013\/07\/Ferienordner-5.jpg\" alt=\"Ferienordner 5\" width=\"800\" height=\"600\" srcset=\"https:\/\/www.sabine-seyffert.de\/blog\/wp-content\/uploads\/2013\/07\/Ferienordner-5.jpg 800w, https:\/\/www.sabine-seyffert.de\/blog\/wp-content\/uploads\/2013\/07\/Ferienordner-5-300x225.jpg 300w\" sizes=\"auto, (max-width: 800px) 100vw, 800px\" \/><\/a><\/p>\n<p style=\"text-align: justify;\"><strong>So wird\u2019s gemacht:<\/strong><br \/>\nAls erstes schneidet man aus dem Bogen Tonkarton ein gro\u00dfes St\u00fcck aus. Ich habe f\u00fcr unseren Ordner ungef\u00e4hr eine Breite von ca. 56 cm und 33 cm H\u00f6he genommen. Als n\u00e4chstes habe ich die Innenseite des Tonkartons nach Au\u00dfen gedreht und mittig zusammengefaltet. Nun locht man diese Au\u00dfenkante m\u00f6glichst in der Mitte und steckt den Heftstreifen durch die L\u00f6cher. Wer m\u00f6chte kann die L\u00f6cher auch vorab mit Lochverst\u00e4rker versehen. Um die gew\u00fcnschte Au\u00dfenseite nun auch wirklich Au\u00dfen zu haben, knickt man die Pappe nun um den angebrachten Heftstreifen, so dass dieser im Innern des Ordners ist. Ich hoffe das Vorgehen wird anhand der Detailfotos verst\u00e4ndlich \ud83d\ude09<\/p>\n<p style=\"text-align: center;\"><a href=\"http:\/\/www.sabine-seyffert.de\/blog\/wp-content\/uploads\/2013\/07\/Ferienordner-6.jpg\"><img loading=\"lazy\" decoding=\"async\" class=\"alignnone size-full wp-image-2267\" src=\"http:\/\/www.sabine-seyffert.de\/blog\/wp-content\/uploads\/2013\/07\/Ferienordner-6.jpg\" alt=\"Ferienordner 6\" width=\"800\" height=\"600\" srcset=\"https:\/\/www.sabine-seyffert.de\/blog\/wp-content\/uploads\/2013\/07\/Ferienordner-6.jpg 800w, https:\/\/www.sabine-seyffert.de\/blog\/wp-content\/uploads\/2013\/07\/Ferienordner-6-300x225.jpg 300w\" sizes=\"auto, (max-width: 800px) 100vw, 800px\" \/><\/a><\/p>\n<p style=\"text-align: justify;\">Wir haben auf dies Vorderseite unseres Ordners noch eine kleine wei\u00dfe Karteikarte geklebt und mit Stempel bedruckt. Au\u00dferdem haben wir ein kleines Segelboot sowie einen Fisch per Hand ausgeschnitten darunter geklebt. Das ist nicht nur so herrlich maritim, wie es bei Mickey von <a href=\"http:\/\/de-hansedeern.blogspot.de\/\" target=\"_blank\">Hansedeern<\/a> oft zugeht, sondern einfach genau passend zur Sommerzeit!<\/p>\n<p style=\"text-align: center;\"><a href=\"http:\/\/www.sabine-seyffert.de\/blog\/wp-content\/uploads\/2013\/07\/Ferienordner-7.jpg\"><img loading=\"lazy\" decoding=\"async\" class=\"alignnone size-full wp-image-2268\" src=\"http:\/\/www.sabine-seyffert.de\/blog\/wp-content\/uploads\/2013\/07\/Ferienordner-7.jpg\" alt=\"Ferienordner 7\" width=\"600\" height=\"794\" srcset=\"https:\/\/www.sabine-seyffert.de\/blog\/wp-content\/uploads\/2013\/07\/Ferienordner-7.jpg 600w, https:\/\/www.sabine-seyffert.de\/blog\/wp-content\/uploads\/2013\/07\/Ferienordner-7-226x300.jpg 226w\" sizes=\"auto, (max-width: 600px) 100vw, 600px\" \/><\/a><\/p>\n<p style=\"text-align: justify;\">Diesen Ferienordner haben wir noch mit allerhand Prospekth\u00fcllen best\u00fcckt. Dort hinein k\u00f6nnen wir Fotos von gemachten Ausfl\u00fcgen verstauen, Prospekte oder Flyer von besuchten Ausflugszielen, ein Ferientagebuch schreiben und alles sammeln, was uns w\u00e4hrend der 7 Wochen Ferienzeit begegnet.<\/p>\n<p style=\"text-align: justify;\"><a href=\"http:\/\/www.sabine-seyffert.de\/blog\/?page_id=32#urheberrecht\">urherrechtlich gesch\u00fctzt<\/a>, \u00a9 Sabine Seyffert<\/p>\n","protected":false},"excerpt":{"rendered":"<p>Die Ferien sind gestartet und unser bunter Ferienplan, der als \u00dcbersicht gedacht war, h\u00e4ngt bereits gut sichtbar an der K\u00fcchent\u00fcr. Dort hat man ihn wunderbar im Blick und so langsam f\u00fcllt er sich mit allerhand Terminen. An dieser Stelle sei gesagt, dass ich die Ferienaktivit\u00e4ten zwar als \u201eTermine\u201c bezeichne, diese aber weder Stress noch Druck&#8230; <a href=\"https:\/\/www.sabine-seyffert.de\/blog\/diy-ein-ferienalbum-selbstgemacht-mein-sommer-2013\/\" class=\"more-link\">Read more: DIY Ein Ferienalbum selbstgemacht: Mein Sommer 2013<\/a><\/p>\n","protected":false},"author":2,"featured_media":0,"comment_status":"open","ping_status":"open","sticky":false,"template":"","format":"standard","meta":{"_metis_text_type":"","_metis_text_length":2630,"_post_count":0,"footnotes":""},"categories":[32,38],"tags":[],"class_list":["post-2260","post","type-post","status-publish","format-standard","hentry","category-kreatives-fur-kleine-kinderhande","category-ferien"],"_links":{"self":[{"href":"https:\/\/www.sabine-seyffert.de\/blog\/wp-json\/wp\/v2\/posts\/2260","targetHints":{"allow":["GET"]}}],"collection":[{"href":"https:\/\/www.sabine-seyffert.de\/blog\/wp-json\/wp\/v2\/posts"}],"about":[{"href":"https:\/\/www.sabine-seyffert.de\/blog\/wp-json\/wp\/v2\/types\/post"}],"author":[{"embeddable":true,"href":"https:\/\/www.sabine-seyffert.de\/blog\/wp-json\/wp\/v2\/users\/2"}],"replies":[{"embeddable":true,"href":"https:\/\/www.sabine-seyffert.de\/blog\/wp-json\/wp\/v2\/comments?post=2260"}],"version-history":[{"count":9,"href":"https:\/\/www.sabine-seyffert.de\/blog\/wp-json\/wp\/v2\/posts\/2260\/revisions"}],"predecessor-version":[{"id":9831,"href":"https:\/\/www.sabine-seyffert.de\/blog\/wp-json\/wp\/v2\/posts\/2260\/revisions\/9831"}],"wp:attachment":[{"href":"https:\/\/www.sabine-seyffert.de\/blog\/wp-json\/wp\/v2\/media?parent=2260"}],"wp:term":[{"taxonomy":"category","embeddable":true,"href":"https:\/\/www.sabine-seyffert.de\/blog\/wp-json\/wp\/v2\/categories?post=2260"},{"taxonomy":"post_tag","embeddable":true,"href":"https:\/\/www.sabine-seyffert.de\/blog\/wp-json\/wp\/v2\/tags?post=2260"}],"curies":[{"name":"wp","href":"https:\/\/api.w.org\/{rel}","templated":true}]}}