{"id":22538,"date":"2022-03-29T06:00:22","date_gmt":"2022-03-29T04:00:22","guid":{"rendered":"https:\/\/www.sabine-seyffert.de\/blog\/?p=22538"},"modified":"2023-02-16T16:11:39","modified_gmt":"2023-02-16T14:11:39","slug":"lustige-ostergruesse-mini-kueken-im-ei-mit-gabel-eierschalen-bastelspass-fuer-ostern","status":"publish","type":"post","link":"https:\/\/www.sabine-seyffert.de\/blog\/lustige-ostergruesse-mini-kueken-im-ei-mit-gabel-eierschalen-bastelspass-fuer-ostern\/","title":{"rendered":"Lustige Ostergr\u00fc\u00dfe: Mini K\u00fcken im Ei mit Gabel &#038; Eierschalen \u2013 Bastelspa\u00df f\u00fcr Ostern"},"content":{"rendered":"<p style=\"text-align: justify;\"><img loading=\"lazy\" decoding=\"async\" src=\"https:\/\/vg01.met.vgwort.de\/na\/fe65b3488b7e45bcbce683cbd53ccac5\" alt=\"\" width=\"1\" height=\"1\" \/>Ostern ist nicht mehr weit. Daher gibt es nach dem <a href=\"https:\/\/www.sabine-seyffert.de\/blog\/?p=22521\" target=\"_blank\" rel=\"noopener noreferrer\">selbst gemachten Osterkranz<\/a> heute eine pfiffige <a href=\"https:\/\/www.sabine-seyffert.de\/blog\/?cat=32\" target=\"_blank\" rel=\"noopener noreferrer\">Bastelidee f\u00fcr Kinder<\/a>: Wie w\u00e4re es mit einem selbst gemachten Ostergru\u00df per Post? Der ist kinderleicht zu basteln und sorgt mit Sicherheit f\u00fcr gute Laune. Schon die Kleinsten im Bunde k\u00f6nnen hierbei flei\u00dfig mithelfen. Vielleicht w\u00e4re diese Bastelidee eine gute Gelegenheit f\u00fcr einen gem\u00fctlichen Familiennachmittag oder als Ferienprogramm w\u00e4hrend der ersten Osterferien Woche?<\/p>\n<p style=\"text-align: center;\"><a href=\"https:\/\/www.sabine-seyffert.de\/blog\/wp-content\/uploads\/2022\/03\/K\u00fcken-Gabel-Ei-Sabine-Seyffert.de-11.jpg\"><img loading=\"lazy\" decoding=\"async\" class=\"alignnone size-full wp-image-22539\" src=\"https:\/\/www.sabine-seyffert.de\/blog\/wp-content\/uploads\/2022\/03\/K\u00fcken-Gabel-Ei-Sabine-Seyffert.de-11.jpg\" alt=\"\" width=\"800\" height=\"600\" srcset=\"https:\/\/www.sabine-seyffert.de\/blog\/wp-content\/uploads\/2022\/03\/K\u00fcken-Gabel-Ei-Sabine-Seyffert.de-11.jpg 800w, https:\/\/www.sabine-seyffert.de\/blog\/wp-content\/uploads\/2022\/03\/K\u00fcken-Gabel-Ei-Sabine-Seyffert.de-11-300x225.jpg 300w, https:\/\/www.sabine-seyffert.de\/blog\/wp-content\/uploads\/2022\/03\/K\u00fcken-Gabel-Ei-Sabine-Seyffert.de-11-768x576.jpg 768w\" sizes=\"auto, (max-width: 800px) 100vw, 800px\" \/><\/a><\/p>\n<p style=\"text-align: justify;\"><strong>Das wird gebraucht:<\/strong><br \/>\nD\u00fcnne Pappe (alternativ Kraftpapier), Bastelfarbe in gelb, wei\u00df und schwarz, Buchstabenstempel samt Stempelkissen, Eierschalen (sauber und trocken), Bastelkleber, eine Bastelschere, eine alte Gabel, eine Bastelunterlage und <a href=\"https:\/\/www.sabine-seyffert.de\/blog\/?p=12310\" target=\"_blank\" rel=\"noopener noreferrer\">Malkittel<\/a><\/p>\n<p style=\"text-align: center;\"><a href=\"https:\/\/www.sabine-seyffert.de\/blog\/wp-content\/uploads\/2022\/03\/K\u00fcken-Gabel-Ei-Sabine-Seyffert.de-0.jpg\"><img loading=\"lazy\" decoding=\"async\" class=\"alignnone size-full wp-image-22540\" src=\"https:\/\/www.sabine-seyffert.de\/blog\/wp-content\/uploads\/2022\/03\/K\u00fcken-Gabel-Ei-Sabine-Seyffert.de-0.jpg\" alt=\"\" width=\"800\" height=\"600\" srcset=\"https:\/\/www.sabine-seyffert.de\/blog\/wp-content\/uploads\/2022\/03\/K\u00fcken-Gabel-Ei-Sabine-Seyffert.de-0.jpg 800w, https:\/\/www.sabine-seyffert.de\/blog\/wp-content\/uploads\/2022\/03\/K\u00fcken-Gabel-Ei-Sabine-Seyffert.de-0-300x225.jpg 300w, https:\/\/www.sabine-seyffert.de\/blog\/wp-content\/uploads\/2022\/03\/K\u00fcken-Gabel-Ei-Sabine-Seyffert.de-0-768x576.jpg 768w\" sizes=\"auto, (max-width: 800px) 100vw, 800px\" \/><\/a><\/p>\n<p style=\"text-align: justify;\"><strong>So wird\u2019s gemacht:<\/strong><br \/>\nAls erstes denkt daran den Tisch, an dem gebastelt werden soll, gut abzudecken und einen Malkittel \u00fcberzuziehen.<\/p>\n<p style=\"text-align: center;\"><a href=\"https:\/\/www.sabine-seyffert.de\/blog\/wp-content\/uploads\/2022\/03\/K\u00fcken-Gabel-Ei-Sabine-Seyffert.de-10.jpg\"><img loading=\"lazy\" decoding=\"async\" class=\"alignnone size-full wp-image-22545\" src=\"https:\/\/www.sabine-seyffert.de\/blog\/wp-content\/uploads\/2022\/03\/K\u00fcken-Gabel-Ei-Sabine-Seyffert.de-10.jpg\" alt=\"\" width=\"800\" height=\"600\" srcset=\"https:\/\/www.sabine-seyffert.de\/blog\/wp-content\/uploads\/2022\/03\/K\u00fcken-Gabel-Ei-Sabine-Seyffert.de-10.jpg 800w, https:\/\/www.sabine-seyffert.de\/blog\/wp-content\/uploads\/2022\/03\/K\u00fcken-Gabel-Ei-Sabine-Seyffert.de-10-300x225.jpg 300w, https:\/\/www.sabine-seyffert.de\/blog\/wp-content\/uploads\/2022\/03\/K\u00fcken-Gabel-Ei-Sabine-Seyffert.de-10-768x576.jpg 768w\" sizes=\"auto, (max-width: 800px) 100vw, 800px\" \/><\/a><\/p>\n<p style=\"text-align: justify;\">Dann kann ein Erwachsener mit einem scharfen Bastelmesser \/ Cutter einen leeren Pappkarton auseinander schneiden, dessen Pappe man in etwa Postkartengro\u00dfe St\u00fccke teilt.<\/p>\n<p style=\"text-align: center;\"><a href=\"https:\/\/www.sabine-seyffert.de\/blog\/wp-content\/uploads\/2022\/03\/K\u00fcken-Gabel-Ei-Sabine-Seyffert.de-9.jpg\"><img loading=\"lazy\" decoding=\"async\" class=\"alignnone size-full wp-image-22546\" src=\"https:\/\/www.sabine-seyffert.de\/blog\/wp-content\/uploads\/2022\/03\/K\u00fcken-Gabel-Ei-Sabine-Seyffert.de-9.jpg\" alt=\"\" width=\"800\" height=\"600\" srcset=\"https:\/\/www.sabine-seyffert.de\/blog\/wp-content\/uploads\/2022\/03\/K\u00fcken-Gabel-Ei-Sabine-Seyffert.de-9.jpg 800w, https:\/\/www.sabine-seyffert.de\/blog\/wp-content\/uploads\/2022\/03\/K\u00fcken-Gabel-Ei-Sabine-Seyffert.de-9-300x225.jpg 300w, https:\/\/www.sabine-seyffert.de\/blog\/wp-content\/uploads\/2022\/03\/K\u00fcken-Gabel-Ei-Sabine-Seyffert.de-9-768x576.jpg 768w\" sizes=\"auto, (max-width: 800px) 100vw, 800px\" \/><\/a><\/p>\n<p style=\"text-align: justify;\">Dann f\u00fcllt man etwas gelbe Bastelfarbe in einen leeren Deckel (oder auf ein Restst\u00fcck Pappe) und stempelt mit Hilfe der Gabel ein kleines Osterk\u00fcken.<\/p>\n<p style=\"text-align: center;\"><a href=\"https:\/\/www.sabine-seyffert.de\/blog\/wp-content\/uploads\/2022\/03\/K\u00fcken-Gabel-Ei-Sabine-Seyffert.de-8.jpg\"><img loading=\"lazy\" decoding=\"async\" class=\"alignnone size-full wp-image-22547\" src=\"https:\/\/www.sabine-seyffert.de\/blog\/wp-content\/uploads\/2022\/03\/K\u00fcken-Gabel-Ei-Sabine-Seyffert.de-8.jpg\" alt=\"\" width=\"800\" height=\"600\" srcset=\"https:\/\/www.sabine-seyffert.de\/blog\/wp-content\/uploads\/2022\/03\/K\u00fcken-Gabel-Ei-Sabine-Seyffert.de-8.jpg 800w, https:\/\/www.sabine-seyffert.de\/blog\/wp-content\/uploads\/2022\/03\/K\u00fcken-Gabel-Ei-Sabine-Seyffert.de-8-300x225.jpg 300w, https:\/\/www.sabine-seyffert.de\/blog\/wp-content\/uploads\/2022\/03\/K\u00fcken-Gabel-Ei-Sabine-Seyffert.de-8-768x576.jpg 768w\" sizes=\"auto, (max-width: 800px) 100vw, 800px\" \/><\/a><\/p>\n<p style=\"text-align: justify;\"><strong>Kleiner Tipp:<\/strong> F\u00fcr j\u00fcngere Kinder ist es hilfreich den Umriss vorab d\u00fcnn mit einem Bleistift oder Zirkel auf den Karton zu zeichnen.<\/p>\n<p style=\"text-align: center;\"><a href=\"https:\/\/www.sabine-seyffert.de\/blog\/wp-content\/uploads\/2022\/03\/K\u00fcken-Gabel-Ei-Sabine-Seyffert.de-7.jpg\"><img loading=\"lazy\" decoding=\"async\" class=\"alignnone size-full wp-image-22548\" src=\"https:\/\/www.sabine-seyffert.de\/blog\/wp-content\/uploads\/2022\/03\/K\u00fcken-Gabel-Ei-Sabine-Seyffert.de-7.jpg\" alt=\"\" width=\"800\" height=\"600\" srcset=\"https:\/\/www.sabine-seyffert.de\/blog\/wp-content\/uploads\/2022\/03\/K\u00fcken-Gabel-Ei-Sabine-Seyffert.de-7.jpg 800w, https:\/\/www.sabine-seyffert.de\/blog\/wp-content\/uploads\/2022\/03\/K\u00fcken-Gabel-Ei-Sabine-Seyffert.de-7-300x225.jpg 300w, https:\/\/www.sabine-seyffert.de\/blog\/wp-content\/uploads\/2022\/03\/K\u00fcken-Gabel-Ei-Sabine-Seyffert.de-7-768x576.jpg 768w\" sizes=\"auto, (max-width: 800px) 100vw, 800px\" \/><\/a><\/p>\n<p style=\"text-align: justify;\">W\u00e4hrend die Farbe trocknet, kann man sich aus einem kleineren St\u00fcck Pappe etwas Wellpappe herstellen. Wie das funktioniert k\u00f6nnt ihr in <a href=\"https:\/\/www.sabine-seyffert.de\/blog\/?p=19655\" target=\"_blank\" rel=\"noopener noreferrer\">dieser Bastelanleitung<\/a> nachlesen. Den Wellenkarton schnippelt man dann in ganz schmale Streifen.<\/p>\n<p style=\"text-align: center;\"><a href=\"https:\/\/www.sabine-seyffert.de\/blog\/wp-content\/uploads\/2022\/03\/K\u00fcken-Gabel-Ei-Sabine-Seyffert.de-6.jpg\"><img loading=\"lazy\" decoding=\"async\" class=\"alignnone size-full wp-image-22549\" src=\"https:\/\/www.sabine-seyffert.de\/blog\/wp-content\/uploads\/2022\/03\/K\u00fcken-Gabel-Ei-Sabine-Seyffert.de-6.jpg\" alt=\"\" width=\"800\" height=\"600\" srcset=\"https:\/\/www.sabine-seyffert.de\/blog\/wp-content\/uploads\/2022\/03\/K\u00fcken-Gabel-Ei-Sabine-Seyffert.de-6.jpg 800w, https:\/\/www.sabine-seyffert.de\/blog\/wp-content\/uploads\/2022\/03\/K\u00fcken-Gabel-Ei-Sabine-Seyffert.de-6-300x225.jpg 300w, https:\/\/www.sabine-seyffert.de\/blog\/wp-content\/uploads\/2022\/03\/K\u00fcken-Gabel-Ei-Sabine-Seyffert.de-6-768x576.jpg 768w\" sizes=\"auto, (max-width: 800px) 100vw, 800px\" \/><\/a><\/p>\n<p style=\"text-align: justify;\">Falls ihr geschreddertes Packpapier habt, wie man es manchmal als F\u00fcllmaterial in Paketsendungen findet, k\u00f6nnt ihr auch das verwenden. Die schmalen Streifen ben\u00f6tigt ihr ganz zum Schluss f\u00fcr den unteren Rand der Postkarten.<\/p>\n<p style=\"text-align: center;\"><a href=\"https:\/\/www.sabine-seyffert.de\/blog\/wp-content\/uploads\/2022\/03\/K\u00fcken-Gabel-Ei-Sabine-Seyffert.de-5.jpg\"><img loading=\"lazy\" decoding=\"async\" class=\"alignnone size-full wp-image-22550\" src=\"https:\/\/www.sabine-seyffert.de\/blog\/wp-content\/uploads\/2022\/03\/K\u00fcken-Gabel-Ei-Sabine-Seyffert.de-5.jpg\" alt=\"\" width=\"800\" height=\"600\" srcset=\"https:\/\/www.sabine-seyffert.de\/blog\/wp-content\/uploads\/2022\/03\/K\u00fcken-Gabel-Ei-Sabine-Seyffert.de-5.jpg 800w, https:\/\/www.sabine-seyffert.de\/blog\/wp-content\/uploads\/2022\/03\/K\u00fcken-Gabel-Ei-Sabine-Seyffert.de-5-300x225.jpg 300w, https:\/\/www.sabine-seyffert.de\/blog\/wp-content\/uploads\/2022\/03\/K\u00fcken-Gabel-Ei-Sabine-Seyffert.de-5-768x576.jpg 768w\" sizes=\"auto, (max-width: 800px) 100vw, 800px\" \/><\/a><\/p>\n<p style=\"text-align: justify;\">Jetzt schnappt euch eine Eierschale, zerbrecht diese in kleinere St\u00fccke und klebt diese mit Klebstoff in Ei-Form unter das gestempelte K\u00fcken, so dass es aussieht, als w\u00fcrde euer K\u00fcken in dem Ei sitzen.<\/p>\n<p style=\"text-align: center;\"><a href=\"https:\/\/www.sabine-seyffert.de\/blog\/wp-content\/uploads\/2022\/03\/K\u00fcken-Gabel-Ei-Sabine-Seyffert.de-4.jpg\"><img loading=\"lazy\" decoding=\"async\" class=\"alignnone size-full wp-image-22544\" src=\"https:\/\/www.sabine-seyffert.de\/blog\/wp-content\/uploads\/2022\/03\/K\u00fcken-Gabel-Ei-Sabine-Seyffert.de-4.jpg\" alt=\"\" width=\"800\" height=\"600\" srcset=\"https:\/\/www.sabine-seyffert.de\/blog\/wp-content\/uploads\/2022\/03\/K\u00fcken-Gabel-Ei-Sabine-Seyffert.de-4.jpg 800w, https:\/\/www.sabine-seyffert.de\/blog\/wp-content\/uploads\/2022\/03\/K\u00fcken-Gabel-Ei-Sabine-Seyffert.de-4-300x225.jpg 300w, https:\/\/www.sabine-seyffert.de\/blog\/wp-content\/uploads\/2022\/03\/K\u00fcken-Gabel-Ei-Sabine-Seyffert.de-4-768x576.jpg 768w\" sizes=\"auto, (max-width: 800px) 100vw, 800px\" \/><\/a><\/p>\n<p style=\"text-align: justify;\">Die L\u00fccke zum unteren Rand k\u00f6nnt ihr nun mit dem zerschnittenen Wellenkarton bekleben.<\/p>\n<p style=\"text-align: center;\"><a href=\"https:\/\/www.sabine-seyffert.de\/blog\/wp-content\/uploads\/2022\/03\/K\u00fcken-Gabel-Ei-Sabine-Seyffert.de-3.jpg\"><img loading=\"lazy\" decoding=\"async\" class=\"alignnone size-full wp-image-22543\" src=\"https:\/\/www.sabine-seyffert.de\/blog\/wp-content\/uploads\/2022\/03\/K\u00fcken-Gabel-Ei-Sabine-Seyffert.de-3.jpg\" alt=\"\" width=\"600\" height=\"800\" srcset=\"https:\/\/www.sabine-seyffert.de\/blog\/wp-content\/uploads\/2022\/03\/K\u00fcken-Gabel-Ei-Sabine-Seyffert.de-3.jpg 600w, https:\/\/www.sabine-seyffert.de\/blog\/wp-content\/uploads\/2022\/03\/K\u00fcken-Gabel-Ei-Sabine-Seyffert.de-3-225x300.jpg 225w\" sizes=\"auto, (max-width: 600px) 100vw, 600px\" \/><\/a><\/p>\n<p style=\"text-align: justify;\">Jetzt noch einen Ostergru\u00df oben auf die Karte stempeln und schon habt ihr eine lustige Osterkarte, die sich per Post verschicken oder an Gro\u00dfeltern, Freunde, Nachbarn oder Bekannte an Ostern verschenken l\u00e4sst.<\/p>\n<p style=\"text-align: center;\"><a href=\"https:\/\/www.sabine-seyffert.de\/blog\/wp-content\/uploads\/2022\/03\/K\u00fcken-Gabel-Ei-Sabine-Seyffert.de-2.jpg\"><img loading=\"lazy\" decoding=\"async\" class=\"alignnone size-full wp-image-22542\" src=\"https:\/\/www.sabine-seyffert.de\/blog\/wp-content\/uploads\/2022\/03\/K\u00fcken-Gabel-Ei-Sabine-Seyffert.de-2.jpg\" alt=\"\" width=\"600\" height=\"800\" srcset=\"https:\/\/www.sabine-seyffert.de\/blog\/wp-content\/uploads\/2022\/03\/K\u00fcken-Gabel-Ei-Sabine-Seyffert.de-2.jpg 600w, https:\/\/www.sabine-seyffert.de\/blog\/wp-content\/uploads\/2022\/03\/K\u00fcken-Gabel-Ei-Sabine-Seyffert.de-2-225x300.jpg 225w\" sizes=\"auto, (max-width: 600px) 100vw, 600px\" \/><\/a><\/p>\n<p style=\"text-align: justify;\">Selbst gemachte Postkarten zu unterschiedlichen Anl\u00e4ssen gibt es hier, weitere DIY Bastelideen f\u00fcr Kinder findet ihr \u00fcbrigens in <a href=\"https:\/\/www.sabine-seyffert.de\/blog\/?cat=32\" target=\"_blank\" rel=\"noopener noreferrer\">dieser Blog Kategorie<\/a>, alles zum Thema Upcycling mit detaillierter Bastelanleitung gibt es in <a href=\"https:\/\/www.sabine-seyffert.de\/blog\/?cat=47\" target=\"_blank\" rel=\"noopener noreferrer\">dieser Rubrik<\/a>, alles rund um die Osterzeit und den Fr\u00fchling sind in <a href=\"https:\/\/www.sabine-seyffert.de\/blog\/?cat=23\" target=\"_blank\" rel=\"noopener noreferrer\">diesem Blog Ordner<\/a> und andere kreative Sachen da.<\/p>\n<p style=\"text-align: center;\"><a href=\"https:\/\/www.sabine-seyffert.de\/blog\/wp-content\/uploads\/2022\/03\/K\u00fcken-Gabel-Ei-Sabine-Seyffert.de-1.jpg\"><img loading=\"lazy\" decoding=\"async\" class=\"alignnone size-full wp-image-22541\" src=\"https:\/\/www.sabine-seyffert.de\/blog\/wp-content\/uploads\/2022\/03\/K\u00fcken-Gabel-Ei-Sabine-Seyffert.de-1.jpg\" alt=\"\" width=\"600\" height=\"800\" srcset=\"https:\/\/www.sabine-seyffert.de\/blog\/wp-content\/uploads\/2022\/03\/K\u00fcken-Gabel-Ei-Sabine-Seyffert.de-1.jpg 600w, https:\/\/www.sabine-seyffert.de\/blog\/wp-content\/uploads\/2022\/03\/K\u00fcken-Gabel-Ei-Sabine-Seyffert.de-1-225x300.jpg 225w\" sizes=\"auto, (max-width: 600px) 100vw, 600px\" \/><\/a><\/p>\n<p style=\"text-align: justify;\"><a href=\"https:\/\/www.sabine-seyffert.de\/blog\/?page_id=32#urheberrecht\">urheberrechtlich gesch\u00fctzt<\/a>, \u00a9 Sabine Seyffert<\/p>\n","protected":false},"excerpt":{"rendered":"<p>Ostern ist nicht mehr weit. Daher gibt es nach dem selbst gemachten Osterkranz heute eine pfiffige Bastelidee f\u00fcr Kinder: Wie w\u00e4re es mit einem selbst gemachten Ostergru\u00df per Post? Der ist kinderleicht zu basteln und sorgt mit Sicherheit f\u00fcr gute Laune. Schon die Kleinsten im Bunde k\u00f6nnen hierbei flei\u00dfig mithelfen. Vielleicht w\u00e4re diese Bastelidee eine&#8230; <a href=\"https:\/\/www.sabine-seyffert.de\/blog\/lustige-ostergruesse-mini-kueken-im-ei-mit-gabel-eierschalen-bastelspass-fuer-ostern\/\" class=\"more-link\">Read more: Lustige Ostergr\u00fc\u00dfe: Mini K\u00fcken im Ei mit Gabel &#038; Eierschalen \u2013 Bastelspa\u00df f\u00fcr Ostern<\/a><\/p>\n","protected":false},"author":2,"featured_media":0,"comment_status":"open","ping_status":"open","sticky":false,"template":"","format":"standard","meta":{"_metis_text_type":"","_metis_text_length":2654,"_post_count":0,"footnotes":""},"categories":[32,57,51,47],"tags":[],"class_list":["post-22538","post","type-post","status-publish","format-standard","hentry","category-kreatives-fur-kleine-kinderhande","category-ostern","category-postkarten-grusskarten","category-upcyceltes"],"_links":{"self":[{"href":"https:\/\/www.sabine-seyffert.de\/blog\/wp-json\/wp\/v2\/posts\/22538","targetHints":{"allow":["GET"]}}],"collection":[{"href":"https:\/\/www.sabine-seyffert.de\/blog\/wp-json\/wp\/v2\/posts"}],"about":[{"href":"https:\/\/www.sabine-seyffert.de\/blog\/wp-json\/wp\/v2\/types\/post"}],"author":[{"embeddable":true,"href":"https:\/\/www.sabine-seyffert.de\/blog\/wp-json\/wp\/v2\/users\/2"}],"replies":[{"embeddable":true,"href":"https:\/\/www.sabine-seyffert.de\/blog\/wp-json\/wp\/v2\/comments?post=22538"}],"version-history":[{"count":3,"href":"https:\/\/www.sabine-seyffert.de\/blog\/wp-json\/wp\/v2\/posts\/22538\/revisions"}],"predecessor-version":[{"id":25386,"href":"https:\/\/www.sabine-seyffert.de\/blog\/wp-json\/wp\/v2\/posts\/22538\/revisions\/25386"}],"wp:attachment":[{"href":"https:\/\/www.sabine-seyffert.de\/blog\/wp-json\/wp\/v2\/media?parent=22538"}],"wp:term":[{"taxonomy":"category","embeddable":true,"href":"https:\/\/www.sabine-seyffert.de\/blog\/wp-json\/wp\/v2\/categories?post=22538"},{"taxonomy":"post_tag","embeddable":true,"href":"https:\/\/www.sabine-seyffert.de\/blog\/wp-json\/wp\/v2\/tags?post=22538"}],"curies":[{"name":"wp","href":"https:\/\/api.w.org\/{rel}","templated":true}]}}