{"id":22423,"date":"2022-03-16T06:00:19","date_gmt":"2022-03-16T04:00:19","guid":{"rendered":"https:\/\/www.sabine-seyffert.de\/blog\/?p=22423"},"modified":"2022-03-09T18:27:10","modified_gmt":"2022-03-09T16:27:10","slug":"bastelidee-geschenkverpackung-mit-kindern-vergissmeinnicht-geschenkanhaenger-basteln","status":"publish","type":"post","link":"https:\/\/www.sabine-seyffert.de\/blog\/bastelidee-geschenkverpackung-mit-kindern-vergissmeinnicht-geschenkanhaenger-basteln\/","title":{"rendered":"Bastelidee &#038; Geschenkverpackung: Mit Kindern Vergissmeinnicht Geschenkanh\u00e4nger basteln"},"content":{"rendered":"<p style=\"text-align: justify;\"><img loading=\"lazy\" decoding=\"async\" src=\"https:\/\/vg01.met.vgwort.de\/na\/f7f61c8ef8cb466fa450b440a522cb77\" alt=\"\" width=\"1\" height=\"1\" \/>Das Vergissmeinnicht, neben den G\u00e4nsebl\u00fcmchen, zu meinen Lieblingsblumen geh\u00f6ren, ist nichts Neues. Dazu habe ich auf dem Blog schon einige Bastelideen vorgestellt. Unter anderem diesen <a href=\"https:\/\/www.sabine-seyffert.de\/blog\/?p=14411\" target=\"_blank\" rel=\"noopener noreferrer\">Dekokranz aus Filz<\/a>, die <a href=\"https:\/\/www.sabine-seyffert.de\/blog\/?p=19936\" target=\"_blank\" rel=\"noopener noreferrer\">Upcycling Collage<\/a> mit Vergissmeinnicht oder die <a href=\"https:\/\/www.sabine-seyffert.de\/blog\/?p=16677\" target=\"_blank\" rel=\"noopener noreferrer\">fr\u00fchlingshafte Geschenkverpackung<\/a>, die ich nach wie vor ausgesprochen gerne mag.<br \/>\nDieses Mal gibt es tolle Geschenkanh\u00e4nger zum Selbermachen, mit denen man Geschenke, kleine Mitbringsel, einen Blumenstrau\u00df oder Leckereien aus der K\u00fcche prima schm\u00fccken kann.<\/p>\n<p style=\"text-align: center;\"><a href=\"https:\/\/www.sabine-seyffert.de\/blog\/wp-content\/uploads\/2022\/03\/Anh\u00e4nger-Vergiss-Sabine-Seyffert.de-4.jpg\"><img loading=\"lazy\" decoding=\"async\" class=\"alignnone size-full wp-image-22424\" src=\"https:\/\/www.sabine-seyffert.de\/blog\/wp-content\/uploads\/2022\/03\/Anh\u00e4nger-Vergiss-Sabine-Seyffert.de-4.jpg\" alt=\"\" width=\"800\" height=\"600\" srcset=\"https:\/\/www.sabine-seyffert.de\/blog\/wp-content\/uploads\/2022\/03\/Anh\u00e4nger-Vergiss-Sabine-Seyffert.de-4.jpg 800w, https:\/\/www.sabine-seyffert.de\/blog\/wp-content\/uploads\/2022\/03\/Anh\u00e4nger-Vergiss-Sabine-Seyffert.de-4-300x225.jpg 300w, https:\/\/www.sabine-seyffert.de\/blog\/wp-content\/uploads\/2022\/03\/Anh\u00e4nger-Vergiss-Sabine-Seyffert.de-4-768x576.jpg 768w\" sizes=\"auto, (max-width: 800px) 100vw, 800px\" \/><\/a><\/p>\n<p style=\"text-align: justify;\"><strong>Das wird gebraucht:<\/strong><br \/>\nPappe \/ ein leerer Karton, ein Bastelmesser \/ Cutter, eine Bastelschere, wei\u00dfes Papier, einen Wasserfarbkasten oder hellblaue und gelbe Acrylfarbe, Wattest\u00e4bchen &amp; Streichh\u00f6lzer, eine Lochzange, Streichh\u00f6lzer inklusiv Deckwei\u00df, Pinsel, eine alte Tageszeitung, Bastelkleber \/ Klebestift, etwas Kordel sowie eine Malunterlage und einen Bastelkittel<\/p>\n<p style=\"text-align: center;\"><a href=\"https:\/\/www.sabine-seyffert.de\/blog\/wp-content\/uploads\/2022\/03\/Anh\u00e4nger-Vergiss-Sabine-Seyffert.de-12.jpg\"><img loading=\"lazy\" decoding=\"async\" class=\"alignnone size-full wp-image-22425\" src=\"https:\/\/www.sabine-seyffert.de\/blog\/wp-content\/uploads\/2022\/03\/Anh\u00e4nger-Vergiss-Sabine-Seyffert.de-12.jpg\" alt=\"\" width=\"800\" height=\"600\" srcset=\"https:\/\/www.sabine-seyffert.de\/blog\/wp-content\/uploads\/2022\/03\/Anh\u00e4nger-Vergiss-Sabine-Seyffert.de-12.jpg 800w, https:\/\/www.sabine-seyffert.de\/blog\/wp-content\/uploads\/2022\/03\/Anh\u00e4nger-Vergiss-Sabine-Seyffert.de-12-300x225.jpg 300w, https:\/\/www.sabine-seyffert.de\/blog\/wp-content\/uploads\/2022\/03\/Anh\u00e4nger-Vergiss-Sabine-Seyffert.de-12-768x576.jpg 768w\" sizes=\"auto, (max-width: 800px) 100vw, 800px\" \/><\/a><\/p>\n<p style=\"text-align: justify;\"><strong>So wird\u2019s gemacht:<\/strong><br \/>\nZuerst deckt ihr den Tisch wie immer gut ab und alle Kinder ziehen sich einen Malkittel \u00fcber. Dann wird als erstes ein St\u00fcck Zeitungspapier mit gr\u00fcner Wasserfarbe bemalt, wie <a href=\"https:\/\/www.sabine-seyffert.de\/blog\/?p=13917\" target=\"_blank\" rel=\"noopener noreferrer\">hier<\/a> beschrieben.<\/p>\n<p style=\"text-align: center;\"><a href=\"https:\/\/www.sabine-seyffert.de\/blog\/wp-content\/uploads\/2022\/03\/Anh\u00e4nger-Vergiss-Sabine-Seyffert.de-11.jpg\"><img loading=\"lazy\" decoding=\"async\" class=\"alignnone size-full wp-image-22430\" src=\"https:\/\/www.sabine-seyffert.de\/blog\/wp-content\/uploads\/2022\/03\/Anh\u00e4nger-Vergiss-Sabine-Seyffert.de-11.jpg\" alt=\"\" width=\"800\" height=\"600\" srcset=\"https:\/\/www.sabine-seyffert.de\/blog\/wp-content\/uploads\/2022\/03\/Anh\u00e4nger-Vergiss-Sabine-Seyffert.de-11.jpg 800w, https:\/\/www.sabine-seyffert.de\/blog\/wp-content\/uploads\/2022\/03\/Anh\u00e4nger-Vergiss-Sabine-Seyffert.de-11-300x225.jpg 300w, https:\/\/www.sabine-seyffert.de\/blog\/wp-content\/uploads\/2022\/03\/Anh\u00e4nger-Vergiss-Sabine-Seyffert.de-11-768x576.jpg 768w\" sizes=\"auto, (max-width: 800px) 100vw, 800px\" \/><\/a><\/p>\n<p style=\"text-align: justify;\">Dann kommt der Pappkarton an der Reihe. Diesen schneidet ein Erwachsener mit einem scharfen Messer auseinander und anschlie\u00dfend darf sich jeder mit der Schere einige Etiketten und Tags daraus ausschneiden. Alternativ kann man diese aus mit einem Motivlocher in XL ausstanzen, falls man welche in der Gr\u00f6\u00dfe zur Hand haben sollte. Ob oval, rund, als Wimpel oder einer anderen beliebigen Form ist ganz egal und reine Geschmackssache.<\/p>\n<p style=\"text-align: center;\"><a href=\"https:\/\/www.sabine-seyffert.de\/blog\/wp-content\/uploads\/2022\/03\/Anh\u00e4nger-Vergiss-Sabine-Seyffert.de-10.jpg\"><img loading=\"lazy\" decoding=\"async\" class=\"alignnone size-full wp-image-22431\" src=\"https:\/\/www.sabine-seyffert.de\/blog\/wp-content\/uploads\/2022\/03\/Anh\u00e4nger-Vergiss-Sabine-Seyffert.de-10.jpg\" alt=\"\" width=\"800\" height=\"600\" srcset=\"https:\/\/www.sabine-seyffert.de\/blog\/wp-content\/uploads\/2022\/03\/Anh\u00e4nger-Vergiss-Sabine-Seyffert.de-10.jpg 800w, https:\/\/www.sabine-seyffert.de\/blog\/wp-content\/uploads\/2022\/03\/Anh\u00e4nger-Vergiss-Sabine-Seyffert.de-10-300x225.jpg 300w, https:\/\/www.sabine-seyffert.de\/blog\/wp-content\/uploads\/2022\/03\/Anh\u00e4nger-Vergiss-Sabine-Seyffert.de-10-768x576.jpg 768w\" sizes=\"auto, (max-width: 800px) 100vw, 800px\" \/><\/a><\/p>\n<p style=\"text-align: justify;\">Anschlie\u00dfend k\u00f6nnen die Blanko Anh\u00e4nger mit Vergissmeinnicht Bl\u00fcten versehen werden. Die lassen sich, je nach Gr\u00f6\u00dfe, mit Hilfe eines Wattest\u00e4bchens oder der runden Spitze eines Streichholzes vorsichtig auf die Pappe tupfen.<\/p>\n<p style=\"text-align: center;\"><a href=\"https:\/\/www.sabine-seyffert.de\/blog\/wp-content\/uploads\/2022\/03\/Anh\u00e4nger-Vergiss-Sabine-Seyffert.de-9.jpg\"><img loading=\"lazy\" decoding=\"async\" class=\"alignnone size-full wp-image-22432\" src=\"https:\/\/www.sabine-seyffert.de\/blog\/wp-content\/uploads\/2022\/03\/Anh\u00e4nger-Vergiss-Sabine-Seyffert.de-9.jpg\" alt=\"\" width=\"800\" height=\"600\" srcset=\"https:\/\/www.sabine-seyffert.de\/blog\/wp-content\/uploads\/2022\/03\/Anh\u00e4nger-Vergiss-Sabine-Seyffert.de-9.jpg 800w, https:\/\/www.sabine-seyffert.de\/blog\/wp-content\/uploads\/2022\/03\/Anh\u00e4nger-Vergiss-Sabine-Seyffert.de-9-300x225.jpg 300w, https:\/\/www.sabine-seyffert.de\/blog\/wp-content\/uploads\/2022\/03\/Anh\u00e4nger-Vergiss-Sabine-Seyffert.de-9-768x576.jpg 768w\" sizes=\"auto, (max-width: 800px) 100vw, 800px\" \/><\/a><\/p>\n<p style=\"text-align: justify;\">Man kann lediglich die blauen Bl\u00fcten darstellen oder auch eine \u201eganze\u201c Blume daraus machen. Hierzu kann man das gr\u00fcn bemalte Papier f\u00fcr St\u00e4ngel und Bl\u00e4tter verwenden.<\/p>\n<p style=\"text-align: center;\"><a href=\"https:\/\/www.sabine-seyffert.de\/blog\/wp-content\/uploads\/2022\/03\/Anh\u00e4nger-Vergiss-Sabine-Seyffert.de-8.jpg\"><img loading=\"lazy\" decoding=\"async\" class=\"alignnone size-full wp-image-22433\" src=\"https:\/\/www.sabine-seyffert.de\/blog\/wp-content\/uploads\/2022\/03\/Anh\u00e4nger-Vergiss-Sabine-Seyffert.de-8.jpg\" alt=\"\" width=\"800\" height=\"600\" srcset=\"https:\/\/www.sabine-seyffert.de\/blog\/wp-content\/uploads\/2022\/03\/Anh\u00e4nger-Vergiss-Sabine-Seyffert.de-8.jpg 800w, https:\/\/www.sabine-seyffert.de\/blog\/wp-content\/uploads\/2022\/03\/Anh\u00e4nger-Vergiss-Sabine-Seyffert.de-8-300x225.jpg 300w, https:\/\/www.sabine-seyffert.de\/blog\/wp-content\/uploads\/2022\/03\/Anh\u00e4nger-Vergiss-Sabine-Seyffert.de-8-768x576.jpg 768w\" sizes=\"auto, (max-width: 800px) 100vw, 800px\" \/><\/a><\/p>\n<p style=\"text-align: justify;\">Ganz pfiffig und kinderleicht ist folgende Upcyclingidee: Einfach von einem St\u00fcck Pappe vorsichtig die oberste Papierschicht abziehen und die Wellpappe darunter wellenf\u00f6rmig zuschneiden und an den unteren Rand eines der Anh\u00e4nger kleben.<\/p>\n<p style=\"text-align: center;\"><a href=\"https:\/\/www.sabine-seyffert.de\/blog\/wp-content\/uploads\/2022\/03\/Anh\u00e4nger-Vergiss-Sabine-Seyffert.de-7.jpg\"><img loading=\"lazy\" decoding=\"async\" class=\"alignnone size-full wp-image-22434\" src=\"https:\/\/www.sabine-seyffert.de\/blog\/wp-content\/uploads\/2022\/03\/Anh\u00e4nger-Vergiss-Sabine-Seyffert.de-7.jpg\" alt=\"\" width=\"800\" height=\"600\" srcset=\"https:\/\/www.sabine-seyffert.de\/blog\/wp-content\/uploads\/2022\/03\/Anh\u00e4nger-Vergiss-Sabine-Seyffert.de-7.jpg 800w, https:\/\/www.sabine-seyffert.de\/blog\/wp-content\/uploads\/2022\/03\/Anh\u00e4nger-Vergiss-Sabine-Seyffert.de-7-300x225.jpg 300w, https:\/\/www.sabine-seyffert.de\/blog\/wp-content\/uploads\/2022\/03\/Anh\u00e4nger-Vergiss-Sabine-Seyffert.de-7-768x576.jpg 768w\" sizes=\"auto, (max-width: 800px) 100vw, 800px\" \/><\/a><\/p>\n<p style=\"text-align: justify;\">In die gewellten \u00d6ffnungen kann man nun Streichh\u00f6lzer stecken und als Blumenst\u00e4ngel verwenden. Die blaue Bl\u00fcte stempelt man dann einfach dar\u00fcber.<\/p>\n<p style=\"text-align: center;\"><a href=\"https:\/\/www.sabine-seyffert.de\/blog\/wp-content\/uploads\/2022\/03\/Anh\u00e4nger-Vergiss-Sabine-Seyffert.de-6.jpg\"><img loading=\"lazy\" decoding=\"async\" class=\"alignnone size-full wp-image-22435\" src=\"https:\/\/www.sabine-seyffert.de\/blog\/wp-content\/uploads\/2022\/03\/Anh\u00e4nger-Vergiss-Sabine-Seyffert.de-6.jpg\" alt=\"\" width=\"800\" height=\"600\" srcset=\"https:\/\/www.sabine-seyffert.de\/blog\/wp-content\/uploads\/2022\/03\/Anh\u00e4nger-Vergiss-Sabine-Seyffert.de-6.jpg 800w, https:\/\/www.sabine-seyffert.de\/blog\/wp-content\/uploads\/2022\/03\/Anh\u00e4nger-Vergiss-Sabine-Seyffert.de-6-300x225.jpg 300w, https:\/\/www.sabine-seyffert.de\/blog\/wp-content\/uploads\/2022\/03\/Anh\u00e4nger-Vergiss-Sabine-Seyffert.de-6-768x576.jpg 768w\" sizes=\"auto, (max-width: 800px) 100vw, 800px\" \/><\/a><\/p>\n<p style=\"text-align: justify;\">Ganz zum Schluss nicht vergessen mit einem d\u00fcnnen Pinsel einen gelben Punkt in die Bl\u00fctenmitten zu tupfen, damit die gebastelten Blumen den echten auch \u00e4hnlich sehen.<\/p>\n<p style=\"text-align: center;\"><a href=\"https:\/\/www.sabine-seyffert.de\/blog\/wp-content\/uploads\/2022\/03\/Anh\u00e4nger-Vergiss-Sabine-Seyffert.de-5.jpg\"><img loading=\"lazy\" decoding=\"async\" class=\"alignnone size-full wp-image-22429\" src=\"https:\/\/www.sabine-seyffert.de\/blog\/wp-content\/uploads\/2022\/03\/Anh\u00e4nger-Vergiss-Sabine-Seyffert.de-5.jpg\" alt=\"\" width=\"800\" height=\"600\" srcset=\"https:\/\/www.sabine-seyffert.de\/blog\/wp-content\/uploads\/2022\/03\/Anh\u00e4nger-Vergiss-Sabine-Seyffert.de-5.jpg 800w, https:\/\/www.sabine-seyffert.de\/blog\/wp-content\/uploads\/2022\/03\/Anh\u00e4nger-Vergiss-Sabine-Seyffert.de-5-300x225.jpg 300w, https:\/\/www.sabine-seyffert.de\/blog\/wp-content\/uploads\/2022\/03\/Anh\u00e4nger-Vergiss-Sabine-Seyffert.de-5-768x576.jpg 768w\" sizes=\"auto, (max-width: 800px) 100vw, 800px\" \/><\/a><\/p>\n<p style=\"text-align: justify;\">Jeden Anh\u00e4nger kann man am oberen Rand mit der Lochzange bearbeiten und etwas Band durchziehen. So hat man richtig pers\u00f6nliche Geschenkanh\u00e4nger f\u00fcr die Fr\u00fchlingszeit!<\/p>\n<p style=\"text-align: center;\"><a href=\"https:\/\/www.sabine-seyffert.de\/blog\/wp-content\/uploads\/2022\/03\/Anh\u00e4nger-Vergiss-Sabine-Seyffert.de-3.jpg\"><img loading=\"lazy\" decoding=\"async\" class=\"alignnone size-full wp-image-22428\" src=\"https:\/\/www.sabine-seyffert.de\/blog\/wp-content\/uploads\/2022\/03\/Anh\u00e4nger-Vergiss-Sabine-Seyffert.de-3.jpg\" alt=\"\" width=\"800\" height=\"600\" srcset=\"https:\/\/www.sabine-seyffert.de\/blog\/wp-content\/uploads\/2022\/03\/Anh\u00e4nger-Vergiss-Sabine-Seyffert.de-3.jpg 800w, https:\/\/www.sabine-seyffert.de\/blog\/wp-content\/uploads\/2022\/03\/Anh\u00e4nger-Vergiss-Sabine-Seyffert.de-3-300x225.jpg 300w, https:\/\/www.sabine-seyffert.de\/blog\/wp-content\/uploads\/2022\/03\/Anh\u00e4nger-Vergiss-Sabine-Seyffert.de-3-768x576.jpg 768w\" sizes=\"auto, (max-width: 800px) 100vw, 800px\" \/><\/a><\/p>\n<p style=\"text-align: justify;\"><strong>Ein kleiner Tipp:<\/strong><br \/>\nWer kleine Buchstabenstempel und ein Stempelkissen besitzt, der kann die Etiketten auch noch mit Namen oder einem kleinen Gru\u00df beschriften!<\/p>\n<p style=\"text-align: center;\"><a href=\"https:\/\/www.sabine-seyffert.de\/blog\/wp-content\/uploads\/2022\/03\/Anh\u00e4nger-Vergiss-Sabine-Seyffert.de-2.jpg\"><img loading=\"lazy\" decoding=\"async\" class=\"alignnone size-full wp-image-22427\" src=\"https:\/\/www.sabine-seyffert.de\/blog\/wp-content\/uploads\/2022\/03\/Anh\u00e4nger-Vergiss-Sabine-Seyffert.de-2.jpg\" alt=\"\" width=\"600\" height=\"800\" srcset=\"https:\/\/www.sabine-seyffert.de\/blog\/wp-content\/uploads\/2022\/03\/Anh\u00e4nger-Vergiss-Sabine-Seyffert.de-2.jpg 600w, https:\/\/www.sabine-seyffert.de\/blog\/wp-content\/uploads\/2022\/03\/Anh\u00e4nger-Vergiss-Sabine-Seyffert.de-2-225x300.jpg 225w\" sizes=\"auto, (max-width: 600px) 100vw, 600px\" \/><\/a><\/p>\n<p style=\"text-align: justify;\">Weitere DIY Bastelideen f\u00fcr Kinder findet ihr \u00fcbrigens in <a href=\"https:\/\/www.sabine-seyffert.de\/blog\/?cat=32\" target=\"_blank\" rel=\"noopener noreferrer\">dieser Blog Kategorie<\/a>, Geschenkverpackungen zu unterschiedlichen Anl\u00e4ssen mit detaillierter Bastelanleitung gibt es in <a href=\"https:\/\/www.sabine-seyffert.de\/blog\/?cat=49\" target=\"_blank\" rel=\"noopener noreferrer\">dieser Rubrik<\/a>, alles zum Thema Upcycling sind in <a href=\"https:\/\/www.sabine-seyffert.de\/blog\/?cat=47\" target=\"_blank\" rel=\"noopener noreferrer\">diesem Blog Ordner<\/a> und andere kreative Sachen da.<\/p>\n<p style=\"text-align: center;\"><a href=\"https:\/\/www.sabine-seyffert.de\/blog\/wp-content\/uploads\/2022\/03\/Anh\u00e4nger-Vergiss-Sabine-Seyffert.de-1.jpg\"><img loading=\"lazy\" decoding=\"async\" class=\"alignnone size-full wp-image-22426\" src=\"https:\/\/www.sabine-seyffert.de\/blog\/wp-content\/uploads\/2022\/03\/Anh\u00e4nger-Vergiss-Sabine-Seyffert.de-1.jpg\" alt=\"\" width=\"600\" height=\"800\" srcset=\"https:\/\/www.sabine-seyffert.de\/blog\/wp-content\/uploads\/2022\/03\/Anh\u00e4nger-Vergiss-Sabine-Seyffert.de-1.jpg 600w, https:\/\/www.sabine-seyffert.de\/blog\/wp-content\/uploads\/2022\/03\/Anh\u00e4nger-Vergiss-Sabine-Seyffert.de-1-225x300.jpg 225w\" sizes=\"auto, (max-width: 600px) 100vw, 600px\" \/><\/a><\/p>\n<p style=\"text-align: justify;\"><a href=\"https:\/\/www.sabine-seyffert.de\/blog\/?page_id=32#urheberrecht\">urheberrechtlich gesch\u00fctzt<\/a>, \u00a9 Sabine Seyffert<\/p>\n","protected":false},"excerpt":{"rendered":"<p>Das Vergissmeinnicht, neben den G\u00e4nsebl\u00fcmchen, zu meinen Lieblingsblumen geh\u00f6ren, ist nichts Neues. Dazu habe ich auf dem Blog schon einige Bastelideen vorgestellt. Unter anderem diesen Dekokranz aus Filz, die Upcycling Collage mit Vergissmeinnicht oder die fr\u00fchlingshafte Geschenkverpackung, die ich nach wie vor ausgesprochen gerne mag. Dieses Mal gibt es tolle Geschenkanh\u00e4nger zum Selbermachen, mit denen&#8230; <a href=\"https:\/\/www.sabine-seyffert.de\/blog\/bastelidee-geschenkverpackung-mit-kindern-vergissmeinnicht-geschenkanhaenger-basteln\/\" class=\"more-link\">Read more: Bastelidee &#038; Geschenkverpackung: Mit Kindern Vergissmeinnicht Geschenkanh\u00e4nger basteln<\/a><\/p>\n","protected":false},"author":2,"featured_media":0,"comment_status":"open","ping_status":"open","sticky":false,"template":"","format":"standard","meta":{"_metis_text_type":"","_metis_text_length":3116,"_post_count":0,"footnotes":""},"categories":[32,23,49,47],"tags":[],"class_list":["post-22423","post","type-post","status-publish","format-standard","hentry","category-kreatives-fur-kleine-kinderhande","category-fruhling","category-verpackungsideen","category-upcyceltes"],"_links":{"self":[{"href":"https:\/\/www.sabine-seyffert.de\/blog\/wp-json\/wp\/v2\/posts\/22423","targetHints":{"allow":["GET"]}}],"collection":[{"href":"https:\/\/www.sabine-seyffert.de\/blog\/wp-json\/wp\/v2\/posts"}],"about":[{"href":"https:\/\/www.sabine-seyffert.de\/blog\/wp-json\/wp\/v2\/types\/post"}],"author":[{"embeddable":true,"href":"https:\/\/www.sabine-seyffert.de\/blog\/wp-json\/wp\/v2\/users\/2"}],"replies":[{"embeddable":true,"href":"https:\/\/www.sabine-seyffert.de\/blog\/wp-json\/wp\/v2\/comments?post=22423"}],"version-history":[{"count":4,"href":"https:\/\/www.sabine-seyffert.de\/blog\/wp-json\/wp\/v2\/posts\/22423\/revisions"}],"predecessor-version":[{"id":22439,"href":"https:\/\/www.sabine-seyffert.de\/blog\/wp-json\/wp\/v2\/posts\/22423\/revisions\/22439"}],"wp:attachment":[{"href":"https:\/\/www.sabine-seyffert.de\/blog\/wp-json\/wp\/v2\/media?parent=22423"}],"wp:term":[{"taxonomy":"category","embeddable":true,"href":"https:\/\/www.sabine-seyffert.de\/blog\/wp-json\/wp\/v2\/categories?post=22423"},{"taxonomy":"post_tag","embeddable":true,"href":"https:\/\/www.sabine-seyffert.de\/blog\/wp-json\/wp\/v2\/tags?post=22423"}],"curies":[{"name":"wp","href":"https:\/\/api.w.org\/{rel}","templated":true}]}}