{"id":22385,"date":"2022-03-13T06:00:34","date_gmt":"2022-03-13T04:00:34","guid":{"rendered":"https:\/\/www.sabine-seyffert.de\/blog\/?p=22385"},"modified":"2022-03-05T14:06:14","modified_gmt":"2022-03-05T12:06:14","slug":"basteln-mit-kindern-schmetterling-aus-erdnuss-fruehlingsideen-zum-selbermachen","status":"publish","type":"post","link":"https:\/\/www.sabine-seyffert.de\/blog\/basteln-mit-kindern-schmetterling-aus-erdnuss-fruehlingsideen-zum-selbermachen\/","title":{"rendered":"Basteln mit Kindern: Schmetterling aus Erdnuss \u2013 Fr\u00fchlingsideen zum Selbermachen"},"content":{"rendered":"<p style=\"text-align: justify;\"><img loading=\"lazy\" decoding=\"async\" src=\"https:\/\/vg01.met.vgwort.de\/na\/ad25ee4f240541cfbc6b965d65c7bf8d\" alt=\"\" width=\"1\" height=\"1\" \/>In diesem Jahr habe ich bisher zwar noch einen gesichtet, aber wenn der Fr\u00fchling einkehrt, dann flattern im Garten auch meist die ersten bunten Schmetterlinge herum und freuen sich \u00fcber die warmen Sonnenstrahlen.<br \/>\nDa euch meine Bastelideen mit den Erdn\u00fcssen immer so gut gefallen (wie beispielsweise die lustige <a href=\"https:\/\/www.sabine-seyffert.de\/blog\/?p=18398\" target=\"_blank\" rel=\"noopener noreferrer\">Pinguine auf dem Eis<\/a>, die <a href=\"https:\/\/www.sabine-seyffert.de\/blog\/?p=19546\" target=\"_blank\" rel=\"noopener noreferrer\">summende Biene<\/a> als Geschenkverpackung, den <a href=\"https:\/\/www.sabine-seyffert.de\/blog\/?p=21870\" target=\"_blank\" rel=\"noopener noreferrer\">kleinen Schneemann<\/a>, dem <a href=\"https:\/\/www.sabine-seyffert.de\/blog\/?p=22056\" target=\"_blank\" rel=\"noopener noreferrer\">Pinguin mit Schal und M\u00fctze<\/a>, dem <a href=\"https:\/\/www.sabine-seyffert.de\/blog\/?p=18789\" target=\"_blank\" rel=\"noopener noreferrer\">s\u00fc\u00dfen Pferd<\/a> sowie die <a href=\"https:\/\/www.sabine-seyffert.de\/blog\/?p=19285\" target=\"_blank\" rel=\"noopener noreferrer\">kleinen Zwerge<\/a> als Gl\u00fccksbringer) gibt es heute mal wieder ein neues Tier f\u00fcr die Galerie, das man ebenso gut aus diesen N\u00fcssen gestalten kann. Bastelt ihr mit?<\/p>\n<p style=\"text-align: center;\"><a href=\"https:\/\/www.sabine-seyffert.de\/blog\/wp-content\/uploads\/2022\/03\/Erdnuss-Schmetterling-Sabine-Seyffert.de-4.jpg\"><img loading=\"lazy\" decoding=\"async\" class=\"alignnone size-full wp-image-22386\" src=\"https:\/\/www.sabine-seyffert.de\/blog\/wp-content\/uploads\/2022\/03\/Erdnuss-Schmetterling-Sabine-Seyffert.de-4.jpg\" alt=\"\" width=\"800\" height=\"600\" srcset=\"https:\/\/www.sabine-seyffert.de\/blog\/wp-content\/uploads\/2022\/03\/Erdnuss-Schmetterling-Sabine-Seyffert.de-4.jpg 800w, https:\/\/www.sabine-seyffert.de\/blog\/wp-content\/uploads\/2022\/03\/Erdnuss-Schmetterling-Sabine-Seyffert.de-4-300x225.jpg 300w, https:\/\/www.sabine-seyffert.de\/blog\/wp-content\/uploads\/2022\/03\/Erdnuss-Schmetterling-Sabine-Seyffert.de-4-768x576.jpg 768w\" sizes=\"auto, (max-width: 800px) 100vw, 800px\" \/><\/a><\/p>\n<p style=\"text-align: justify;\"><strong>Das wird gebraucht:<\/strong><br \/>\nEin gr\u00f6\u00dferer Deckel (von einem Schraubglas, gesp\u00fclt, sauber &amp; trocken), eine alte Tageszeitung, Pinsel, einen Wasserfarbkasten inklusiv Deckwei\u00df, Bastelfarben, einen leeren Eierkarton, Bastelschere, einen Bleistift, Basteldraht \/ Papierdraht, kleine Holzperlen, Bastelkleber, eine Hei\u00dfklebepistole samt Klebepatrone, eine Bastelunterlage und <a href=\"https:\/\/www.sabine-seyffert.de\/blog\/?p=12310\" target=\"_blank\" rel=\"noopener noreferrer\">Malkittel<\/a><\/p>\n<p style=\"text-align: center;\"><a href=\"https:\/\/www.sabine-seyffert.de\/blog\/wp-content\/uploads\/2022\/03\/Erdnuss-Schmetterling-Sabine-Seyffert.de_.jpg\"><img loading=\"lazy\" decoding=\"async\" class=\"alignnone size-full wp-image-22387\" src=\"https:\/\/www.sabine-seyffert.de\/blog\/wp-content\/uploads\/2022\/03\/Erdnuss-Schmetterling-Sabine-Seyffert.de_.jpg\" alt=\"\" width=\"800\" height=\"600\" srcset=\"https:\/\/www.sabine-seyffert.de\/blog\/wp-content\/uploads\/2022\/03\/Erdnuss-Schmetterling-Sabine-Seyffert.de_.jpg 800w, https:\/\/www.sabine-seyffert.de\/blog\/wp-content\/uploads\/2022\/03\/Erdnuss-Schmetterling-Sabine-Seyffert.de_-300x225.jpg 300w, https:\/\/www.sabine-seyffert.de\/blog\/wp-content\/uploads\/2022\/03\/Erdnuss-Schmetterling-Sabine-Seyffert.de_-768x576.jpg 768w\" sizes=\"auto, (max-width: 800px) 100vw, 800px\" \/><\/a><\/p>\n<p style=\"text-align: justify;\"><strong>So wird\u2019s gemacht:<\/strong><br \/>\nDeckt den Tisch gut ab und zieht euch eure Malkittel \u00fcber. Dann bemalt ihr als erstes eine Erdnuss in der Farbe eurer Wahl.<\/p>\n<p style=\"text-align: center;\"><a href=\"https:\/\/www.sabine-seyffert.de\/blog\/wp-content\/uploads\/2022\/03\/Erdnuss-Schmetterling-Sabine-Seyffert.de-14.jpg\"><img loading=\"lazy\" decoding=\"async\" class=\"alignnone size-full wp-image-22388\" src=\"https:\/\/www.sabine-seyffert.de\/blog\/wp-content\/uploads\/2022\/03\/Erdnuss-Schmetterling-Sabine-Seyffert.de-14.jpg\" alt=\"\" width=\"800\" height=\"600\" srcset=\"https:\/\/www.sabine-seyffert.de\/blog\/wp-content\/uploads\/2022\/03\/Erdnuss-Schmetterling-Sabine-Seyffert.de-14.jpg 800w, https:\/\/www.sabine-seyffert.de\/blog\/wp-content\/uploads\/2022\/03\/Erdnuss-Schmetterling-Sabine-Seyffert.de-14-300x225.jpg 300w, https:\/\/www.sabine-seyffert.de\/blog\/wp-content\/uploads\/2022\/03\/Erdnuss-Schmetterling-Sabine-Seyffert.de-14-768x576.jpg 768w\" sizes=\"auto, (max-width: 800px) 100vw, 800px\" \/><\/a><\/p>\n<p style=\"text-align: justify;\">Den oberen Teil der Nuss lasst ihr f\u00fcr das Gesicht unbemalt.<\/p>\n<p style=\"text-align: center;\"><a href=\"https:\/\/www.sabine-seyffert.de\/blog\/wp-content\/uploads\/2022\/03\/Erdnuss-Schmetterling-Sabine-Seyffert.de-13.jpg\"><img loading=\"lazy\" decoding=\"async\" class=\"alignnone size-full wp-image-22394\" src=\"https:\/\/www.sabine-seyffert.de\/blog\/wp-content\/uploads\/2022\/03\/Erdnuss-Schmetterling-Sabine-Seyffert.de-13.jpg\" alt=\"\" width=\"800\" height=\"600\" srcset=\"https:\/\/www.sabine-seyffert.de\/blog\/wp-content\/uploads\/2022\/03\/Erdnuss-Schmetterling-Sabine-Seyffert.de-13.jpg 800w, https:\/\/www.sabine-seyffert.de\/blog\/wp-content\/uploads\/2022\/03\/Erdnuss-Schmetterling-Sabine-Seyffert.de-13-300x225.jpg 300w, https:\/\/www.sabine-seyffert.de\/blog\/wp-content\/uploads\/2022\/03\/Erdnuss-Schmetterling-Sabine-Seyffert.de-13-768x576.jpg 768w\" sizes=\"auto, (max-width: 800px) 100vw, 800px\" \/><\/a><\/p>\n<p style=\"text-align: justify;\">Aus der Zeitung und den Wasserfarben stellt ihr euch <a href=\"https:\/\/www.sabine-seyffert.de\/blog\/?p=13917\" target=\"_blank\" rel=\"noopener noreferrer\">umweltfreundliches Bastelpapier<\/a> her.<\/p>\n<p style=\"text-align: center;\"><a href=\"https:\/\/www.sabine-seyffert.de\/blog\/wp-content\/uploads\/2022\/03\/Erdnuss-Schmetterling-Sabine-Seyffert.de-10.jpg\"><img loading=\"lazy\" decoding=\"async\" class=\"alignnone size-full wp-image-22396\" src=\"https:\/\/www.sabine-seyffert.de\/blog\/wp-content\/uploads\/2022\/03\/Erdnuss-Schmetterling-Sabine-Seyffert.de-10.jpg\" alt=\"\" width=\"800\" height=\"600\" srcset=\"https:\/\/www.sabine-seyffert.de\/blog\/wp-content\/uploads\/2022\/03\/Erdnuss-Schmetterling-Sabine-Seyffert.de-10.jpg 800w, https:\/\/www.sabine-seyffert.de\/blog\/wp-content\/uploads\/2022\/03\/Erdnuss-Schmetterling-Sabine-Seyffert.de-10-300x225.jpg 300w, https:\/\/www.sabine-seyffert.de\/blog\/wp-content\/uploads\/2022\/03\/Erdnuss-Schmetterling-Sabine-Seyffert.de-10-768x576.jpg 768w\" sizes=\"auto, (max-width: 800px) 100vw, 800px\" \/><\/a><\/p>\n<p style=\"text-align: justify;\">Trennt aus dem leeren Eierkarton einen Kegel heraus und schneidet daraus vier Fl\u00fcgel. Wer m\u00f6chte kann auch diese noch bemalen.<\/p>\n<p style=\"text-align: center;\"><a href=\"https:\/\/www.sabine-seyffert.de\/blog\/wp-content\/uploads\/2022\/03\/Erdnuss-Schmetterling-Sabine-Seyffert.de-9.jpg\"><img loading=\"lazy\" decoding=\"async\" class=\"alignnone size-full wp-image-22397\" src=\"https:\/\/www.sabine-seyffert.de\/blog\/wp-content\/uploads\/2022\/03\/Erdnuss-Schmetterling-Sabine-Seyffert.de-9.jpg\" alt=\"\" width=\"800\" height=\"600\" srcset=\"https:\/\/www.sabine-seyffert.de\/blog\/wp-content\/uploads\/2022\/03\/Erdnuss-Schmetterling-Sabine-Seyffert.de-9.jpg 800w, https:\/\/www.sabine-seyffert.de\/blog\/wp-content\/uploads\/2022\/03\/Erdnuss-Schmetterling-Sabine-Seyffert.de-9-300x225.jpg 300w, https:\/\/www.sabine-seyffert.de\/blog\/wp-content\/uploads\/2022\/03\/Erdnuss-Schmetterling-Sabine-Seyffert.de-9-768x576.jpg 768w\" sizes=\"auto, (max-width: 800px) 100vw, 800px\" \/><\/a><\/p>\n<p style=\"text-align: justify;\">Nun legt den Deckel auf das selbst gemachte Bastelpapier und zeichnet mit dem Bleistift den Umriss nach.<\/p>\n<p style=\"text-align: center;\"><a href=\"https:\/\/www.sabine-seyffert.de\/blog\/wp-content\/uploads\/2022\/03\/Erdnuss-Schmetterling-Sabine-Seyffert.de-8.jpg\"><img loading=\"lazy\" decoding=\"async\" class=\"alignnone size-full wp-image-22398\" src=\"https:\/\/www.sabine-seyffert.de\/blog\/wp-content\/uploads\/2022\/03\/Erdnuss-Schmetterling-Sabine-Seyffert.de-8.jpg\" alt=\"\" width=\"800\" height=\"600\" srcset=\"https:\/\/www.sabine-seyffert.de\/blog\/wp-content\/uploads\/2022\/03\/Erdnuss-Schmetterling-Sabine-Seyffert.de-8.jpg 800w, https:\/\/www.sabine-seyffert.de\/blog\/wp-content\/uploads\/2022\/03\/Erdnuss-Schmetterling-Sabine-Seyffert.de-8-300x225.jpg 300w, https:\/\/www.sabine-seyffert.de\/blog\/wp-content\/uploads\/2022\/03\/Erdnuss-Schmetterling-Sabine-Seyffert.de-8-768x576.jpg 768w\" sizes=\"auto, (max-width: 800px) 100vw, 800px\" \/><\/a><\/p>\n<p style=\"text-align: justify;\">Diesen Kreis schneidet ihr aus und klebt ihn in die Innenseite des Deckels.<\/p>\n<p style=\"text-align: center;\"><a href=\"https:\/\/www.sabine-seyffert.de\/blog\/wp-content\/uploads\/2022\/03\/Erdnuss-Schmetterling-Sabine-Seyffert.de-7.jpg\"><img loading=\"lazy\" decoding=\"async\" class=\"alignnone size-full wp-image-22399\" src=\"https:\/\/www.sabine-seyffert.de\/blog\/wp-content\/uploads\/2022\/03\/Erdnuss-Schmetterling-Sabine-Seyffert.de-7.jpg\" alt=\"\" width=\"800\" height=\"600\" srcset=\"https:\/\/www.sabine-seyffert.de\/blog\/wp-content\/uploads\/2022\/03\/Erdnuss-Schmetterling-Sabine-Seyffert.de-7.jpg 800w, https:\/\/www.sabine-seyffert.de\/blog\/wp-content\/uploads\/2022\/03\/Erdnuss-Schmetterling-Sabine-Seyffert.de-7-300x225.jpg 300w, https:\/\/www.sabine-seyffert.de\/blog\/wp-content\/uploads\/2022\/03\/Erdnuss-Schmetterling-Sabine-Seyffert.de-7-768x576.jpg 768w\" sizes=\"auto, (max-width: 800px) 100vw, 800px\" \/><\/a><\/p>\n<p style=\"text-align: justify;\">Aus gr\u00fcn bemaltem Zeitungspapier schneidet man ein paar Grashalme und klebt sie an den unteren Rand als Wiese.<\/p>\n<p style=\"text-align: center;\"><a href=\"https:\/\/www.sabine-seyffert.de\/blog\/wp-content\/uploads\/2022\/03\/Erdnuss-Schmetterling-Sabine-Seyffert.de-6.jpg\"><img loading=\"lazy\" decoding=\"async\" class=\"alignnone size-full wp-image-22400\" src=\"https:\/\/www.sabine-seyffert.de\/blog\/wp-content\/uploads\/2022\/03\/Erdnuss-Schmetterling-Sabine-Seyffert.de-6.jpg\" alt=\"\" width=\"800\" height=\"600\" srcset=\"https:\/\/www.sabine-seyffert.de\/blog\/wp-content\/uploads\/2022\/03\/Erdnuss-Schmetterling-Sabine-Seyffert.de-6.jpg 800w, https:\/\/www.sabine-seyffert.de\/blog\/wp-content\/uploads\/2022\/03\/Erdnuss-Schmetterling-Sabine-Seyffert.de-6-300x225.jpg 300w, https:\/\/www.sabine-seyffert.de\/blog\/wp-content\/uploads\/2022\/03\/Erdnuss-Schmetterling-Sabine-Seyffert.de-6-768x576.jpg 768w\" sizes=\"auto, (max-width: 800px) 100vw, 800px\" \/><\/a><\/p>\n<p style=\"text-align: justify;\">Dar\u00fcber werden rechts und links jeweils zwei Fl\u00fcgel geklebt.<\/p>\n<p><a href=\"https:\/\/www.sabine-seyffert.de\/blog\/wp-content\/uploads\/2022\/03\/Erdnuss-Schmetterling-Sabine-Seyffert.de-5.jpg\"><img loading=\"lazy\" decoding=\"async\" class=\"alignnone size-full wp-image-22401\" src=\"https:\/\/www.sabine-seyffert.de\/blog\/wp-content\/uploads\/2022\/03\/Erdnuss-Schmetterling-Sabine-Seyffert.de-5.jpg\" alt=\"\" width=\"800\" height=\"600\" srcset=\"https:\/\/www.sabine-seyffert.de\/blog\/wp-content\/uploads\/2022\/03\/Erdnuss-Schmetterling-Sabine-Seyffert.de-5.jpg 800w, https:\/\/www.sabine-seyffert.de\/blog\/wp-content\/uploads\/2022\/03\/Erdnuss-Schmetterling-Sabine-Seyffert.de-5-300x225.jpg 300w, https:\/\/www.sabine-seyffert.de\/blog\/wp-content\/uploads\/2022\/03\/Erdnuss-Schmetterling-Sabine-Seyffert.de-5-768x576.jpg 768w\" sizes=\"auto, (max-width: 800px) 100vw, 800px\" \/><\/a><\/p>\n<p style=\"text-align: justify;\">Bevor ihr dann mit Hilfe von Hei\u00dfkleber hinein die bemalte Erdnuss klebt, braucht eurer Schmetterling (Erdnuss) noch ein Gesicht und F\u00fchler.<\/p>\n<p style=\"text-align: center;\"><a href=\"https:\/\/www.sabine-seyffert.de\/blog\/wp-content\/uploads\/2022\/03\/Erdnuss-Schmetterling-Sabine-Seyffert.de-1.jpg\"><img loading=\"lazy\" decoding=\"async\" class=\"alignnone size-full wp-image-22393\" src=\"https:\/\/www.sabine-seyffert.de\/blog\/wp-content\/uploads\/2022\/03\/Erdnuss-Schmetterling-Sabine-Seyffert.de-1.jpg\" alt=\"\" width=\"800\" height=\"600\" srcset=\"https:\/\/www.sabine-seyffert.de\/blog\/wp-content\/uploads\/2022\/03\/Erdnuss-Schmetterling-Sabine-Seyffert.de-1.jpg 800w, https:\/\/www.sabine-seyffert.de\/blog\/wp-content\/uploads\/2022\/03\/Erdnuss-Schmetterling-Sabine-Seyffert.de-1-300x225.jpg 300w, https:\/\/www.sabine-seyffert.de\/blog\/wp-content\/uploads\/2022\/03\/Erdnuss-Schmetterling-Sabine-Seyffert.de-1-768x576.jpg 768w\" sizes=\"auto, (max-width: 800px) 100vw, 800px\" \/><\/a><\/p>\n<p style=\"text-align: justify;\">Dazu schneidet man mit der Schere ein kleines St\u00fcck Papierdraht ab, steckt eine kleine Holzperle darauf und knickt das Drahtende so um die Perle, das diese nicht abrutscht.<\/p>\n<p style=\"text-align: center;\"><a href=\"https:\/\/www.sabine-seyffert.de\/blog\/wp-content\/uploads\/2022\/03\/Erdnuss-Schmetterling-Sabine-Seyffert.de-3.jpg\"><img loading=\"lazy\" decoding=\"async\" class=\"alignnone size-full wp-image-22392\" src=\"https:\/\/www.sabine-seyffert.de\/blog\/wp-content\/uploads\/2022\/03\/Erdnuss-Schmetterling-Sabine-Seyffert.de-3.jpg\" alt=\"\" width=\"800\" height=\"600\" srcset=\"https:\/\/www.sabine-seyffert.de\/blog\/wp-content\/uploads\/2022\/03\/Erdnuss-Schmetterling-Sabine-Seyffert.de-3.jpg 800w, https:\/\/www.sabine-seyffert.de\/blog\/wp-content\/uploads\/2022\/03\/Erdnuss-Schmetterling-Sabine-Seyffert.de-3-300x225.jpg 300w, https:\/\/www.sabine-seyffert.de\/blog\/wp-content\/uploads\/2022\/03\/Erdnuss-Schmetterling-Sabine-Seyffert.de-3-768x576.jpg 768w\" sizes=\"auto, (max-width: 800px) 100vw, 800px\" \/><\/a><\/p>\n<p style=\"text-align: justify;\"><strong>Hinweis:<\/strong> Wer zum Kleben auf Hei\u00dfkleber verzichten m\u00f6chte, kann die einzelnen Teile auch mit fl\u00fcssigem Bastelkleber fixieren. Dann m\u00fcsst ihr allerdings etwas Geduld und Trockenzeit mit einplanen \ud83d\ude09<\/p>\n<p style=\"text-align: center;\"><a href=\"https:\/\/www.sabine-seyffert.de\/blog\/wp-content\/uploads\/2022\/03\/Erdnuss-Schmetterling-Sabine-Seyffert.de-16.jpg\"><img loading=\"lazy\" decoding=\"async\" class=\"alignnone size-full wp-image-22391\" src=\"https:\/\/www.sabine-seyffert.de\/blog\/wp-content\/uploads\/2022\/03\/Erdnuss-Schmetterling-Sabine-Seyffert.de-16.jpg\" alt=\"\" width=\"600\" height=\"800\" srcset=\"https:\/\/www.sabine-seyffert.de\/blog\/wp-content\/uploads\/2022\/03\/Erdnuss-Schmetterling-Sabine-Seyffert.de-16.jpg 600w, https:\/\/www.sabine-seyffert.de\/blog\/wp-content\/uploads\/2022\/03\/Erdnuss-Schmetterling-Sabine-Seyffert.de-16-225x300.jpg 225w\" sizes=\"auto, (max-width: 600px) 100vw, 600px\" \/><\/a><\/p>\n<p style=\"text-align: justify;\"><strong>Ein kleiner Tipp:<\/strong><br \/>\nWer den lustigen Schmetterling aufh\u00e4ngen oder als Geschenkanh\u00e4nger f\u00fcr einen kleinen Fr\u00fchlingsgru\u00df nutzen m\u00f6chte, der schneidet ein St\u00fcck Kordel ab, verknotet die Enden und klebt diese Aufh\u00e4ngung mit einem Tropfen Hei\u00dfkleber von hinten an den Deckel.<\/p>\n<p style=\"text-align: center;\"><a href=\"https:\/\/www.sabine-seyffert.de\/blog\/wp-content\/uploads\/2022\/03\/Erdnuss-Schmetterling-Sabine-Seyffert.de-17-1.jpg\"><img loading=\"lazy\" decoding=\"async\" class=\"alignnone size-full wp-image-22390\" src=\"https:\/\/www.sabine-seyffert.de\/blog\/wp-content\/uploads\/2022\/03\/Erdnuss-Schmetterling-Sabine-Seyffert.de-17-1.jpg\" alt=\"\" width=\"600\" height=\"800\" srcset=\"https:\/\/www.sabine-seyffert.de\/blog\/wp-content\/uploads\/2022\/03\/Erdnuss-Schmetterling-Sabine-Seyffert.de-17-1.jpg 600w, https:\/\/www.sabine-seyffert.de\/blog\/wp-content\/uploads\/2022\/03\/Erdnuss-Schmetterling-Sabine-Seyffert.de-17-1-225x300.jpg 225w\" sizes=\"auto, (max-width: 600px) 100vw, 600px\" \/><\/a><\/p>\n<p style=\"text-align: justify;\">Weitere kreative Do-it-Yourself Bastelideen f\u00fcr Kinder findet ihr \u00fcbrigens in <a href=\"https:\/\/www.sabine-seyffert.de\/blog\/?cat=32\" target=\"_blank\" rel=\"noopener noreferrer\">dieser Blog Kategorie<\/a>, alles zum Thema Upcycling mit detaillierter Bastelanleitung gibt es in <a href=\"https:\/\/www.sabine-seyffert.de\/blog\/?cat=47\" target=\"_blank\" rel=\"noopener noreferrer\">dieser Rubrik<\/a>, alles rund um die Fr\u00fchlingszeit sind in <a href=\"https:\/\/www.sabine-seyffert.de\/blog\/?cat=23\" target=\"_blank\" rel=\"noopener noreferrer\">diesem Blog Ordner<\/a> oder <a href=\"https:\/\/www.pinterest.de\/diysabineseyffert\/\" target=\"_blank\" rel=\"noopener noreferrer\">meinen Pinnw\u00e4nden<\/a> und andere kreative Sachen da.<\/p>\n<p style=\"text-align: center;\"><a href=\"https:\/\/www.sabine-seyffert.de\/blog\/wp-content\/uploads\/2022\/03\/Erdnuss-Schmetterling-Sabine-Seyffert.de-17.jpg\"><img loading=\"lazy\" decoding=\"async\" class=\"alignnone size-full wp-image-22389\" src=\"https:\/\/www.sabine-seyffert.de\/blog\/wp-content\/uploads\/2022\/03\/Erdnuss-Schmetterling-Sabine-Seyffert.de-17.jpg\" alt=\"\" width=\"600\" height=\"800\" srcset=\"https:\/\/www.sabine-seyffert.de\/blog\/wp-content\/uploads\/2022\/03\/Erdnuss-Schmetterling-Sabine-Seyffert.de-17.jpg 600w, https:\/\/www.sabine-seyffert.de\/blog\/wp-content\/uploads\/2022\/03\/Erdnuss-Schmetterling-Sabine-Seyffert.de-17-225x300.jpg 225w\" sizes=\"auto, (max-width: 600px) 100vw, 600px\" \/><\/a><\/p>\n<p style=\"text-align: justify;\"><a href=\"https:\/\/www.sabine-seyffert.de\/blog\/?page_id=32#urheberrecht\">urheberrechtlich gesch\u00fctzt<\/a>, \u00a9 Sabine Seyffert<\/p>\n","protected":false},"excerpt":{"rendered":"<p>In diesem Jahr habe ich bisher zwar noch einen gesichtet, aber wenn der Fr\u00fchling einkehrt, dann flattern im Garten auch meist die ersten bunten Schmetterlinge herum und freuen sich \u00fcber die warmen Sonnenstrahlen. Da euch meine Bastelideen mit den Erdn\u00fcssen immer so gut gefallen (wie beispielsweise die lustige Pinguine auf dem Eis, die summende Biene&#8230; <a href=\"https:\/\/www.sabine-seyffert.de\/blog\/basteln-mit-kindern-schmetterling-aus-erdnuss-fruehlingsideen-zum-selbermachen\/\" class=\"more-link\">Read more: Basteln mit Kindern: Schmetterling aus Erdnuss \u2013 Fr\u00fchlingsideen zum Selbermachen<\/a><\/p>\n","protected":false},"author":2,"featured_media":0,"comment_status":"open","ping_status":"open","sticky":false,"template":"","format":"standard","meta":{"_metis_text_type":"","_metis_text_length":2894,"_post_count":0,"footnotes":""},"categories":[32,23,47],"tags":[],"class_list":["post-22385","post","type-post","status-publish","format-standard","hentry","category-kreatives-fur-kleine-kinderhande","category-fruhling","category-upcyceltes"],"_links":{"self":[{"href":"https:\/\/www.sabine-seyffert.de\/blog\/wp-json\/wp\/v2\/posts\/22385","targetHints":{"allow":["GET"]}}],"collection":[{"href":"https:\/\/www.sabine-seyffert.de\/blog\/wp-json\/wp\/v2\/posts"}],"about":[{"href":"https:\/\/www.sabine-seyffert.de\/blog\/wp-json\/wp\/v2\/types\/post"}],"author":[{"embeddable":true,"href":"https:\/\/www.sabine-seyffert.de\/blog\/wp-json\/wp\/v2\/users\/2"}],"replies":[{"embeddable":true,"href":"https:\/\/www.sabine-seyffert.de\/blog\/wp-json\/wp\/v2\/comments?post=22385"}],"version-history":[{"count":2,"href":"https:\/\/www.sabine-seyffert.de\/blog\/wp-json\/wp\/v2\/posts\/22385\/revisions"}],"predecessor-version":[{"id":22403,"href":"https:\/\/www.sabine-seyffert.de\/blog\/wp-json\/wp\/v2\/posts\/22385\/revisions\/22403"}],"wp:attachment":[{"href":"https:\/\/www.sabine-seyffert.de\/blog\/wp-json\/wp\/v2\/media?parent=22385"}],"wp:term":[{"taxonomy":"category","embeddable":true,"href":"https:\/\/www.sabine-seyffert.de\/blog\/wp-json\/wp\/v2\/categories?post=22385"},{"taxonomy":"post_tag","embeddable":true,"href":"https:\/\/www.sabine-seyffert.de\/blog\/wp-json\/wp\/v2\/tags?post=22385"}],"curies":[{"name":"wp","href":"https:\/\/api.w.org\/{rel}","templated":true}]}}