{"id":22321,"date":"2022-03-07T06:00:46","date_gmt":"2022-03-07T04:00:46","guid":{"rendered":"https:\/\/www.sabine-seyffert.de\/blog\/?p=22321"},"modified":"2022-03-04T17:18:17","modified_gmt":"2022-03-04T15:18:17","slug":"diy-basteln-fuer-den-fruehling-geschenktuete-mit-schneegloeckchen-aus-altpapier","status":"publish","type":"post","link":"https:\/\/www.sabine-seyffert.de\/blog\/diy-basteln-fuer-den-fruehling-geschenktuete-mit-schneegloeckchen-aus-altpapier\/","title":{"rendered":"DIY Basteln f\u00fcr den Fr\u00fchling: Geschenkt\u00fcte mit Schneegl\u00f6ckchen aus Altpapier"},"content":{"rendered":"<p style=\"text-align: justify;\"><img loading=\"lazy\" decoding=\"async\" src=\"https:\/\/vg01.met.vgwort.de\/na\/fe6d9d7e04c147128f4351dca099cc46\" alt=\"\" width=\"1\" height=\"1\" \/>Wenn man aus dem Haus kommt, sieht man derzeit an jeder Ecke Schneegl\u00f6ckchen. F\u00fcr mich ganz eindeutig Vorboten f\u00fcr das Fr\u00fchjahr. Ich mag diese kleinen Blumen sehr und kann mich an ihnen nach dem Winter nicht satt sehen. Da diese weder im Topf noch in der Vase drinnen lang halten, habe ich mal wieder welche selbst gemacht. Und zwar aus den Seiten eines alten Buches bzw. Zeitungspapier und damit eine Geschenkverpackung gestaltet. Im Blog Archiv findet ihr tolle <a href=\"https:\/\/www.sabine-seyffert.de\/blog\/?p=11839\" target=\"_blank\" rel=\"noopener noreferrer\">Schneegl\u00f6ckchen aus Eierkartons<\/a> und eine weitere<a href=\"https:\/\/www.sabine-seyffert.de\/blog\/?p=18950\" target=\"_blank\" rel=\"noopener noreferrer\"> Bastelanleitung als Deko<\/a>.<\/p>\n<p style=\"text-align: center;\"><a href=\"https:\/\/www.sabine-seyffert.de\/blog\/wp-content\/uploads\/2022\/03\/Geschenkt\u00fcte-Schneegl\u00f6ckchen-Sabine-Seyffert.de-4.jpg\"><img loading=\"lazy\" decoding=\"async\" class=\"alignnone size-full wp-image-22322\" src=\"https:\/\/www.sabine-seyffert.de\/blog\/wp-content\/uploads\/2022\/03\/Geschenkt\u00fcte-Schneegl\u00f6ckchen-Sabine-Seyffert.de-4.jpg\" alt=\"\" width=\"800\" height=\"600\" srcset=\"https:\/\/www.sabine-seyffert.de\/blog\/wp-content\/uploads\/2022\/03\/Geschenkt\u00fcte-Schneegl\u00f6ckchen-Sabine-Seyffert.de-4.jpg 800w, https:\/\/www.sabine-seyffert.de\/blog\/wp-content\/uploads\/2022\/03\/Geschenkt\u00fcte-Schneegl\u00f6ckchen-Sabine-Seyffert.de-4-300x225.jpg 300w, https:\/\/www.sabine-seyffert.de\/blog\/wp-content\/uploads\/2022\/03\/Geschenkt\u00fcte-Schneegl\u00f6ckchen-Sabine-Seyffert.de-4-768x576.jpg 768w\" sizes=\"auto, (max-width: 800px) 100vw, 800px\" \/><\/a><\/p>\n<p style=\"text-align: justify;\"><strong>Das wird gebraucht:<\/strong><br \/>\nEine Geschenkt\u00fcte aus Kraftpapier ohne Aufdruck in der Gr\u00f6\u00dfe eurer Wahl, alte Buchseiten, eine Tageszeitung, einen Wasserfarbkasten inklusiv Deckwei\u00df, Pinsel (Borstenpinsel), eine Bastelschere, Bastelkleber \/ Klebestift, d\u00fcnne Kordel sowie optional Stempel und ein Stempelkissen<\/p>\n<p style=\"text-align: center;\"><a href=\"https:\/\/www.sabine-seyffert.de\/blog\/wp-content\/uploads\/2022\/03\/Geschenkt\u00fcte-Schneegl\u00f6ckchen-Sabine-Seyffert.de-0.jpg\"><img loading=\"lazy\" decoding=\"async\" class=\"alignnone size-full wp-image-22323\" src=\"https:\/\/www.sabine-seyffert.de\/blog\/wp-content\/uploads\/2022\/03\/Geschenkt\u00fcte-Schneegl\u00f6ckchen-Sabine-Seyffert.de-0.jpg\" alt=\"\" width=\"800\" height=\"600\" srcset=\"https:\/\/www.sabine-seyffert.de\/blog\/wp-content\/uploads\/2022\/03\/Geschenkt\u00fcte-Schneegl\u00f6ckchen-Sabine-Seyffert.de-0.jpg 800w, https:\/\/www.sabine-seyffert.de\/blog\/wp-content\/uploads\/2022\/03\/Geschenkt\u00fcte-Schneegl\u00f6ckchen-Sabine-Seyffert.de-0-300x225.jpg 300w, https:\/\/www.sabine-seyffert.de\/blog\/wp-content\/uploads\/2022\/03\/Geschenkt\u00fcte-Schneegl\u00f6ckchen-Sabine-Seyffert.de-0-768x576.jpg 768w\" sizes=\"auto, (max-width: 800px) 100vw, 800px\" \/><\/a><\/p>\n<p style=\"text-align: justify;\"><strong>So wird\u2019s gemacht:<\/strong><br \/>\nBlanko Geschenkt\u00fcten lassen sich mit wenig Material und etwas Fantasie im Nu aufpimpen. So hat man eine tolle Verpackung f\u00fcr kleine Geschenke und Mitbringsel.<\/p>\n<p style=\"text-align: center;\"><a href=\"https:\/\/www.sabine-seyffert.de\/blog\/wp-content\/uploads\/2022\/03\/Geschenkt\u00fcte-Schneegl\u00f6ckchen-Sabine-Seyffert.de-11.jpg\"><img loading=\"lazy\" decoding=\"async\" class=\"alignnone size-full wp-image-22330\" src=\"https:\/\/www.sabine-seyffert.de\/blog\/wp-content\/uploads\/2022\/03\/Geschenkt\u00fcte-Schneegl\u00f6ckchen-Sabine-Seyffert.de-11.jpg\" alt=\"\" width=\"800\" height=\"600\" srcset=\"https:\/\/www.sabine-seyffert.de\/blog\/wp-content\/uploads\/2022\/03\/Geschenkt\u00fcte-Schneegl\u00f6ckchen-Sabine-Seyffert.de-11.jpg 800w, https:\/\/www.sabine-seyffert.de\/blog\/wp-content\/uploads\/2022\/03\/Geschenkt\u00fcte-Schneegl\u00f6ckchen-Sabine-Seyffert.de-11-300x225.jpg 300w, https:\/\/www.sabine-seyffert.de\/blog\/wp-content\/uploads\/2022\/03\/Geschenkt\u00fcte-Schneegl\u00f6ckchen-Sabine-Seyffert.de-11-768x576.jpg 768w\" sizes=\"auto, (max-width: 800px) 100vw, 800px\" \/><\/a><\/p>\n<p style=\"text-align: justify;\">Passend zur <a href=\"https:\/\/www.instagram.com\/diy_sabine_seyffert\/\" target=\"_blank\" rel=\"noopener noreferrer\">DIYchallengederwoche<\/a> Spezial mit lieben Blog Kolleginnen und dem Thema Fr\u00fchling, habe ich diese T\u00fcte fr\u00fchlingshaft gestaltet.<\/p>\n<p style=\"text-align: center;\"><a href=\"https:\/\/www.sabine-seyffert.de\/blog\/wp-content\/uploads\/2022\/03\/Geschenkt\u00fcte-Schneegl\u00f6ckchen-Sabine-Seyffert.de-10.jpg\"><img loading=\"lazy\" decoding=\"async\" class=\"alignnone size-full wp-image-22331\" src=\"https:\/\/www.sabine-seyffert.de\/blog\/wp-content\/uploads\/2022\/03\/Geschenkt\u00fcte-Schneegl\u00f6ckchen-Sabine-Seyffert.de-10.jpg\" alt=\"\" width=\"800\" height=\"600\" srcset=\"https:\/\/www.sabine-seyffert.de\/blog\/wp-content\/uploads\/2022\/03\/Geschenkt\u00fcte-Schneegl\u00f6ckchen-Sabine-Seyffert.de-10.jpg 800w, https:\/\/www.sabine-seyffert.de\/blog\/wp-content\/uploads\/2022\/03\/Geschenkt\u00fcte-Schneegl\u00f6ckchen-Sabine-Seyffert.de-10-300x225.jpg 300w, https:\/\/www.sabine-seyffert.de\/blog\/wp-content\/uploads\/2022\/03\/Geschenkt\u00fcte-Schneegl\u00f6ckchen-Sabine-Seyffert.de-10-768x576.jpg 768w\" sizes=\"auto, (max-width: 800px) 100vw, 800px\" \/><\/a><\/p>\n<p style=\"text-align: justify;\">Aus der Buchseite schneidet ihr euch ein Quadrat. Wer mag, kann sich diese mit Hilfe eines Bleistifts und einem Lineal vorzeichnen.<\/p>\n<p style=\"text-align: center;\"><a href=\"https:\/\/www.sabine-seyffert.de\/blog\/wp-content\/uploads\/2022\/03\/Geschenkt\u00fcte-Schneegl\u00f6ckchen-Sabine-Seyffert.de-9.jpg\"><img loading=\"lazy\" decoding=\"async\" class=\"alignnone size-full wp-image-22332\" src=\"https:\/\/www.sabine-seyffert.de\/blog\/wp-content\/uploads\/2022\/03\/Geschenkt\u00fcte-Schneegl\u00f6ckchen-Sabine-Seyffert.de-9.jpg\" alt=\"\" width=\"800\" height=\"600\" srcset=\"https:\/\/www.sabine-seyffert.de\/blog\/wp-content\/uploads\/2022\/03\/Geschenkt\u00fcte-Schneegl\u00f6ckchen-Sabine-Seyffert.de-9.jpg 800w, https:\/\/www.sabine-seyffert.de\/blog\/wp-content\/uploads\/2022\/03\/Geschenkt\u00fcte-Schneegl\u00f6ckchen-Sabine-Seyffert.de-9-300x225.jpg 300w, https:\/\/www.sabine-seyffert.de\/blog\/wp-content\/uploads\/2022\/03\/Geschenkt\u00fcte-Schneegl\u00f6ckchen-Sabine-Seyffert.de-9-768x576.jpg 768w\" sizes=\"auto, (max-width: 800px) 100vw, 800px\" \/><\/a><\/p>\n<p style=\"text-align: justify;\">Es geht aber auch prima ohne. Daraus faltet ihr euch eine \u201eTasche\u201c wie auch schon mal f\u00fcr <a href=\"https:\/\/www.sabine-seyffert.de\/blog\/?p=19759\" target=\"_blank\" rel=\"noopener noreferrer\">diese Bastelidee<\/a> gemacht.<\/p>\n<p style=\"text-align: center;\"><a href=\"https:\/\/www.sabine-seyffert.de\/blog\/wp-content\/uploads\/2022\/03\/Geschenkt\u00fcte-Schneegl\u00f6ckchen-Sabine-Seyffert.de-8.jpg\"><img loading=\"lazy\" decoding=\"async\" class=\"alignnone size-full wp-image-22333\" src=\"https:\/\/www.sabine-seyffert.de\/blog\/wp-content\/uploads\/2022\/03\/Geschenkt\u00fcte-Schneegl\u00f6ckchen-Sabine-Seyffert.de-8.jpg\" alt=\"\" width=\"800\" height=\"600\" srcset=\"https:\/\/www.sabine-seyffert.de\/blog\/wp-content\/uploads\/2022\/03\/Geschenkt\u00fcte-Schneegl\u00f6ckchen-Sabine-Seyffert.de-8.jpg 800w, https:\/\/www.sabine-seyffert.de\/blog\/wp-content\/uploads\/2022\/03\/Geschenkt\u00fcte-Schneegl\u00f6ckchen-Sabine-Seyffert.de-8-300x225.jpg 300w, https:\/\/www.sabine-seyffert.de\/blog\/wp-content\/uploads\/2022\/03\/Geschenkt\u00fcte-Schneegl\u00f6ckchen-Sabine-Seyffert.de-8-768x576.jpg 768w\" sizes=\"auto, (max-width: 800px) 100vw, 800px\" \/><\/a><\/p>\n<p style=\"text-align: justify;\">Bevor ihr diese jedoch mit Klebstoff auf der Papiert\u00fcte fixiert, braucht ihr noch ein St\u00fcck Kordel, was darunter festgemacht wird.<\/p>\n<p style=\"text-align: center;\"><a href=\"https:\/\/www.sabine-seyffert.de\/blog\/wp-content\/uploads\/2022\/03\/Geschenkt\u00fcte-Schneegl\u00f6ckchen-Sabine-Seyffert.de-7.jpg\"><img loading=\"lazy\" decoding=\"async\" class=\"alignnone size-full wp-image-22334\" src=\"https:\/\/www.sabine-seyffert.de\/blog\/wp-content\/uploads\/2022\/03\/Geschenkt\u00fcte-Schneegl\u00f6ckchen-Sabine-Seyffert.de-7.jpg\" alt=\"\" width=\"800\" height=\"600\" srcset=\"https:\/\/www.sabine-seyffert.de\/blog\/wp-content\/uploads\/2022\/03\/Geschenkt\u00fcte-Schneegl\u00f6ckchen-Sabine-Seyffert.de-7.jpg 800w, https:\/\/www.sabine-seyffert.de\/blog\/wp-content\/uploads\/2022\/03\/Geschenkt\u00fcte-Schneegl\u00f6ckchen-Sabine-Seyffert.de-7-300x225.jpg 300w, https:\/\/www.sabine-seyffert.de\/blog\/wp-content\/uploads\/2022\/03\/Geschenkt\u00fcte-Schneegl\u00f6ckchen-Sabine-Seyffert.de-7-768x576.jpg 768w\" sizes=\"auto, (max-width: 800px) 100vw, 800px\" \/><\/a><\/p>\n<p style=\"text-align: justify;\">Aus der Zeitung stellt ihr euch mit Deckwei\u00df und gr\u00fcner Farbe <a href=\"https:\/\/www.sabine-seyffert.de\/blog\/?p=13917\" target=\"_blank\" rel=\"noopener noreferrer\">umweltfreundliches Bastelpapier<\/a> her.<\/p>\n<p style=\"text-align: center;\"><a href=\"https:\/\/www.sabine-seyffert.de\/blog\/wp-content\/uploads\/2022\/03\/Geschenkt\u00fcte-Schneegl\u00f6ckchen-Sabine-Seyffert.de-6.jpg\"><img loading=\"lazy\" decoding=\"async\" class=\"alignnone size-full wp-image-22335\" src=\"https:\/\/www.sabine-seyffert.de\/blog\/wp-content\/uploads\/2022\/03\/Geschenkt\u00fcte-Schneegl\u00f6ckchen-Sabine-Seyffert.de-6.jpg\" alt=\"\" width=\"800\" height=\"600\" srcset=\"https:\/\/www.sabine-seyffert.de\/blog\/wp-content\/uploads\/2022\/03\/Geschenkt\u00fcte-Schneegl\u00f6ckchen-Sabine-Seyffert.de-6.jpg 800w, https:\/\/www.sabine-seyffert.de\/blog\/wp-content\/uploads\/2022\/03\/Geschenkt\u00fcte-Schneegl\u00f6ckchen-Sabine-Seyffert.de-6-300x225.jpg 300w, https:\/\/www.sabine-seyffert.de\/blog\/wp-content\/uploads\/2022\/03\/Geschenkt\u00fcte-Schneegl\u00f6ckchen-Sabine-Seyffert.de-6-768x576.jpg 768w\" sizes=\"auto, (max-width: 800px) 100vw, 800px\" \/><\/a><\/p>\n<p style=\"text-align: justify;\">Aus dem gr\u00fcnen Papier schnippelt ihr lange St\u00e4ngel und aus dem Wei\u00df die Bl\u00fctenk\u00f6pfe f\u00fcr die Schneegl\u00f6ckchen.<\/p>\n<p style=\"text-align: center;\"><a href=\"https:\/\/www.sabine-seyffert.de\/blog\/wp-content\/uploads\/2022\/03\/Geschenkt\u00fcte-Schneegl\u00f6ckchen-Sabine-Seyffert.de-3.jpg\"><img loading=\"lazy\" decoding=\"async\" class=\"alignnone size-full wp-image-22329\" src=\"https:\/\/www.sabine-seyffert.de\/blog\/wp-content\/uploads\/2022\/03\/Geschenkt\u00fcte-Schneegl\u00f6ckchen-Sabine-Seyffert.de-3.jpg\" alt=\"\" width=\"800\" height=\"600\" srcset=\"https:\/\/www.sabine-seyffert.de\/blog\/wp-content\/uploads\/2022\/03\/Geschenkt\u00fcte-Schneegl\u00f6ckchen-Sabine-Seyffert.de-3.jpg 800w, https:\/\/www.sabine-seyffert.de\/blog\/wp-content\/uploads\/2022\/03\/Geschenkt\u00fcte-Schneegl\u00f6ckchen-Sabine-Seyffert.de-3-300x225.jpg 300w, https:\/\/www.sabine-seyffert.de\/blog\/wp-content\/uploads\/2022\/03\/Geschenkt\u00fcte-Schneegl\u00f6ckchen-Sabine-Seyffert.de-3-768x576.jpg 768w\" sizes=\"auto, (max-width: 800px) 100vw, 800px\" \/><\/a><\/p>\n<p style=\"text-align: justify;\">Diese klebt ihr nun gleichm\u00e4\u00dfig verteilt in die Tasche hinein. Nun k\u00f6nnt ihr die beiden Seiten \u00fcber den Blumenstielen zusammenklappen und die Kordel mit einer sch\u00f6nen Schleife zusammenbinden.<\/p>\n<p style=\"text-align: center;\"><a href=\"https:\/\/www.sabine-seyffert.de\/blog\/wp-content\/uploads\/2022\/03\/Geschenkt\u00fcte-Schneegl\u00f6ckchen-Sabine-Seyffert.de-2.jpg\"><img loading=\"lazy\" decoding=\"async\" class=\"alignnone size-full wp-image-22328\" src=\"https:\/\/www.sabine-seyffert.de\/blog\/wp-content\/uploads\/2022\/03\/Geschenkt\u00fcte-Schneegl\u00f6ckchen-Sabine-Seyffert.de-2.jpg\" alt=\"\" width=\"800\" height=\"600\" srcset=\"https:\/\/www.sabine-seyffert.de\/blog\/wp-content\/uploads\/2022\/03\/Geschenkt\u00fcte-Schneegl\u00f6ckchen-Sabine-Seyffert.de-2.jpg 800w, https:\/\/www.sabine-seyffert.de\/blog\/wp-content\/uploads\/2022\/03\/Geschenkt\u00fcte-Schneegl\u00f6ckchen-Sabine-Seyffert.de-2-300x225.jpg 300w, https:\/\/www.sabine-seyffert.de\/blog\/wp-content\/uploads\/2022\/03\/Geschenkt\u00fcte-Schneegl\u00f6ckchen-Sabine-Seyffert.de-2-768x576.jpg 768w\" sizes=\"auto, (max-width: 800px) 100vw, 800px\" \/><\/a><\/p>\n<p style=\"text-align: justify;\">Mit einem Stempel habe ich noch einen kleinen Gru\u00df darunter gestempelt.<\/p>\n<p style=\"text-align: center;\"><a href=\"https:\/\/www.sabine-seyffert.de\/blog\/wp-content\/uploads\/2022\/03\/Geschenkt\u00fcte-Schneegl\u00f6ckchen-Sabine-Seyffert.de-1.jpg\"><img loading=\"lazy\" decoding=\"async\" class=\"alignnone size-full wp-image-22327\" src=\"https:\/\/www.sabine-seyffert.de\/blog\/wp-content\/uploads\/2022\/03\/Geschenkt\u00fcte-Schneegl\u00f6ckchen-Sabine-Seyffert.de-1.jpg\" alt=\"\" width=\"800\" height=\"600\" srcset=\"https:\/\/www.sabine-seyffert.de\/blog\/wp-content\/uploads\/2022\/03\/Geschenkt\u00fcte-Schneegl\u00f6ckchen-Sabine-Seyffert.de-1.jpg 800w, https:\/\/www.sabine-seyffert.de\/blog\/wp-content\/uploads\/2022\/03\/Geschenkt\u00fcte-Schneegl\u00f6ckchen-Sabine-Seyffert.de-1-300x225.jpg 300w, https:\/\/www.sabine-seyffert.de\/blog\/wp-content\/uploads\/2022\/03\/Geschenkt\u00fcte-Schneegl\u00f6ckchen-Sabine-Seyffert.de-1-768x576.jpg 768w\" sizes=\"auto, (max-width: 800px) 100vw, 800px\" \/><\/a><\/p>\n<p style=\"text-align: justify;\">Alternativ kann man mit Buchstabenstempeln auch den Namen auf das Papier drucken.<\/p>\n<p style=\"text-align: center;\"><a href=\"https:\/\/www.sabine-seyffert.de\/blog\/wp-content\/uploads\/2022\/03\/Geschenkt\u00fcte-Schneegl\u00f6ckchen-Sabine-Seyffert.de-12.jpg\"><img loading=\"lazy\" decoding=\"async\" class=\"alignnone size-full wp-image-22326\" src=\"https:\/\/www.sabine-seyffert.de\/blog\/wp-content\/uploads\/2022\/03\/Geschenkt\u00fcte-Schneegl\u00f6ckchen-Sabine-Seyffert.de-12.jpg\" alt=\"\" width=\"600\" height=\"800\" srcset=\"https:\/\/www.sabine-seyffert.de\/blog\/wp-content\/uploads\/2022\/03\/Geschenkt\u00fcte-Schneegl\u00f6ckchen-Sabine-Seyffert.de-12.jpg 600w, https:\/\/www.sabine-seyffert.de\/blog\/wp-content\/uploads\/2022\/03\/Geschenkt\u00fcte-Schneegl\u00f6ckchen-Sabine-Seyffert.de-12-225x300.jpg 225w\" sizes=\"auto, (max-width: 600px) 100vw, 600px\" \/><\/a><\/p>\n<p style=\"text-align: justify;\"><strong>Ein kleiner Tipp:<\/strong><br \/>\nFalls ihr gerade keine Geschenk zu verpacken habt \u2013 ihr k\u00f6nnt auch auf dieselbe Art und Weise <a href=\"https:\/\/www.sabine-seyffert.de\/blog\/?cat=51\" target=\"_blank\" rel=\"noopener noreferrer\">Postkarten<\/a> selbermachen und als Fr\u00fchlingsgru\u00df nutzen.<\/p>\n<p style=\"text-align: center;\"><a href=\"https:\/\/www.sabine-seyffert.de\/blog\/wp-content\/uploads\/2022\/03\/Geschenkt\u00fcte-Schneegl\u00f6ckchen-Sabine-Seyffert.de-14.jpg\"><img loading=\"lazy\" decoding=\"async\" class=\"alignnone size-full wp-image-22325\" src=\"https:\/\/www.sabine-seyffert.de\/blog\/wp-content\/uploads\/2022\/03\/Geschenkt\u00fcte-Schneegl\u00f6ckchen-Sabine-Seyffert.de-14.jpg\" alt=\"\" width=\"600\" height=\"800\" srcset=\"https:\/\/www.sabine-seyffert.de\/blog\/wp-content\/uploads\/2022\/03\/Geschenkt\u00fcte-Schneegl\u00f6ckchen-Sabine-Seyffert.de-14.jpg 600w, https:\/\/www.sabine-seyffert.de\/blog\/wp-content\/uploads\/2022\/03\/Geschenkt\u00fcte-Schneegl\u00f6ckchen-Sabine-Seyffert.de-14-225x300.jpg 225w\" sizes=\"auto, (max-width: 600px) 100vw, 600px\" \/><\/a><\/p>\n<p style=\"text-align: justify;\">Weitere kreative und ausgefallene Geschenkverpackungen zu ganz unterschiedlichen Anl\u00e4ssen (und mit Bastelanleitung) findet ihr \u00fcbrigens in <a href=\"https:\/\/www.sabine-seyffert.de\/blog\/?cat=49\" target=\"_blank\" rel=\"noopener noreferrer\">dieser Blog Kategorie<\/a>, DIY Geschenkideen gibt es in <a href=\"https:\/\/www.sabine-seyffert.de\/blog\/?cat=36\" target=\"_blank\" rel=\"noopener noreferrer\">dieser Rubrik<\/a>, alles rund um das Thema Upcycling sind in <a href=\"https:\/\/www.sabine-seyffert.de\/blog\/?cat=47\" target=\"_blank\" rel=\"noopener noreferrer\">diesem Blog Ordner<\/a> und alles zum Thema Fr\u00fchling findet ihr an <a href=\"https:\/\/www.sabine-seyffert.de\/blog\/?cat=23\" target=\"_blank\" rel=\"noopener noreferrer\">dieser Stelle<\/a> oder <a href=\"https:\/\/www.pinterest.de\/diysabineseyffert\/\" target=\"_blank\" rel=\"noopener noreferrer\">meinen Pinnw\u00e4nden<\/a>.<\/p>\n<p style=\"text-align: center;\"><a href=\"https:\/\/www.sabine-seyffert.de\/blog\/wp-content\/uploads\/2022\/03\/Geschenkt\u00fcte-Schneegl\u00f6ckchen-Sabine-Seyffert.de-15.jpg\"><img loading=\"lazy\" decoding=\"async\" class=\"alignnone size-full wp-image-22324\" src=\"https:\/\/www.sabine-seyffert.de\/blog\/wp-content\/uploads\/2022\/03\/Geschenkt\u00fcte-Schneegl\u00f6ckchen-Sabine-Seyffert.de-15.jpg\" alt=\"\" width=\"600\" height=\"800\" srcset=\"https:\/\/www.sabine-seyffert.de\/blog\/wp-content\/uploads\/2022\/03\/Geschenkt\u00fcte-Schneegl\u00f6ckchen-Sabine-Seyffert.de-15.jpg 600w, https:\/\/www.sabine-seyffert.de\/blog\/wp-content\/uploads\/2022\/03\/Geschenkt\u00fcte-Schneegl\u00f6ckchen-Sabine-Seyffert.de-15-225x300.jpg 225w\" sizes=\"auto, (max-width: 600px) 100vw, 600px\" \/><\/a><\/p>\n<p style=\"text-align: justify;\"><a href=\"https:\/\/www.sabine-seyffert.de\/blog\/?page_id=32#urheberrecht\">urheberrechtlich gesch\u00fctzt<\/a>, \u00a9 Sabine Seyffert<\/p>\n","protected":false},"excerpt":{"rendered":"<p>Wenn man aus dem Haus kommt, sieht man derzeit an jeder Ecke Schneegl\u00f6ckchen. F\u00fcr mich ganz eindeutig Vorboten f\u00fcr das Fr\u00fchjahr. Ich mag diese kleinen Blumen sehr und kann mich an ihnen nach dem Winter nicht satt sehen. Da diese weder im Topf noch in der Vase drinnen lang halten, habe ich mal wieder welche&#8230; <a href=\"https:\/\/www.sabine-seyffert.de\/blog\/diy-basteln-fuer-den-fruehling-geschenktuete-mit-schneegloeckchen-aus-altpapier\/\" class=\"more-link\">Read more: DIY Basteln f\u00fcr den Fr\u00fchling: Geschenkt\u00fcte mit Schneegl\u00f6ckchen aus Altpapier<\/a><\/p>\n","protected":false},"author":2,"featured_media":0,"comment_status":"open","ping_status":"open","sticky":false,"template":"","format":"standard","meta":{"_metis_text_type":"","_metis_text_length":2646,"_post_count":0,"footnotes":""},"categories":[23,49,47],"tags":[],"class_list":["post-22321","post","type-post","status-publish","format-standard","hentry","category-fruhling","category-verpackungsideen","category-upcyceltes"],"_links":{"self":[{"href":"https:\/\/www.sabine-seyffert.de\/blog\/wp-json\/wp\/v2\/posts\/22321","targetHints":{"allow":["GET"]}}],"collection":[{"href":"https:\/\/www.sabine-seyffert.de\/blog\/wp-json\/wp\/v2\/posts"}],"about":[{"href":"https:\/\/www.sabine-seyffert.de\/blog\/wp-json\/wp\/v2\/types\/post"}],"author":[{"embeddable":true,"href":"https:\/\/www.sabine-seyffert.de\/blog\/wp-json\/wp\/v2\/users\/2"}],"replies":[{"embeddable":true,"href":"https:\/\/www.sabine-seyffert.de\/blog\/wp-json\/wp\/v2\/comments?post=22321"}],"version-history":[{"count":2,"href":"https:\/\/www.sabine-seyffert.de\/blog\/wp-json\/wp\/v2\/posts\/22321\/revisions"}],"predecessor-version":[{"id":22337,"href":"https:\/\/www.sabine-seyffert.de\/blog\/wp-json\/wp\/v2\/posts\/22321\/revisions\/22337"}],"wp:attachment":[{"href":"https:\/\/www.sabine-seyffert.de\/blog\/wp-json\/wp\/v2\/media?parent=22321"}],"wp:term":[{"taxonomy":"category","embeddable":true,"href":"https:\/\/www.sabine-seyffert.de\/blog\/wp-json\/wp\/v2\/categories?post=22321"},{"taxonomy":"post_tag","embeddable":true,"href":"https:\/\/www.sabine-seyffert.de\/blog\/wp-json\/wp\/v2\/tags?post=22321"}],"curies":[{"name":"wp","href":"https:\/\/api.w.org\/{rel}","templated":true}]}}