{"id":22278,"date":"2022-03-04T06:00:13","date_gmt":"2022-03-04T04:00:13","guid":{"rendered":"https:\/\/www.sabine-seyffert.de\/blog\/?p=22278"},"modified":"2022-02-24T11:08:16","modified_gmt":"2022-02-24T09:08:16","slug":"maerchenhafte-bastelidee-fuer-kinder-ein-wunsch-frei-kleine-fee-basteln","status":"publish","type":"post","link":"https:\/\/www.sabine-seyffert.de\/blog\/maerchenhafte-bastelidee-fuer-kinder-ein-wunsch-frei-kleine-fee-basteln\/","title":{"rendered":"M\u00e4rchenhafte Bastelidee f\u00fcr Kinder: Ein Wunsch frei \u2013 kleine Fee basteln"},"content":{"rendered":"<p style=\"text-align: justify;\"><img loading=\"lazy\" decoding=\"async\" src=\"https:\/\/vg01.met.vgwort.de\/na\/f183dce2a86347a6bd8884a121815c65\" alt=\"\" width=\"1\" height=\"1\" \/>Es bleibt weiterhin m\u00e4rchenhaft auf dem Blog. Denn bei der <a href=\"https:\/\/www.instagram.com\/diy_sabine_seyffert\/\" target=\"_blank\" rel=\"noopener noreferrer\">#DIYchallengederwoche<\/a> dreht sich diese Woche alles um das Thema \u201eM\u00e4rchenhafte Wesen\u201c. Dazu habe ich euch gestern schon eine <a href=\"https:\/\/www.sabine-seyffert.de\/blog\/?p=22260\" target=\"_blank\" rel=\"noopener noreferrer\">lustige Hexe<\/a> mit Bastelanleitung gezeigt. Auch im Blog Archiv findet ihr dazu schon einen <a href=\"https:\/\/www.sabine-seyffert.de\/blog\/?p=19362\" target=\"_blank\" rel=\"noopener noreferrer\">lustigen Drachen<\/a>, eine kleine Korken <a href=\"https:\/\/www.sabine-seyffert.de\/blog\/?p=19347\" target=\"_blank\" rel=\"noopener noreferrer\">Hexe mit Hexenhut<\/a>, <a href=\"https:\/\/www.sabine-seyffert.de\/blog\/?p=17367\" target=\"_blank\" rel=\"noopener noreferrer\">kleine Wichtel<\/a>, <a href=\"https:\/\/www.sabine-seyffert.de\/blog\/?p=19301\" target=\"_blank\" rel=\"noopener noreferrer\">gestempelte Zwerge<\/a> und einen <a href=\"https:\/\/www.sabine-seyffert.de\/blog\/?p=19333\" target=\"_blank\" rel=\"noopener noreferrer\">tollen Zauberer<\/a>. Heute habe ich euch eine Fee mitgebracht. Denn Feen findet man schlie\u00dflich oft in M\u00e4rchen. Und meistens hat man bei ihnen einen Wunsch frei. Vielleicht m\u00f6chtet ihr eine Gl\u00fccksfee oder \u201eWunsch\u201c verschenken. Dann ist diese Do-it-Yourself Idee genau das Richtige!<\/p>\n<p style=\"text-align: center;\"><a href=\"https:\/\/www.sabine-seyffert.de\/blog\/wp-content\/uploads\/2022\/02\/Fee-Korken-Schachtel-Sabine-Seyffert.de-2-1.jpg\"><img loading=\"lazy\" decoding=\"async\" class=\"alignnone size-full wp-image-22283\" src=\"https:\/\/www.sabine-seyffert.de\/blog\/wp-content\/uploads\/2022\/02\/Fee-Korken-Schachtel-Sabine-Seyffert.de-2-1.jpg\" alt=\"\" width=\"800\" height=\"600\" srcset=\"https:\/\/www.sabine-seyffert.de\/blog\/wp-content\/uploads\/2022\/02\/Fee-Korken-Schachtel-Sabine-Seyffert.de-2-1.jpg 800w, https:\/\/www.sabine-seyffert.de\/blog\/wp-content\/uploads\/2022\/02\/Fee-Korken-Schachtel-Sabine-Seyffert.de-2-1-300x225.jpg 300w, https:\/\/www.sabine-seyffert.de\/blog\/wp-content\/uploads\/2022\/02\/Fee-Korken-Schachtel-Sabine-Seyffert.de-2-1-768x576.jpg 768w\" sizes=\"auto, (max-width: 800px) 100vw, 800px\" \/><\/a><\/p>\n<p style=\"text-align: justify;\"><strong>Das wird gebraucht:<\/strong><br \/>\nEine K\u00e4seschachtel (oval oder rund), eine alte Tageszeitung, Pinsel, Wasserfarbkasten inklusiv Deckwei\u00df, eine Bastelschere, eine gro\u00dfe Holzperle (unlackiert), zwei kleine Holzperlen, einen Korken (Weinkorken oder Sektkorken) Bastelfarben, Bastelkleber \/ Klebestift, einen Handbohrer, ein Streichholz (oder Zahnstocher), eine Hei\u00dfklebepistole samt Klebepatrone, eine Bastelunterlage, <a href=\"https:\/\/www.sabine-seyffert.de\/blog\/?p=12310\" target=\"_blank\" rel=\"noopener noreferrer\">Malkittel<\/a> sowie optional eine Lochzange und etwas Kordel (Wolle oder Geschenkband)<\/p>\n<p style=\"text-align: center;\"><a href=\"https:\/\/www.sabine-seyffert.de\/blog\/wp-content\/uploads\/2022\/02\/Fee-Korken-Schachtel-Sabine-Seyffert.de-0.jpg\"><img loading=\"lazy\" decoding=\"async\" class=\"alignnone size-full wp-image-22284\" src=\"https:\/\/www.sabine-seyffert.de\/blog\/wp-content\/uploads\/2022\/02\/Fee-Korken-Schachtel-Sabine-Seyffert.de-0.jpg\" alt=\"\" width=\"800\" height=\"600\" srcset=\"https:\/\/www.sabine-seyffert.de\/blog\/wp-content\/uploads\/2022\/02\/Fee-Korken-Schachtel-Sabine-Seyffert.de-0.jpg 800w, https:\/\/www.sabine-seyffert.de\/blog\/wp-content\/uploads\/2022\/02\/Fee-Korken-Schachtel-Sabine-Seyffert.de-0-300x225.jpg 300w, https:\/\/www.sabine-seyffert.de\/blog\/wp-content\/uploads\/2022\/02\/Fee-Korken-Schachtel-Sabine-Seyffert.de-0-768x576.jpg 768w\" sizes=\"auto, (max-width: 800px) 100vw, 800px\" \/><\/a><\/p>\n<p style=\"text-align: justify;\"><strong>So wird\u2019s gemacht:<\/strong><br \/>\nZuerst wird der Tisch gut abgedeckt und zieht die Malkittel \u00fcbergezogen. Dann stellt ihr euch aus Wasserfarben und der Zeitung <a href=\"https:\/\/www.sabine-seyffert.de\/blog\/?p=13917\" target=\"_blank\" rel=\"noopener noreferrer\">umweltfreundliches Bastelpapier<\/a> her.<\/p>\n<p style=\"text-align: center;\"><a href=\"https:\/\/www.sabine-seyffert.de\/blog\/wp-content\/uploads\/2022\/02\/Fee-Korken-Schachtel-Sabine-Seyffert.de-13.jpg\"><img loading=\"lazy\" decoding=\"async\" class=\"alignnone size-full wp-image-22287\" src=\"https:\/\/www.sabine-seyffert.de\/blog\/wp-content\/uploads\/2022\/02\/Fee-Korken-Schachtel-Sabine-Seyffert.de-13.jpg\" alt=\"\" width=\"800\" height=\"600\" srcset=\"https:\/\/www.sabine-seyffert.de\/blog\/wp-content\/uploads\/2022\/02\/Fee-Korken-Schachtel-Sabine-Seyffert.de-13.jpg 800w, https:\/\/www.sabine-seyffert.de\/blog\/wp-content\/uploads\/2022\/02\/Fee-Korken-Schachtel-Sabine-Seyffert.de-13-300x225.jpg 300w, https:\/\/www.sabine-seyffert.de\/blog\/wp-content\/uploads\/2022\/02\/Fee-Korken-Schachtel-Sabine-Seyffert.de-13-768x576.jpg 768w\" sizes=\"auto, (max-width: 800px) 100vw, 800px\" \/><\/a><\/p>\n<p style=\"text-align: justify;\">W\u00e4hrend das selbst gemachte Papier kurz trocknet, bemalt ihr die gro\u00dfe Holzperle in einer Farbe eurer Wahl mit \u201eHaaren\u201c.<\/p>\n<p style=\"text-align: center;\"><a href=\"https:\/\/www.sabine-seyffert.de\/blog\/wp-content\/uploads\/2022\/02\/Fee-Korken-Schachtel-Sabine-Seyffert.de-12.jpg\"><img loading=\"lazy\" decoding=\"async\" class=\"alignnone size-full wp-image-22288\" src=\"https:\/\/www.sabine-seyffert.de\/blog\/wp-content\/uploads\/2022\/02\/Fee-Korken-Schachtel-Sabine-Seyffert.de-12.jpg\" alt=\"\" width=\"800\" height=\"600\" srcset=\"https:\/\/www.sabine-seyffert.de\/blog\/wp-content\/uploads\/2022\/02\/Fee-Korken-Schachtel-Sabine-Seyffert.de-12.jpg 800w, https:\/\/www.sabine-seyffert.de\/blog\/wp-content\/uploads\/2022\/02\/Fee-Korken-Schachtel-Sabine-Seyffert.de-12-300x225.jpg 300w, https:\/\/www.sabine-seyffert.de\/blog\/wp-content\/uploads\/2022\/02\/Fee-Korken-Schachtel-Sabine-Seyffert.de-12-768x576.jpg 768w\" sizes=\"auto, (max-width: 800px) 100vw, 800px\" \/><\/a><\/p>\n<p style=\"text-align: justify;\">Entweder w\u00e4hlt ihr die beiden kleinen Perlen in genau dieser Farbe aus oder bemalt diese ebenfalls bunt.<\/p>\n<p style=\"text-align: center;\"><a href=\"https:\/\/www.sabine-seyffert.de\/blog\/wp-content\/uploads\/2022\/02\/Fee-Korken-Schachtel-Sabine-Seyffert.de-10.jpg\"><img loading=\"lazy\" decoding=\"async\" class=\"alignnone size-full wp-image-22289\" src=\"https:\/\/www.sabine-seyffert.de\/blog\/wp-content\/uploads\/2022\/02\/Fee-Korken-Schachtel-Sabine-Seyffert.de-10.jpg\" alt=\"\" width=\"800\" height=\"600\" srcset=\"https:\/\/www.sabine-seyffert.de\/blog\/wp-content\/uploads\/2022\/02\/Fee-Korken-Schachtel-Sabine-Seyffert.de-10.jpg 800w, https:\/\/www.sabine-seyffert.de\/blog\/wp-content\/uploads\/2022\/02\/Fee-Korken-Schachtel-Sabine-Seyffert.de-10-300x225.jpg 300w, https:\/\/www.sabine-seyffert.de\/blog\/wp-content\/uploads\/2022\/02\/Fee-Korken-Schachtel-Sabine-Seyffert.de-10-768x576.jpg 768w\" sizes=\"auto, (max-width: 800px) 100vw, 800px\" \/><\/a><\/p>\n<p style=\"text-align: justify;\">Au\u00dferdem k\u00f6nnt ihr das Gesicht mit Augen, Nase und Mund gestalten.<\/p>\n<p style=\"text-align: center;\"><a href=\"https:\/\/www.sabine-seyffert.de\/blog\/wp-content\/uploads\/2022\/02\/Fee-Korken-Schachtel-Sabine-Seyffert.de-9.jpg\"><img loading=\"lazy\" decoding=\"async\" class=\"alignnone size-full wp-image-22290\" src=\"https:\/\/www.sabine-seyffert.de\/blog\/wp-content\/uploads\/2022\/02\/Fee-Korken-Schachtel-Sabine-Seyffert.de-9.jpg\" alt=\"\" width=\"800\" height=\"600\" srcset=\"https:\/\/www.sabine-seyffert.de\/blog\/wp-content\/uploads\/2022\/02\/Fee-Korken-Schachtel-Sabine-Seyffert.de-9.jpg 800w, https:\/\/www.sabine-seyffert.de\/blog\/wp-content\/uploads\/2022\/02\/Fee-Korken-Schachtel-Sabine-Seyffert.de-9-300x225.jpg 300w, https:\/\/www.sabine-seyffert.de\/blog\/wp-content\/uploads\/2022\/02\/Fee-Korken-Schachtel-Sabine-Seyffert.de-9-768x576.jpg 768w\" sizes=\"auto, (max-width: 800px) 100vw, 800px\" \/><\/a><\/p>\n<p style=\"text-align: justify;\">Falls ihr keine d\u00fcnnen Pinsel habt, tupft diese Details mit einem Streichholz oder Zahnstocher auf. Das ist erfahrungsgem\u00e4\u00df einfacher als mit einem Pinsel.<\/p>\n<p style=\"text-align: center;\"><a href=\"https:\/\/www.sabine-seyffert.de\/blog\/wp-content\/uploads\/2022\/02\/Fee-Korken-Schachtel-Sabine-Seyffert.de-8.jpg\"><img loading=\"lazy\" decoding=\"async\" class=\"alignnone size-full wp-image-22291\" src=\"https:\/\/www.sabine-seyffert.de\/blog\/wp-content\/uploads\/2022\/02\/Fee-Korken-Schachtel-Sabine-Seyffert.de-8.jpg\" alt=\"\" width=\"800\" height=\"600\" srcset=\"https:\/\/www.sabine-seyffert.de\/blog\/wp-content\/uploads\/2022\/02\/Fee-Korken-Schachtel-Sabine-Seyffert.de-8.jpg 800w, https:\/\/www.sabine-seyffert.de\/blog\/wp-content\/uploads\/2022\/02\/Fee-Korken-Schachtel-Sabine-Seyffert.de-8-300x225.jpg 300w, https:\/\/www.sabine-seyffert.de\/blog\/wp-content\/uploads\/2022\/02\/Fee-Korken-Schachtel-Sabine-Seyffert.de-8-768x576.jpg 768w\" sizes=\"auto, (max-width: 800px) 100vw, 800px\" \/><\/a><\/p>\n<p style=\"text-align: justify;\">Dann legt die K\u00e4seschachtel auf das Bastelpapier und umfahrt mit Hilfe eines Bleistifts den gesamten Rand au\u00dfen.<\/p>\n<p style=\"text-align: center;\"><a href=\"https:\/\/www.sabine-seyffert.de\/blog\/wp-content\/uploads\/2022\/02\/Fee-Korken-Schachtel-Sabine-Seyffert.de-6.jpg\"><img loading=\"lazy\" decoding=\"async\" class=\"alignnone size-full wp-image-22292\" src=\"https:\/\/www.sabine-seyffert.de\/blog\/wp-content\/uploads\/2022\/02\/Fee-Korken-Schachtel-Sabine-Seyffert.de-6.jpg\" alt=\"\" width=\"800\" height=\"600\" srcset=\"https:\/\/www.sabine-seyffert.de\/blog\/wp-content\/uploads\/2022\/02\/Fee-Korken-Schachtel-Sabine-Seyffert.de-6.jpg 800w, https:\/\/www.sabine-seyffert.de\/blog\/wp-content\/uploads\/2022\/02\/Fee-Korken-Schachtel-Sabine-Seyffert.de-6-300x225.jpg 300w, https:\/\/www.sabine-seyffert.de\/blog\/wp-content\/uploads\/2022\/02\/Fee-Korken-Schachtel-Sabine-Seyffert.de-6-768x576.jpg 768w\" sizes=\"auto, (max-width: 800px) 100vw, 800px\" \/><\/a><\/p>\n<p style=\"text-align: justify;\">Das Oval schneidet ihr aus und klebt es in die K\u00e4seschachtel hinein, als Hintergrund.<\/p>\n<p style=\"text-align: center;\"><a href=\"https:\/\/www.sabine-seyffert.de\/blog\/wp-content\/uploads\/2022\/02\/Fee-Korken-Schachtel-Sabine-Seyffert.de-7.jpg\"><img loading=\"lazy\" decoding=\"async\" class=\"alignnone size-full wp-image-22293\" src=\"https:\/\/www.sabine-seyffert.de\/blog\/wp-content\/uploads\/2022\/02\/Fee-Korken-Schachtel-Sabine-Seyffert.de-7.jpg\" alt=\"\" width=\"800\" height=\"600\" srcset=\"https:\/\/www.sabine-seyffert.de\/blog\/wp-content\/uploads\/2022\/02\/Fee-Korken-Schachtel-Sabine-Seyffert.de-7.jpg 800w, https:\/\/www.sabine-seyffert.de\/blog\/wp-content\/uploads\/2022\/02\/Fee-Korken-Schachtel-Sabine-Seyffert.de-7-300x225.jpg 300w, https:\/\/www.sabine-seyffert.de\/blog\/wp-content\/uploads\/2022\/02\/Fee-Korken-Schachtel-Sabine-Seyffert.de-7-768x576.jpg 768w\" sizes=\"auto, (max-width: 800px) 100vw, 800px\" \/><\/a><\/p>\n<p style=\"text-align: justify;\">Die Fee wird aus deinem Korken gebastelt. Da sich diese oftmals nicht wirklich gut bemalen lassen, haben wir aus dem selbst gemachten Bastelpapier einen Streifen geschnitten und als Banderole um den Weinkorken geklebt.<\/p>\n<p style=\"text-align: center;\"><a href=\"https:\/\/www.sabine-seyffert.de\/blog\/wp-content\/uploads\/2022\/02\/Fee-Korken-Schachtel-Sabine-Seyffert.de-5.jpg\"><img loading=\"lazy\" decoding=\"async\" class=\"alignnone size-full wp-image-22294\" src=\"https:\/\/www.sabine-seyffert.de\/blog\/wp-content\/uploads\/2022\/02\/Fee-Korken-Schachtel-Sabine-Seyffert.de-5.jpg\" alt=\"\" width=\"800\" height=\"600\" srcset=\"https:\/\/www.sabine-seyffert.de\/blog\/wp-content\/uploads\/2022\/02\/Fee-Korken-Schachtel-Sabine-Seyffert.de-5.jpg 800w, https:\/\/www.sabine-seyffert.de\/blog\/wp-content\/uploads\/2022\/02\/Fee-Korken-Schachtel-Sabine-Seyffert.de-5-300x225.jpg 300w, https:\/\/www.sabine-seyffert.de\/blog\/wp-content\/uploads\/2022\/02\/Fee-Korken-Schachtel-Sabine-Seyffert.de-5-768x576.jpg 768w\" sizes=\"auto, (max-width: 800px) 100vw, 800px\" \/><\/a><\/p>\n<p style=\"text-align: justify;\">Wer m\u00f6chte, kann das \u201eFeen-Kleid\u201c verzieren und mit einem sch\u00f6nen Muster versehen. Die Fl\u00fcgel haben wir aus einem Restst\u00fcck Packpapier geschnippelt, wie man es mittlerweile als F\u00fcllmaterial in Paketsendungen findet und d\u00fcnn mit wei\u00dfer Farbe bestempelt.<\/p>\n<p style=\"text-align: center;\"><a href=\"https:\/\/www.sabine-seyffert.de\/blog\/wp-content\/uploads\/2022\/02\/Fee-Korken-Schachtel-Sabine-Seyffert.de-4.jpg\"><img loading=\"lazy\" decoding=\"async\" class=\"alignnone size-full wp-image-22295\" src=\"https:\/\/www.sabine-seyffert.de\/blog\/wp-content\/uploads\/2022\/02\/Fee-Korken-Schachtel-Sabine-Seyffert.de-4.jpg\" alt=\"\" width=\"800\" height=\"600\" srcset=\"https:\/\/www.sabine-seyffert.de\/blog\/wp-content\/uploads\/2022\/02\/Fee-Korken-Schachtel-Sabine-Seyffert.de-4.jpg 800w, https:\/\/www.sabine-seyffert.de\/blog\/wp-content\/uploads\/2022\/02\/Fee-Korken-Schachtel-Sabine-Seyffert.de-4-300x225.jpg 300w, https:\/\/www.sabine-seyffert.de\/blog\/wp-content\/uploads\/2022\/02\/Fee-Korken-Schachtel-Sabine-Seyffert.de-4-768x576.jpg 768w\" sizes=\"auto, (max-width: 800px) 100vw, 800px\" \/><\/a><\/p>\n<p style=\"text-align: justify;\">Alternativ kann man auch das bemalte Zeitungspapier daf\u00fcr verwenden. Nun klebt man die Fl\u00fcgel in die K\u00e4seschachtel hinein.<\/p>\n<p style=\"text-align: center;\"><a href=\"https:\/\/www.sabine-seyffert.de\/blog\/wp-content\/uploads\/2022\/02\/Fee-Korken-Schachtel-Sabine-Seyffert.de-3.jpg\"><img loading=\"lazy\" decoding=\"async\" class=\"alignnone size-full wp-image-22296\" src=\"https:\/\/www.sabine-seyffert.de\/blog\/wp-content\/uploads\/2022\/02\/Fee-Korken-Schachtel-Sabine-Seyffert.de-3.jpg\" alt=\"\" width=\"800\" height=\"600\" srcset=\"https:\/\/www.sabine-seyffert.de\/blog\/wp-content\/uploads\/2022\/02\/Fee-Korken-Schachtel-Sabine-Seyffert.de-3.jpg 800w, https:\/\/www.sabine-seyffert.de\/blog\/wp-content\/uploads\/2022\/02\/Fee-Korken-Schachtel-Sabine-Seyffert.de-3-300x225.jpg 300w, https:\/\/www.sabine-seyffert.de\/blog\/wp-content\/uploads\/2022\/02\/Fee-Korken-Schachtel-Sabine-Seyffert.de-3-768x576.jpg 768w\" sizes=\"auto, (max-width: 800px) 100vw, 800px\" \/><\/a><\/p>\n<p style=\"text-align: justify;\">In den mit Zeitung beklebten Korken bohrt man mit dem Handbohrer ein Loch und deckt ein Streichholz hinein.<\/p>\n<p style=\"text-align: center;\"><a href=\"https:\/\/www.sabine-seyffert.de\/blog\/wp-content\/uploads\/2022\/02\/Fee-Korken-Schachtel-Sabine-Seyffert.de-2-2.jpg\"><img loading=\"lazy\" decoding=\"async\" class=\"alignnone size-full wp-image-22297\" src=\"https:\/\/www.sabine-seyffert.de\/blog\/wp-content\/uploads\/2022\/02\/Fee-Korken-Schachtel-Sabine-Seyffert.de-2-2.jpg\" alt=\"\" width=\"800\" height=\"600\" srcset=\"https:\/\/www.sabine-seyffert.de\/blog\/wp-content\/uploads\/2022\/02\/Fee-Korken-Schachtel-Sabine-Seyffert.de-2-2.jpg 800w, https:\/\/www.sabine-seyffert.de\/blog\/wp-content\/uploads\/2022\/02\/Fee-Korken-Schachtel-Sabine-Seyffert.de-2-2-300x225.jpg 300w, https:\/\/www.sabine-seyffert.de\/blog\/wp-content\/uploads\/2022\/02\/Fee-Korken-Schachtel-Sabine-Seyffert.de-2-2-768x576.jpg 768w\" sizes=\"auto, (max-width: 800px) 100vw, 800px\" \/><\/a><\/p>\n<p style=\"text-align: justify;\">Auf den Rest, der noch aus dem Korken schaut, klebt man die Holzperle. Die kleinen Perlen klebt man am besten mit Hei\u00dfkleber seitlich fest.<\/p>\n<p style=\"text-align: center;\"><a href=\"https:\/\/www.sabine-seyffert.de\/blog\/wp-content\/uploads\/2022\/02\/Fee-Korken-Schachtel-Sabine-Seyffert.de_.jpg\"><img loading=\"lazy\" decoding=\"async\" class=\"alignnone size-full wp-image-22286\" src=\"https:\/\/www.sabine-seyffert.de\/blog\/wp-content\/uploads\/2022\/02\/Fee-Korken-Schachtel-Sabine-Seyffert.de_.jpg\" alt=\"\" width=\"800\" height=\"600\" srcset=\"https:\/\/www.sabine-seyffert.de\/blog\/wp-content\/uploads\/2022\/02\/Fee-Korken-Schachtel-Sabine-Seyffert.de_.jpg 800w, https:\/\/www.sabine-seyffert.de\/blog\/wp-content\/uploads\/2022\/02\/Fee-Korken-Schachtel-Sabine-Seyffert.de_-300x225.jpg 300w, https:\/\/www.sabine-seyffert.de\/blog\/wp-content\/uploads\/2022\/02\/Fee-Korken-Schachtel-Sabine-Seyffert.de_-768x576.jpg 768w\" sizes=\"auto, (max-width: 800px) 100vw, 800px\" \/><\/a><\/p>\n<p style=\"text-align: justify;\">Auf die R\u00fcckseite der Fee gibt man ebenfalls etwas Hei\u00dfkleber und klebt diese nun mittig in die K\u00e4seschachtel, genau zwischen die Fl\u00fcgel.<\/p>\n<p style=\"text-align: center;\"><a href=\"https:\/\/www.sabine-seyffert.de\/blog\/wp-content\/uploads\/2022\/02\/Fee-Korken-Schachtel-Sabine-Seyffert.de-1.jpg\"><img loading=\"lazy\" decoding=\"async\" class=\"alignnone size-full wp-image-22285\" src=\"https:\/\/www.sabine-seyffert.de\/blog\/wp-content\/uploads\/2022\/02\/Fee-Korken-Schachtel-Sabine-Seyffert.de-1.jpg\" alt=\"\" width=\"800\" height=\"600\" srcset=\"https:\/\/www.sabine-seyffert.de\/blog\/wp-content\/uploads\/2022\/02\/Fee-Korken-Schachtel-Sabine-Seyffert.de-1.jpg 800w, https:\/\/www.sabine-seyffert.de\/blog\/wp-content\/uploads\/2022\/02\/Fee-Korken-Schachtel-Sabine-Seyffert.de-1-300x225.jpg 300w, https:\/\/www.sabine-seyffert.de\/blog\/wp-content\/uploads\/2022\/02\/Fee-Korken-Schachtel-Sabine-Seyffert.de-1-768x576.jpg 768w\" sizes=\"auto, (max-width: 800px) 100vw, 800px\" \/><\/a><\/p>\n<p style=\"text-align: justify;\"><strong>Ein kleiner Tipp:<\/strong><br \/>\nWenn ihr die Fee als Gutschein f\u00fcr einen freien Wunsch verschenken wollt, k\u00f6nnt ihr euch aus Packpapier oder d\u00fcnner Pappe einen kleinen Wimpel schneiden und beschriften. Den klebt man einfach seitlich an die K\u00e4seschachtel. Wer m\u00f6chte, kann mit der Lochzange noch zwei L\u00f6cher oben hinein stanzen und etwas Kordel zur Aufh\u00e4ngung hindurchziehen.<\/p>\n<p style=\"text-align: center;\"><a href=\"https:\/\/www.sabine-seyffert.de\/blog\/wp-content\/uploads\/2022\/02\/Fee-Korken-Schachtel-Sabine-Seyffert.de-16.jpg\"><img loading=\"lazy\" decoding=\"async\" class=\"alignnone size-full wp-image-22282\" src=\"https:\/\/www.sabine-seyffert.de\/blog\/wp-content\/uploads\/2022\/02\/Fee-Korken-Schachtel-Sabine-Seyffert.de-16.jpg\" alt=\"\" width=\"600\" height=\"800\" srcset=\"https:\/\/www.sabine-seyffert.de\/blog\/wp-content\/uploads\/2022\/02\/Fee-Korken-Schachtel-Sabine-Seyffert.de-16.jpg 600w, https:\/\/www.sabine-seyffert.de\/blog\/wp-content\/uploads\/2022\/02\/Fee-Korken-Schachtel-Sabine-Seyffert.de-16-225x300.jpg 225w\" sizes=\"auto, (max-width: 600px) 100vw, 600px\" \/><\/a><\/p>\n<p style=\"text-align: justify;\">Eine zauberhafte Fee Variante zu dieser Idee findet ihr \u00fcbrigens in <a href=\"https:\/\/www.sabine-seyffert.de\/blog\/?p=19318\" target=\"_blank\" rel=\"noopener noreferrer\">dieser Bastelanleitung<\/a>.<\/p>\n<p style=\"text-align: center;\"><a href=\"https:\/\/www.sabine-seyffert.de\/blog\/wp-content\/uploads\/2022\/02\/Fee-Korken-Schachtel-Sabine-Seyffert.de-15.jpg\"><img loading=\"lazy\" decoding=\"async\" class=\"alignnone size-full wp-image-22281\" src=\"https:\/\/www.sabine-seyffert.de\/blog\/wp-content\/uploads\/2022\/02\/Fee-Korken-Schachtel-Sabine-Seyffert.de-15.jpg\" alt=\"\" width=\"600\" height=\"800\" srcset=\"https:\/\/www.sabine-seyffert.de\/blog\/wp-content\/uploads\/2022\/02\/Fee-Korken-Schachtel-Sabine-Seyffert.de-15.jpg 600w, https:\/\/www.sabine-seyffert.de\/blog\/wp-content\/uploads\/2022\/02\/Fee-Korken-Schachtel-Sabine-Seyffert.de-15-225x300.jpg 225w\" sizes=\"auto, (max-width: 600px) 100vw, 600px\" \/><\/a><\/p>\n<p style=\"text-align: justify;\">Weitere Geschenkideen zum Selbermachen findet ihr \u00fcbrigens in <a href=\"https:\/\/www.sabine-seyffert.de\/blog\/?cat=36\" target=\"_blank\" rel=\"noopener noreferrer\">dieser Blog Kategorie<\/a>, alles zum Thema Upcycling mit detaillierter Bastelanleitung gibt es in <a href=\"https:\/\/www.sabine-seyffert.de\/blog\/?cat=47\" target=\"_blank\" rel=\"noopener noreferrer\">dieser Rubrik<\/a>, bunte Do-it-Yourself Ideen f\u00fcr Kinder sind in <a href=\"https:\/\/www.sabine-seyffert.de\/blog\/?cat=32\" target=\"_blank\" rel=\"noopener noreferrer\">diesem Ordner<\/a> und weitere kreative Ideen an <a href=\"https:\/\/www.pinterest.de\/diysabineseyffert\/\" target=\"_blank\" rel=\"noopener noreferrer\">meinen Pinnw\u00e4nden<\/a>.<\/p>\n<p style=\"text-align: center;\"><a href=\"https:\/\/www.sabine-seyffert.de\/blog\/wp-content\/uploads\/2022\/02\/Fee-Korken-Schachtel-Sabine-Seyffert.de-14.jpg\"><img loading=\"lazy\" decoding=\"async\" class=\"alignnone size-full wp-image-22280\" src=\"https:\/\/www.sabine-seyffert.de\/blog\/wp-content\/uploads\/2022\/02\/Fee-Korken-Schachtel-Sabine-Seyffert.de-14.jpg\" alt=\"\" width=\"600\" height=\"800\" srcset=\"https:\/\/www.sabine-seyffert.de\/blog\/wp-content\/uploads\/2022\/02\/Fee-Korken-Schachtel-Sabine-Seyffert.de-14.jpg 600w, https:\/\/www.sabine-seyffert.de\/blog\/wp-content\/uploads\/2022\/02\/Fee-Korken-Schachtel-Sabine-Seyffert.de-14-225x300.jpg 225w\" sizes=\"auto, (max-width: 600px) 100vw, 600px\" \/><\/a><\/p>\n<p style=\"text-align: justify;\"><a href=\"https:\/\/www.sabine-seyffert.de\/blog\/?page_id=32#urheberrecht\">urheberrechtlich gesch\u00fctzt<\/a>, \u00a9 Sabine Seyffert<\/p>\n","protected":false},"excerpt":{"rendered":"<p>Es bleibt weiterhin m\u00e4rchenhaft auf dem Blog. Denn bei der #DIYchallengederwoche dreht sich diese Woche alles um das Thema \u201eM\u00e4rchenhafte Wesen\u201c. Dazu habe ich euch gestern schon eine lustige Hexe mit Bastelanleitung gezeigt. Auch im Blog Archiv findet ihr dazu schon einen lustigen Drachen, eine kleine Korken Hexe mit Hexenhut, kleine Wichtel, gestempelte Zwerge und&#8230; <a href=\"https:\/\/www.sabine-seyffert.de\/blog\/maerchenhafte-bastelidee-fuer-kinder-ein-wunsch-frei-kleine-fee-basteln\/\" class=\"more-link\">Read more: M\u00e4rchenhafte Bastelidee f\u00fcr Kinder: Ein Wunsch frei \u2013 kleine Fee basteln<\/a><\/p>\n","protected":false},"author":2,"featured_media":0,"comment_status":"open","ping_status":"open","sticky":false,"template":"","format":"standard","meta":{"_metis_text_type":"","_metis_text_length":3728,"_post_count":0,"footnotes":""},"categories":[32,36,47],"tags":[],"class_list":["post-22278","post","type-post","status-publish","format-standard","hentry","category-kreatives-fur-kleine-kinderhande","category-klitzekleine-geschenkideen","category-upcyceltes"],"_links":{"self":[{"href":"https:\/\/www.sabine-seyffert.de\/blog\/wp-json\/wp\/v2\/posts\/22278","targetHints":{"allow":["GET"]}}],"collection":[{"href":"https:\/\/www.sabine-seyffert.de\/blog\/wp-json\/wp\/v2\/posts"}],"about":[{"href":"https:\/\/www.sabine-seyffert.de\/blog\/wp-json\/wp\/v2\/types\/post"}],"author":[{"embeddable":true,"href":"https:\/\/www.sabine-seyffert.de\/blog\/wp-json\/wp\/v2\/users\/2"}],"replies":[{"embeddable":true,"href":"https:\/\/www.sabine-seyffert.de\/blog\/wp-json\/wp\/v2\/comments?post=22278"}],"version-history":[{"count":3,"href":"https:\/\/www.sabine-seyffert.de\/blog\/wp-json\/wp\/v2\/posts\/22278\/revisions"}],"predecessor-version":[{"id":22300,"href":"https:\/\/www.sabine-seyffert.de\/blog\/wp-json\/wp\/v2\/posts\/22278\/revisions\/22300"}],"wp:attachment":[{"href":"https:\/\/www.sabine-seyffert.de\/blog\/wp-json\/wp\/v2\/media?parent=22278"}],"wp:term":[{"taxonomy":"category","embeddable":true,"href":"https:\/\/www.sabine-seyffert.de\/blog\/wp-json\/wp\/v2\/categories?post=22278"},{"taxonomy":"post_tag","embeddable":true,"href":"https:\/\/www.sabine-seyffert.de\/blog\/wp-json\/wp\/v2\/tags?post=22278"}],"curies":[{"name":"wp","href":"https:\/\/api.w.org\/{rel}","templated":true}]}}