{"id":2225,"date":"2013-07-26T14:58:34","date_gmt":"2013-07-26T12:58:34","guid":{"rendered":"http:\/\/www.sabine-seyffert.de\/blog\/?p=2225"},"modified":"2017-03-06T12:50:15","modified_gmt":"2017-03-06T10:50:15","slug":"regenbogenbunt-verpackt","status":"publish","type":"post","link":"https:\/\/www.sabine-seyffert.de\/blog\/regenbogenbunt-verpackt\/","title":{"rendered":"Regenbogenbunt verpackt"},"content":{"rendered":"<p style=\"text-align: justify;\"><img loading=\"lazy\" decoding=\"async\" src=\"https:\/\/ssl-vg03.met.vgwort.de\/na\/a7537d9340bd4c0ea3c58e71414e828c\" alt=\"\" width=\"1\" height=\"1\" \/>Zum Abschied im Kindergarten hat jede Erzieherin von uns ein kleines Geschenk bekommen. Da ja nicht wir als Eltern, sondern meine Tochter den Kindergarten besucht hat, durfte sie die Verschenkverpackung nach einer eigenen Idee versch\u00f6nern.<br \/>\nAm liebsten verpacke ich Geschenke mit Packpapier. Und in diesem Fall eignete sich der neutrale Naturfarbton bestens daf\u00fcr um ihn kunterbunt zu versch\u00f6nern.<\/p>\n<p style=\"text-align: center;\"><a href=\"http:\/\/www.sabine-seyffert.de\/blog\/wp-content\/uploads\/2013\/07\/Abschiedsgeschenk-Kiga-2.jpg\"><img loading=\"lazy\" decoding=\"async\" class=\"alignnone size-full wp-image-2226\" src=\"http:\/\/www.sabine-seyffert.de\/blog\/wp-content\/uploads\/2013\/07\/Abschiedsgeschenk-Kiga-2.jpg\" alt=\"Abschiedsgeschenk Kiga 2\" width=\"800\" height=\"569\" srcset=\"https:\/\/www.sabine-seyffert.de\/blog\/wp-content\/uploads\/2013\/07\/Abschiedsgeschenk-Kiga-2.jpg 800w, https:\/\/www.sabine-seyffert.de\/blog\/wp-content\/uploads\/2013\/07\/Abschiedsgeschenk-Kiga-2-300x213.jpg 300w\" sizes=\"auto, (max-width: 800px) 100vw, 800px\" \/><\/a><\/p>\n<p style=\"text-align: justify;\"><strong>Das wird gebraucht:<\/strong><br \/>\nPackpapier, Tesafilm, Wasserfarben, Pinsel, ein Glas mit Wasser, Buchstabenstempel und ein Stempelkissen.<\/p>\n<p style=\"text-align: center;\"><a href=\"http:\/\/www.sabine-seyffert.de\/blog\/wp-content\/uploads\/2013\/07\/Abschiedsgeschenk-Kiga-1.jpg\"><img loading=\"lazy\" decoding=\"async\" class=\"alignnone size-full wp-image-2227\" src=\"http:\/\/www.sabine-seyffert.de\/blog\/wp-content\/uploads\/2013\/07\/Abschiedsgeschenk-Kiga-1.jpg\" alt=\"Abschiedsgeschenk Kiga 1\" width=\"796\" height=\"535\" srcset=\"https:\/\/www.sabine-seyffert.de\/blog\/wp-content\/uploads\/2013\/07\/Abschiedsgeschenk-Kiga-1.jpg 796w, https:\/\/www.sabine-seyffert.de\/blog\/wp-content\/uploads\/2013\/07\/Abschiedsgeschenk-Kiga-1-300x201.jpg 300w\" sizes=\"auto, (max-width: 796px) 100vw, 796px\" \/><\/a><\/p>\n<p style=\"text-align: justify;\"><strong>So wird\u2019s gemacht:<\/strong><br \/>\nZuerst habe ich alle ben\u00f6tigten Geschenke in Packpapier verpackt und mit den entsprechenden Namen versehen.<br \/>\nMeine Tochter wollte gerne auf jedes Geschenk einen Handabdruck machen und holte daher den Wasserfarbkasten aus dem Schrank. Da eine der beiden Gruppen die Regenbogengruppe ist, bemalte sie ihre H\u00e4nde so herrlich bunt wie einen Regenbogen und hinterlie\u00df auf den betreffenden P\u00e4ckchen eine regenbogenbunte Hand.<\/p>\n<p style=\"text-align: center;\"><a href=\"http:\/\/www.sabine-seyffert.de\/blog\/wp-content\/uploads\/2013\/07\/Abschiedsgeschenk-Kiga-3.jpg\"><img loading=\"lazy\" decoding=\"async\" class=\"alignnone size-full wp-image-2228\" src=\"http:\/\/www.sabine-seyffert.de\/blog\/wp-content\/uploads\/2013\/07\/Abschiedsgeschenk-Kiga-3.jpg\" alt=\"Abschiedsgeschenk Kiga 3\" width=\"800\" height=\"534\" srcset=\"https:\/\/www.sabine-seyffert.de\/blog\/wp-content\/uploads\/2013\/07\/Abschiedsgeschenk-Kiga-3.jpg 800w, https:\/\/www.sabine-seyffert.de\/blog\/wp-content\/uploads\/2013\/07\/Abschiedsgeschenk-Kiga-3-300x200.jpg 300w\" sizes=\"auto, (max-width: 800px) 100vw, 800px\" \/><\/a><\/p>\n<p style=\"text-align: justify;\">Die andere Gruppe ist die K\u00e4fergruppe. Somit wurde die Hand hier rot bemalt und mit einigen schwarzen Tupfen versehen. Allerdings war das Bemalen der Hand etwas zeitintensiver und das Rot schon vor dem Drucken wieder getrocknet. Besser ist es also die rote Hand \u201esolo\u201c auf das verpackte Geschenk zu stempeln und die Tupfen dann mit einem schwarzen runden Stempel aufzudrucken oder nach dem Trocknen mit einem schwarzen Stift darauf zu malen.<\/p>\n<p style=\"text-align: center;\"><a href=\"http:\/\/www.sabine-seyffert.de\/blog\/wp-content\/uploads\/2013\/07\/Abschiedsgeschenk-Kiga-5.jpg\"><img loading=\"lazy\" decoding=\"async\" class=\"alignnone size-full wp-image-2229\" src=\"http:\/\/www.sabine-seyffert.de\/blog\/wp-content\/uploads\/2013\/07\/Abschiedsgeschenk-Kiga-5.jpg\" alt=\"Abschiedsgeschenk Kiga 5\" width=\"600\" height=\"800\" srcset=\"https:\/\/www.sabine-seyffert.de\/blog\/wp-content\/uploads\/2013\/07\/Abschiedsgeschenk-Kiga-5.jpg 600w, https:\/\/www.sabine-seyffert.de\/blog\/wp-content\/uploads\/2013\/07\/Abschiedsgeschenk-Kiga-5-225x300.jpg 225w\" sizes=\"auto, (max-width: 600px) 100vw, 600px\" \/><\/a><\/p>\n<p style=\"text-align: justify;\">Zum Schlu\u00df haben wir mit Hilfe der Buchstabenstempel noch \u201eDanke\u201c neben die bunten H\u00e4nde gedruckt. Eine wirklich einfache Idee f\u00fcr kleine Kinderh\u00e4nde und sehr schnell gemacht.<\/p>\n<p style=\"text-align: center;\"><a href=\"http:\/\/www.sabine-seyffert.de\/blog\/wp-content\/uploads\/2013\/07\/Abschiedsgeschenk-Kiga-6.jpg\"><img loading=\"lazy\" decoding=\"async\" class=\"alignnone size-full wp-image-2230\" src=\"http:\/\/www.sabine-seyffert.de\/blog\/wp-content\/uploads\/2013\/07\/Abschiedsgeschenk-Kiga-6.jpg\" alt=\"Abschiedsgeschenk Kiga 6\" width=\"800\" height=\"600\" srcset=\"https:\/\/www.sabine-seyffert.de\/blog\/wp-content\/uploads\/2013\/07\/Abschiedsgeschenk-Kiga-6.jpg 800w, https:\/\/www.sabine-seyffert.de\/blog\/wp-content\/uploads\/2013\/07\/Abschiedsgeschenk-Kiga-6-300x225.jpg 300w\" sizes=\"auto, (max-width: 800px) 100vw, 800px\" \/><\/a><\/p>\n<p style=\"text-align: justify;\"><strong>Ein kleiner Tipp:<\/strong><br \/>\nStatt \u201eDanke\u201c l\u00e4sst sich mit den Buchstabenstempeln nat\u00fcrlich auch eine andere Botschaft auf das Geschenk bringen: \u201eViel Gl\u00fcck\u201c, \u201eHerzlichen Gl\u00fcckwunsch\u201c, \u201eAlles Gute\u201c, &#8220;Gute Besserung&#8221; oder was man dem Beschenkten sonst gerne als gedruckten Gru\u00df mit auf den Weg geben m\u00f6chte! Und wem dies noch nicht bunt genug ist, der bindet einfach noch etwas Geschenkband oder eine sch\u00f6ne Schleife um das P\u00e4ckchen \ud83d\ude42<\/p>\n<p><a href=\"http:\/\/www.sabine-seyffert.de\/blog\/wp-content\/uploads\/2013\/07\/Abschiedsgeschenk-Kiga-4.jpg\"><img loading=\"lazy\" decoding=\"async\" class=\"alignnone size-full wp-image-2231\" src=\"http:\/\/www.sabine-seyffert.de\/blog\/wp-content\/uploads\/2013\/07\/Abschiedsgeschenk-Kiga-4.jpg\" alt=\"Abschiedsgeschenk Kiga 4\" width=\"800\" height=\"600\" srcset=\"https:\/\/www.sabine-seyffert.de\/blog\/wp-content\/uploads\/2013\/07\/Abschiedsgeschenk-Kiga-4.jpg 800w, https:\/\/www.sabine-seyffert.de\/blog\/wp-content\/uploads\/2013\/07\/Abschiedsgeschenk-Kiga-4-300x225.jpg 300w\" sizes=\"auto, (max-width: 800px) 100vw, 800px\" \/><\/a><\/p>\n<p><a href=\"http:\/\/www.sabine-seyffert.de\/blog\/?page_id=32#urheberrecht\">urherrechtlich gesch\u00fctzt<\/a>, \u00a9 Sabine Seyffert<\/p>\n","protected":false},"excerpt":{"rendered":"<p>Zum Abschied im Kindergarten hat jede Erzieherin von uns ein kleines Geschenk bekommen. Da ja nicht wir als Eltern, sondern meine Tochter den Kindergarten besucht hat, durfte sie die Verschenkverpackung nach einer eigenen Idee versch\u00f6nern. Am liebsten verpacke ich Geschenke mit Packpapier. Und in diesem Fall eignete sich der neutrale Naturfarbton bestens daf\u00fcr um ihn&#8230; <a href=\"https:\/\/www.sabine-seyffert.de\/blog\/regenbogenbunt-verpackt\/\" class=\"more-link\">Read more: Regenbogenbunt verpackt<\/a><\/p>\n","protected":false},"author":2,"featured_media":0,"comment_status":"open","ping_status":"open","sticky":false,"template":"","format":"standard","meta":{"_metis_text_type":"","_metis_text_length":2056,"_post_count":0,"footnotes":""},"categories":[32,49],"tags":[],"class_list":["post-2225","post","type-post","status-publish","format-standard","hentry","category-kreatives-fur-kleine-kinderhande","category-verpackungsideen"],"_links":{"self":[{"href":"https:\/\/www.sabine-seyffert.de\/blog\/wp-json\/wp\/v2\/posts\/2225","targetHints":{"allow":["GET"]}}],"collection":[{"href":"https:\/\/www.sabine-seyffert.de\/blog\/wp-json\/wp\/v2\/posts"}],"about":[{"href":"https:\/\/www.sabine-seyffert.de\/blog\/wp-json\/wp\/v2\/types\/post"}],"author":[{"embeddable":true,"href":"https:\/\/www.sabine-seyffert.de\/blog\/wp-json\/wp\/v2\/users\/2"}],"replies":[{"embeddable":true,"href":"https:\/\/www.sabine-seyffert.de\/blog\/wp-json\/wp\/v2\/comments?post=2225"}],"version-history":[{"count":5,"href":"https:\/\/www.sabine-seyffert.de\/blog\/wp-json\/wp\/v2\/posts\/2225\/revisions"}],"predecessor-version":[{"id":6739,"href":"https:\/\/www.sabine-seyffert.de\/blog\/wp-json\/wp\/v2\/posts\/2225\/revisions\/6739"}],"wp:attachment":[{"href":"https:\/\/www.sabine-seyffert.de\/blog\/wp-json\/wp\/v2\/media?parent=2225"}],"wp:term":[{"taxonomy":"category","embeddable":true,"href":"https:\/\/www.sabine-seyffert.de\/blog\/wp-json\/wp\/v2\/categories?post=2225"},{"taxonomy":"post_tag","embeddable":true,"href":"https:\/\/www.sabine-seyffert.de\/blog\/wp-json\/wp\/v2\/tags?post=2225"}],"curies":[{"name":"wp","href":"https:\/\/api.w.org\/{rel}","templated":true}]}}