{"id":2197,"date":"2013-07-23T06:54:41","date_gmt":"2013-07-23T04:54:41","guid":{"rendered":"http:\/\/www.sabine-seyffert.de\/blog\/?p=2197"},"modified":"2017-03-06T12:52:02","modified_gmt":"2017-03-06T10:52:02","slug":"hurra-es-sind-ferien","status":"publish","type":"post","link":"https:\/\/www.sabine-seyffert.de\/blog\/hurra-es-sind-ferien\/","title":{"rendered":"Hurra, es sind Ferien!"},"content":{"rendered":"<p style=\"text-align: justify;\"><img loading=\"lazy\" decoding=\"async\" src=\"https:\/\/ssl-vg03.met.vgwort.de\/na\/4e1166edf70d4687bf0d5af51d138214\" alt=\"\" width=\"1\" height=\"1\" \/>Die Wochen vor den Ferien waren bei uns mit vielen Terminen beladen und leider auch mit einer riesengro\u00dfen Portion Stress. Am Freitag war f\u00fcr die &#8220;Gro\u00dfen&#8221; der letzten Schultag und unsere &#8220;Kleinste&#8221; ihr allerletzter Kindergartentag. Da sie drei Jahr lang ausgesprochen gerne zum Kindergarten gegangen ist, war es ein trauriger Abschied.<\/p>\n<p style=\"text-align: center;\"><a href=\"http:\/\/www.sabine-seyffert.de\/blog\/wp-content\/uploads\/2013\/07\/Ferienplan-1.jpg\"><img loading=\"lazy\" decoding=\"async\" class=\"alignnone size-full wp-image-2198\" src=\"http:\/\/www.sabine-seyffert.de\/blog\/wp-content\/uploads\/2013\/07\/Ferienplan-1.jpg\" alt=\"Ferienplan 1\" width=\"800\" height=\"600\" srcset=\"https:\/\/www.sabine-seyffert.de\/blog\/wp-content\/uploads\/2013\/07\/Ferienplan-1.jpg 800w, https:\/\/www.sabine-seyffert.de\/blog\/wp-content\/uploads\/2013\/07\/Ferienplan-1-300x225.jpg 300w\" sizes=\"auto, (max-width: 800px) 100vw, 800px\" \/><\/a><\/p>\n<p style=\"text-align: justify;\">Aber sehen wir es mal positiv, wie Sonja es so oft auf ihrem tollen Blog <a href=\"http:\/\/www.wertvoll-blog.de\/2013\/07\/die-schonen-seiten.html\" target=\"_blank\">wert-voll<\/a> vormacht. Schlie\u00dflich h\u00e4lt jedes Ende auch einen neuen Anfang f\u00fcr uns parat. In unserem Fall sind es aktuell fast 7 Wochen Sommerferien: Das hei\u00dft morgens ausschlafen und keinen Wecker stellen, in Ruhe den Tag beginnen, keine festen Termine und einfach ganz viel Zeit zum Lesen, Spielen, Kuscheln, Planschen und um das Leben in vollen Z\u00fcgen zu genie\u00dfen!<\/p>\n<p style=\"text-align: center;\"><a href=\"http:\/\/www.sabine-seyffert.de\/blog\/wp-content\/uploads\/2013\/07\/Ferienplan-2.jpg\"><img loading=\"lazy\" decoding=\"async\" class=\"alignnone size-full wp-image-2199\" src=\"http:\/\/www.sabine-seyffert.de\/blog\/wp-content\/uploads\/2013\/07\/Ferienplan-2.jpg\" alt=\"Ferienplan 2\" width=\"800\" height=\"600\" srcset=\"https:\/\/www.sabine-seyffert.de\/blog\/wp-content\/uploads\/2013\/07\/Ferienplan-2.jpg 800w, https:\/\/www.sabine-seyffert.de\/blog\/wp-content\/uploads\/2013\/07\/Ferienplan-2-300x225.jpg 300w\" sizes=\"auto, (max-width: 800px) 100vw, 800px\" \/><\/a><\/p>\n<p style=\"text-align: justify;\">Weil die Ferienzeit doch recht lang ist, m\u00fcssen nat\u00fcrlich einige Ideen her um die Ferien zu f\u00fcllen.<\/p>\n<p style=\"text-align: justify;\">Unser erster Streich \u2013 ein selbst entworfener Ferienplan f\u00fcr die Sommerferien!<\/p>\n<p style=\"text-align: justify;\"><strong>Das wird gebraucht:<\/strong><br \/>\n1 Bogen Tonpapier, 2 wei\u00dfe Bl\u00e4tter Papier ca. Din A4, einen Drucker, Klebstoff, Schere, Pinsel, Wasserfarben und allerhand Ideen zur Kinderbesch\u00e4ftigung \ud83d\ude09<\/p>\n<p style=\"text-align: center;\"><a href=\"http:\/\/www.sabine-seyffert.de\/blog\/wp-content\/uploads\/2013\/07\/Ferienplan-3.jpg\"><img loading=\"lazy\" decoding=\"async\" class=\"alignnone size-full wp-image-2200\" src=\"http:\/\/www.sabine-seyffert.de\/blog\/wp-content\/uploads\/2013\/07\/Ferienplan-3.jpg\" alt=\"Ferienplan 3\" width=\"800\" height=\"477\" srcset=\"https:\/\/www.sabine-seyffert.de\/blog\/wp-content\/uploads\/2013\/07\/Ferienplan-3.jpg 800w, https:\/\/www.sabine-seyffert.de\/blog\/wp-content\/uploads\/2013\/07\/Ferienplan-3-300x178.jpg 300w\" sizes=\"auto, (max-width: 800px) 100vw, 800px\" \/><\/a><\/p>\n<p style=\"text-align: justify;\"><strong>So wird\u2019s gemacht:<\/strong><br \/>\nAls erstes habe ich die sieben Ferienwochen mit Tag und Datum per Tabelle im Computer eingegeben. Damit die Tage immer Wochenweise in einer Zeile stehen, gilt bei uns der gestrige Montag als erster Ferientag und die ersten Schultage samt Wochenende nach den Ferien sind auch mit drauf.<\/p>\n<p style=\"text-align: center;\"><a href=\"http:\/\/www.sabine-seyffert.de\/blog\/wp-content\/uploads\/2013\/07\/Ferienplan-4.jpg\"><img loading=\"lazy\" decoding=\"async\" class=\"alignnone size-full wp-image-2201\" src=\"http:\/\/www.sabine-seyffert.de\/blog\/wp-content\/uploads\/2013\/07\/Ferienplan-4.jpg\" alt=\"Ferienplan 4\" width=\"800\" height=\"600\" srcset=\"https:\/\/www.sabine-seyffert.de\/blog\/wp-content\/uploads\/2013\/07\/Ferienplan-4.jpg 800w, https:\/\/www.sabine-seyffert.de\/blog\/wp-content\/uploads\/2013\/07\/Ferienplan-4-300x225.jpg 300w\" sizes=\"auto, (max-width: 800px) 100vw, 800px\" \/><\/a><\/p>\n<p style=\"text-align: justify;\">Diese \u00dcbersicht habe ich ausgedruckt und mittig auf dem Bogen Tonkarton geklebt. Wer dies lieber per Hand machen m\u00f6chte, kann die Tabelle auch mit Hilfe eines Lineals auf das Papier zeichnen und die Tage mit einem Stift per Hand hineinschreiben.<br \/>\nNun durfte sich meine J\u00fcngste nach Herzenslust \u201eaustoben\u201c und den Ferienplan nach eigenen Ideen versch\u00f6nern. Sie entschied sich f\u00fcr Wasserfarben und hat u.a. ein Meer, blauen Himmel, Blumen und bunte Ballons gemalt. Genauso gut kann man den Plan aber auch mit Stiften bemalen oder sommerliche Motive aus alten Zeitschriften schneiden und eine Art Kollage daraus machen.<\/p>\n<p style=\"text-align: center;\"><a href=\"http:\/\/www.sabine-seyffert.de\/blog\/wp-content\/uploads\/2013\/07\/Ferienplan-5.jpg\"><img loading=\"lazy\" decoding=\"async\" class=\"alignnone size-full wp-image-2202\" src=\"http:\/\/www.sabine-seyffert.de\/blog\/wp-content\/uploads\/2013\/07\/Ferienplan-5.jpg\" alt=\"Ferienplan 5\" width=\"800\" height=\"577\" srcset=\"https:\/\/www.sabine-seyffert.de\/blog\/wp-content\/uploads\/2013\/07\/Ferienplan-5.jpg 800w, https:\/\/www.sabine-seyffert.de\/blog\/wp-content\/uploads\/2013\/07\/Ferienplan-5-300x216.jpg 300w\" sizes=\"auto, (max-width: 800px) 100vw, 800px\" \/><\/a><\/p>\n<p style=\"text-align: justify;\">Alle anstehenden Termine, Verabredungen, Ausfl\u00fcge etc. finden darin Platz und bieten auch Kindern eine sch\u00f6ne \u00dcbersicht. Mal schauen \u00fcber welche Ideen und Ausfl\u00fcge ich im Laufe der Ferien berichten kann \u2013 wer mag schaut einfach ab und an vorbei!<\/p>\n<p style=\"text-align: justify;\">In diesem Sinne w\u00fcnsche ich allen eine wundersch\u00f6ne Ferienzeit mit viel Sonnenschein und blauem Sommerhimmel!<\/p>\n<p style=\"text-align: center;\"><a href=\"http:\/\/www.sabine-seyffert.de\/blog\/wp-content\/uploads\/2013\/07\/Ferienplan-6.jpg\"><img loading=\"lazy\" decoding=\"async\" class=\"alignnone size-full wp-image-2203\" src=\"http:\/\/www.sabine-seyffert.de\/blog\/wp-content\/uploads\/2013\/07\/Ferienplan-6.jpg\" alt=\"Ferienplan 6\" width=\"600\" height=\"800\" srcset=\"https:\/\/www.sabine-seyffert.de\/blog\/wp-content\/uploads\/2013\/07\/Ferienplan-6.jpg 600w, https:\/\/www.sabine-seyffert.de\/blog\/wp-content\/uploads\/2013\/07\/Ferienplan-6-225x300.jpg 225w\" sizes=\"auto, (max-width: 600px) 100vw, 600px\" \/><\/a><\/p>\n<p style=\"text-align: justify;\">Weitere kreative Ideen gibt es \u00fcbrigens, wie jede Woche, bei <a href=\"http:\/\/www.creadienstag.de\/2013\/07\/083.html\" target=\"_blank\">Ankes Creadienstag<\/a>\u2026\n<\/p>\n<p><a href=\"http:\/\/www.sabine-seyffert.de\/blog\/?page_id=32#urheberrecht\">urherrechtlich gesch\u00fctzt<\/a>, \u00a9 Sabine Seyffert<\/p>\n","protected":false},"excerpt":{"rendered":"<p>Die Wochen vor den Ferien waren bei uns mit vielen Terminen beladen und leider auch mit einer riesengro\u00dfen Portion Stress. Am Freitag war f\u00fcr die &#8220;Gro\u00dfen&#8221; der letzten Schultag und unsere &#8220;Kleinste&#8221; ihr allerletzter Kindergartentag. Da sie drei Jahr lang ausgesprochen gerne zum Kindergarten gegangen ist, war es ein trauriger Abschied. Aber sehen wir es&#8230; <a href=\"https:\/\/www.sabine-seyffert.de\/blog\/hurra-es-sind-ferien\/\" class=\"more-link\">Read more: Hurra, es sind Ferien!<\/a><\/p>\n","protected":false},"author":2,"featured_media":0,"comment_status":"open","ping_status":"open","sticky":false,"template":"","format":"standard","meta":{"_metis_text_type":"","_metis_text_length":2552,"_post_count":0,"footnotes":""},"categories":[38],"tags":[],"class_list":["post-2197","post","type-post","status-publish","format-standard","hentry","category-ferien"],"_links":{"self":[{"href":"https:\/\/www.sabine-seyffert.de\/blog\/wp-json\/wp\/v2\/posts\/2197","targetHints":{"allow":["GET"]}}],"collection":[{"href":"https:\/\/www.sabine-seyffert.de\/blog\/wp-json\/wp\/v2\/posts"}],"about":[{"href":"https:\/\/www.sabine-seyffert.de\/blog\/wp-json\/wp\/v2\/types\/post"}],"author":[{"embeddable":true,"href":"https:\/\/www.sabine-seyffert.de\/blog\/wp-json\/wp\/v2\/users\/2"}],"replies":[{"embeddable":true,"href":"https:\/\/www.sabine-seyffert.de\/blog\/wp-json\/wp\/v2\/comments?post=2197"}],"version-history":[{"count":8,"href":"https:\/\/www.sabine-seyffert.de\/blog\/wp-json\/wp\/v2\/posts\/2197\/revisions"}],"predecessor-version":[{"id":9832,"href":"https:\/\/www.sabine-seyffert.de\/blog\/wp-json\/wp\/v2\/posts\/2197\/revisions\/9832"}],"wp:attachment":[{"href":"https:\/\/www.sabine-seyffert.de\/blog\/wp-json\/wp\/v2\/media?parent=2197"}],"wp:term":[{"taxonomy":"category","embeddable":true,"href":"https:\/\/www.sabine-seyffert.de\/blog\/wp-json\/wp\/v2\/categories?post=2197"},{"taxonomy":"post_tag","embeddable":true,"href":"https:\/\/www.sabine-seyffert.de\/blog\/wp-json\/wp\/v2\/tags?post=2197"}],"curies":[{"name":"wp","href":"https:\/\/api.w.org\/{rel}","templated":true}]}}