{"id":21903,"date":"2022-01-15T06:00:43","date_gmt":"2022-01-15T04:00:43","guid":{"rendered":"https:\/\/www.sabine-seyffert.de\/blog\/?p=21903"},"modified":"2022-12-06T10:40:13","modified_gmt":"2022-12-06T08:40:13","slug":"backen-fuer-kinder-suesser-schneemann-aus-hefeteig-backidee-fuer-die-winterzeit","status":"publish","type":"post","link":"https:\/\/www.sabine-seyffert.de\/blog\/backen-fuer-kinder-suesser-schneemann-aus-hefeteig-backidee-fuer-die-winterzeit\/","title":{"rendered":"Backen f\u00fcr Kinder: S\u00fc\u00dfer Schneemann aus Hefeteig \u2013 Backidee f\u00fcr die Winterzeit"},"content":{"rendered":"<p style=\"text-align: justify;\"><img loading=\"lazy\" decoding=\"async\" src=\"https:\/\/vg01.met.vgwort.de\/na\/e9bcffe556ef44d78a55a54ff81f0f57\" alt=\"\" width=\"1\" height=\"1\" \/>Ich backe f\u00fcr mein Leben gerne. Daher tummeln sich auf dem Blog auch schon zahlreiche, leckere Rezeptideen zum Selbermachen. Passend zu der <a href=\"https:\/\/www.instagram.com\/diy_sabine_seyffert\/\" target=\"_blank\" rel=\"noopener noreferrer\">#DIYchallengederwoche<\/a> habe ich mir eine besondere Leckerei ausgedacht, die einfach perfekt in den Winter und vor allem zum Thema <a href=\"https:\/\/www.sabine-seyffert.de\/blog\/?s=schneemann\" target=\"_blank\" rel=\"noopener noreferrer\">Schneemann<\/a> passt. Hierbei k\u00f6nnen auch Schneem\u00e4nner gebaut werden, allerdings aus frischem Hefeteig. Damit sorgt ihr dann beim Backen gleich f\u00fcr ein leckeres Fr\u00fchst\u00fcck oder einen winterlichen Pausen Snack am Nachmittag. Prima Idee, oder?<\/p>\n<p style=\"text-align: center;\"><a href=\"https:\/\/www.sabine-seyffert.de\/blog\/wp-content\/uploads\/2022\/01\/Schneemann-Hefe-Sabine-Seyffert.de-4.jpg\"><img loading=\"lazy\" decoding=\"async\" class=\"alignnone size-full wp-image-21904\" src=\"https:\/\/www.sabine-seyffert.de\/blog\/wp-content\/uploads\/2022\/01\/Schneemann-Hefe-Sabine-Seyffert.de-4.jpg\" alt=\"\" width=\"800\" height=\"600\" srcset=\"https:\/\/www.sabine-seyffert.de\/blog\/wp-content\/uploads\/2022\/01\/Schneemann-Hefe-Sabine-Seyffert.de-4.jpg 800w, https:\/\/www.sabine-seyffert.de\/blog\/wp-content\/uploads\/2022\/01\/Schneemann-Hefe-Sabine-Seyffert.de-4-300x225.jpg 300w, https:\/\/www.sabine-seyffert.de\/blog\/wp-content\/uploads\/2022\/01\/Schneemann-Hefe-Sabine-Seyffert.de-4-768x576.jpg 768w\" sizes=\"auto, (max-width: 800px) 100vw, 800px\" \/><\/a><\/p>\n<p style=\"text-align: justify;\"><strong>Das wird gebraucht:<\/strong><br \/>\n500 g Mehl, 4-5 Essl\u00f6ffel Zucker, 1 Essl\u00f6ffel Margarine, 1 P\u00e4ckchen Backpulver, 1 P\u00e4ckchen Trockenhefe, 125 g Joghurt (ich habe pflanzlichen Sojajoghurt verwendet), 1 P\u00e4ckchen Vanillezucker oder eine Vanilleschote, 200 ml Milch (in unserem Fall pflanzliche Hafermilch), 1 TL Ei Ersatzpulver oder ein Ei, Sojasahne oder 1 Eigelb zum Bestreichen, etwas Mehl zum Ausrollen sowie ein paar ganze Mandeln, Schoko Tr\u00f6pfchen, Puderzucker oder andere Backzutaten zum Verzieren<\/p>\n<p style=\"text-align: center;\"><a href=\"https:\/\/www.sabine-seyffert.de\/blog\/wp-content\/uploads\/2022\/01\/Schneemann-Hefe-Sabine-Seyffert.de-1.jpg\"><img loading=\"lazy\" decoding=\"async\" class=\"alignnone size-full wp-image-21905\" src=\"https:\/\/www.sabine-seyffert.de\/blog\/wp-content\/uploads\/2022\/01\/Schneemann-Hefe-Sabine-Seyffert.de-1.jpg\" alt=\"\" width=\"800\" height=\"600\" srcset=\"https:\/\/www.sabine-seyffert.de\/blog\/wp-content\/uploads\/2022\/01\/Schneemann-Hefe-Sabine-Seyffert.de-1.jpg 800w, https:\/\/www.sabine-seyffert.de\/blog\/wp-content\/uploads\/2022\/01\/Schneemann-Hefe-Sabine-Seyffert.de-1-300x225.jpg 300w, https:\/\/www.sabine-seyffert.de\/blog\/wp-content\/uploads\/2022\/01\/Schneemann-Hefe-Sabine-Seyffert.de-1-768x576.jpg 768w\" sizes=\"auto, (max-width: 800px) 100vw, 800px\" \/><\/a><\/p>\n<p style=\"text-align: justify;\"><strong>So wird\u2019s gemacht:<\/strong><br \/>\nBei dem Hefeteig habe ich mich an dem Rezept mit den <a href=\"https:\/\/www.sabine-seyffert.de\/blog\/?p=17498\" target=\"_blank\" rel=\"noopener noreferrer\">selbst gebackenen F\u00fcchsen<\/a> orientiert. Der funktioniert prima und ist fast immer das Grundrezept f\u00fcr alles, was wir hier Zuhause so aus Hefeteig zaubern. Wie beispielsweise auch die <a href=\"https:\/\/www.sabine-seyffert.de\/blog\/?p=8225\" target=\"_blank\" rel=\"noopener noreferrer\">selbst gemachten H\u00f6rnchen<\/a>, <a href=\"https:\/\/www.sabine-seyffert.de\/blog\/?p=10658\" target=\"_blank\" rel=\"noopener noreferrer\">Marzipan Schnecken<\/a>, <a href=\"https:\/\/www.sabine-seyffert.de\/blog\/?p=13307\" target=\"_blank\" rel=\"noopener noreferrer\">Hefeknoten mit Schokolade<\/a>, die <a href=\"https:\/\/www.sabine-seyffert.de\/blog\/?p=18133\" target=\"_blank\" rel=\"noopener noreferrer\">Zimtknoten<\/a>, unsere <a href=\"https:\/\/www.sabine-seyffert.de\/blog\/?p=11346\" target=\"_blank\" rel=\"noopener noreferrer\">Nussh\u00f6rnchen<\/a> oder <a href=\"https:\/\/www.sabine-seyffert.de\/blog\/?p=8788\" target=\"_blank\" rel=\"noopener noreferrer\">dieser Fr\u00fchst\u00fccksstuten<\/a>.<\/p>\n<p style=\"text-align: center;\"><a href=\"https:\/\/www.sabine-seyffert.de\/blog\/wp-content\/uploads\/2022\/01\/Schneemann-Hefe-Sabine-Seyffert.de-2.jpg\"><img loading=\"lazy\" decoding=\"async\" class=\"alignnone size-full wp-image-21906\" src=\"https:\/\/www.sabine-seyffert.de\/blog\/wp-content\/uploads\/2022\/01\/Schneemann-Hefe-Sabine-Seyffert.de-2.jpg\" alt=\"\" width=\"800\" height=\"600\" srcset=\"https:\/\/www.sabine-seyffert.de\/blog\/wp-content\/uploads\/2022\/01\/Schneemann-Hefe-Sabine-Seyffert.de-2.jpg 800w, https:\/\/www.sabine-seyffert.de\/blog\/wp-content\/uploads\/2022\/01\/Schneemann-Hefe-Sabine-Seyffert.de-2-300x225.jpg 300w, https:\/\/www.sabine-seyffert.de\/blog\/wp-content\/uploads\/2022\/01\/Schneemann-Hefe-Sabine-Seyffert.de-2-768x576.jpg 768w\" sizes=\"auto, (max-width: 800px) 100vw, 800px\" \/><\/a><\/p>\n<p style=\"text-align: justify;\">Wenn ihr den Hefeteig fertig habt und die Ruhezeit vorbei ist, rollt man diesen auf etwas Mehl aus und sticht mit einem umgedrehten, gro\u00dfen Glas runde Kreise f\u00fcr die Schneem\u00e4nner aus. Diese platziert man auf einem gefetteten Backblech, bestreicht diese d\u00fcnn mit etwas Sahne und kann im Anschluss das Schneemann Gesicht gestalten. Wir haben ganze Mandeln und kleine Schokotropfen verwendet. Alternativ eignen sich aber auch Schokolinsen &amp; Zuckeraugen (die erst NACH dem Backen mit etwas Zuckerguss befestigen), Haseln\u00fcsse oder andere Zuckerstreusel, aus der Backabteilung. Anschlie\u00dfend b\u00e4ckt man die Schneem\u00e4nner ca. 15 Minuten bei 170\u00b0 Grad. Die genaue Backzeit h\u00e4ngt immer davon ab, wie gro\u00df &amp; dick der Teig ist. Sobald die R\u00e4nder leicht gebr\u00e4unt sind, k\u00f6nnt ihr die Schneem\u00e4nner aus dem Backofen nehmen. Dann ausk\u00fchlen lassen und mit etwas Puderzucker bestreuen, damit sie winterlich wei\u00df aussehen.<\/p>\n<p style=\"text-align: center;\"><a href=\"https:\/\/www.sabine-seyffert.de\/blog\/wp-content\/uploads\/2022\/01\/Schneemann-Hefe-Sabine-Seyffert.de-3.jpg\"><img loading=\"lazy\" decoding=\"async\" class=\"alignnone size-full wp-image-21907\" src=\"https:\/\/www.sabine-seyffert.de\/blog\/wp-content\/uploads\/2022\/01\/Schneemann-Hefe-Sabine-Seyffert.de-3.jpg\" alt=\"\" width=\"800\" height=\"600\" srcset=\"https:\/\/www.sabine-seyffert.de\/blog\/wp-content\/uploads\/2022\/01\/Schneemann-Hefe-Sabine-Seyffert.de-3.jpg 800w, https:\/\/www.sabine-seyffert.de\/blog\/wp-content\/uploads\/2022\/01\/Schneemann-Hefe-Sabine-Seyffert.de-3-300x225.jpg 300w, https:\/\/www.sabine-seyffert.de\/blog\/wp-content\/uploads\/2022\/01\/Schneemann-Hefe-Sabine-Seyffert.de-3-768x576.jpg 768w\" sizes=\"auto, (max-width: 800px) 100vw, 800px\" \/><\/a><\/p>\n<p>Erinnert ihr euch noch an die <a href=\"https:\/\/www.sabine-seyffert.de\/blog\/?p=18319\" target=\"_blank\" rel=\"noopener noreferrer\">selbst gebackenen Eisb\u00e4ren<\/a> aus dem letzten Jahr? Die sind ein winterliches Pendant.<\/p>\n<p style=\"text-align: center;\"><a href=\"https:\/\/www.sabine-seyffert.de\/blog\/wp-content\/uploads\/2022\/01\/Schneemann-Hefe-Sabine-Seyffert.de-6.jpg\"><img loading=\"lazy\" decoding=\"async\" class=\"alignnone size-full wp-image-21908\" src=\"https:\/\/www.sabine-seyffert.de\/blog\/wp-content\/uploads\/2022\/01\/Schneemann-Hefe-Sabine-Seyffert.de-6.jpg\" alt=\"\" width=\"600\" height=\"800\" srcset=\"https:\/\/www.sabine-seyffert.de\/blog\/wp-content\/uploads\/2022\/01\/Schneemann-Hefe-Sabine-Seyffert.de-6.jpg 600w, https:\/\/www.sabine-seyffert.de\/blog\/wp-content\/uploads\/2022\/01\/Schneemann-Hefe-Sabine-Seyffert.de-6-225x300.jpg 225w\" sizes=\"auto, (max-width: 600px) 100vw, 600px\" \/><\/a><\/p>\n<p style=\"text-align: justify;\"><strong>Ein kleiner Tipp:<\/strong><br \/>\nDie selbst gebackenen Schneem\u00e4nner sorgen f\u00fcr gute Laune und eignen sich prima als Geschenk aus der K\u00fcche.<\/p>\n<p style=\"text-align: center;\"><a href=\"https:\/\/www.sabine-seyffert.de\/blog\/wp-content\/uploads\/2022\/01\/Schneemann-Hefe-Sabine-Seyffert.de-5.jpg\"><img loading=\"lazy\" decoding=\"async\" class=\"alignnone size-full wp-image-21909\" src=\"https:\/\/www.sabine-seyffert.de\/blog\/wp-content\/uploads\/2022\/01\/Schneemann-Hefe-Sabine-Seyffert.de-5.jpg\" alt=\"\" width=\"600\" height=\"800\" srcset=\"https:\/\/www.sabine-seyffert.de\/blog\/wp-content\/uploads\/2022\/01\/Schneemann-Hefe-Sabine-Seyffert.de-5.jpg 600w, https:\/\/www.sabine-seyffert.de\/blog\/wp-content\/uploads\/2022\/01\/Schneemann-Hefe-Sabine-Seyffert.de-5-225x300.jpg 225w\" sizes=\"auto, (max-width: 600px) 100vw, 600px\" \/><\/a><\/p>\n<p style=\"text-align: justify;\">Weitere s\u00fc\u00dfe Rezepte findet ihr \u00fcbrigens in <a href=\"https:\/\/www.sabine-seyffert.de\/blog\/?cat=31\" target=\"_blank\" rel=\"noopener noreferrer\">dieser Blog Kategorie<\/a>, Geschenke aus der K\u00fcche gibt es in <a href=\"https:\/\/www.sabine-seyffert.de\/blog\/?cat=43\" target=\"_blank\" rel=\"noopener noreferrer\">dieser Rubrik<\/a>, alles rund um die Winterzeit sind in <a href=\"https:\/\/www.sabine-seyffert.de\/blog\/?cat=22\" target=\"_blank\" rel=\"noopener noreferrer\">diesem Blog Ordner<\/a> oder <a href=\"https:\/\/www.pinterest.de\/diysabineseyffert\/\" target=\"_blank\" rel=\"noopener noreferrer\">meiner Pinnwand<\/a> und andere kreative Sachen da.<\/p>\n<p style=\"text-align: justify;\"><a href=\"https:\/\/www.sabine-seyffert.de\/blog\/?page_id=32#urheberrecht\">urheberrechtlich gesch\u00fctzt<\/a>, \u00a9 Sabine Seyffert<\/p>\n","protected":false},"excerpt":{"rendered":"<p>Ich backe f\u00fcr mein Leben gerne. Daher tummeln sich auf dem Blog auch schon zahlreiche, leckere Rezeptideen zum Selbermachen. Passend zu der #DIYchallengederwoche habe ich mir eine besondere Leckerei ausgedacht, die einfach perfekt in den Winter und vor allem zum Thema Schneemann passt. Hierbei k\u00f6nnen auch Schneem\u00e4nner gebaut werden, allerdings aus frischem Hefeteig. Damit sorgt&#8230; <a href=\"https:\/\/www.sabine-seyffert.de\/blog\/backen-fuer-kinder-suesser-schneemann-aus-hefeteig-backidee-fuer-die-winterzeit\/\" class=\"more-link\">Read more: Backen f\u00fcr Kinder: S\u00fc\u00dfer Schneemann aus Hefeteig \u2013 Backidee f\u00fcr die Winterzeit<\/a><\/p>\n","protected":false},"author":2,"featured_media":0,"comment_status":"open","ping_status":"open","sticky":false,"template":"","format":"standard","meta":{"_metis_text_type":"","_metis_text_length":2805,"_post_count":0,"footnotes":""},"categories":[41,43,31,22],"tags":[],"class_list":["post-21903","post","type-post","status-publish","format-standard","hentry","category-weihnachten","category-geschenke-aus-der-kueche","category-rezepte-suse-kuchen-co","category-winter"],"_links":{"self":[{"href":"https:\/\/www.sabine-seyffert.de\/blog\/wp-json\/wp\/v2\/posts\/21903","targetHints":{"allow":["GET"]}}],"collection":[{"href":"https:\/\/www.sabine-seyffert.de\/blog\/wp-json\/wp\/v2\/posts"}],"about":[{"href":"https:\/\/www.sabine-seyffert.de\/blog\/wp-json\/wp\/v2\/types\/post"}],"author":[{"embeddable":true,"href":"https:\/\/www.sabine-seyffert.de\/blog\/wp-json\/wp\/v2\/users\/2"}],"replies":[{"embeddable":true,"href":"https:\/\/www.sabine-seyffert.de\/blog\/wp-json\/wp\/v2\/comments?post=21903"}],"version-history":[{"count":2,"href":"https:\/\/www.sabine-seyffert.de\/blog\/wp-json\/wp\/v2\/posts\/21903\/revisions"}],"predecessor-version":[{"id":24638,"href":"https:\/\/www.sabine-seyffert.de\/blog\/wp-json\/wp\/v2\/posts\/21903\/revisions\/24638"}],"wp:attachment":[{"href":"https:\/\/www.sabine-seyffert.de\/blog\/wp-json\/wp\/v2\/media?parent=21903"}],"wp:term":[{"taxonomy":"category","embeddable":true,"href":"https:\/\/www.sabine-seyffert.de\/blog\/wp-json\/wp\/v2\/categories?post=21903"},{"taxonomy":"post_tag","embeddable":true,"href":"https:\/\/www.sabine-seyffert.de\/blog\/wp-json\/wp\/v2\/tags?post=21903"}],"curies":[{"name":"wp","href":"https:\/\/api.w.org\/{rel}","templated":true}]}}