{"id":21859,"date":"2022-01-10T21:06:37","date_gmt":"2022-01-10T19:06:37","guid":{"rendered":"https:\/\/www.sabine-seyffert.de\/blog\/?p=21859"},"modified":"2022-01-10T21:06:37","modified_gmt":"2022-01-10T19:06:37","slug":"diy-idee-selbst-gemachter-winter-kranz-geschenkverpackung-mit-bastelanleitung","status":"publish","type":"post","link":"https:\/\/www.sabine-seyffert.de\/blog\/diy-idee-selbst-gemachter-winter-kranz-geschenkverpackung-mit-bastelanleitung\/","title":{"rendered":"DIY Idee: Selbst gemachter Winter Kranz \u2013 Geschenkverpackung mit Bastelanleitung"},"content":{"rendered":"<p style=\"text-align: justify;\"><img loading=\"lazy\" decoding=\"async\" src=\"https:\/\/vg01.met.vgwort.de\/na\/67bcde2820c44d75ab48a221e94218ab\" alt=\"\" width=\"1\" height=\"1\" \/>Auch zum Jahresbeginn werden bei uns flei\u00dfig Geschenke verpackt. Denn im n\u00e4heren Freundes- und Verwandtenkreis gibt es allerhand Geburtstage. Einige der Geburtstagsgeschenke habe ich sch\u00f6n winterlich gestaltet und zwar mit gebastelten Winterkr\u00e4nzen. Das pfiffige an dieser Verpackungsidee \u2013 die Dekokr\u00e4nze lassen sich nach dem Verpacken ganz wunderbar als Deko f\u00fcr Fenster, T\u00fcr oder Wand nutzen. Damit darf etwas Winter ins Haus ziehen \ud83d\ude09<\/p>\n<p style=\"text-align: center;\"><a href=\"https:\/\/www.sabine-seyffert.de\/blog\/wp-content\/uploads\/2022\/01\/Kranz-Mini-Deko-wei\u00df-Sabine-Seyffert.de-1.jpg\"><img loading=\"lazy\" decoding=\"async\" class=\"alignnone size-full wp-image-21860\" src=\"https:\/\/www.sabine-seyffert.de\/blog\/wp-content\/uploads\/2022\/01\/Kranz-Mini-Deko-wei\u00df-Sabine-Seyffert.de-1.jpg\" alt=\"\" width=\"800\" height=\"600\" srcset=\"https:\/\/www.sabine-seyffert.de\/blog\/wp-content\/uploads\/2022\/01\/Kranz-Mini-Deko-wei\u00df-Sabine-Seyffert.de-1.jpg 800w, https:\/\/www.sabine-seyffert.de\/blog\/wp-content\/uploads\/2022\/01\/Kranz-Mini-Deko-wei\u00df-Sabine-Seyffert.de-1-300x225.jpg 300w, https:\/\/www.sabine-seyffert.de\/blog\/wp-content\/uploads\/2022\/01\/Kranz-Mini-Deko-wei\u00df-Sabine-Seyffert.de-1-768x576.jpg 768w\" sizes=\"auto, (max-width: 800px) 100vw, 800px\" \/><\/a><\/p>\n<p style=\"text-align: justify;\"><strong>Das wird gebraucht:<\/strong><br \/>\nWei\u00dfer Papierdraht, wei\u00dfer Basteldraht, Bastelfilz in Wei\u00df, kleine Glas-Perlen, Packpapier, einen wei\u00dfen Lackstift \/ Gelstift, wei\u00dfes Geschenkband sowie eine Bastelschere<\/p>\n<p style=\"text-align: center;\"><a href=\"https:\/\/www.sabine-seyffert.de\/blog\/wp-content\/uploads\/2022\/01\/Kranz-Mini-Deko-wei\u00df-Sabine-Seyffert.de_.jpg\"><img loading=\"lazy\" decoding=\"async\" class=\"alignnone size-full wp-image-21861\" src=\"https:\/\/www.sabine-seyffert.de\/blog\/wp-content\/uploads\/2022\/01\/Kranz-Mini-Deko-wei\u00df-Sabine-Seyffert.de_.jpg\" alt=\"\" width=\"800\" height=\"600\" srcset=\"https:\/\/www.sabine-seyffert.de\/blog\/wp-content\/uploads\/2022\/01\/Kranz-Mini-Deko-wei\u00df-Sabine-Seyffert.de_.jpg 800w, https:\/\/www.sabine-seyffert.de\/blog\/wp-content\/uploads\/2022\/01\/Kranz-Mini-Deko-wei\u00df-Sabine-Seyffert.de_-300x225.jpg 300w, https:\/\/www.sabine-seyffert.de\/blog\/wp-content\/uploads\/2022\/01\/Kranz-Mini-Deko-wei\u00df-Sabine-Seyffert.de_-768x576.jpg 768w\" sizes=\"auto, (max-width: 800px) 100vw, 800px\" \/><\/a><\/p>\n<p style=\"text-align: justify;\"><strong>So wird\u2019s gemacht:<\/strong><br \/>\nDie Geschenke habe ich in Packpapier gewickelt. Wie man an dieser Verpackungsidee gut erkennt, das Packpapier l\u00e4sst sich einfach so gut mit allen Farben und Bastelmaterialien kombinieren.<\/p>\n<p style=\"text-align: center;\"><a href=\"https:\/\/www.sabine-seyffert.de\/blog\/wp-content\/uploads\/2022\/01\/Kranz-Mini-Deko-wei\u00df-Sabine-Seyffert.de-8.jpg\"><img loading=\"lazy\" decoding=\"async\" class=\"alignnone size-full wp-image-21865\" src=\"https:\/\/www.sabine-seyffert.de\/blog\/wp-content\/uploads\/2022\/01\/Kranz-Mini-Deko-wei\u00df-Sabine-Seyffert.de-8.jpg\" alt=\"\" width=\"800\" height=\"600\" srcset=\"https:\/\/www.sabine-seyffert.de\/blog\/wp-content\/uploads\/2022\/01\/Kranz-Mini-Deko-wei\u00df-Sabine-Seyffert.de-8.jpg 800w, https:\/\/www.sabine-seyffert.de\/blog\/wp-content\/uploads\/2022\/01\/Kranz-Mini-Deko-wei\u00df-Sabine-Seyffert.de-8-300x225.jpg 300w, https:\/\/www.sabine-seyffert.de\/blog\/wp-content\/uploads\/2022\/01\/Kranz-Mini-Deko-wei\u00df-Sabine-Seyffert.de-8-768x576.jpg 768w\" sizes=\"auto, (max-width: 800px) 100vw, 800px\" \/><\/a><\/p>\n<p style=\"text-align: justify;\">Anschlie\u00dfend schneidet man vom dem Papierdraht ein langes St\u00fcck ab und biegt diesen zu einem Kreis in der gew\u00fcnschten und ben\u00f6tigten Gr\u00f6\u00dfe. Sollte dieser nicht ganz rund sein, kein Problem, nach dem Verzieren kann man diesen problemlos noch verbiegen und in Form ziehen!<\/p>\n<p style=\"text-align: center;\"><a href=\"https:\/\/www.sabine-seyffert.de\/blog\/wp-content\/uploads\/2022\/01\/Kranz-Mini-Deko-wei\u00df-Sabine-Seyffert.de-7.jpg\"><img loading=\"lazy\" decoding=\"async\" class=\"alignnone size-full wp-image-21866\" src=\"https:\/\/www.sabine-seyffert.de\/blog\/wp-content\/uploads\/2022\/01\/Kranz-Mini-Deko-wei\u00df-Sabine-Seyffert.de-7.jpg\" alt=\"\" width=\"800\" height=\"600\" srcset=\"https:\/\/www.sabine-seyffert.de\/blog\/wp-content\/uploads\/2022\/01\/Kranz-Mini-Deko-wei\u00df-Sabine-Seyffert.de-7.jpg 800w, https:\/\/www.sabine-seyffert.de\/blog\/wp-content\/uploads\/2022\/01\/Kranz-Mini-Deko-wei\u00df-Sabine-Seyffert.de-7-300x225.jpg 300w, https:\/\/www.sabine-seyffert.de\/blog\/wp-content\/uploads\/2022\/01\/Kranz-Mini-Deko-wei\u00df-Sabine-Seyffert.de-7-768x576.jpg 768w\" sizes=\"auto, (max-width: 800px) 100vw, 800px\" \/><\/a><\/p>\n<p style=\"text-align: justify;\">Aus dem wei\u00dfen Filz schneidet man sich allerhand Bl\u00e4tter per Hand aus. Durch die unteren Bl\u00e4tterenden piekst man den Metalldraht und f\u00e4delt auf diese Weise alle Bl\u00e4tter der Reihe nach auf. Danach wickelt man den Draht um den Papierdrahtkranz und achtet darauf, dass die Filzbl\u00e4tter gleichm\u00e4\u00dfig verteilt sind.<\/p>\n<p style=\"text-align: center;\"><a href=\"https:\/\/www.sabine-seyffert.de\/blog\/wp-content\/uploads\/2022\/01\/Kranz-Mini-Deko-wei\u00df-Sabine-Seyffert.de-6.jpg\"><img loading=\"lazy\" decoding=\"async\" class=\"alignnone size-full wp-image-21867\" src=\"https:\/\/www.sabine-seyffert.de\/blog\/wp-content\/uploads\/2022\/01\/Kranz-Mini-Deko-wei\u00df-Sabine-Seyffert.de-6.jpg\" alt=\"\" width=\"800\" height=\"600\" srcset=\"https:\/\/www.sabine-seyffert.de\/blog\/wp-content\/uploads\/2022\/01\/Kranz-Mini-Deko-wei\u00df-Sabine-Seyffert.de-6.jpg 800w, https:\/\/www.sabine-seyffert.de\/blog\/wp-content\/uploads\/2022\/01\/Kranz-Mini-Deko-wei\u00df-Sabine-Seyffert.de-6-300x225.jpg 300w, https:\/\/www.sabine-seyffert.de\/blog\/wp-content\/uploads\/2022\/01\/Kranz-Mini-Deko-wei\u00df-Sabine-Seyffert.de-6-768x576.jpg 768w\" sizes=\"auto, (max-width: 800px) 100vw, 800px\" \/><\/a><\/p>\n<p style=\"text-align: justify;\">Vom dem Metalldraht schneidet man nun noch kleinere St\u00fccke mit einer scharfen Schere (oder Zange) ab, f\u00e4delt eine oder mehrere Glasperlen darauf und schlingt diese um den Kranz.<\/p>\n<p style=\"text-align: center;\"><a href=\"https:\/\/www.sabine-seyffert.de\/blog\/wp-content\/uploads\/2022\/01\/Kranz-Mini-Deko-wei\u00df-Sabine-Seyffert.de-4.jpg\"><img loading=\"lazy\" decoding=\"async\" class=\"alignnone size-full wp-image-21868\" src=\"https:\/\/www.sabine-seyffert.de\/blog\/wp-content\/uploads\/2022\/01\/Kranz-Mini-Deko-wei\u00df-Sabine-Seyffert.de-4.jpg\" alt=\"\" width=\"800\" height=\"600\" srcset=\"https:\/\/www.sabine-seyffert.de\/blog\/wp-content\/uploads\/2022\/01\/Kranz-Mini-Deko-wei\u00df-Sabine-Seyffert.de-4.jpg 800w, https:\/\/www.sabine-seyffert.de\/blog\/wp-content\/uploads\/2022\/01\/Kranz-Mini-Deko-wei\u00df-Sabine-Seyffert.de-4-300x225.jpg 300w, https:\/\/www.sabine-seyffert.de\/blog\/wp-content\/uploads\/2022\/01\/Kranz-Mini-Deko-wei\u00df-Sabine-Seyffert.de-4-768x576.jpg 768w\" sizes=\"auto, (max-width: 800px) 100vw, 800px\" \/><\/a><\/p>\n<p style=\"text-align: justify;\">M\u00f6glichst so, dass zwischen allen Stoffbl\u00e4ttern die kleinen runden Perlen zu finden sind. Von dem Geschenkband schneidet man ein l\u00e4ngeres St\u00fcck ab und bindet den fertigen Kranz nun mittig um das Geschenk.<\/p>\n<p style=\"text-align: center;\"><a href=\"https:\/\/www.sabine-seyffert.de\/blog\/wp-content\/uploads\/2022\/01\/Kranz-Mini-Deko-wei\u00df-Sabine-Seyffert.de-3.jpg\"><img loading=\"lazy\" decoding=\"async\" class=\"alignnone size-full wp-image-21864\" src=\"https:\/\/www.sabine-seyffert.de\/blog\/wp-content\/uploads\/2022\/01\/Kranz-Mini-Deko-wei\u00df-Sabine-Seyffert.de-3.jpg\" alt=\"\" width=\"800\" height=\"600\" srcset=\"https:\/\/www.sabine-seyffert.de\/blog\/wp-content\/uploads\/2022\/01\/Kranz-Mini-Deko-wei\u00df-Sabine-Seyffert.de-3.jpg 800w, https:\/\/www.sabine-seyffert.de\/blog\/wp-content\/uploads\/2022\/01\/Kranz-Mini-Deko-wei\u00df-Sabine-Seyffert.de-3-300x225.jpg 300w, https:\/\/www.sabine-seyffert.de\/blog\/wp-content\/uploads\/2022\/01\/Kranz-Mini-Deko-wei\u00df-Sabine-Seyffert.de-3-768x576.jpg 768w\" sizes=\"auto, (max-width: 800px) 100vw, 800px\" \/><\/a><\/p>\n<p style=\"text-align: justify;\"><strong>Ein kleiner Tipp:<\/strong><br \/>\nAus einem d\u00fcnnen St\u00fcck Pappe und Papierresten kann man noch kleine Wimpel gestalten und mit dem Namen des Geburtstagskindes versehen. Einfach an den Rand des Geschenks kleben und schon wei\u00df jeder, f\u00fcr wen das Geschenk bestimmt ist!<\/p>\n<p style=\"text-align: center;\"><a href=\"https:\/\/www.sabine-seyffert.de\/blog\/wp-content\/uploads\/2022\/01\/Kranz-Mini-Deko-wei\u00df-Sabine-Seyffert.de-2.jpg\"><img loading=\"lazy\" decoding=\"async\" class=\"alignnone size-full wp-image-21863\" src=\"https:\/\/www.sabine-seyffert.de\/blog\/wp-content\/uploads\/2022\/01\/Kranz-Mini-Deko-wei\u00df-Sabine-Seyffert.de-2.jpg\" alt=\"\" width=\"800\" height=\"600\" srcset=\"https:\/\/www.sabine-seyffert.de\/blog\/wp-content\/uploads\/2022\/01\/Kranz-Mini-Deko-wei\u00df-Sabine-Seyffert.de-2.jpg 800w, https:\/\/www.sabine-seyffert.de\/blog\/wp-content\/uploads\/2022\/01\/Kranz-Mini-Deko-wei\u00df-Sabine-Seyffert.de-2-300x225.jpg 300w, https:\/\/www.sabine-seyffert.de\/blog\/wp-content\/uploads\/2022\/01\/Kranz-Mini-Deko-wei\u00df-Sabine-Seyffert.de-2-768x576.jpg 768w\" sizes=\"auto, (max-width: 800px) 100vw, 800px\" \/><\/a><\/p>\n<p style=\"text-align: justify;\">Weitere DIY Ideen rund um selbst gemachte Deko findet ihr \u00fcbrigens in <a href=\"https:\/\/www.sabine-seyffert.de\/blog\/?cat=12\" target=\"_blank\" rel=\"noopener noreferrer\">dieser Blog Kategorie<\/a>, ausgefallene sch\u00f6ne Geschenkverpackungen zu unterschiedlichen Anl\u00e4ssen gibt es in <a href=\"https:\/\/www.sabine-seyffert.de\/blog\/?cat=49\" target=\"_blank\" rel=\"noopener noreferrer\">dieser Rubrik<\/a> und Geschenkideen zum Basteln und f\u00fcr Selbermacher sind in <a href=\"https:\/\/www.sabine-seyffert.de\/blog\/?cat=36\" target=\"_blank\" rel=\"noopener noreferrer\">diesem Blog Ordner<\/a> zu finden.<\/p>\n<p style=\"text-align: center;\"><a href=\"https:\/\/www.sabine-seyffert.de\/blog\/wp-content\/uploads\/2022\/01\/Kranz-wei\u00df-Winter-Sabine-Seyffert.de_.jpg\"><img loading=\"lazy\" decoding=\"async\" class=\"alignnone size-full wp-image-21862\" src=\"https:\/\/www.sabine-seyffert.de\/blog\/wp-content\/uploads\/2022\/01\/Kranz-wei\u00df-Winter-Sabine-Seyffert.de_.jpg\" alt=\"\" width=\"800\" height=\"600\" srcset=\"https:\/\/www.sabine-seyffert.de\/blog\/wp-content\/uploads\/2022\/01\/Kranz-wei\u00df-Winter-Sabine-Seyffert.de_.jpg 800w, https:\/\/www.sabine-seyffert.de\/blog\/wp-content\/uploads\/2022\/01\/Kranz-wei\u00df-Winter-Sabine-Seyffert.de_-300x225.jpg 300w, https:\/\/www.sabine-seyffert.de\/blog\/wp-content\/uploads\/2022\/01\/Kranz-wei\u00df-Winter-Sabine-Seyffert.de_-768x576.jpg 768w\" sizes=\"auto, (max-width: 800px) 100vw, 800px\" \/><\/a><\/p>\n<p style=\"text-align: justify;\"><a href=\"https:\/\/www.sabine-seyffert.de\/blog\/?page_id=32#urheberrecht\">urheberrechtlich gesch\u00fctzt<\/a>, \u00a9 Sabine Seyffert<\/p>\n","protected":false},"excerpt":{"rendered":"<p>Auch zum Jahresbeginn werden bei uns flei\u00dfig Geschenke verpackt. Denn im n\u00e4heren Freundes- und Verwandtenkreis gibt es allerhand Geburtstage. Einige der Geburtstagsgeschenke habe ich sch\u00f6n winterlich gestaltet und zwar mit gebastelten Winterkr\u00e4nzen. Das pfiffige an dieser Verpackungsidee \u2013 die Dekokr\u00e4nze lassen sich nach dem Verpacken ganz wunderbar als Deko f\u00fcr Fenster, T\u00fcr oder Wand nutzen&#8230;. <a href=\"https:\/\/www.sabine-seyffert.de\/blog\/diy-idee-selbst-gemachter-winter-kranz-geschenkverpackung-mit-bastelanleitung\/\" class=\"more-link\">Read more: DIY Idee: Selbst gemachter Winter Kranz \u2013 Geschenkverpackung mit Bastelanleitung<\/a><\/p>\n","protected":false},"author":2,"featured_media":0,"comment_status":"open","ping_status":"open","sticky":false,"template":"","format":"standard","meta":{"_metis_text_type":"","_metis_text_length":2372,"_post_count":0,"footnotes":""},"categories":[12,36,49,22],"tags":[],"class_list":["post-21859","post","type-post","status-publish","format-standard","hentry","category-deko-ideen","category-klitzekleine-geschenkideen","category-verpackungsideen","category-winter"],"_links":{"self":[{"href":"https:\/\/www.sabine-seyffert.de\/blog\/wp-json\/wp\/v2\/posts\/21859","targetHints":{"allow":["GET"]}}],"collection":[{"href":"https:\/\/www.sabine-seyffert.de\/blog\/wp-json\/wp\/v2\/posts"}],"about":[{"href":"https:\/\/www.sabine-seyffert.de\/blog\/wp-json\/wp\/v2\/types\/post"}],"author":[{"embeddable":true,"href":"https:\/\/www.sabine-seyffert.de\/blog\/wp-json\/wp\/v2\/users\/2"}],"replies":[{"embeddable":true,"href":"https:\/\/www.sabine-seyffert.de\/blog\/wp-json\/wp\/v2\/comments?post=21859"}],"version-history":[{"count":1,"href":"https:\/\/www.sabine-seyffert.de\/blog\/wp-json\/wp\/v2\/posts\/21859\/revisions"}],"predecessor-version":[{"id":21869,"href":"https:\/\/www.sabine-seyffert.de\/blog\/wp-json\/wp\/v2\/posts\/21859\/revisions\/21869"}],"wp:attachment":[{"href":"https:\/\/www.sabine-seyffert.de\/blog\/wp-json\/wp\/v2\/media?parent=21859"}],"wp:term":[{"taxonomy":"category","embeddable":true,"href":"https:\/\/www.sabine-seyffert.de\/blog\/wp-json\/wp\/v2\/categories?post=21859"},{"taxonomy":"post_tag","embeddable":true,"href":"https:\/\/www.sabine-seyffert.de\/blog\/wp-json\/wp\/v2\/tags?post=21859"}],"curies":[{"name":"wp","href":"https:\/\/api.w.org\/{rel}","templated":true}]}}