{"id":21841,"date":"2021-12-29T18:11:18","date_gmt":"2021-12-29T16:11:18","guid":{"rendered":"https:\/\/www.sabine-seyffert.de\/blog\/?p=21841"},"modified":"2024-12-02T12:09:25","modified_gmt":"2024-12-02T10:09:25","slug":"sauviel-glueck-im-glas-leckere-gluecksschweine-diy-geschenkidee","status":"publish","type":"post","link":"https:\/\/www.sabine-seyffert.de\/blog\/sauviel-glueck-im-glas-leckere-gluecksschweine-diy-geschenkidee\/","title":{"rendered":"Sauviel Gl\u00fcck im Glas: Leckere Gl\u00fccksschweine  &#8211; DIY  Geschenkidee"},"content":{"rendered":"<p style=\"text-align: justify;\"><img loading=\"lazy\" decoding=\"async\" src=\"https:\/\/vg01.met.vgwort.de\/na\/b4f952347589421ab14b7becfff616bd\" alt=\"\" width=\"1\" height=\"1\" \/>Nach langer, ungeplanter Zwangspause, melde ich mich mit einer kleinen Idee f\u00fcr Silvester und Neujahr zur\u00fcck und g\u00f6nne mir damit auch gleich selbst eine Prise \u201eGl\u00fcck\u201c f\u00fcrs neue Jahr.<br \/>\nEs gibt immer wieder Situationen, in denen kann man einfach eine gro\u00dfe Portion Gl\u00fcck ganz gut gebrauchen. Oder auch platt ausgedr\u00fcckt \u201esauviel\u201c Gl\u00fcck. Dazu gab es vor etlicher Zeit schon einmal eine passende <a href=\"https:\/\/www.sabine-seyffert.de\/blog\/?p=15658\" target=\"_blank\" rel=\"noopener noreferrer\">Verpackungsidee mit Gl\u00fccksschwein<\/a>. Dieses Mal jedoch gab es kleine Schweinchen zum Backen, Naschen und Aufheitern. Ob als kleiner Geburtstagsgru\u00df, Geschenk aus der K\u00fcche oder Gl\u00fccksbringer \u2013 diese Gl\u00fccksschweine sind einfach zuckers\u00fc\u00df und das im wahrsten Sinne des Wortes!<\/p>\n<p style=\"text-align: center;\"><a href=\"https:\/\/www.sabine-seyffert.de\/blog\/wp-content\/uploads\/2021\/12\/Gl\u00fccksschweine-Sabine-Seyffert.de-5.jpg\"><img loading=\"lazy\" decoding=\"async\" class=\"alignnone size-full wp-image-21842\" src=\"https:\/\/www.sabine-seyffert.de\/blog\/wp-content\/uploads\/2021\/12\/Gl\u00fccksschweine-Sabine-Seyffert.de-5.jpg\" alt=\"\" width=\"800\" height=\"600\" srcset=\"https:\/\/www.sabine-seyffert.de\/blog\/wp-content\/uploads\/2021\/12\/Gl\u00fccksschweine-Sabine-Seyffert.de-5.jpg 800w, https:\/\/www.sabine-seyffert.de\/blog\/wp-content\/uploads\/2021\/12\/Gl\u00fccksschweine-Sabine-Seyffert.de-5-300x225.jpg 300w, https:\/\/www.sabine-seyffert.de\/blog\/wp-content\/uploads\/2021\/12\/Gl\u00fccksschweine-Sabine-Seyffert.de-5-768x576.jpg 768w\" sizes=\"auto, (max-width: 800px) 100vw, 800px\" \/><\/a><\/p>\n<p style=\"text-align: justify;\"><strong>Das wird gebraucht:<\/strong><br \/>\n150 g Mehl Typ 405, 80 g feinen Zucker, 80 g Marzipan Rohmasse, 1 Ei, 80-100 g weiche Butter, 1 Packung Vanillezucker, 2 Tropfen Bittermandel Aroma, Backpapier oder Fett f\u00fcrs Blech, 1 Pl\u00e4tzchenausstecher \u201eSchwein\u201c, eine kleine Ecke Kuvert\u00fcre, einen Zahnstocher, etwas Pappe, Buchstabenstempel samt Stempelkissen, rosa bemaltes Zeitungspapier (nach <a href=\"https:\/\/www.sabine-seyffert.de\/blog\/?p=13917\" target=\"_blank\" rel=\"noopener noreferrer\">dieser Bastelanleitung<\/a>), eine Bastelschere, Kordel sowie ein kleines Einmachglas, Marmeladenglas mit Schraubverschluss oder kleine Cellophan T\u00fcten<\/p>\n<p style=\"text-align: center;\"><a href=\"https:\/\/www.sabine-seyffert.de\/blog\/wp-content\/uploads\/2021\/12\/Gl\u00fccksschweine-Sabine-Seyffert.de-3.jpg\"><img loading=\"lazy\" decoding=\"async\" class=\"alignnone size-full wp-image-21843\" src=\"https:\/\/www.sabine-seyffert.de\/blog\/wp-content\/uploads\/2021\/12\/Gl\u00fccksschweine-Sabine-Seyffert.de-3.jpg\" alt=\"\" width=\"800\" height=\"600\" srcset=\"https:\/\/www.sabine-seyffert.de\/blog\/wp-content\/uploads\/2021\/12\/Gl\u00fccksschweine-Sabine-Seyffert.de-3.jpg 800w, https:\/\/www.sabine-seyffert.de\/blog\/wp-content\/uploads\/2021\/12\/Gl\u00fccksschweine-Sabine-Seyffert.de-3-300x225.jpg 300w, https:\/\/www.sabine-seyffert.de\/blog\/wp-content\/uploads\/2021\/12\/Gl\u00fccksschweine-Sabine-Seyffert.de-3-768x576.jpg 768w\" sizes=\"auto, (max-width: 800px) 100vw, 800px\" \/><\/a><\/p>\n<p style=\"text-align: justify;\"><strong>So wird\u2019s gemacht:<\/strong><br \/>\nBereitet aus den oben genannten Zutaten einen Pl\u00e4tzchenteig vor. Knetet ihn so gut durch, dass sich die Marzipanrohmasse gleichm\u00e4\u00dfig mit den anderen Lebensmitteln vermischt.<\/p>\n<p style=\"text-align: center;\"><a href=\"https:\/\/www.sabine-seyffert.de\/blog\/wp-content\/uploads\/2021\/12\/Gl\u00fccksschweine-Sabine-Seyffert.de-9.jpg\"><img loading=\"lazy\" decoding=\"async\" class=\"alignnone size-full wp-image-21844\" src=\"https:\/\/www.sabine-seyffert.de\/blog\/wp-content\/uploads\/2021\/12\/Gl\u00fccksschweine-Sabine-Seyffert.de-9.jpg\" alt=\"\" width=\"800\" height=\"600\" srcset=\"https:\/\/www.sabine-seyffert.de\/blog\/wp-content\/uploads\/2021\/12\/Gl\u00fccksschweine-Sabine-Seyffert.de-9.jpg 800w, https:\/\/www.sabine-seyffert.de\/blog\/wp-content\/uploads\/2021\/12\/Gl\u00fccksschweine-Sabine-Seyffert.de-9-300x225.jpg 300w, https:\/\/www.sabine-seyffert.de\/blog\/wp-content\/uploads\/2021\/12\/Gl\u00fccksschweine-Sabine-Seyffert.de-9-768x576.jpg 768w\" sizes=\"auto, (max-width: 800px) 100vw, 800px\" \/><\/a><\/p>\n<p style=\"text-align: justify;\">Dann rollt den Teig d\u00fcnn aus und stecht lauter kleine Gl\u00fccksschweinchen mit der Pl\u00e4tzchenform daraus aus. Die platziert ihr auf dem gefetteten oder mit Backpapier ausgelegtem Blech und backt diese bei rund 170 \u00b0 Grad f\u00fcr ungef\u00e4hr 15 Minuten. Sobald die R\u00e4nder leicht gebr\u00e4unt sind, k\u00f6nnt ihr diese aus dem Backofen nehmen. <strong><span style=\"color: #ff6600;\">Achtung<\/span><\/strong> \u2013 die Backzeit kann je nach Teigdicke und Pl\u00e4tzchengr\u00f6\u00dfe variieren!<\/p>\n<p style=\"text-align: center;\"><a href=\"https:\/\/www.sabine-seyffert.de\/blog\/wp-content\/uploads\/2021\/12\/Gl\u00fccksschweine-Sabine-Seyffert.de-8.jpg\"><img loading=\"lazy\" decoding=\"async\" class=\"alignnone size-full wp-image-21845\" src=\"https:\/\/www.sabine-seyffert.de\/blog\/wp-content\/uploads\/2021\/12\/Gl\u00fccksschweine-Sabine-Seyffert.de-8.jpg\" alt=\"\" width=\"800\" height=\"600\" srcset=\"https:\/\/www.sabine-seyffert.de\/blog\/wp-content\/uploads\/2021\/12\/Gl\u00fccksschweine-Sabine-Seyffert.de-8.jpg 800w, https:\/\/www.sabine-seyffert.de\/blog\/wp-content\/uploads\/2021\/12\/Gl\u00fccksschweine-Sabine-Seyffert.de-8-300x225.jpg 300w, https:\/\/www.sabine-seyffert.de\/blog\/wp-content\/uploads\/2021\/12\/Gl\u00fccksschweine-Sabine-Seyffert.de-8-768x576.jpg 768w\" sizes=\"auto, (max-width: 800px) 100vw, 800px\" \/><\/a><\/p>\n<p style=\"text-align: justify;\">Sobald diese ausgek\u00fchlt sind, schmelzt ihr die Kuvert\u00fcre im Wasserbad und malt mit der fl\u00fcssigen Schokolade und dem Zahnstocher jedem Schwein ein Auge auf.<\/p>\n<p style=\"text-align: center;\"><a href=\"https:\/\/www.sabine-seyffert.de\/blog\/wp-content\/uploads\/2021\/12\/Gl\u00fccksschweine-Sabine-Seyffert.de-4.jpg\"><img loading=\"lazy\" decoding=\"async\" class=\"alignnone size-full wp-image-21846\" src=\"https:\/\/www.sabine-seyffert.de\/blog\/wp-content\/uploads\/2021\/12\/Gl\u00fccksschweine-Sabine-Seyffert.de-4.jpg\" alt=\"\" width=\"800\" height=\"600\" srcset=\"https:\/\/www.sabine-seyffert.de\/blog\/wp-content\/uploads\/2021\/12\/Gl\u00fccksschweine-Sabine-Seyffert.de-4.jpg 800w, https:\/\/www.sabine-seyffert.de\/blog\/wp-content\/uploads\/2021\/12\/Gl\u00fccksschweine-Sabine-Seyffert.de-4-300x225.jpg 300w, https:\/\/www.sabine-seyffert.de\/blog\/wp-content\/uploads\/2021\/12\/Gl\u00fccksschweine-Sabine-Seyffert.de-4-768x576.jpg 768w\" sizes=\"auto, (max-width: 800px) 100vw, 800px\" \/><\/a><\/p>\n<p style=\"text-align: justify;\">Passend zu dieser Idee habe ich einen Geschenkanh\u00e4nger angefertigt. Dazu schneidet ihr aus dem bemalten Zeitungspapier ein Schwein aus (dazu k\u00f6nnt ihr den Ausstecher als Bastelschablone verwenden!) und klebt diese auf die Pappe. Aus der Pappe schneidet man ein sch\u00f6nes Etikett und kann dieses mit Stempeln beschriften.<br \/>\nMit etwas Kordel oder d\u00fcnnem Geschenkband kann man den Anh\u00e4nger dann um die verpackten Pl\u00e4tzchen binden.<\/p>\n<p style=\"text-align: center;\"><a href=\"https:\/\/www.sabine-seyffert.de\/blog\/wp-content\/uploads\/2021\/12\/Gl\u00fccksschweine-Sabine-Seyffert.de-6.jpg\"><img loading=\"lazy\" decoding=\"async\" class=\"alignnone size-full wp-image-21847\" src=\"https:\/\/www.sabine-seyffert.de\/blog\/wp-content\/uploads\/2021\/12\/Gl\u00fccksschweine-Sabine-Seyffert.de-6.jpg\" alt=\"\" width=\"800\" height=\"600\" srcset=\"https:\/\/www.sabine-seyffert.de\/blog\/wp-content\/uploads\/2021\/12\/Gl\u00fccksschweine-Sabine-Seyffert.de-6.jpg 800w, https:\/\/www.sabine-seyffert.de\/blog\/wp-content\/uploads\/2021\/12\/Gl\u00fccksschweine-Sabine-Seyffert.de-6-300x225.jpg 300w, https:\/\/www.sabine-seyffert.de\/blog\/wp-content\/uploads\/2021\/12\/Gl\u00fccksschweine-Sabine-Seyffert.de-6-768x576.jpg 768w\" sizes=\"auto, (max-width: 800px) 100vw, 800px\" \/><\/a><\/p>\n<p style=\"text-align: justify;\"><strong>Hinweis:<\/strong> Die o.g. Menge hat f\u00fcr ein Backblech gereicht!<\/p>\n<p style=\"text-align: center;\"><a href=\"https:\/\/www.sabine-seyffert.de\/blog\/wp-content\/uploads\/2021\/12\/Gl\u00fccksschweine-Sabine-Seyffert.de-7.jpg\"><img loading=\"lazy\" decoding=\"async\" class=\"alignnone size-full wp-image-21848\" src=\"https:\/\/www.sabine-seyffert.de\/blog\/wp-content\/uploads\/2021\/12\/Gl\u00fccksschweine-Sabine-Seyffert.de-7.jpg\" alt=\"\" width=\"800\" height=\"600\" srcset=\"https:\/\/www.sabine-seyffert.de\/blog\/wp-content\/uploads\/2021\/12\/Gl\u00fccksschweine-Sabine-Seyffert.de-7.jpg 800w, https:\/\/www.sabine-seyffert.de\/blog\/wp-content\/uploads\/2021\/12\/Gl\u00fccksschweine-Sabine-Seyffert.de-7-300x225.jpg 300w, https:\/\/www.sabine-seyffert.de\/blog\/wp-content\/uploads\/2021\/12\/Gl\u00fccksschweine-Sabine-Seyffert.de-7-768x576.jpg 768w\" sizes=\"auto, (max-width: 800px) 100vw, 800px\" \/><\/a><\/p>\n<p style=\"text-align: justify;\"><strong>Ein kleiner Tipp:<\/strong><br \/>\nWer die selbst gebackenen Schweine lieber in T\u00fcten verpacken und verschenken m\u00f6chte, kann das gebastelte Motiv auch als eine <a href=\"https:\/\/www.sabine-seyffert.de\/blog\/?p=14752\" target=\"_blank\" rel=\"noopener noreferrer\">Art Banderole<\/a> oder als Verschluss wie bei dieser sommerlichen Idee oder <a href=\"https:\/\/www.sabine-seyffert.de\/blog\/?p=16478\" target=\"_blank\" rel=\"noopener noreferrer\">diesen Gl\u00fcckskeksen<\/a> anfertigen.<\/p>\n<p style=\"text-align: center;\"><a href=\"https:\/\/www.sabine-seyffert.de\/blog\/wp-content\/uploads\/2021\/12\/Gl\u00fccksschweine-Sabine-Seyffert.de-10.jpg\"><img loading=\"lazy\" decoding=\"async\" class=\"alignnone size-full wp-image-21849\" src=\"https:\/\/www.sabine-seyffert.de\/blog\/wp-content\/uploads\/2021\/12\/Gl\u00fccksschweine-Sabine-Seyffert.de-10.jpg\" alt=\"\" width=\"600\" height=\"800\" srcset=\"https:\/\/www.sabine-seyffert.de\/blog\/wp-content\/uploads\/2021\/12\/Gl\u00fccksschweine-Sabine-Seyffert.de-10.jpg 600w, https:\/\/www.sabine-seyffert.de\/blog\/wp-content\/uploads\/2021\/12\/Gl\u00fccksschweine-Sabine-Seyffert.de-10-225x300.jpg 225w\" sizes=\"auto, (max-width: 600px) 100vw, 600px\" \/><\/a><\/p>\n<p style=\"text-align: justify;\">Wer weitere Do-it-Yourself Geschenkideen zum Thema Gl\u00fcck sucht, schaut doch mal die folgenden Ideen mit Anleitung durch:<\/p>\n<p style=\"text-align: left;\">* <a href=\"https:\/\/www.sabine-seyffert.de\/blog\/?p=18089\" target=\"_blank\" rel=\"noopener noreferrer\">Ein Jahr voller Gl\u00fccksmoment\u00a0<\/a><br \/>\n* <a href=\"https:\/\/www.sabine-seyffert.de\/blog\/?p=16517\" target=\"_blank\" rel=\"noopener noreferrer\">Nimm dir, was du brauchst<\/a><br \/>\n* <a href=\"https:\/\/www.sabine-seyffert.de\/blog\/?p=18074\" target=\"_blank\" rel=\"noopener noreferrer\">Sauviel Gl\u00fcck im neuen Jahr<\/a><br \/>\n* <a href=\"https:\/\/www.sabine-seyffert.de\/blog\/?p=11647\" target=\"_blank\" rel=\"noopener noreferrer\">Gl\u00fcck zum Mitnehmen<\/a><br \/>\n* <a href=\"https:\/\/www.sabine-seyffert.de\/blog\/?p=9638\" target=\"_blank\" rel=\"noopener noreferrer\">Selbst gemachte Gl\u00fcckskekse mit Botschaften<\/a><br \/>\n* <a href=\"https:\/\/www.sabine-seyffert.de\/blog\/?p=13458\" target=\"_blank\" rel=\"noopener noreferrer\">Selbst gemachte Gl\u00fcckskekse zum Naschen<\/a><br \/>\n* <a href=\"https:\/\/www.sabine-seyffert.de\/blog\/?p=11647\" target=\"_blank\" rel=\"noopener noreferrer\">Gl\u00fcck to Go<\/a><\/p>\n<p style=\"text-align: center;\"><a href=\"https:\/\/www.sabine-seyffert.de\/blog\/wp-content\/uploads\/2021\/12\/Gl\u00fccksschweine-Sabine-Seyffert.de-13.jpg\"><img loading=\"lazy\" decoding=\"async\" class=\"alignnone size-full wp-image-21850\" src=\"https:\/\/www.sabine-seyffert.de\/blog\/wp-content\/uploads\/2021\/12\/Gl\u00fccksschweine-Sabine-Seyffert.de-13.jpg\" alt=\"\" width=\"600\" height=\"800\" srcset=\"https:\/\/www.sabine-seyffert.de\/blog\/wp-content\/uploads\/2021\/12\/Gl\u00fccksschweine-Sabine-Seyffert.de-13.jpg 600w, https:\/\/www.sabine-seyffert.de\/blog\/wp-content\/uploads\/2021\/12\/Gl\u00fccksschweine-Sabine-Seyffert.de-13-225x300.jpg 225w\" sizes=\"auto, (max-width: 600px) 100vw, 600px\" \/><\/a><\/p>\n<p style=\"text-align: justify;\">Ich w\u00fcnsche euch allen einen guten \u00dcbergang ins neue Jahr!<\/p>\n<p style=\"text-align: center;\"><a href=\"https:\/\/www.sabine-seyffert.de\/blog\/wp-content\/uploads\/2021\/12\/Gl\u00fccksschweine-Sabine-Seyffert.de-12.jpg\"><img loading=\"lazy\" decoding=\"async\" class=\"alignnone size-full wp-image-21851\" src=\"https:\/\/www.sabine-seyffert.de\/blog\/wp-content\/uploads\/2021\/12\/Gl\u00fccksschweine-Sabine-Seyffert.de-12.jpg\" alt=\"\" width=\"600\" height=\"800\" srcset=\"https:\/\/www.sabine-seyffert.de\/blog\/wp-content\/uploads\/2021\/12\/Gl\u00fccksschweine-Sabine-Seyffert.de-12.jpg 600w, https:\/\/www.sabine-seyffert.de\/blog\/wp-content\/uploads\/2021\/12\/Gl\u00fccksschweine-Sabine-Seyffert.de-12-225x300.jpg 225w\" sizes=\"auto, (max-width: 600px) 100vw, 600px\" \/><\/a><\/p>\n<p style=\"text-align: justify;\">Weitere Geschenkideen zum Selbermachen findet ihr \u00fcbrigens in <a href=\"https:\/\/www.sabine-seyffert.de\/blog\/?cat=36\" target=\"_blank\" rel=\"noopener noreferrer\">dieser Blog Kategorie<\/a>, weitere Geschenke aus meiner K\u00fcche gibt es in <a href=\"https:\/\/www.sabine-seyffert.de\/blog\/?cat=43\" target=\"_blank\" rel=\"noopener noreferrer\">dieser Rubrik<\/a>, DIY Geschenkverpackungen f\u00fcr ganz unterschiedliche Anl\u00e4sse sind in <a href=\"https:\/\/www.sabine-seyffert.de\/blog\/?cat=49\" target=\"_blank\" rel=\"noopener noreferrer\">diesem Blog Ordner<\/a>, s\u00fc\u00dfe Leckereien mit Rezept an <a href=\"https:\/\/www.sabine-seyffert.de\/blog\/?cat=31\" target=\"_blank\" rel=\"noopener noreferrer\">dieser Stelle<\/a> und andere kreative Sachen da.<\/p>\n<p style=\"text-align: center;\"><a href=\"https:\/\/www.sabine-seyffert.de\/blog\/wp-content\/uploads\/2021\/12\/Gl\u00fccksschweine-Sabine-Seyffert.de-11.jpg\"><img loading=\"lazy\" decoding=\"async\" class=\"alignnone size-full wp-image-21852\" src=\"https:\/\/www.sabine-seyffert.de\/blog\/wp-content\/uploads\/2021\/12\/Gl\u00fccksschweine-Sabine-Seyffert.de-11.jpg\" alt=\"\" width=\"600\" height=\"800\" srcset=\"https:\/\/www.sabine-seyffert.de\/blog\/wp-content\/uploads\/2021\/12\/Gl\u00fccksschweine-Sabine-Seyffert.de-11.jpg 600w, https:\/\/www.sabine-seyffert.de\/blog\/wp-content\/uploads\/2021\/12\/Gl\u00fccksschweine-Sabine-Seyffert.de-11-225x300.jpg 225w\" sizes=\"auto, (max-width: 600px) 100vw, 600px\" \/><\/a><\/p>\n<p style=\"text-align: justify;\"><a href=\"https:\/\/www.sabine-seyffert.de\/blog\/?page_id=32#urheberrecht\">urheberrechtlich gesch\u00fctzt<\/a>, \u00a9 Sabine Seyffert<\/p>\n","protected":false},"excerpt":{"rendered":"<p>Nach langer, ungeplanter Zwangspause, melde ich mich mit einer kleinen Idee f\u00fcr Silvester und Neujahr zur\u00fcck und g\u00f6nne mir damit auch gleich selbst eine Prise \u201eGl\u00fcck\u201c f\u00fcrs neue Jahr. Es gibt immer wieder Situationen, in denen kann man einfach eine gro\u00dfe Portion Gl\u00fcck ganz gut gebrauchen. Oder auch platt ausgedr\u00fcckt \u201esauviel\u201c Gl\u00fcck. Dazu gab es&#8230; <a href=\"https:\/\/www.sabine-seyffert.de\/blog\/sauviel-glueck-im-glas-leckere-gluecksschweine-diy-geschenkidee\/\" class=\"more-link\">Read more: Sauviel Gl\u00fcck im Glas: Leckere Gl\u00fccksschweine  &#8211; DIY  Geschenkidee<\/a><\/p>\n","protected":false},"author":2,"featured_media":0,"comment_status":"open","ping_status":"open","sticky":false,"template":"","format":"standard","meta":{"_metis_text_type":"standard","_metis_text_length":3401,"_post_count":0,"footnotes":""},"categories":[43,36,49,31,60],"tags":[],"class_list":["post-21841","post","type-post","status-publish","format-standard","hentry","category-geschenke-aus-der-kueche","category-klitzekleine-geschenkideen","category-verpackungsideen","category-rezepte-suse-kuchen-co","category-silvester"],"_links":{"self":[{"href":"https:\/\/www.sabine-seyffert.de\/blog\/wp-json\/wp\/v2\/posts\/21841","targetHints":{"allow":["GET"]}}],"collection":[{"href":"https:\/\/www.sabine-seyffert.de\/blog\/wp-json\/wp\/v2\/posts"}],"about":[{"href":"https:\/\/www.sabine-seyffert.de\/blog\/wp-json\/wp\/v2\/types\/post"}],"author":[{"embeddable":true,"href":"https:\/\/www.sabine-seyffert.de\/blog\/wp-json\/wp\/v2\/users\/2"}],"replies":[{"embeddable":true,"href":"https:\/\/www.sabine-seyffert.de\/blog\/wp-json\/wp\/v2\/comments?post=21841"}],"version-history":[{"count":6,"href":"https:\/\/www.sabine-seyffert.de\/blog\/wp-json\/wp\/v2\/posts\/21841\/revisions"}],"predecessor-version":[{"id":29130,"href":"https:\/\/www.sabine-seyffert.de\/blog\/wp-json\/wp\/v2\/posts\/21841\/revisions\/29130"}],"wp:attachment":[{"href":"https:\/\/www.sabine-seyffert.de\/blog\/wp-json\/wp\/v2\/media?parent=21841"}],"wp:term":[{"taxonomy":"category","embeddable":true,"href":"https:\/\/www.sabine-seyffert.de\/blog\/wp-json\/wp\/v2\/categories?post=21841"},{"taxonomy":"post_tag","embeddable":true,"href":"https:\/\/www.sabine-seyffert.de\/blog\/wp-json\/wp\/v2\/tags?post=21841"}],"curies":[{"name":"wp","href":"https:\/\/api.w.org\/{rel}","templated":true}]}}