{"id":21805,"date":"2021-12-07T11:29:27","date_gmt":"2021-12-07T09:29:27","guid":{"rendered":"https:\/\/www.sabine-seyffert.de\/blog\/?p=21805"},"modified":"2022-12-06T10:42:28","modified_gmt":"2022-12-06T08:42:28","slug":"diy-geschenkverpackung-fuer-kinder-basteln-baerenstarke-bastelanleitung-fuer-teddy","status":"publish","type":"post","link":"https:\/\/www.sabine-seyffert.de\/blog\/diy-geschenkverpackung-fuer-kinder-basteln-baerenstarke-bastelanleitung-fuer-teddy\/","title":{"rendered":"DIY Geschenkverpackung f\u00fcr Kinder basteln \u2013 B\u00e4renstarke Bastelanleitung f\u00fcr Teddy"},"content":{"rendered":"<p style=\"text-align: justify;\"><img loading=\"lazy\" decoding=\"async\" src=\"https:\/\/vg01.met.vgwort.de\/na\/0413fb6e026d4d82bf1fbc6ddee432d7\" alt=\"\" width=\"1\" height=\"1\" \/>Heute habe ich eine lustige Geschenk-Verpackung f\u00fcr euch, die ganz einfach und schnell zu basteln ist. F\u00fcr diese Verpackungsidee ist nicht mal gro\u00dfes Basteltalent von N\u00f6ten. Das Basis Material zum Verpacken ist hierbei mal wieder mein so gern verwendetes Packpapier. Und aus diesem habe ich einen B\u00e4ren gebastelt. Genau das richtige Motiv f\u00fcr kleinere Kinder. Dabei ist es dann auch nicht weiter schlimm, wenn das Papier beim Auspacken nicht ganz so vorsichtig ge\u00f6ffnet wird.<\/p>\n<p style=\"text-align: center;\"><a href=\"https:\/\/www.sabine-seyffert.de\/blog\/wp-content\/uploads\/2021\/12\/B\u00e4r-Verpackung-Sabine-Seyffert.de-0.jpg\"><img loading=\"lazy\" decoding=\"async\" class=\"alignnone size-full wp-image-21806\" src=\"https:\/\/www.sabine-seyffert.de\/blog\/wp-content\/uploads\/2021\/12\/B\u00e4r-Verpackung-Sabine-Seyffert.de-0.jpg\" alt=\"\" width=\"800\" height=\"600\" srcset=\"https:\/\/www.sabine-seyffert.de\/blog\/wp-content\/uploads\/2021\/12\/B\u00e4r-Verpackung-Sabine-Seyffert.de-0.jpg 800w, https:\/\/www.sabine-seyffert.de\/blog\/wp-content\/uploads\/2021\/12\/B\u00e4r-Verpackung-Sabine-Seyffert.de-0-300x225.jpg 300w, https:\/\/www.sabine-seyffert.de\/blog\/wp-content\/uploads\/2021\/12\/B\u00e4r-Verpackung-Sabine-Seyffert.de-0-768x576.jpg 768w\" sizes=\"auto, (max-width: 800px) 100vw, 800px\" \/><\/a><\/p>\n<p style=\"text-align: justify;\"><strong>Das wird gebraucht:<\/strong><br \/>\nNaturbraunes Packpapier, altes Zeitungspapier (von einer ausgelesenen Tageszeitung), zwei Holzkn\u00f6pfe, Bastelkleber, Pappreste (von einem alten Karton \/ Kartonage), wei\u00dfe Kreide, wei\u00dfe Bastelfarbe (Deckwei\u00df, Acryllack auf Wasserbasis o.\u00e4.), einen breiten Borstenpinsel sowie optional Buchstabenstempel und ein Stempelkissen<\/p>\n<p style=\"text-align: center;\"><a href=\"https:\/\/www.sabine-seyffert.de\/blog\/wp-content\/uploads\/2021\/12\/B\u00e4r-Verpackung-Sabine-Seyffert.de-1.jpg\"><img loading=\"lazy\" decoding=\"async\" class=\"alignnone size-full wp-image-21807\" src=\"https:\/\/www.sabine-seyffert.de\/blog\/wp-content\/uploads\/2021\/12\/B\u00e4r-Verpackung-Sabine-Seyffert.de-1.jpg\" alt=\"\" width=\"800\" height=\"600\" srcset=\"https:\/\/www.sabine-seyffert.de\/blog\/wp-content\/uploads\/2021\/12\/B\u00e4r-Verpackung-Sabine-Seyffert.de-1.jpg 800w, https:\/\/www.sabine-seyffert.de\/blog\/wp-content\/uploads\/2021\/12\/B\u00e4r-Verpackung-Sabine-Seyffert.de-1-300x225.jpg 300w, https:\/\/www.sabine-seyffert.de\/blog\/wp-content\/uploads\/2021\/12\/B\u00e4r-Verpackung-Sabine-Seyffert.de-1-768x576.jpg 768w\" sizes=\"auto, (max-width: 800px) 100vw, 800px\" \/><\/a><\/p>\n<p style=\"text-align: justify;\"><strong>So wird\u2019s gemacht:<\/strong><br \/>\nDiesen Teddyb\u00e4r kann man ganz fix aus Material basteln und gestalten, dass mit Sicherheit jeder zu Hause hat und fast g\u00e4nzlich kostenlos ist. Als erstes schneidet ihr euch aus einer alten Tageszeitung ein St\u00fcck mit bedrucktem Text und \u00fcberpinselt diesen mit verd\u00fcnnter wei\u00dfer Farbe gro\u00df. Der Text und die Buchstaben d\u00fcrfen hierbei ruhig noch sichtbar bleiben.<\/p>\n<p style=\"text-align: center;\"><a href=\"https:\/\/www.sabine-seyffert.de\/blog\/wp-content\/uploads\/2021\/12\/B\u00e4r-Verpackung-Sabine-Seyffert.de-2.jpg\"><img loading=\"lazy\" decoding=\"async\" class=\"alignnone size-full wp-image-21811\" src=\"https:\/\/www.sabine-seyffert.de\/blog\/wp-content\/uploads\/2021\/12\/B\u00e4r-Verpackung-Sabine-Seyffert.de-2.jpg\" alt=\"\" width=\"800\" height=\"600\" srcset=\"https:\/\/www.sabine-seyffert.de\/blog\/wp-content\/uploads\/2021\/12\/B\u00e4r-Verpackung-Sabine-Seyffert.de-2.jpg 800w, https:\/\/www.sabine-seyffert.de\/blog\/wp-content\/uploads\/2021\/12\/B\u00e4r-Verpackung-Sabine-Seyffert.de-2-300x225.jpg 300w, https:\/\/www.sabine-seyffert.de\/blog\/wp-content\/uploads\/2021\/12\/B\u00e4r-Verpackung-Sabine-Seyffert.de-2-768x576.jpg 768w\" sizes=\"auto, (max-width: 800px) 100vw, 800px\" \/><\/a><\/p>\n<p style=\"text-align: justify;\">W\u00e4hrend die Farbe (am besten auf der Heizung) trocknet, schneidet ihr aus Pappresten die Ohren, Nase und den Mund. Das Paar Ohren habe ich doppelt gearbeitet um es etwas plastischer wirken zu lassen. Das kleinere, Innenteil der Ohren aus d\u00fcnner Pappe habe ich mit wei\u00dfer Kreide bemalt. Stattdessen k\u00f6nnte man aber auch ein St\u00fcck der wei\u00df bemalten Zeitung verwenden.<\/p>\n<p style=\"text-align: center;\"><a href=\"https:\/\/www.sabine-seyffert.de\/blog\/wp-content\/uploads\/2021\/12\/B\u00e4r-Verpackung-Sabine-Seyffert.de-4.jpg\"><img loading=\"lazy\" decoding=\"async\" class=\"alignnone size-full wp-image-21812\" src=\"https:\/\/www.sabine-seyffert.de\/blog\/wp-content\/uploads\/2021\/12\/B\u00e4r-Verpackung-Sabine-Seyffert.de-4.jpg\" alt=\"\" width=\"800\" height=\"600\" srcset=\"https:\/\/www.sabine-seyffert.de\/blog\/wp-content\/uploads\/2021\/12\/B\u00e4r-Verpackung-Sabine-Seyffert.de-4.jpg 800w, https:\/\/www.sabine-seyffert.de\/blog\/wp-content\/uploads\/2021\/12\/B\u00e4r-Verpackung-Sabine-Seyffert.de-4-300x225.jpg 300w, https:\/\/www.sabine-seyffert.de\/blog\/wp-content\/uploads\/2021\/12\/B\u00e4r-Verpackung-Sabine-Seyffert.de-4-768x576.jpg 768w\" sizes=\"auto, (max-width: 800px) 100vw, 800px\" \/><\/a><\/p>\n<p style=\"text-align: justify;\">Au\u00dferdem schneidet man aus der Pappe noch einen Wimpel und aus einem Streifen unbedrucktem Teil der Zeitung einen kleineren. Diesen kann man mit dem Namen des Kindes bestempeln, f\u00fcr den der B\u00e4r gestimmt ist.<br \/>\nIst das Zeitungspapier getrocknet, schneidet man ein oval und klebt es vorne mittig auf das Geschenk. Dort hinein kommen die aus Pappe geschnittene Nase und das Maul.<\/p>\n<p style=\"text-align: center;\"><a href=\"https:\/\/www.sabine-seyffert.de\/blog\/wp-content\/uploads\/2021\/12\/B\u00e4r-Verpackung-Sabine-Seyffert.de-5.jpg\"><img loading=\"lazy\" decoding=\"async\" class=\"alignnone size-full wp-image-21813\" src=\"https:\/\/www.sabine-seyffert.de\/blog\/wp-content\/uploads\/2021\/12\/B\u00e4r-Verpackung-Sabine-Seyffert.de-5.jpg\" alt=\"\" width=\"800\" height=\"600\" srcset=\"https:\/\/www.sabine-seyffert.de\/blog\/wp-content\/uploads\/2021\/12\/B\u00e4r-Verpackung-Sabine-Seyffert.de-5.jpg 800w, https:\/\/www.sabine-seyffert.de\/blog\/wp-content\/uploads\/2021\/12\/B\u00e4r-Verpackung-Sabine-Seyffert.de-5-300x225.jpg 300w, https:\/\/www.sabine-seyffert.de\/blog\/wp-content\/uploads\/2021\/12\/B\u00e4r-Verpackung-Sabine-Seyffert.de-5-768x576.jpg 768w\" sizes=\"auto, (max-width: 800px) 100vw, 800px\" \/><\/a><\/p>\n<p style=\"text-align: justify;\">Die Ohren klebt man von Hinten rechts und links an den oberen Geschenkrand. Jetzt fehlen noch die Augen, die ich mit Hilfe von zwei gro\u00dfen Kn\u00f6pfen aus Holz gestaltet habe. Fertig ist der Teddyb\u00e4r!<\/p>\n<p style=\"text-align: center;\"><a href=\"https:\/\/www.sabine-seyffert.de\/blog\/wp-content\/uploads\/2021\/12\/B\u00e4r-Verpackung-Sabine-Seyffert.de-8.jpg\"><img loading=\"lazy\" decoding=\"async\" class=\"alignnone size-full wp-image-21810\" src=\"https:\/\/www.sabine-seyffert.de\/blog\/wp-content\/uploads\/2021\/12\/B\u00e4r-Verpackung-Sabine-Seyffert.de-8.jpg\" alt=\"\" width=\"800\" height=\"600\" srcset=\"https:\/\/www.sabine-seyffert.de\/blog\/wp-content\/uploads\/2021\/12\/B\u00e4r-Verpackung-Sabine-Seyffert.de-8.jpg 800w, https:\/\/www.sabine-seyffert.de\/blog\/wp-content\/uploads\/2021\/12\/B\u00e4r-Verpackung-Sabine-Seyffert.de-8-300x225.jpg 300w, https:\/\/www.sabine-seyffert.de\/blog\/wp-content\/uploads\/2021\/12\/B\u00e4r-Verpackung-Sabine-Seyffert.de-8-768x576.jpg 768w\" sizes=\"auto, (max-width: 800px) 100vw, 800px\" \/><\/a><\/p>\n<p style=\"text-align: justify;\"><strong>Ein kleiner Tipp<\/strong>: Ohren und Augen (Kn\u00f6pfe) lassen sich mit Hei\u00dfkleber schneller befestigen. Hierbei muss man nicht erst warten, bis der Klebstoff getrocknet ist.<\/p>\n<p style=\"text-align: center;\"><a href=\"https:\/\/www.sabine-seyffert.de\/blog\/wp-content\/uploads\/2021\/12\/B\u00e4r-Verpackung-Sabine-Seyffert.de-9.jpg\"><img loading=\"lazy\" decoding=\"async\" class=\"alignnone size-full wp-image-21809\" src=\"https:\/\/www.sabine-seyffert.de\/blog\/wp-content\/uploads\/2021\/12\/B\u00e4r-Verpackung-Sabine-Seyffert.de-9.jpg\" alt=\"\" width=\"800\" height=\"600\" srcset=\"https:\/\/www.sabine-seyffert.de\/blog\/wp-content\/uploads\/2021\/12\/B\u00e4r-Verpackung-Sabine-Seyffert.de-9.jpg 800w, https:\/\/www.sabine-seyffert.de\/blog\/wp-content\/uploads\/2021\/12\/B\u00e4r-Verpackung-Sabine-Seyffert.de-9-300x225.jpg 300w, https:\/\/www.sabine-seyffert.de\/blog\/wp-content\/uploads\/2021\/12\/B\u00e4r-Verpackung-Sabine-Seyffert.de-9-768x576.jpg 768w\" sizes=\"auto, (max-width: 800px) 100vw, 800px\" \/><\/a><\/p>\n<p style=\"text-align: justify;\">Weitere Bastelanleitungen f\u00fcr selbst gemachte Geschenkverpackungen zu ganz unterschiedlichen Anl\u00e4ssen findet ihr \u00fcbrigens in <a href=\"https:\/\/www.sabine-seyffert.de\/blog\/?cat=49\" target=\"_blank\" rel=\"noopener noreferrer\">dieser Blog Kategorie<\/a>, alle DIY rund um den Advent und Weihnachten gibt es in <a href=\"https:\/\/www.sabine-seyffert.de\/blog\/?cat=41\" target=\"_blank\" rel=\"noopener noreferrer\">diesem Ordner<\/a> und andere kreative Sachen gibt es <a href=\"https:\/\/www.pinterest.de\/diysabineseyffert\/\" target=\"_blank\" rel=\"noopener noreferrer\">da<\/a> und auch an dieser Stelle.<\/p>\n<p style=\"text-align: center;\"><a href=\"https:\/\/www.sabine-seyffert.de\/blog\/wp-content\/uploads\/2021\/12\/B\u00e4r-Verpackung-Sabine-Seyffert.de-10.jpg\"><img loading=\"lazy\" decoding=\"async\" class=\"alignnone size-full wp-image-21808\" src=\"https:\/\/www.sabine-seyffert.de\/blog\/wp-content\/uploads\/2021\/12\/B\u00e4r-Verpackung-Sabine-Seyffert.de-10.jpg\" alt=\"\" width=\"800\" height=\"600\" srcset=\"https:\/\/www.sabine-seyffert.de\/blog\/wp-content\/uploads\/2021\/12\/B\u00e4r-Verpackung-Sabine-Seyffert.de-10.jpg 800w, https:\/\/www.sabine-seyffert.de\/blog\/wp-content\/uploads\/2021\/12\/B\u00e4r-Verpackung-Sabine-Seyffert.de-10-300x225.jpg 300w, https:\/\/www.sabine-seyffert.de\/blog\/wp-content\/uploads\/2021\/12\/B\u00e4r-Verpackung-Sabine-Seyffert.de-10-768x576.jpg 768w\" sizes=\"auto, (max-width: 800px) 100vw, 800px\" \/><\/a><\/p>\n<p style=\"text-align: justify;\"><a href=\"https:\/\/www.sabine-seyffert.de\/blog\/?page_id=32#urheberrecht\">urheberrechtlich gesch\u00fctzt<\/a>, \u00a9 Sabine Seyffert<\/p>\n","protected":false},"excerpt":{"rendered":"<p>Heute habe ich eine lustige Geschenk-Verpackung f\u00fcr euch, die ganz einfach und schnell zu basteln ist. F\u00fcr diese Verpackungsidee ist nicht mal gro\u00dfes Basteltalent von N\u00f6ten. Das Basis Material zum Verpacken ist hierbei mal wieder mein so gern verwendetes Packpapier. Und aus diesem habe ich einen B\u00e4ren gebastelt. Genau das richtige Motiv f\u00fcr kleinere Kinder&#8230;. <a href=\"https:\/\/www.sabine-seyffert.de\/blog\/diy-geschenkverpackung-fuer-kinder-basteln-baerenstarke-bastelanleitung-fuer-teddy\/\" class=\"more-link\">Read more: DIY Geschenkverpackung f\u00fcr Kinder basteln \u2013 B\u00e4renstarke Bastelanleitung f\u00fcr Teddy<\/a><\/p>\n","protected":false},"author":2,"featured_media":0,"comment_status":"open","ping_status":"open","sticky":false,"template":"","format":"standard","meta":{"_metis_text_type":"","_metis_text_length":2625,"_post_count":0,"footnotes":""},"categories":[41,49,47],"tags":[],"class_list":["post-21805","post","type-post","status-publish","format-standard","hentry","category-weihnachten","category-verpackungsideen","category-upcyceltes"],"_links":{"self":[{"href":"https:\/\/www.sabine-seyffert.de\/blog\/wp-json\/wp\/v2\/posts\/21805","targetHints":{"allow":["GET"]}}],"collection":[{"href":"https:\/\/www.sabine-seyffert.de\/blog\/wp-json\/wp\/v2\/posts"}],"about":[{"href":"https:\/\/www.sabine-seyffert.de\/blog\/wp-json\/wp\/v2\/types\/post"}],"author":[{"embeddable":true,"href":"https:\/\/www.sabine-seyffert.de\/blog\/wp-json\/wp\/v2\/users\/2"}],"replies":[{"embeddable":true,"href":"https:\/\/www.sabine-seyffert.de\/blog\/wp-json\/wp\/v2\/comments?post=21805"}],"version-history":[{"count":3,"href":"https:\/\/www.sabine-seyffert.de\/blog\/wp-json\/wp\/v2\/posts\/21805\/revisions"}],"predecessor-version":[{"id":24646,"href":"https:\/\/www.sabine-seyffert.de\/blog\/wp-json\/wp\/v2\/posts\/21805\/revisions\/24646"}],"wp:attachment":[{"href":"https:\/\/www.sabine-seyffert.de\/blog\/wp-json\/wp\/v2\/media?parent=21805"}],"wp:term":[{"taxonomy":"category","embeddable":true,"href":"https:\/\/www.sabine-seyffert.de\/blog\/wp-json\/wp\/v2\/categories?post=21805"},{"taxonomy":"post_tag","embeddable":true,"href":"https:\/\/www.sabine-seyffert.de\/blog\/wp-json\/wp\/v2\/tags?post=21805"}],"curies":[{"name":"wp","href":"https:\/\/api.w.org\/{rel}","templated":true}]}}