{"id":21776,"date":"2021-12-02T06:00:14","date_gmt":"2021-12-02T04:00:14","guid":{"rendered":"https:\/\/www.sabine-seyffert.de\/blog\/?p=21776"},"modified":"2022-12-05T11:40:16","modified_gmt":"2022-12-05T09:40:16","slug":"weihnachtliche-diy-geschenkanhaenger-mit-walnuss-als-weihnachtsmann","status":"publish","type":"post","link":"https:\/\/www.sabine-seyffert.de\/blog\/weihnachtliche-diy-geschenkanhaenger-mit-walnuss-als-weihnachtsmann\/","title":{"rendered":"Weihnachtliche DIY Geschenkanh\u00e4nger mit Walnuss als Weihnachtsmann"},"content":{"rendered":"<p style=\"text-align: justify;\"><img loading=\"lazy\" decoding=\"async\" src=\"https:\/\/vg01.met.vgwort.de\/na\/503609b49ff9407b9218a748c3ab1fd3\" alt=\"\" width=\"1\" height=\"1\" \/>So langsam n\u00e4hert sich Weihnachten und es wird Zeit Geschenke, kleine Nikolaus \u00dcberraschungen, selbst gebackene Pl\u00e4tzchen als Mitbringsel oder andere Kleinigkeiten zu sch\u00f6n verpacken.<br \/>\nStatt einer Geschenkverpackung gibt es selbst gemachte Anh\u00e4nger, die Weihnachtsgeschenke zu einem echten Hingucker machen. Denn darauf kleben kleine Weihnachtsm\u00e4nner, die sich ganz einfach aus Walnuss Schalen basteln lassen.<\/p>\n<p style=\"text-align: center;\"><a href=\"https:\/\/www.sabine-seyffert.de\/blog\/wp-content\/uploads\/2021\/11\/Anh\u00e4nger-Weihnachtsmann-Nuss-Sabine-Seyffert.de-5.jpg\"><img loading=\"lazy\" decoding=\"async\" class=\"alignnone size-full wp-image-21779\" src=\"https:\/\/www.sabine-seyffert.de\/blog\/wp-content\/uploads\/2021\/11\/Anh\u00e4nger-Weihnachtsmann-Nuss-Sabine-Seyffert.de-5.jpg\" alt=\"\" width=\"800\" height=\"600\" srcset=\"https:\/\/www.sabine-seyffert.de\/blog\/wp-content\/uploads\/2021\/11\/Anh\u00e4nger-Weihnachtsmann-Nuss-Sabine-Seyffert.de-5.jpg 800w, https:\/\/www.sabine-seyffert.de\/blog\/wp-content\/uploads\/2021\/11\/Anh\u00e4nger-Weihnachtsmann-Nuss-Sabine-Seyffert.de-5-300x225.jpg 300w, https:\/\/www.sabine-seyffert.de\/blog\/wp-content\/uploads\/2021\/11\/Anh\u00e4nger-Weihnachtsmann-Nuss-Sabine-Seyffert.de-5-768x576.jpg 768w\" sizes=\"auto, (max-width: 800px) 100vw, 800px\" \/><\/a><\/p>\n<p style=\"text-align: justify;\"><strong>Das wird gebraucht:<\/strong><br \/>\nD\u00fcnne Pappe \/ Karton, eine Bastelschere, eine Lochzange, Kordel (oder Geschenkband) Walnussschalen, etwas Zeitungspapier, rotes Seidenpapier, Bastelfarbe in Wei\u00df, Rot, Schwarz und Hautfarben, eine Bastelunterlage, Bastelkleber (oder eine Hei\u00dfklebepistole) sowie optional kleine Buchstabenstempel und ein Stempelkissen<\/p>\n<p style=\"text-align: center;\"><a href=\"https:\/\/www.sabine-seyffert.de\/blog\/wp-content\/uploads\/2021\/11\/Anh\u00e4nger-Weihnachtsmann-Nuss-Sabine-Seyffert.de-4.jpg\"><img loading=\"lazy\" decoding=\"async\" class=\"alignnone size-full wp-image-21780\" src=\"https:\/\/www.sabine-seyffert.de\/blog\/wp-content\/uploads\/2021\/11\/Anh\u00e4nger-Weihnachtsmann-Nuss-Sabine-Seyffert.de-4.jpg\" alt=\"\" width=\"800\" height=\"600\" srcset=\"https:\/\/www.sabine-seyffert.de\/blog\/wp-content\/uploads\/2021\/11\/Anh\u00e4nger-Weihnachtsmann-Nuss-Sabine-Seyffert.de-4.jpg 800w, https:\/\/www.sabine-seyffert.de\/blog\/wp-content\/uploads\/2021\/11\/Anh\u00e4nger-Weihnachtsmann-Nuss-Sabine-Seyffert.de-4-300x225.jpg 300w, https:\/\/www.sabine-seyffert.de\/blog\/wp-content\/uploads\/2021\/11\/Anh\u00e4nger-Weihnachtsmann-Nuss-Sabine-Seyffert.de-4-768x576.jpg 768w\" sizes=\"auto, (max-width: 800px) 100vw, 800px\" \/><\/a><\/p>\n<p style=\"text-align: justify;\"><strong>So wird\u2019s gemacht:<\/strong><br \/>\nAls erstes knackt die Waln\u00fcsse ganz vorsichtig, so dass die Schalen unversehrt bleiben. Die Schalen malt ihr dann von Au\u00dfen mit der Bastelfarbe so an, dass sie aussieht wie ein Weihnachtsmann.<\/p>\n<p style=\"text-align: center;\"><a href=\"https:\/\/www.sabine-seyffert.de\/blog\/wp-content\/uploads\/2021\/11\/Anh\u00e4nger-Weihnachtsmann-Nuss-Sabine-Seyffert.de-9.jpg\"><img loading=\"lazy\" decoding=\"async\" class=\"alignnone size-full wp-image-21781\" src=\"https:\/\/www.sabine-seyffert.de\/blog\/wp-content\/uploads\/2021\/11\/Anh\u00e4nger-Weihnachtsmann-Nuss-Sabine-Seyffert.de-9.jpg\" alt=\"\" width=\"800\" height=\"600\" srcset=\"https:\/\/www.sabine-seyffert.de\/blog\/wp-content\/uploads\/2021\/11\/Anh\u00e4nger-Weihnachtsmann-Nuss-Sabine-Seyffert.de-9.jpg 800w, https:\/\/www.sabine-seyffert.de\/blog\/wp-content\/uploads\/2021\/11\/Anh\u00e4nger-Weihnachtsmann-Nuss-Sabine-Seyffert.de-9-300x225.jpg 300w, https:\/\/www.sabine-seyffert.de\/blog\/wp-content\/uploads\/2021\/11\/Anh\u00e4nger-Weihnachtsmann-Nuss-Sabine-Seyffert.de-9-768x576.jpg 768w\" sizes=\"auto, (max-width: 800px) 100vw, 800px\" \/><\/a><\/p>\n<p style=\"text-align: justify;\">W\u00e4hrend die bemalten Schalen mit Farbe trocknen, schneidet ihr euch aus Pappe Anh\u00e4nger. Ich habe zu diesem Zweck einen leeren Pappkarton zerschnitten.<\/p>\n<p style=\"text-align: center;\"><a href=\"https:\/\/www.sabine-seyffert.de\/blog\/wp-content\/uploads\/2021\/11\/Anh\u00e4nger-Weihnachtsmann-Nuss-Sabine-Seyffert.de-8.jpg\"><img loading=\"lazy\" decoding=\"async\" class=\"alignnone size-full wp-image-21782\" src=\"https:\/\/www.sabine-seyffert.de\/blog\/wp-content\/uploads\/2021\/11\/Anh\u00e4nger-Weihnachtsmann-Nuss-Sabine-Seyffert.de-8.jpg\" alt=\"\" width=\"800\" height=\"600\" srcset=\"https:\/\/www.sabine-seyffert.de\/blog\/wp-content\/uploads\/2021\/11\/Anh\u00e4nger-Weihnachtsmann-Nuss-Sabine-Seyffert.de-8.jpg 800w, https:\/\/www.sabine-seyffert.de\/blog\/wp-content\/uploads\/2021\/11\/Anh\u00e4nger-Weihnachtsmann-Nuss-Sabine-Seyffert.de-8-300x225.jpg 300w, https:\/\/www.sabine-seyffert.de\/blog\/wp-content\/uploads\/2021\/11\/Anh\u00e4nger-Weihnachtsmann-Nuss-Sabine-Seyffert.de-8-768x576.jpg 768w\" sizes=\"auto, (max-width: 800px) 100vw, 800px\" \/><\/a><\/p>\n<p style=\"text-align: justify;\">Am oberen Rand stecht ihr mittig mit Hilfe der Lochzange ein Loch hinein. Durch das zieht ihr ein St\u00fcck Kordel und verknotet die Enden.<\/p>\n<p style=\"text-align: center;\"><a href=\"https:\/\/www.sabine-seyffert.de\/blog\/wp-content\/uploads\/2021\/11\/Anh\u00e4nger-Weihnachtsmann-Nuss-Sabine-Seyffert.de-3.jpg\"><img loading=\"lazy\" decoding=\"async\" class=\"alignnone size-full wp-image-21783\" src=\"https:\/\/www.sabine-seyffert.de\/blog\/wp-content\/uploads\/2021\/11\/Anh\u00e4nger-Weihnachtsmann-Nuss-Sabine-Seyffert.de-3.jpg\" alt=\"\" width=\"800\" height=\"600\" srcset=\"https:\/\/www.sabine-seyffert.de\/blog\/wp-content\/uploads\/2021\/11\/Anh\u00e4nger-Weihnachtsmann-Nuss-Sabine-Seyffert.de-3.jpg 800w, https:\/\/www.sabine-seyffert.de\/blog\/wp-content\/uploads\/2021\/11\/Anh\u00e4nger-Weihnachtsmann-Nuss-Sabine-Seyffert.de-3-300x225.jpg 300w, https:\/\/www.sabine-seyffert.de\/blog\/wp-content\/uploads\/2021\/11\/Anh\u00e4nger-Weihnachtsmann-Nuss-Sabine-Seyffert.de-3-768x576.jpg 768w\" sizes=\"auto, (max-width: 800px) 100vw, 800px\" \/><\/a><\/p>\n<p style=\"text-align: justify;\">Von der Zeitung rei\u00dft ihr ein St\u00fcck ab, kn\u00fcddelt das zu einer Kugel und klebt diese (wie in <a href=\"https:\/\/www.sabine-seyffert.de\/blog\/?p=16729\" target=\"_blank\" rel=\"noopener noreferrer\">dieser Bastelanleitung<\/a> beschrieben) von unten in die Nussschale hinein. So habt ihr mehr Auflagefl\u00e4che und das Kleben f\u00e4llt leichter.<\/p>\n<p style=\"text-align: center;\"><a href=\"https:\/\/www.sabine-seyffert.de\/blog\/wp-content\/uploads\/2021\/11\/Anh\u00e4nger-Weihnachtsmann-Nuss-Sabine-Seyffert.de-7.jpg\"><img loading=\"lazy\" decoding=\"async\" class=\"alignnone size-full wp-image-21784\" src=\"https:\/\/www.sabine-seyffert.de\/blog\/wp-content\/uploads\/2021\/11\/Anh\u00e4nger-Weihnachtsmann-Nuss-Sabine-Seyffert.de-7.jpg\" alt=\"\" width=\"800\" height=\"600\" srcset=\"https:\/\/www.sabine-seyffert.de\/blog\/wp-content\/uploads\/2021\/11\/Anh\u00e4nger-Weihnachtsmann-Nuss-Sabine-Seyffert.de-7.jpg 800w, https:\/\/www.sabine-seyffert.de\/blog\/wp-content\/uploads\/2021\/11\/Anh\u00e4nger-Weihnachtsmann-Nuss-Sabine-Seyffert.de-7-300x225.jpg 300w, https:\/\/www.sabine-seyffert.de\/blog\/wp-content\/uploads\/2021\/11\/Anh\u00e4nger-Weihnachtsmann-Nuss-Sabine-Seyffert.de-7-768x576.jpg 768w\" sizes=\"auto, (max-width: 800px) 100vw, 800px\" \/><\/a><\/p>\n<p style=\"text-align: justify;\">Aus rotem Seidenpapier klebt man den Weihnachtsm\u00e4nnern noch eine rote Nase an. Fertig ist der Geschenkanh\u00e4nger!<\/p>\n<p style=\"text-align: center;\"><a href=\"https:\/\/www.sabine-seyffert.de\/blog\/wp-content\/uploads\/2021\/11\/Anh\u00e4nger-Weihnachtsmann-Nuss-Sabine-Seyffert.de-6.jpg\"><img loading=\"lazy\" decoding=\"async\" class=\"alignnone size-full wp-image-21785\" src=\"https:\/\/www.sabine-seyffert.de\/blog\/wp-content\/uploads\/2021\/11\/Anh\u00e4nger-Weihnachtsmann-Nuss-Sabine-Seyffert.de-6.jpg\" alt=\"\" width=\"800\" height=\"600\" srcset=\"https:\/\/www.sabine-seyffert.de\/blog\/wp-content\/uploads\/2021\/11\/Anh\u00e4nger-Weihnachtsmann-Nuss-Sabine-Seyffert.de-6.jpg 800w, https:\/\/www.sabine-seyffert.de\/blog\/wp-content\/uploads\/2021\/11\/Anh\u00e4nger-Weihnachtsmann-Nuss-Sabine-Seyffert.de-6-300x225.jpg 300w, https:\/\/www.sabine-seyffert.de\/blog\/wp-content\/uploads\/2021\/11\/Anh\u00e4nger-Weihnachtsmann-Nuss-Sabine-Seyffert.de-6-768x576.jpg 768w\" sizes=\"auto, (max-width: 800px) 100vw, 800px\" \/><\/a><\/p>\n<p style=\"text-align: justify;\"><strong>Ein kleiner Tipp:<\/strong><br \/>\nWer mag kann den Anh\u00e4nger noch weiter verzieren. Aus <a href=\"https:\/\/www.sabine-seyffert.de\/blog\/?p=13917\" target=\"_blank\" rel=\"noopener noreferrer\">selbst gemachtem Bastelpapier<\/a> habe ich kleine Herzen ausgeschnitten und mit Stempeln einen kleinen Weihnachtsgru\u00df darauf gedruckt. Noch ein paar wei\u00dfe Schneeflocken mit Bastelfarbe und Streichholz aufgetupft und schon wird es ganz winterlich.<\/p>\n<p style=\"text-align: center;\"><a href=\"https:\/\/www.sabine-seyffert.de\/blog\/wp-content\/uploads\/2021\/11\/Anh\u00e4nger-Weihnachtsmann-Nuss-Sabine-Seyffert.de-2.jpg\"><img loading=\"lazy\" decoding=\"async\" class=\"alignnone size-full wp-image-21786\" src=\"https:\/\/www.sabine-seyffert.de\/blog\/wp-content\/uploads\/2021\/11\/Anh\u00e4nger-Weihnachtsmann-Nuss-Sabine-Seyffert.de-2.jpg\" alt=\"\" width=\"600\" height=\"800\" srcset=\"https:\/\/www.sabine-seyffert.de\/blog\/wp-content\/uploads\/2021\/11\/Anh\u00e4nger-Weihnachtsmann-Nuss-Sabine-Seyffert.de-2.jpg 600w, https:\/\/www.sabine-seyffert.de\/blog\/wp-content\/uploads\/2021\/11\/Anh\u00e4nger-Weihnachtsmann-Nuss-Sabine-Seyffert.de-2-225x300.jpg 225w\" sizes=\"auto, (max-width: 600px) 100vw, 600px\" \/><\/a><\/p>\n<p style=\"text-align: justify;\">Wie schon <a href=\"https:\/\/www.sabine-seyffert.de\/blog\/?p=15487\" target=\"_blank\" rel=\"noopener noreferrer\">hier mit den Weihnachtsb\u00e4umen aus Kaffeefiltern<\/a> und auch\u00a0 <a href=\"https:\/\/www.sabine-seyffert.de\/blog\/?p=17857\" target=\"_blank\" rel=\"noopener noreferrer\">dort mit den selbst gemachten Weihnachtst\u00fcten<\/a> bin ich in diesem Jahr wieder bei Ioana und ihrem Blog <a href=\"https:\/\/missredfox.de\/\" target=\"_blank\" rel=\"noopener noreferrer\">Miss Red Fox<\/a> zu Besuch und darf das zweite T\u00fcrchen am Adventskalender \u00f6ffnen.<\/p>\n<p style=\"text-align: justify;\">Au\u00dfer mir sind noch zahlreiche liebe Bloggerinnen mit dabei. Schaut gerne mal vorbei:<\/p>\n<p style=\"text-align: center;\">1.12. <a href=\"https:\/\/www.werkstattartig.de\/startseite\/home....\/\" target=\"_blank\" rel=\"noopener noreferrer\">werkstattartig<\/a><br \/>\n2.12. <a href=\"https:\/\/www.sabine-seyffert.de\/blog\/\" target=\"_blank\" rel=\"noopener noreferrer\">Insel der Stille<\/a><br \/>\n3.12. <a href=\"https:\/\/www.instagram.com\/abc.doro.t\/\" target=\"_blank\" rel=\"noopener noreferrer\">Dorothee<\/a><br \/>\n4.12. <a href=\"https:\/\/lovedecorations.de\/\" target=\"_blank\" rel=\"noopener noreferrer\">Lovedecorations<\/a><br \/>\n5.12. <a href=\"https:\/\/www.smillaswohngefuehl.com\/\" target=\"_blank\" rel=\"noopener noreferrer\">Smillaswohngefuehl<\/a><br \/>\n6.12. <a href=\"https:\/\/aye-aye-diy.com\/\" target=\"_blank\" rel=\"noopener noreferrer\">Aye-aye-diy<\/a><br \/>\n7.12. <a href=\"https:\/\/www.katimakeit.de\/\" target=\"_blank\" rel=\"noopener noreferrer\">Katimakeit<\/a><br \/>\n8.12. <a href=\"https:\/\/studio-karamelo.com\/blog\" target=\"_blank\" rel=\"noopener noreferrer\">Studio Karamelo<\/a><br \/>\n9.12. <a href=\"https:\/\/www.lieblingsgeschenk.com\/\" target=\"_blank\" rel=\"noopener noreferrer\">Lieblingsgeschenk<\/a><br \/>\n10.12. <a href=\"https:\/\/www.imje.de\/\" target=\"_blank\" rel=\"noopener noreferrer\">Imje<\/a><br \/>\n11.12. <a href=\"https:\/\/www.instagram.com\/lena.liebt.das.so\/\" target=\"_blank\" rel=\"noopener noreferrer\">Lena<\/a><br \/>\n12.12. <a href=\"https:\/\/kathyloves.de\/\" target=\"_blank\" rel=\"noopener noreferrer\">Kathyloves<\/a><br \/>\n13.12. <a href=\"https:\/\/www.meinideenfaenger.de\/\" target=\"_blank\" rel=\"noopener noreferrer\">Meinideenfaenger<\/a><br \/>\n14.12. <a href=\"http:\/\/grey-crown.blogspot.com\/\" target=\"_blank\" rel=\"noopener noreferrer\">Grey-crown<\/a><br \/>\n15.12. <a href=\"https:\/\/www.instagram.com\/puenktchenundanja\/\" target=\"_blank\" rel=\"noopener noreferrer\">Anja<\/a><br \/>\n16.12. <a href=\"https:\/\/www.kathrinspapier.de\/\" target=\"_blank\" rel=\"noopener noreferrer\">Kathrinspapier<\/a><br \/>\n17.12. <a href=\"https:\/\/www.instagram.com\/kreativalldays\/\" target=\"_blank\" rel=\"noopener noreferrer\">Franzi<\/a><br \/>\n18.12. <a href=\"https:\/\/diy-geschenke.de\/\" target=\"_blank\" rel=\"noopener noreferrer\">Diy-Geschenke<\/a><br \/>\n19.12. <a href=\"https:\/\/farbenmaedchen.de\/\" target=\"_blank\" rel=\"noopener noreferrer\">Farbenm\u00e4dchen<\/a><br \/>\n20.12. <a href=\"https:\/\/www.happydots.de\/\" target=\"_blank\" rel=\"noopener noreferrer\">Happydots<\/a><br \/>\n21.12. <a href=\"https:\/\/www.instagram.com\/maxima.chts\/\" target=\"_blank\" rel=\"noopener noreferrer\">Maxi<\/a><br \/>\n22.12. <a href=\"https:\/\/lady-bella.de\/\" target=\"_blank\" rel=\"noopener noreferrer\">Lady-bella<\/a><br \/>\n23.12. <a href=\"https:\/\/www.salakreativ.de\/\" target=\"_blank\" rel=\"noopener noreferrer\">Salakreativ<\/a><br \/>\n24.12. <a href=\"https:\/\/missredfox.de\/\" target=\"_blank\" rel=\"noopener noreferrer\">Miss Red Fox<\/a><\/p>\n<p style=\"text-align: center;\"><a href=\"https:\/\/www.sabine-seyffert.de\/blog\/wp-content\/uploads\/2021\/11\/Adventskalender-Ioanna-2021.jpg\"><img loading=\"lazy\" decoding=\"async\" class=\"alignnone size-full wp-image-21778\" src=\"https:\/\/www.sabine-seyffert.de\/blog\/wp-content\/uploads\/2021\/11\/Adventskalender-Ioanna-2021.jpg\" alt=\"\" width=\"640\" height=\"841\" srcset=\"https:\/\/www.sabine-seyffert.de\/blog\/wp-content\/uploads\/2021\/11\/Adventskalender-Ioanna-2021.jpg 640w, https:\/\/www.sabine-seyffert.de\/blog\/wp-content\/uploads\/2021\/11\/Adventskalender-Ioanna-2021-228x300.jpg 228w\" sizes=\"auto, (max-width: 640px) 100vw, 640px\" \/><\/a><\/p>\n<p style=\"text-align: justify;\">Weitere DIY Bastelideen f\u00fcr Kinder findet ihr \u00fcbrigens in <a href=\"https:\/\/www.sabine-seyffert.de\/blog\/?cat=32\" target=\"_blank\" rel=\"noopener noreferrer\">dieser Blog Kategorie<\/a>, alles zum Thema Upcycling mit detaillierter Bastelanleitung gibt es in <a href=\"https:\/\/www.sabine-seyffert.de\/blog\/?cat=47\" target=\"_blank\" rel=\"noopener noreferrer\">dieser Rubrik<\/a>, selbst gemachte Geschenkverpackungen an <a href=\"https:\/\/www.sabine-seyffert.de\/blog\/?cat=49\" target=\"_blank\" rel=\"noopener noreferrer\">dieser Stelle<\/a>, Weihnachtsideen <a href=\"https:\/\/www.sabine-seyffert.de\/blog\/?cat=41\" target=\"_blank\" rel=\"noopener noreferrer\">hier<\/a>, alles rund um die Winterzeit sind in <a href=\"https:\/\/www.sabine-seyffert.de\/blog\/?cat=22\" target=\"_blank\" rel=\"noopener noreferrer\">diesem Blog Ordner<\/a> oder <a href=\"https:\/\/www.pinterest.de\/diysabineseyffert\/\" target=\"_blank\" rel=\"noopener noreferrer\">meiner Pinnwand<\/a>.<\/p>\n<p style=\"text-align: center;\"><a href=\"https:\/\/www.sabine-seyffert.de\/blog\/wp-content\/uploads\/2021\/11\/Anh\u00e4nger-Weihnachtsmann-Nuss-Sabine-Seyffert.de-1.jpg\"><img loading=\"lazy\" decoding=\"async\" class=\"alignnone size-full wp-image-21787\" src=\"https:\/\/www.sabine-seyffert.de\/blog\/wp-content\/uploads\/2021\/11\/Anh\u00e4nger-Weihnachtsmann-Nuss-Sabine-Seyffert.de-1.jpg\" alt=\"\" width=\"600\" height=\"800\" srcset=\"https:\/\/www.sabine-seyffert.de\/blog\/wp-content\/uploads\/2021\/11\/Anh\u00e4nger-Weihnachtsmann-Nuss-Sabine-Seyffert.de-1.jpg 600w, https:\/\/www.sabine-seyffert.de\/blog\/wp-content\/uploads\/2021\/11\/Anh\u00e4nger-Weihnachtsmann-Nuss-Sabine-Seyffert.de-1-225x300.jpg 225w\" sizes=\"auto, (max-width: 600px) 100vw, 600px\" \/><\/a><\/p>\n<p style=\"text-align: justify;\"><a href=\"https:\/\/www.sabine-seyffert.de\/blog\/?page_id=32#urheberrecht\">urheberrechtlich gesch\u00fctzt<\/a>, \u00a9 Sabine Seyffert<\/p>\n","protected":false},"excerpt":{"rendered":"<p>So langsam n\u00e4hert sich Weihnachten und es wird Zeit Geschenke, kleine Nikolaus \u00dcberraschungen, selbst gebackene Pl\u00e4tzchen als Mitbringsel oder andere Kleinigkeiten zu sch\u00f6n verpacken. Statt einer Geschenkverpackung gibt es selbst gemachte Anh\u00e4nger, die Weihnachtsgeschenke zu einem echten Hingucker machen. Denn darauf kleben kleine Weihnachtsm\u00e4nner, die sich ganz einfach aus Walnuss Schalen basteln lassen. Das wird&#8230; <a href=\"https:\/\/www.sabine-seyffert.de\/blog\/weihnachtliche-diy-geschenkanhaenger-mit-walnuss-als-weihnachtsmann\/\" class=\"more-link\">Read more: Weihnachtliche DIY Geschenkanh\u00e4nger mit Walnuss als Weihnachtsmann<\/a><\/p>\n","protected":false},"author":2,"featured_media":0,"comment_status":"open","ping_status":"open","sticky":false,"template":"","format":"standard","meta":{"_metis_text_type":"","_metis_text_length":3045,"_post_count":0,"footnotes":""},"categories":[41,49,47],"tags":[],"class_list":["post-21776","post","type-post","status-publish","format-standard","hentry","category-weihnachten","category-verpackungsideen","category-upcyceltes"],"_links":{"self":[{"href":"https:\/\/www.sabine-seyffert.de\/blog\/wp-json\/wp\/v2\/posts\/21776","targetHints":{"allow":["GET"]}}],"collection":[{"href":"https:\/\/www.sabine-seyffert.de\/blog\/wp-json\/wp\/v2\/posts"}],"about":[{"href":"https:\/\/www.sabine-seyffert.de\/blog\/wp-json\/wp\/v2\/types\/post"}],"author":[{"embeddable":true,"href":"https:\/\/www.sabine-seyffert.de\/blog\/wp-json\/wp\/v2\/users\/2"}],"replies":[{"embeddable":true,"href":"https:\/\/www.sabine-seyffert.de\/blog\/wp-json\/wp\/v2\/comments?post=21776"}],"version-history":[{"count":5,"href":"https:\/\/www.sabine-seyffert.de\/blog\/wp-json\/wp\/v2\/posts\/21776\/revisions"}],"predecessor-version":[{"id":24595,"href":"https:\/\/www.sabine-seyffert.de\/blog\/wp-json\/wp\/v2\/posts\/21776\/revisions\/24595"}],"wp:attachment":[{"href":"https:\/\/www.sabine-seyffert.de\/blog\/wp-json\/wp\/v2\/media?parent=21776"}],"wp:term":[{"taxonomy":"category","embeddable":true,"href":"https:\/\/www.sabine-seyffert.de\/blog\/wp-json\/wp\/v2\/categories?post=21776"},{"taxonomy":"post_tag","embeddable":true,"href":"https:\/\/www.sabine-seyffert.de\/blog\/wp-json\/wp\/v2\/tags?post=21776"}],"curies":[{"name":"wp","href":"https:\/\/api.w.org\/{rel}","templated":true}]}}