{"id":21743,"date":"2021-11-27T06:00:48","date_gmt":"2021-11-27T04:00:48","guid":{"rendered":"https:\/\/www.sabine-seyffert.de\/blog\/?p=21743"},"modified":"2022-12-02T19:51:26","modified_gmt":"2022-12-02T17:51:26","slug":"diy-deko-upcycling-idee-fuer-weihnachten-selbst-gemachte-weihnachtsgirlande","status":"publish","type":"post","link":"https:\/\/www.sabine-seyffert.de\/blog\/diy-deko-upcycling-idee-fuer-weihnachten-selbst-gemachte-weihnachtsgirlande\/","title":{"rendered":"DIY Deko &#038; Upcycling Idee f\u00fcr Weihnachten: Selbst gemachte Weihnachtsgirlande"},"content":{"rendered":"<p style=\"text-align: justify;\"><img loading=\"lazy\" decoding=\"async\" src=\"https:\/\/vg01.met.vgwort.de\/na\/cde1e1f5d21343a7a1f0032960eaf2e5\" alt=\"\" width=\"1\" height=\"1\" \/>In der Weihnachtszeit mag ich Girlanden besonders gerne. Vor kurzem habe ich eine aus einem leeren Pappkarton upcycelt. Unsere Variante ist relativ klein und handlich, da ich damit einen Kranz dekoriert habe. Dasselbe kann man aber auch prima in gr\u00f6\u00dferem Format basteln und damit dann Fenster, T\u00fcr oder Wand schm\u00fccken.<br \/>\nEin Schwung an Pappe, eine Priese Fantasie und Bastelfarbe sind so ziemlich das wichtigste Bastelmaterial f\u00fcr diese Do-it-Yourself Idee.<\/p>\n<p style=\"text-align: center;\"><a href=\"https:\/\/www.sabine-seyffert.de\/blog\/wp-content\/uploads\/2021\/11\/Girlande-Mini-Weihnachten-Sabine-Seyffert.de-4.jpg\"><img loading=\"lazy\" decoding=\"async\" class=\"alignnone size-full wp-image-21744\" src=\"https:\/\/www.sabine-seyffert.de\/blog\/wp-content\/uploads\/2021\/11\/Girlande-Mini-Weihnachten-Sabine-Seyffert.de-4.jpg\" alt=\"\" width=\"800\" height=\"600\" srcset=\"https:\/\/www.sabine-seyffert.de\/blog\/wp-content\/uploads\/2021\/11\/Girlande-Mini-Weihnachten-Sabine-Seyffert.de-4.jpg 800w, https:\/\/www.sabine-seyffert.de\/blog\/wp-content\/uploads\/2021\/11\/Girlande-Mini-Weihnachten-Sabine-Seyffert.de-4-300x225.jpg 300w, https:\/\/www.sabine-seyffert.de\/blog\/wp-content\/uploads\/2021\/11\/Girlande-Mini-Weihnachten-Sabine-Seyffert.de-4-768x576.jpg 768w\" sizes=\"auto, (max-width: 800px) 100vw, 800px\" \/><\/a><\/p>\n<p style=\"text-align: justify;\"><strong>Das wird gebraucht:<\/strong><br \/>\nPappe \/ Karton, einen Bleistift, eine Bastelschere, Bastelfarbe oder einen Wasserfarbkasten inklusiv Deckwei\u00df, Pinsel, Streichh\u00f6lzer \/ Zahnstocher, d\u00fcnne Kordel und Holz W\u00e4scheklammern sowie eine Malunterlage und ggf. <a href=\"https:\/\/www.sabine-seyffert.de\/blog\/?p=12310\" target=\"_blank\" rel=\"noopener noreferrer\">Malkittel<\/a> falls Kinder mit dabei helfen oder die Girlande eigenst\u00e4ndig basteln wollen.<\/p>\n<p style=\"text-align: center;\"><a href=\"https:\/\/www.sabine-seyffert.de\/blog\/wp-content\/uploads\/2021\/11\/Girlande-Mini-Weihnachten-Sabine-Seyffert.de-8.jpg\"><img loading=\"lazy\" decoding=\"async\" class=\"alignnone size-full wp-image-21745\" src=\"https:\/\/www.sabine-seyffert.de\/blog\/wp-content\/uploads\/2021\/11\/Girlande-Mini-Weihnachten-Sabine-Seyffert.de-8.jpg\" alt=\"\" width=\"800\" height=\"600\" srcset=\"https:\/\/www.sabine-seyffert.de\/blog\/wp-content\/uploads\/2021\/11\/Girlande-Mini-Weihnachten-Sabine-Seyffert.de-8.jpg 800w, https:\/\/www.sabine-seyffert.de\/blog\/wp-content\/uploads\/2021\/11\/Girlande-Mini-Weihnachten-Sabine-Seyffert.de-8-300x225.jpg 300w, https:\/\/www.sabine-seyffert.de\/blog\/wp-content\/uploads\/2021\/11\/Girlande-Mini-Weihnachten-Sabine-Seyffert.de-8-768x576.jpg 768w\" sizes=\"auto, (max-width: 800px) 100vw, 800px\" \/><\/a><\/p>\n<p style=\"text-align: justify;\"><strong>So wird\u2019s gemacht:<\/strong><br \/>\nAm besten zerschneidet ihr euch einen leeren Karton mit einem scharfen Bastelmesser \/ Cutter.<\/p>\n<p style=\"text-align: center;\"><a href=\"https:\/\/www.sabine-seyffert.de\/blog\/wp-content\/uploads\/2021\/11\/Girlande-Mini-Weihnachten-Sabine-Seyffert.de-7.jpg\"><img loading=\"lazy\" decoding=\"async\" class=\"alignnone size-full wp-image-21751\" src=\"https:\/\/www.sabine-seyffert.de\/blog\/wp-content\/uploads\/2021\/11\/Girlande-Mini-Weihnachten-Sabine-Seyffert.de-7.jpg\" alt=\"\" width=\"800\" height=\"600\" srcset=\"https:\/\/www.sabine-seyffert.de\/blog\/wp-content\/uploads\/2021\/11\/Girlande-Mini-Weihnachten-Sabine-Seyffert.de-7.jpg 800w, https:\/\/www.sabine-seyffert.de\/blog\/wp-content\/uploads\/2021\/11\/Girlande-Mini-Weihnachten-Sabine-Seyffert.de-7-300x225.jpg 300w, https:\/\/www.sabine-seyffert.de\/blog\/wp-content\/uploads\/2021\/11\/Girlande-Mini-Weihnachten-Sabine-Seyffert.de-7-768x576.jpg 768w\" sizes=\"auto, (max-width: 800px) 100vw, 800px\" \/><\/a><\/p>\n<p style=\"text-align: justify;\">Mit Bleistift k\u00f6nnt ihr euch nun auf der Pappe verschiedene, weihnachtliche Symbole vorzeichnen, wie beispielsweise eine Zuckerstange, ein Pfefferkuchenmann, ein Nikolaussack, eine Nikolausm\u00fctze, Handschuhe, Glocke, Nikolausstiefel, Sterne, Sternschnuppe, Mond. Engel, Geschenk u.v.m.<\/p>\n<p style=\"text-align: center;\"><a href=\"https:\/\/www.sabine-seyffert.de\/blog\/wp-content\/uploads\/2021\/11\/Girlande-Mini-Weihnachten-Sabine-Seyffert.de-6.jpg\"><img loading=\"lazy\" decoding=\"async\" class=\"alignnone size-full wp-image-21752\" src=\"https:\/\/www.sabine-seyffert.de\/blog\/wp-content\/uploads\/2021\/11\/Girlande-Mini-Weihnachten-Sabine-Seyffert.de-6.jpg\" alt=\"\" width=\"800\" height=\"600\" srcset=\"https:\/\/www.sabine-seyffert.de\/blog\/wp-content\/uploads\/2021\/11\/Girlande-Mini-Weihnachten-Sabine-Seyffert.de-6.jpg 800w, https:\/\/www.sabine-seyffert.de\/blog\/wp-content\/uploads\/2021\/11\/Girlande-Mini-Weihnachten-Sabine-Seyffert.de-6-300x225.jpg 300w, https:\/\/www.sabine-seyffert.de\/blog\/wp-content\/uploads\/2021\/11\/Girlande-Mini-Weihnachten-Sabine-Seyffert.de-6-768x576.jpg 768w\" sizes=\"auto, (max-width: 800px) 100vw, 800px\" \/><\/a><\/p>\n<p style=\"text-align: justify;\">Dann schneidet ihr die einzelnen Motive aus und bemalt diese nach euren Vorstellungen.<\/p>\n<p style=\"text-align: center;\"><a href=\"https:\/\/www.sabine-seyffert.de\/blog\/wp-content\/uploads\/2021\/11\/Girlande-Mini-Weihnachten-Sabine-Seyffert.de-3.jpg\"><img loading=\"lazy\" decoding=\"async\" class=\"alignnone size-full wp-image-21753\" src=\"https:\/\/www.sabine-seyffert.de\/blog\/wp-content\/uploads\/2021\/11\/Girlande-Mini-Weihnachten-Sabine-Seyffert.de-3.jpg\" alt=\"\" width=\"800\" height=\"600\" srcset=\"https:\/\/www.sabine-seyffert.de\/blog\/wp-content\/uploads\/2021\/11\/Girlande-Mini-Weihnachten-Sabine-Seyffert.de-3.jpg 800w, https:\/\/www.sabine-seyffert.de\/blog\/wp-content\/uploads\/2021\/11\/Girlande-Mini-Weihnachten-Sabine-Seyffert.de-3-300x225.jpg 300w, https:\/\/www.sabine-seyffert.de\/blog\/wp-content\/uploads\/2021\/11\/Girlande-Mini-Weihnachten-Sabine-Seyffert.de-3-768x576.jpg 768w\" sizes=\"auto, (max-width: 800px) 100vw, 800px\" \/><\/a><\/p>\n<p style=\"text-align: justify;\">Ich habe die Mini Girlande in Rot und Wei\u00df gehalten, damit es weihnachtlich und winterlich zugleich ist. Dabei habe ich die wei\u00dfe Farbe mit Wasser gemischt, so dass ein leichter Vintage Look entsteht.<\/p>\n<p style=\"text-align: center;\"><a href=\"https:\/\/www.sabine-seyffert.de\/blog\/wp-content\/uploads\/2021\/11\/Girlande-Mini-Weihnachten-Sabine-Seyffert.de-5.jpg\"><img loading=\"lazy\" decoding=\"async\" class=\"alignnone size-full wp-image-21754\" src=\"https:\/\/www.sabine-seyffert.de\/blog\/wp-content\/uploads\/2021\/11\/Girlande-Mini-Weihnachten-Sabine-Seyffert.de-5.jpg\" alt=\"\" width=\"800\" height=\"600\" srcset=\"https:\/\/www.sabine-seyffert.de\/blog\/wp-content\/uploads\/2021\/11\/Girlande-Mini-Weihnachten-Sabine-Seyffert.de-5.jpg 800w, https:\/\/www.sabine-seyffert.de\/blog\/wp-content\/uploads\/2021\/11\/Girlande-Mini-Weihnachten-Sabine-Seyffert.de-5-300x225.jpg 300w, https:\/\/www.sabine-seyffert.de\/blog\/wp-content\/uploads\/2021\/11\/Girlande-Mini-Weihnachten-Sabine-Seyffert.de-5-768x576.jpg 768w\" sizes=\"auto, (max-width: 800px) 100vw, 800px\" \/><\/a><\/p>\n<p style=\"text-align: justify;\">Teilweise habe ich die Motive auch in natur belassen oder auch Geschenkband, Baker Twine oder bemaltes Zeitungspapier eingesetzt um leichte Akzente zu setzen. Wie schon gesagt, dies ist reine Geschmackssache und eurer Fantasie \u00fcberlassen.<\/p>\n<p style=\"text-align: center;\"><a href=\"https:\/\/www.sabine-seyffert.de\/blog\/wp-content\/uploads\/2021\/11\/Girlande-Mini-Weihnachten-Sabine-Seyffert.de-1.jpg\"><img loading=\"lazy\" decoding=\"async\" class=\"alignnone size-full wp-image-21750\" src=\"https:\/\/www.sabine-seyffert.de\/blog\/wp-content\/uploads\/2021\/11\/Girlande-Mini-Weihnachten-Sabine-Seyffert.de-1.jpg\" alt=\"\" width=\"800\" height=\"600\" srcset=\"https:\/\/www.sabine-seyffert.de\/blog\/wp-content\/uploads\/2021\/11\/Girlande-Mini-Weihnachten-Sabine-Seyffert.de-1.jpg 800w, https:\/\/www.sabine-seyffert.de\/blog\/wp-content\/uploads\/2021\/11\/Girlande-Mini-Weihnachten-Sabine-Seyffert.de-1-300x225.jpg 300w, https:\/\/www.sabine-seyffert.de\/blog\/wp-content\/uploads\/2021\/11\/Girlande-Mini-Weihnachten-Sabine-Seyffert.de-1-768x576.jpg 768w\" sizes=\"auto, (max-width: 800px) 100vw, 800px\" \/><\/a><\/p>\n<p style=\"text-align: justify;\">Nach dem die Farbe trocken ist, schnappt ihr euch die W\u00e4scheklammern und befestigt die einzelnen Figuren so an einer Kordel.<\/p>\n<p style=\"text-align: center;\"><a href=\"https:\/\/www.sabine-seyffert.de\/blog\/wp-content\/uploads\/2021\/11\/Girlande-Mini-Weihnachten-Sabine-Seyffert.de-13.jpg\"><img loading=\"lazy\" decoding=\"async\" class=\"alignnone size-full wp-image-21749\" src=\"https:\/\/www.sabine-seyffert.de\/blog\/wp-content\/uploads\/2021\/11\/Girlande-Mini-Weihnachten-Sabine-Seyffert.de-13.jpg\" alt=\"\" width=\"600\" height=\"800\" srcset=\"https:\/\/www.sabine-seyffert.de\/blog\/wp-content\/uploads\/2021\/11\/Girlande-Mini-Weihnachten-Sabine-Seyffert.de-13.jpg 600w, https:\/\/www.sabine-seyffert.de\/blog\/wp-content\/uploads\/2021\/11\/Girlande-Mini-Weihnachten-Sabine-Seyffert.de-13-225x300.jpg 225w\" sizes=\"auto, (max-width: 600px) 100vw, 600px\" \/><\/a><\/p>\n<p style=\"text-align: justify;\"><strong>Ein kleiner Tipp:<\/strong><br \/>\nFarbe und Gr\u00f6\u00dfe der Girlande k\u00f6nnt ihr nat\u00fcrlich nach euren Vorstellungen variieren. Sch\u00f6n verpackt eignet sich die mit Liebe hergestellte Deko \u00fcbrigens auch prima als Weihnachtsgeschenk!<\/p>\n<p style=\"text-align: center;\"><a href=\"https:\/\/www.sabine-seyffert.de\/blog\/wp-content\/uploads\/2021\/11\/Girlande-Mini-Weihnachten-Sabine-Seyffert.de-9.jpg\"><img loading=\"lazy\" decoding=\"async\" class=\"alignnone size-full wp-image-21748\" src=\"https:\/\/www.sabine-seyffert.de\/blog\/wp-content\/uploads\/2021\/11\/Girlande-Mini-Weihnachten-Sabine-Seyffert.de-9.jpg\" alt=\"\" width=\"600\" height=\"800\" srcset=\"https:\/\/www.sabine-seyffert.de\/blog\/wp-content\/uploads\/2021\/11\/Girlande-Mini-Weihnachten-Sabine-Seyffert.de-9.jpg 600w, https:\/\/www.sabine-seyffert.de\/blog\/wp-content\/uploads\/2021\/11\/Girlande-Mini-Weihnachten-Sabine-Seyffert.de-9-225x300.jpg 225w\" sizes=\"auto, (max-width: 600px) 100vw, 600px\" \/><\/a><\/p>\n<p style=\"text-align: justify;\">Diese Woche dreht sich bei der <a href=\"https:\/\/www.instagram.com\/diy_sabine_seyffert\/\" target=\"_blank\" rel=\"noopener noreferrer\">#DIYchallengederwoche<\/a> alles um das Thema Weihnachten. Schaut doch mal vorbei oder macht mit, wenn ihr Lust habt!<\/p>\n<p style=\"text-align: center;\"><a href=\"https:\/\/www.sabine-seyffert.de\/blog\/wp-content\/uploads\/2021\/11\/Girlande-Mini-Weihnachten-Sabine-Seyffert.de-10.jpg\"><img loading=\"lazy\" decoding=\"async\" class=\"alignnone size-full wp-image-21747\" src=\"https:\/\/www.sabine-seyffert.de\/blog\/wp-content\/uploads\/2021\/11\/Girlande-Mini-Weihnachten-Sabine-Seyffert.de-10.jpg\" alt=\"\" width=\"600\" height=\"800\" srcset=\"https:\/\/www.sabine-seyffert.de\/blog\/wp-content\/uploads\/2021\/11\/Girlande-Mini-Weihnachten-Sabine-Seyffert.de-10.jpg 600w, https:\/\/www.sabine-seyffert.de\/blog\/wp-content\/uploads\/2021\/11\/Girlande-Mini-Weihnachten-Sabine-Seyffert.de-10-225x300.jpg 225w\" sizes=\"auto, (max-width: 600px) 100vw, 600px\" \/><\/a><\/p>\n<p style=\"text-align: justify;\">Weitere kreative Deko Ideen zum Selbermachen findet ihr \u00fcbrigens in <a href=\"https:\/\/www.sabine-seyffert.de\/blog\/?cat=12\" target=\"_blank\" rel=\"noopener noreferrer\">dieser Blog Kategorie<\/a>, alles zum Thema Upcycling mit detaillierter Bastelanleitung gibt es in <a href=\"https:\/\/www.sabine-seyffert.de\/blog\/?cat=47\" target=\"_blank\" rel=\"noopener noreferrer\">dieser Rubrik<\/a>, alles rund um die Weihnachtszeit sind in <a href=\"https:\/\/www.sabine-seyffert.de\/blog\/?cat=41\" target=\"_blank\" rel=\"noopener noreferrer\">diesem Blog Ordner<\/a>, an <a href=\"https:\/\/www.pinterest.de\/diysabineseyffert\/\" target=\"_blank\" rel=\"noopener noreferrer\">meiner Pinnwand<\/a> und andere kreative Sachen auch an dieser Stelle.<\/p>\n<p style=\"text-align: center;\"><a href=\"https:\/\/www.sabine-seyffert.de\/blog\/wp-content\/uploads\/2021\/11\/Girlande-Mini-Weihnachten-Sabine-Seyffert.de-11.jpg\"><img loading=\"lazy\" decoding=\"async\" class=\"alignnone size-full wp-image-21746\" src=\"https:\/\/www.sabine-seyffert.de\/blog\/wp-content\/uploads\/2021\/11\/Girlande-Mini-Weihnachten-Sabine-Seyffert.de-11.jpg\" alt=\"\" width=\"600\" height=\"800\" srcset=\"https:\/\/www.sabine-seyffert.de\/blog\/wp-content\/uploads\/2021\/11\/Girlande-Mini-Weihnachten-Sabine-Seyffert.de-11.jpg 600w, https:\/\/www.sabine-seyffert.de\/blog\/wp-content\/uploads\/2021\/11\/Girlande-Mini-Weihnachten-Sabine-Seyffert.de-11-225x300.jpg 225w\" sizes=\"auto, (max-width: 600px) 100vw, 600px\" \/><\/a><\/p>\n<p style=\"text-align: justify;\"><a href=\"https:\/\/www.sabine-seyffert.de\/blog\/?page_id=32#urheberrecht\">urheberrechtlich gesch\u00fctzt<\/a>, \u00a9 Sabine Seyffert<\/p>\n","protected":false},"excerpt":{"rendered":"<p>In der Weihnachtszeit mag ich Girlanden besonders gerne. Vor kurzem habe ich eine aus einem leeren Pappkarton upcycelt. Unsere Variante ist relativ klein und handlich, da ich damit einen Kranz dekoriert habe. Dasselbe kann man aber auch prima in gr\u00f6\u00dferem Format basteln und damit dann Fenster, T\u00fcr oder Wand schm\u00fccken. Ein Schwung an Pappe, eine&#8230; <a href=\"https:\/\/www.sabine-seyffert.de\/blog\/diy-deko-upcycling-idee-fuer-weihnachten-selbst-gemachte-weihnachtsgirlande\/\" class=\"more-link\">Read more: DIY Deko &#038; Upcycling Idee f\u00fcr Weihnachten: Selbst gemachte Weihnachtsgirlande<\/a><\/p>\n","protected":false},"author":2,"featured_media":0,"comment_status":"open","ping_status":"open","sticky":false,"template":"","format":"standard","meta":{"_metis_text_type":"","_metis_text_length":2533,"_post_count":0,"footnotes":""},"categories":[41,12,47],"tags":[],"class_list":["post-21743","post","type-post","status-publish","format-standard","hentry","category-weihnachten","category-deko-ideen","category-upcyceltes"],"_links":{"self":[{"href":"https:\/\/www.sabine-seyffert.de\/blog\/wp-json\/wp\/v2\/posts\/21743","targetHints":{"allow":["GET"]}}],"collection":[{"href":"https:\/\/www.sabine-seyffert.de\/blog\/wp-json\/wp\/v2\/posts"}],"about":[{"href":"https:\/\/www.sabine-seyffert.de\/blog\/wp-json\/wp\/v2\/types\/post"}],"author":[{"embeddable":true,"href":"https:\/\/www.sabine-seyffert.de\/blog\/wp-json\/wp\/v2\/users\/2"}],"replies":[{"embeddable":true,"href":"https:\/\/www.sabine-seyffert.de\/blog\/wp-json\/wp\/v2\/comments?post=21743"}],"version-history":[{"count":5,"href":"https:\/\/www.sabine-seyffert.de\/blog\/wp-json\/wp\/v2\/posts\/21743\/revisions"}],"predecessor-version":[{"id":24543,"href":"https:\/\/www.sabine-seyffert.de\/blog\/wp-json\/wp\/v2\/posts\/21743\/revisions\/24543"}],"wp:attachment":[{"href":"https:\/\/www.sabine-seyffert.de\/blog\/wp-json\/wp\/v2\/media?parent=21743"}],"wp:term":[{"taxonomy":"category","embeddable":true,"href":"https:\/\/www.sabine-seyffert.de\/blog\/wp-json\/wp\/v2\/categories?post=21743"},{"taxonomy":"post_tag","embeddable":true,"href":"https:\/\/www.sabine-seyffert.de\/blog\/wp-json\/wp\/v2\/tags?post=21743"}],"curies":[{"name":"wp","href":"https:\/\/api.w.org\/{rel}","templated":true}]}}