{"id":21726,"date":"2021-11-26T06:00:11","date_gmt":"2021-11-26T04:00:11","guid":{"rendered":"https:\/\/www.sabine-seyffert.de\/blog\/?p=21726"},"modified":"2022-12-06T10:44:09","modified_gmt":"2022-12-06T08:44:09","slug":"diy-geschenkverpackung-upcycling-schneemann-gratuliert-zum-geburtstag","status":"publish","type":"post","link":"https:\/\/www.sabine-seyffert.de\/blog\/diy-geschenkverpackung-upcycling-schneemann-gratuliert-zum-geburtstag\/","title":{"rendered":"DIY Geschenkverpackung: Upcycling Schneemann gratuliert zum Geburtstag"},"content":{"rendered":"<p style=\"text-align: justify;\"><img loading=\"lazy\" decoding=\"async\" src=\"https:\/\/vg01.met.vgwort.de\/na\/35ad2a9548214d2f90f3fb6e45f29ce5\" alt=\"\" width=\"1\" height=\"1\" \/>Weihnachten naht und auch einige Geburtstage sind in Sicht, da sind wieder allerhand tolle Verpackungsideen gefragt. Und zu diesem Anlass wollen die Geschenke nat\u00fcrlich verpackt werden. Da der Winter nicht mehr weit ist und ich diese Jahreszeit ausgesprochen liebe, durften mal wieder Schneem\u00e4nner auf die Verpackung wandern. Ganz nachhaltig aus einem alten Karton und Zeitungspapier upcycelt \ud83d\ude09<\/p>\n<p style=\"text-align: center;\"><a href=\"https:\/\/www.sabine-seyffert.de\/blog\/wp-content\/uploads\/2021\/11\/Geschenk-Schneemann-An-Sabine-Seyffert.de-2.jpg\"><img loading=\"lazy\" decoding=\"async\" class=\"alignnone size-full wp-image-21727\" src=\"https:\/\/www.sabine-seyffert.de\/blog\/wp-content\/uploads\/2021\/11\/Geschenk-Schneemann-An-Sabine-Seyffert.de-2.jpg\" alt=\"\" width=\"800\" height=\"600\" srcset=\"https:\/\/www.sabine-seyffert.de\/blog\/wp-content\/uploads\/2021\/11\/Geschenk-Schneemann-An-Sabine-Seyffert.de-2.jpg 800w, https:\/\/www.sabine-seyffert.de\/blog\/wp-content\/uploads\/2021\/11\/Geschenk-Schneemann-An-Sabine-Seyffert.de-2-300x225.jpg 300w, https:\/\/www.sabine-seyffert.de\/blog\/wp-content\/uploads\/2021\/11\/Geschenk-Schneemann-An-Sabine-Seyffert.de-2-768x576.jpg 768w\" sizes=\"auto, (max-width: 800px) 100vw, 800px\" \/><\/a><\/p>\n<p style=\"text-align: justify;\"><strong>Das wird gebraucht:<\/strong><br \/>\nPackpapier, etwas Geschenkband oder Kordel, einen leeren Pappkarton (Pappe), eine alte Tageszeitung, Wasserfarbe incl. Deckwei\u00df, Pinsel, eine Bastelschere, Bastelkleber \/ Klebestift sowie optional eine Malunterlage oder abwaschbare Tischdecke<\/p>\n<p style=\"text-align: center;\"><a href=\"https:\/\/www.sabine-seyffert.de\/blog\/wp-content\/uploads\/2021\/11\/Geschenk-Schneemann-An-Sabine-Seyffert.de-5.jpg\"><img loading=\"lazy\" decoding=\"async\" class=\"alignnone size-full wp-image-21729\" src=\"https:\/\/www.sabine-seyffert.de\/blog\/wp-content\/uploads\/2021\/11\/Geschenk-Schneemann-An-Sabine-Seyffert.de-5.jpg\" alt=\"\" width=\"800\" height=\"600\" srcset=\"https:\/\/www.sabine-seyffert.de\/blog\/wp-content\/uploads\/2021\/11\/Geschenk-Schneemann-An-Sabine-Seyffert.de-5.jpg 800w, https:\/\/www.sabine-seyffert.de\/blog\/wp-content\/uploads\/2021\/11\/Geschenk-Schneemann-An-Sabine-Seyffert.de-5-300x225.jpg 300w, https:\/\/www.sabine-seyffert.de\/blog\/wp-content\/uploads\/2021\/11\/Geschenk-Schneemann-An-Sabine-Seyffert.de-5-768x576.jpg 768w\" sizes=\"auto, (max-width: 800px) 100vw, 800px\" \/><\/a><\/p>\n<p style=\"text-align: justify;\"><strong>So wird\u2019s gemacht:<\/strong><br \/>\nAls erstes habe ich die Geschenke in Packpapier gewickelt. Anschlie\u00dfend habe ich, aus <a href=\"https:\/\/www.sabine-seyffert.de\/blog\/?p=13917\" target=\"_blank\" rel=\"noopener noreferrer\">mit Wasserfarbe bemaltem Zeitungspapier<\/a> und einem leeren Karton, einen Schneemann gebastelt.<\/p>\n<p style=\"text-align: center;\"><a href=\"https:\/\/www.sabine-seyffert.de\/blog\/wp-content\/uploads\/2021\/11\/Geschenk-Schneemann-An-Sabine-Seyffert.de-6.jpg\"><img loading=\"lazy\" decoding=\"async\" class=\"alignnone size-full wp-image-21736\" src=\"https:\/\/www.sabine-seyffert.de\/blog\/wp-content\/uploads\/2021\/11\/Geschenk-Schneemann-An-Sabine-Seyffert.de-6.jpg\" alt=\"\" width=\"800\" height=\"600\" srcset=\"https:\/\/www.sabine-seyffert.de\/blog\/wp-content\/uploads\/2021\/11\/Geschenk-Schneemann-An-Sabine-Seyffert.de-6.jpg 800w, https:\/\/www.sabine-seyffert.de\/blog\/wp-content\/uploads\/2021\/11\/Geschenk-Schneemann-An-Sabine-Seyffert.de-6-300x225.jpg 300w, https:\/\/www.sabine-seyffert.de\/blog\/wp-content\/uploads\/2021\/11\/Geschenk-Schneemann-An-Sabine-Seyffert.de-6-768x576.jpg 768w\" sizes=\"auto, (max-width: 800px) 100vw, 800px\" \/><\/a><\/p>\n<p style=\"text-align: justify;\">Dazu habe ich mir den Schneemann sowie die ben\u00f6tigten Kleinteile wie Schneemannk\u00f6rper, M\u00fctze oder Hut, Geschenke und einen Sack mit Bleistift auf Pappe gezeichnet, diese ausgeschnitten und mit dem bemalten Zeitungspapier beklebt.<\/p>\n<p style=\"text-align: center;\"><a href=\"https:\/\/www.sabine-seyffert.de\/blog\/wp-content\/uploads\/2021\/11\/Geschenk-Schneemann-An-Sabine-Seyffert.de-4.jpg\"><img loading=\"lazy\" decoding=\"async\" class=\"alignnone size-full wp-image-21737\" src=\"https:\/\/www.sabine-seyffert.de\/blog\/wp-content\/uploads\/2021\/11\/Geschenk-Schneemann-An-Sabine-Seyffert.de-4.jpg\" alt=\"\" width=\"800\" height=\"600\" srcset=\"https:\/\/www.sabine-seyffert.de\/blog\/wp-content\/uploads\/2021\/11\/Geschenk-Schneemann-An-Sabine-Seyffert.de-4.jpg 800w, https:\/\/www.sabine-seyffert.de\/blog\/wp-content\/uploads\/2021\/11\/Geschenk-Schneemann-An-Sabine-Seyffert.de-4-300x225.jpg 300w, https:\/\/www.sabine-seyffert.de\/blog\/wp-content\/uploads\/2021\/11\/Geschenk-Schneemann-An-Sabine-Seyffert.de-4-768x576.jpg 768w\" sizes=\"auto, (max-width: 800px) 100vw, 800px\" \/><\/a><\/p>\n<p style=\"text-align: justify;\">Wer mag, kann diese noch mit Farben und unterschiedlichen Muster weiter verzieren. Geschenke und den Sack habe ich mit Kordel umwickelt, damit es einen 3D Effekt bekommt.<\/p>\n<p style=\"text-align: center;\"><a href=\"https:\/\/www.sabine-seyffert.de\/blog\/wp-content\/uploads\/2021\/11\/Geschenk-Schneemann-An-Sabine-Seyffert.de-3.jpg\"><img loading=\"lazy\" decoding=\"async\" class=\"alignnone size-full wp-image-21735\" src=\"https:\/\/www.sabine-seyffert.de\/blog\/wp-content\/uploads\/2021\/11\/Geschenk-Schneemann-An-Sabine-Seyffert.de-3.jpg\" alt=\"\" width=\"800\" height=\"600\" srcset=\"https:\/\/www.sabine-seyffert.de\/blog\/wp-content\/uploads\/2021\/11\/Geschenk-Schneemann-An-Sabine-Seyffert.de-3.jpg 800w, https:\/\/www.sabine-seyffert.de\/blog\/wp-content\/uploads\/2021\/11\/Geschenk-Schneemann-An-Sabine-Seyffert.de-3-300x225.jpg 300w, https:\/\/www.sabine-seyffert.de\/blog\/wp-content\/uploads\/2021\/11\/Geschenk-Schneemann-An-Sabine-Seyffert.de-3-768x576.jpg 768w\" sizes=\"auto, (max-width: 800px) 100vw, 800px\" \/><\/a><\/p>\n<p style=\"text-align: justify;\">Die Kohle Augen, Kn\u00f6pfe und den Mund habe ich mit einem ganz d\u00fcnnen Pinsel aufgezeichnet. Alternativ klappt das sicher auch mit einem Fineliner.<\/p>\n<p style=\"text-align: center;\"><a href=\"https:\/\/www.sabine-seyffert.de\/blog\/wp-content\/uploads\/2021\/11\/Geschenk-Schneemann-An-Sabine-Seyffert.de-1.jpg\"><img loading=\"lazy\" decoding=\"async\" class=\"alignnone size-full wp-image-21734\" src=\"https:\/\/www.sabine-seyffert.de\/blog\/wp-content\/uploads\/2021\/11\/Geschenk-Schneemann-An-Sabine-Seyffert.de-1.jpg\" alt=\"\" width=\"800\" height=\"600\" srcset=\"https:\/\/www.sabine-seyffert.de\/blog\/wp-content\/uploads\/2021\/11\/Geschenk-Schneemann-An-Sabine-Seyffert.de-1.jpg 800w, https:\/\/www.sabine-seyffert.de\/blog\/wp-content\/uploads\/2021\/11\/Geschenk-Schneemann-An-Sabine-Seyffert.de-1-300x225.jpg 300w, https:\/\/www.sabine-seyffert.de\/blog\/wp-content\/uploads\/2021\/11\/Geschenk-Schneemann-An-Sabine-Seyffert.de-1-768x576.jpg 768w\" sizes=\"auto, (max-width: 800px) 100vw, 800px\" \/><\/a><\/p>\n<p style=\"text-align: justify;\">Wer mag, tupft mit dem Deckwei\u00df noch einige Schneeflocken neben den auf das Geschenk geklebten Schneemann, damit es richtig winterlich aussieht.<\/p>\n<p style=\"text-align: center;\"><a href=\"https:\/\/www.sabine-seyffert.de\/blog\/wp-content\/uploads\/2021\/11\/Geschenk-Schneemann-An-Sabine-Seyffert.de-9.jpg\"><img loading=\"lazy\" decoding=\"async\" class=\"alignnone size-full wp-image-21733\" src=\"https:\/\/www.sabine-seyffert.de\/blog\/wp-content\/uploads\/2021\/11\/Geschenk-Schneemann-An-Sabine-Seyffert.de-9.jpg\" alt=\"\" width=\"800\" height=\"600\" srcset=\"https:\/\/www.sabine-seyffert.de\/blog\/wp-content\/uploads\/2021\/11\/Geschenk-Schneemann-An-Sabine-Seyffert.de-9.jpg 800w, https:\/\/www.sabine-seyffert.de\/blog\/wp-content\/uploads\/2021\/11\/Geschenk-Schneemann-An-Sabine-Seyffert.de-9-300x225.jpg 300w, https:\/\/www.sabine-seyffert.de\/blog\/wp-content\/uploads\/2021\/11\/Geschenk-Schneemann-An-Sabine-Seyffert.de-9-768x576.jpg 768w\" sizes=\"auto, (max-width: 800px) 100vw, 800px\" \/><\/a><\/p>\n<p style=\"text-align: justify;\"><strong>Ein kleiner Tipp:<\/strong><br \/>\nAuf einem der Geschenke habe ich dem Schneemann noch einen Mini Besen aus d\u00fcnnen \u00c4sten und Basteldraht angefertigt. Einfach den Ast mit einer Schere zerschneiden und mit Draht zusammenwickeln.<\/p>\n<p style=\"text-align: center;\"><a href=\"https:\/\/www.sabine-seyffert.de\/blog\/wp-content\/uploads\/2021\/11\/Geschenk-Schneemann-An-Sabine-Seyffert.de-10.jpg\"><img loading=\"lazy\" decoding=\"async\" class=\"alignnone size-full wp-image-21732\" src=\"https:\/\/www.sabine-seyffert.de\/blog\/wp-content\/uploads\/2021\/11\/Geschenk-Schneemann-An-Sabine-Seyffert.de-10.jpg\" alt=\"\" width=\"800\" height=\"600\" srcset=\"https:\/\/www.sabine-seyffert.de\/blog\/wp-content\/uploads\/2021\/11\/Geschenk-Schneemann-An-Sabine-Seyffert.de-10.jpg 800w, https:\/\/www.sabine-seyffert.de\/blog\/wp-content\/uploads\/2021\/11\/Geschenk-Schneemann-An-Sabine-Seyffert.de-10-300x225.jpg 300w, https:\/\/www.sabine-seyffert.de\/blog\/wp-content\/uploads\/2021\/11\/Geschenk-Schneemann-An-Sabine-Seyffert.de-10-768x576.jpg 768w\" sizes=\"auto, (max-width: 800px) 100vw, 800px\" \/><\/a><\/p>\n<p style=\"text-align: justify;\">Erinnert ihr euch noch an diese <a href=\"https:\/\/www.sabine-seyffert.de\/blog\/?p=17985\" target=\"_blank\" rel=\"noopener noreferrer\">Bastelanleitung mit weihnachtlichem Schneemann<\/a> \u2013 dieses ist ein tolles Pendant, falls ihr mehrere Geschenke im selben Style verpacken m\u00f6chten. Au\u00dferdem gibt es noch diesen <a href=\"https:\/\/www.sabine-seyffert.de\/blog\/?p=6737\" target=\"_blank\" rel=\"noopener noreferrer\">Schneemann mit Besen<\/a>, ein <a href=\"https:\/\/www.sabine-seyffert.de\/blog\/?p=18655\" target=\"_blank\" rel=\"noopener noreferrer\">Geschenkanh\u00e4nger mit Schneemann<\/a>, eine <a href=\"https:\/\/www.sabine-seyffert.de\/blog\/?p=15541\" target=\"_blank\" rel=\"noopener noreferrer\">Geschenkt\u00fcte mit Schneemann<\/a>, winterliche <a href=\"https:\/\/www.sabine-seyffert.de\/blog\/?p=18161\" target=\"_blank\" rel=\"noopener noreferrer\">Geschenkbox aus Tetrapak<\/a>, eine Verpackung mit <a href=\"https:\/\/www.sabine-seyffert.de\/blog\/?p=9283\" target=\"_blank\" rel=\"noopener noreferrer\">3D Schneemann<\/a> oder diesen <a href=\"https:\/\/www.sabine-seyffert.de\/blog\/?p=11667\" target=\"_blank\" rel=\"noopener noreferrer\">s\u00fc\u00dfen Schneemann mit Schneeflocken aus Watte<\/a>.<\/p>\n<p style=\"text-align: center;\"><a href=\"https:\/\/www.sabine-seyffert.de\/blog\/wp-content\/uploads\/2021\/11\/Geschenk-Schneemann-An-Sabine-Seyffert.de-8.jpg\"><img loading=\"lazy\" decoding=\"async\" class=\"alignnone size-full wp-image-21731\" src=\"https:\/\/www.sabine-seyffert.de\/blog\/wp-content\/uploads\/2021\/11\/Geschenk-Schneemann-An-Sabine-Seyffert.de-8.jpg\" alt=\"\" width=\"600\" height=\"800\" srcset=\"https:\/\/www.sabine-seyffert.de\/blog\/wp-content\/uploads\/2021\/11\/Geschenk-Schneemann-An-Sabine-Seyffert.de-8.jpg 600w, https:\/\/www.sabine-seyffert.de\/blog\/wp-content\/uploads\/2021\/11\/Geschenk-Schneemann-An-Sabine-Seyffert.de-8-225x300.jpg 225w\" sizes=\"auto, (max-width: 600px) 100vw, 600px\" \/><\/a><\/p>\n<p style=\"text-align: justify;\">Weitere Geschenkverpackungen zum Selbermachen findet ihr \u00fcbrigens in <a href=\"https:\/\/www.sabine-seyffert.de\/blog\/?cat=49\" target=\"_blank\" rel=\"noopener noreferrer\">dieser Blog Kategorie<\/a>, Do-it-Yourself Ideen rund um Weihnachten mit detaillierter Anleitung gibt es in <a href=\"https:\/\/www.sabine-seyffert.de\/blog\/?cat=41\" target=\"_blank\" rel=\"noopener noreferrer\">dieser Rubrik<\/a>, alle Upcycling Ideen in <a href=\"https:\/\/www.sabine-seyffert.de\/blog\/?cat=47\" target=\"_blank\" rel=\"noopener noreferrer\">diesem Ordner<\/a> und alle DIY rund um den Winter sind in <a href=\"https:\/\/www.sabine-seyffert.de\/blog\/?cat=22\" target=\"_blank\" rel=\"noopener noreferrer\">diesem Blog Ordner<\/a>.<\/p>\n<p style=\"text-align: center;\"><a href=\"https:\/\/www.sabine-seyffert.de\/blog\/wp-content\/uploads\/2021\/11\/Geschenk-Schneemann-An-Sabine-Seyffert.de-12.jpg\"><img loading=\"lazy\" decoding=\"async\" class=\"alignnone size-full wp-image-21730\" src=\"https:\/\/www.sabine-seyffert.de\/blog\/wp-content\/uploads\/2021\/11\/Geschenk-Schneemann-An-Sabine-Seyffert.de-12.jpg\" alt=\"\" width=\"600\" height=\"800\" srcset=\"https:\/\/www.sabine-seyffert.de\/blog\/wp-content\/uploads\/2021\/11\/Geschenk-Schneemann-An-Sabine-Seyffert.de-12.jpg 600w, https:\/\/www.sabine-seyffert.de\/blog\/wp-content\/uploads\/2021\/11\/Geschenk-Schneemann-An-Sabine-Seyffert.de-12-225x300.jpg 225w\" sizes=\"auto, (max-width: 600px) 100vw, 600px\" \/><\/a><\/p>\n<p style=\"text-align: justify;\"><a href=\"https:\/\/www.sabine-seyffert.de\/blog\/?page_id=32#urheberrecht\">urheberrechtlich gesch\u00fctzt<\/a>, \u00a9 Sabine Seyffert<\/p>\n","protected":false},"excerpt":{"rendered":"<p>Weihnachten naht und auch einige Geburtstage sind in Sicht, da sind wieder allerhand tolle Verpackungsideen gefragt. Und zu diesem Anlass wollen die Geschenke nat\u00fcrlich verpackt werden. Da der Winter nicht mehr weit ist und ich diese Jahreszeit ausgesprochen liebe, durften mal wieder Schneem\u00e4nner auf die Verpackung wandern. Ganz nachhaltig aus einem alten Karton und Zeitungspapier&#8230; <a href=\"https:\/\/www.sabine-seyffert.de\/blog\/diy-geschenkverpackung-upcycling-schneemann-gratuliert-zum-geburtstag\/\" class=\"more-link\">Read more: DIY Geschenkverpackung: Upcycling Schneemann gratuliert zum Geburtstag<\/a><\/p>\n","protected":false},"author":2,"featured_media":0,"comment_status":"open","ping_status":"open","sticky":false,"template":"","format":"standard","meta":{"_metis_text_type":"","_metis_text_length":2515,"_post_count":0,"footnotes":""},"categories":[41,49,47,22],"tags":[],"class_list":["post-21726","post","type-post","status-publish","format-standard","hentry","category-weihnachten","category-verpackungsideen","category-upcyceltes","category-winter"],"_links":{"self":[{"href":"https:\/\/www.sabine-seyffert.de\/blog\/wp-json\/wp\/v2\/posts\/21726","targetHints":{"allow":["GET"]}}],"collection":[{"href":"https:\/\/www.sabine-seyffert.de\/blog\/wp-json\/wp\/v2\/posts"}],"about":[{"href":"https:\/\/www.sabine-seyffert.de\/blog\/wp-json\/wp\/v2\/types\/post"}],"author":[{"embeddable":true,"href":"https:\/\/www.sabine-seyffert.de\/blog\/wp-json\/wp\/v2\/users\/2"}],"replies":[{"embeddable":true,"href":"https:\/\/www.sabine-seyffert.de\/blog\/wp-json\/wp\/v2\/comments?post=21726"}],"version-history":[{"count":6,"href":"https:\/\/www.sabine-seyffert.de\/blog\/wp-json\/wp\/v2\/posts\/21726\/revisions"}],"predecessor-version":[{"id":24650,"href":"https:\/\/www.sabine-seyffert.de\/blog\/wp-json\/wp\/v2\/posts\/21726\/revisions\/24650"}],"wp:attachment":[{"href":"https:\/\/www.sabine-seyffert.de\/blog\/wp-json\/wp\/v2\/media?parent=21726"}],"wp:term":[{"taxonomy":"category","embeddable":true,"href":"https:\/\/www.sabine-seyffert.de\/blog\/wp-json\/wp\/v2\/categories?post=21726"},{"taxonomy":"post_tag","embeddable":true,"href":"https:\/\/www.sabine-seyffert.de\/blog\/wp-json\/wp\/v2\/tags?post=21726"}],"curies":[{"name":"wp","href":"https:\/\/api.w.org\/{rel}","templated":true}]}}