{"id":21686,"date":"2021-11-23T06:00:32","date_gmt":"2021-11-23T04:00:32","guid":{"rendered":"https:\/\/www.sabine-seyffert.de\/blog\/?p=21686"},"modified":"2022-12-06T10:45:57","modified_gmt":"2022-12-06T08:45:57","slug":"mit-kindern-weihnachtsgeschenke-basteln-schneemann-aus-kerzen-wachs-selbermachen","status":"publish","type":"post","link":"https:\/\/www.sabine-seyffert.de\/blog\/mit-kindern-weihnachtsgeschenke-basteln-schneemann-aus-kerzen-wachs-selbermachen\/","title":{"rendered":"Mit Kindern Weihnachtsgeschenke basteln: Schneemann aus Kerzen &#038; Wachs selbermachen"},"content":{"rendered":"<p style=\"text-align: justify;\"><img loading=\"lazy\" decoding=\"async\" src=\"https:\/\/vg01.met.vgwort.de\/na\/e973c12be6e64ccbbc84892dcc2b8916\" alt=\"\" width=\"1\" height=\"1\" \/>Im letzten Jahr haben wir zu Weihnachten allerhand selbst gemachte Schneemannkerzen verschenkt. Die sehen nicht nur zauberhaft aus, sondern sind ganz schnell &amp; einfach gebastelt. Das ist so kinderleicht, dass sich die Schneem\u00e4nner auch wunderbar als Last Minute Idee eignen. Selbst wenn man diese in gr\u00f6\u00dferer St\u00fcckzahl anfertigt, ist das kein Problem. Von daher auch eine richtig tolle Idee, wenn ihr liebe Nachbarn, Freunde, Kolleginnen o.\u00e4. mit einem kleinen Weihnachtsgeschenk \u00fcberraschen m\u00f6chtet.<br \/>\nKerzen d\u00fcrfen in dieser Zeit einfach nicht fehlen. Sie sorgen f\u00fcr reichlich Gem\u00fctlichkeit und warmen Lichterglanz.<\/p>\n<p style=\"text-align: center;\"><a href=\"https:\/\/www.sabine-seyffert.de\/blog\/wp-content\/uploads\/2021\/11\/Kerze-Schneemann-Sabine-Seyffert.de-10.jpg\"><img loading=\"lazy\" decoding=\"async\" class=\"alignnone size-full wp-image-21687\" src=\"https:\/\/www.sabine-seyffert.de\/blog\/wp-content\/uploads\/2021\/11\/Kerze-Schneemann-Sabine-Seyffert.de-10.jpg\" alt=\"\" width=\"800\" height=\"600\" srcset=\"https:\/\/www.sabine-seyffert.de\/blog\/wp-content\/uploads\/2021\/11\/Kerze-Schneemann-Sabine-Seyffert.de-10.jpg 800w, https:\/\/www.sabine-seyffert.de\/blog\/wp-content\/uploads\/2021\/11\/Kerze-Schneemann-Sabine-Seyffert.de-10-300x225.jpg 300w, https:\/\/www.sabine-seyffert.de\/blog\/wp-content\/uploads\/2021\/11\/Kerze-Schneemann-Sabine-Seyffert.de-10-768x576.jpg 768w\" sizes=\"auto, (max-width: 800px) 100vw, 800px\" \/><\/a><\/p>\n<p style=\"text-align: justify;\"><strong>Das wird gebraucht:<\/strong><br \/>\nUni wei\u00dfe Stabkerzen \/ Tafelkerzen, einen schwarzen Kerzenpen, etwas orange farbenen oder roten Kerzenwachs (den gibt es als fertige Wachsplatten im Bastelladen zu kaufen) sowie optional ein scharfes Messer zum Schneiden \u2013 das bitte aber nur unter Aufsicht eines Erwachsenen! (<strong><span style=\"color: #ff0000;\">Kleiner Tipp<\/span><\/strong>: Anstatt des Messers kann man sonst auch eine normale Bastelschere verwenden und die im Anschluss gr\u00fcndlich mit hei\u00dfem Wasser und Sp\u00fclmittel reinigen!)<\/p>\n<p style=\"text-align: center;\"><a href=\"https:\/\/www.sabine-seyffert.de\/blog\/wp-content\/uploads\/2021\/11\/Kerze-Schneemann-Sabine-Seyffert.de-9.jpg\"><img loading=\"lazy\" decoding=\"async\" class=\"alignnone size-full wp-image-21688\" src=\"https:\/\/www.sabine-seyffert.de\/blog\/wp-content\/uploads\/2021\/11\/Kerze-Schneemann-Sabine-Seyffert.de-9.jpg\" alt=\"\" width=\"800\" height=\"600\" srcset=\"https:\/\/www.sabine-seyffert.de\/blog\/wp-content\/uploads\/2021\/11\/Kerze-Schneemann-Sabine-Seyffert.de-9.jpg 800w, https:\/\/www.sabine-seyffert.de\/blog\/wp-content\/uploads\/2021\/11\/Kerze-Schneemann-Sabine-Seyffert.de-9-300x225.jpg 300w, https:\/\/www.sabine-seyffert.de\/blog\/wp-content\/uploads\/2021\/11\/Kerze-Schneemann-Sabine-Seyffert.de-9-768x576.jpg 768w\" sizes=\"auto, (max-width: 800px) 100vw, 800px\" \/><\/a><\/p>\n<p style=\"text-align: justify;\"><strong>So wird\u2019s gemacht:<\/strong><br \/>\nDeckt den Tisch zum Basteln etwas ab und nehmt euch als erstes das orangefarbene Wachs vor. Daraus schneidet ihr in der ben\u00f6tigten Anzahl kleine Nasen in Form von M\u00f6hren f\u00fcr jeden Schneemann, den ihr anfertigen und verschenken wollt.<\/p>\n<p style=\"text-align: center;\"><a href=\"https:\/\/www.sabine-seyffert.de\/blog\/wp-content\/uploads\/2021\/11\/Kerze-Schneemann-Sabine-Seyffert.de-7.jpg\"><img loading=\"lazy\" decoding=\"async\" class=\"alignnone size-full wp-image-21693\" src=\"https:\/\/www.sabine-seyffert.de\/blog\/wp-content\/uploads\/2021\/11\/Kerze-Schneemann-Sabine-Seyffert.de-7.jpg\" alt=\"\" width=\"800\" height=\"600\" srcset=\"https:\/\/www.sabine-seyffert.de\/blog\/wp-content\/uploads\/2021\/11\/Kerze-Schneemann-Sabine-Seyffert.de-7.jpg 800w, https:\/\/www.sabine-seyffert.de\/blog\/wp-content\/uploads\/2021\/11\/Kerze-Schneemann-Sabine-Seyffert.de-7-300x225.jpg 300w, https:\/\/www.sabine-seyffert.de\/blog\/wp-content\/uploads\/2021\/11\/Kerze-Schneemann-Sabine-Seyffert.de-7-768x576.jpg 768w\" sizes=\"auto, (max-width: 800px) 100vw, 800px\" \/><\/a><\/p>\n<p style=\"text-align: justify;\">Auf jede Kerze dr\u00fcckt ihr im oberen Drittel die Mohrr\u00fcbe aus Wachs gut fest. Anschlie\u00dfend kommt der Kerzenpen zum Einsatz. Damit tupft ihr kleine schwarze Punkte und P\u00fcnktchen als Augen, Mund und f\u00fcr die Kn\u00f6pfe.<\/p>\n<p style=\"text-align: center;\"><a href=\"https:\/\/www.sabine-seyffert.de\/blog\/wp-content\/uploads\/2021\/11\/Kerze-Schneemann-Sabine-Seyffert.de-8.jpg\"><img loading=\"lazy\" decoding=\"async\" class=\"alignnone size-full wp-image-21694\" src=\"https:\/\/www.sabine-seyffert.de\/blog\/wp-content\/uploads\/2021\/11\/Kerze-Schneemann-Sabine-Seyffert.de-8.jpg\" alt=\"\" width=\"800\" height=\"600\" srcset=\"https:\/\/www.sabine-seyffert.de\/blog\/wp-content\/uploads\/2021\/11\/Kerze-Schneemann-Sabine-Seyffert.de-8.jpg 800w, https:\/\/www.sabine-seyffert.de\/blog\/wp-content\/uploads\/2021\/11\/Kerze-Schneemann-Sabine-Seyffert.de-8-300x225.jpg 300w, https:\/\/www.sabine-seyffert.de\/blog\/wp-content\/uploads\/2021\/11\/Kerze-Schneemann-Sabine-Seyffert.de-8-768x576.jpg 768w\" sizes=\"auto, (max-width: 800px) 100vw, 800px\" \/><\/a><\/p>\n<p style=\"text-align: justify;\">Jetzt lasst ihr alles trocknen und schon habt ihr ein wirklich tolles Geschenk und Mitbringsel in der Adventszeit \u00fcber das sich nicht nur liebe Freunde, sondern auch Gro\u00dfeltern, Verwandte etc. riesig freuen werden.<\/p>\n<p style=\"text-align: center;\"><a href=\"https:\/\/www.sabine-seyffert.de\/blog\/wp-content\/uploads\/2021\/11\/Kerze-Schneemann-Sabine-Seyffert.de-3.jpg\"><img loading=\"lazy\" decoding=\"async\" class=\"alignnone size-full wp-image-21692\" src=\"https:\/\/www.sabine-seyffert.de\/blog\/wp-content\/uploads\/2021\/11\/Kerze-Schneemann-Sabine-Seyffert.de-3.jpg\" alt=\"\" width=\"600\" height=\"800\" srcset=\"https:\/\/www.sabine-seyffert.de\/blog\/wp-content\/uploads\/2021\/11\/Kerze-Schneemann-Sabine-Seyffert.de-3.jpg 600w, https:\/\/www.sabine-seyffert.de\/blog\/wp-content\/uploads\/2021\/11\/Kerze-Schneemann-Sabine-Seyffert.de-3-225x300.jpg 225w\" sizes=\"auto, (max-width: 600px) 100vw, 600px\" \/><\/a><\/p>\n<p style=\"text-align: justify;\">Ein sch\u00f6nes Pendant zu den Schneem\u00e4nnern sind die <a href=\"https:\/\/www.sabine-seyffert.de\/blog\/?p=18265\" target=\"_blank\" rel=\"noopener noreferrer\">Eisb\u00e4r Kerzen<\/a>, die ich euch im Winter hier mit Bastelanleitung gezeigt habe.<\/p>\n<p style=\"text-align: center;\"><a href=\"https:\/\/www.sabine-seyffert.de\/blog\/wp-content\/uploads\/2021\/11\/Kerze-Schneemann-Sabine-Seyffert.de-4.jpg\"><img loading=\"lazy\" decoding=\"async\" class=\"alignnone size-full wp-image-21691\" src=\"https:\/\/www.sabine-seyffert.de\/blog\/wp-content\/uploads\/2021\/11\/Kerze-Schneemann-Sabine-Seyffert.de-4.jpg\" alt=\"\" width=\"600\" height=\"800\" srcset=\"https:\/\/www.sabine-seyffert.de\/blog\/wp-content\/uploads\/2021\/11\/Kerze-Schneemann-Sabine-Seyffert.de-4.jpg 600w, https:\/\/www.sabine-seyffert.de\/blog\/wp-content\/uploads\/2021\/11\/Kerze-Schneemann-Sabine-Seyffert.de-4-225x300.jpg 225w\" sizes=\"auto, (max-width: 600px) 100vw, 600px\" \/><\/a><\/p>\n<p style=\"text-align: justify;\">Mehr Bastelideen zu Weihnachten gibt es gerade bei meiner <a href=\"https:\/\/www.instagram.com\/diy_sabine_seyffert\/\" target=\"_blank\" rel=\"noopener noreferrer\">#DIYchallengederwoche<\/a> Spezial.<\/p>\n<p style=\"text-align: center;\"><a href=\"https:\/\/www.sabine-seyffert.de\/blog\/wp-content\/uploads\/2021\/11\/Kerze-Schneemann-Sabine-Seyffert.de-1.jpg\"><img loading=\"lazy\" decoding=\"async\" class=\"alignnone size-full wp-image-21690\" src=\"https:\/\/www.sabine-seyffert.de\/blog\/wp-content\/uploads\/2021\/11\/Kerze-Schneemann-Sabine-Seyffert.de-1.jpg\" alt=\"\" width=\"600\" height=\"800\" srcset=\"https:\/\/www.sabine-seyffert.de\/blog\/wp-content\/uploads\/2021\/11\/Kerze-Schneemann-Sabine-Seyffert.de-1.jpg 600w, https:\/\/www.sabine-seyffert.de\/blog\/wp-content\/uploads\/2021\/11\/Kerze-Schneemann-Sabine-Seyffert.de-1-225x300.jpg 225w\" sizes=\"auto, (max-width: 600px) 100vw, 600px\" \/><\/a><\/p>\n<p style=\"text-align: justify;\">Weitere Do-it-Yourself Geschenkideen f\u00fcr unterschiedliche Anl\u00e4sse findet ihr \u00fcbrigens in dieser Blog Kategorie, alles zum Thema Adventzeit mit detaillierten Bastelanleitungen gibt es in dieser Rubrik, alles rund um die Winterzeit sind in diesem Blog Ordner, kreative Bastelidee f\u00fcr Kinder an dieser Stelle und andere kreative Sachen da.<\/p>\n<p style=\"text-align: center;\"><a href=\"https:\/\/www.sabine-seyffert.de\/blog\/wp-content\/uploads\/2021\/11\/Kerze-Schneemann-Sabine-Seyffert.de-2.jpg\"><img loading=\"lazy\" decoding=\"async\" class=\"alignnone size-full wp-image-21689\" src=\"https:\/\/www.sabine-seyffert.de\/blog\/wp-content\/uploads\/2021\/11\/Kerze-Schneemann-Sabine-Seyffert.de-2.jpg\" alt=\"\" width=\"600\" height=\"800\" srcset=\"https:\/\/www.sabine-seyffert.de\/blog\/wp-content\/uploads\/2021\/11\/Kerze-Schneemann-Sabine-Seyffert.de-2.jpg 600w, https:\/\/www.sabine-seyffert.de\/blog\/wp-content\/uploads\/2021\/11\/Kerze-Schneemann-Sabine-Seyffert.de-2-225x300.jpg 225w\" sizes=\"auto, (max-width: 600px) 100vw, 600px\" \/><\/a><\/p>\n<p style=\"text-align: justify;\"><a href=\"https:\/\/www.sabine-seyffert.de\/blog\/?page_id=32#urheberrecht\">urheberrechtlich gesch\u00fctzt<\/a>, \u00a9 Sabine Seyffert<\/p>\n","protected":false},"excerpt":{"rendered":"<p>Im letzten Jahr haben wir zu Weihnachten allerhand selbst gemachte Schneemannkerzen verschenkt. Die sehen nicht nur zauberhaft aus, sondern sind ganz schnell &amp; einfach gebastelt. Das ist so kinderleicht, dass sich die Schneem\u00e4nner auch wunderbar als Last Minute Idee eignen. Selbst wenn man diese in gr\u00f6\u00dferer St\u00fcckzahl anfertigt, ist das kein Problem. Von daher auch&#8230; <a href=\"https:\/\/www.sabine-seyffert.de\/blog\/mit-kindern-weihnachtsgeschenke-basteln-schneemann-aus-kerzen-wachs-selbermachen\/\" class=\"more-link\">Read more: Mit Kindern Weihnachtsgeschenke basteln: Schneemann aus Kerzen &#038; Wachs selbermachen<\/a><\/p>\n","protected":false},"author":2,"featured_media":0,"comment_status":"open","ping_status":"open","sticky":false,"template":"","format":"standard","meta":{"_metis_text_type":"","_metis_text_length":2360,"_post_count":0,"footnotes":""},"categories":[41,32,36,22],"tags":[],"class_list":["post-21686","post","type-post","status-publish","format-standard","hentry","category-weihnachten","category-kreatives-fur-kleine-kinderhande","category-klitzekleine-geschenkideen","category-winter"],"_links":{"self":[{"href":"https:\/\/www.sabine-seyffert.de\/blog\/wp-json\/wp\/v2\/posts\/21686","targetHints":{"allow":["GET"]}}],"collection":[{"href":"https:\/\/www.sabine-seyffert.de\/blog\/wp-json\/wp\/v2\/posts"}],"about":[{"href":"https:\/\/www.sabine-seyffert.de\/blog\/wp-json\/wp\/v2\/types\/post"}],"author":[{"embeddable":true,"href":"https:\/\/www.sabine-seyffert.de\/blog\/wp-json\/wp\/v2\/users\/2"}],"replies":[{"embeddable":true,"href":"https:\/\/www.sabine-seyffert.de\/blog\/wp-json\/wp\/v2\/comments?post=21686"}],"version-history":[{"count":4,"href":"https:\/\/www.sabine-seyffert.de\/blog\/wp-json\/wp\/v2\/posts\/21686\/revisions"}],"predecessor-version":[{"id":24657,"href":"https:\/\/www.sabine-seyffert.de\/blog\/wp-json\/wp\/v2\/posts\/21686\/revisions\/24657"}],"wp:attachment":[{"href":"https:\/\/www.sabine-seyffert.de\/blog\/wp-json\/wp\/v2\/media?parent=21686"}],"wp:term":[{"taxonomy":"category","embeddable":true,"href":"https:\/\/www.sabine-seyffert.de\/blog\/wp-json\/wp\/v2\/categories?post=21686"},{"taxonomy":"post_tag","embeddable":true,"href":"https:\/\/www.sabine-seyffert.de\/blog\/wp-json\/wp\/v2\/tags?post=21686"}],"curies":[{"name":"wp","href":"https:\/\/api.w.org\/{rel}","templated":true}]}}