{"id":21640,"date":"2021-11-16T06:00:17","date_gmt":"2021-11-16T04:00:17","guid":{"rendered":"https:\/\/www.sabine-seyffert.de\/blog\/?p=21640"},"modified":"2022-12-06T10:46:36","modified_gmt":"2022-12-06T08:46:36","slug":"diy-adventskranz-selbst-gemacht-leuchtende-lichter-tueten-mit-kinderbildern","status":"publish","type":"post","link":"https:\/\/www.sabine-seyffert.de\/blog\/diy-adventskranz-selbst-gemacht-leuchtende-lichter-tueten-mit-kinderbildern\/","title":{"rendered":"DIY Adventskranz selbst gemacht: Leuchtende Lichter-T\u00fcten mit Kinderbildern"},"content":{"rendered":"<p style=\"text-align: justify;\"><img loading=\"lazy\" decoding=\"async\" src=\"https:\/\/vg01.met.vgwort.de\/na\/dbc2c6c459c146b3b04bd303002ee20b\" alt=\"\" width=\"1\" height=\"1\" \/>Gerade noch rechtzeitig, bevor im letzten Jahr der Lockdown kam, habe ich mit meinen Kunst Kindern einen Adventskranz fertigstellen k\u00f6nnen. Dieser Adventskranz ist weder aus Tannengr\u00fcn noch klassisch, daf\u00fcr ausgefallen, kreativ und mit ganz viel Liebe und Herzblut der Kinder gestaltet. Die Idee kam mir seinerzeit bei den Adventst\u00fcten aus <a href=\"https:\/\/www.sabine-seyffert.de\/blog\/?p=17754\" target=\"_blank\" rel=\"noopener noreferrer\">dieser Anleitung<\/a>, die ich hierf\u00fcr kindgerecht abgewandelt habe.<br \/>\nDie kleinen K\u00fcnstler waren so eifrig bei der Sache und es war f\u00fcr mich eine gro\u00dfe Freude sie bei diesem Prozess zu begleiten. Diese Do-it-Yourself Idee ist wirklich einfach und kann dem Alter der Kinder entsprechend angepasst und variiert werden.<br \/>\nF\u00fcr alle, die auch einen Adventskranz basteln oder gar verschenken m\u00f6chten, gibt es nun die detaillierte Bastelanleitung zum Nachmachen.<\/p>\n<p style=\"text-align: center;\"><a href=\"https:\/\/www.sabine-seyffert.de\/blog\/wp-content\/uploads\/2021\/11\/Adventskranz-T\u00fcten-bunt-Sabine-Seyffert.de-7.jpg\"><img loading=\"lazy\" decoding=\"async\" class=\"alignnone size-full wp-image-21641\" src=\"https:\/\/www.sabine-seyffert.de\/blog\/wp-content\/uploads\/2021\/11\/Adventskranz-T\u00fcten-bunt-Sabine-Seyffert.de-7.jpg\" alt=\"\" width=\"800\" height=\"600\" srcset=\"https:\/\/www.sabine-seyffert.de\/blog\/wp-content\/uploads\/2021\/11\/Adventskranz-T\u00fcten-bunt-Sabine-Seyffert.de-7.jpg 800w, https:\/\/www.sabine-seyffert.de\/blog\/wp-content\/uploads\/2021\/11\/Adventskranz-T\u00fcten-bunt-Sabine-Seyffert.de-7-300x225.jpg 300w, https:\/\/www.sabine-seyffert.de\/blog\/wp-content\/uploads\/2021\/11\/Adventskranz-T\u00fcten-bunt-Sabine-Seyffert.de-7-768x576.jpg 768w\" sizes=\"auto, (max-width: 800px) 100vw, 800px\" \/><\/a><\/p>\n<p style=\"text-align: justify;\"><strong>Das wird gebraucht:<\/strong><br \/>\n4 leere Gl\u00e4ser (Marmeladengl\u00e4ser, Senfgl\u00e4ser o.\u00e4.), 4 wei\u00dfe Papiert\u00fcten \/ Bodenbeutel, 4 Teelichter, Buchstabenstempel, ein Stempelkissen, Buntstifte (Filzstifte, Wachsmaler oder andere bunte Stifte eurer Wahl) sowie ggf. eine Bastelschere<\/p>\n<p style=\"text-align: center;\"><a href=\"https:\/\/www.sabine-seyffert.de\/blog\/wp-content\/uploads\/2021\/11\/Adventskranz-T\u00fcten-bunt-Sabine-Seyffert.de-0.jpg\"><img loading=\"lazy\" decoding=\"async\" class=\"alignnone size-full wp-image-21642\" src=\"https:\/\/www.sabine-seyffert.de\/blog\/wp-content\/uploads\/2021\/11\/Adventskranz-T\u00fcten-bunt-Sabine-Seyffert.de-0.jpg\" alt=\"\" width=\"800\" height=\"600\" srcset=\"https:\/\/www.sabine-seyffert.de\/blog\/wp-content\/uploads\/2021\/11\/Adventskranz-T\u00fcten-bunt-Sabine-Seyffert.de-0.jpg 800w, https:\/\/www.sabine-seyffert.de\/blog\/wp-content\/uploads\/2021\/11\/Adventskranz-T\u00fcten-bunt-Sabine-Seyffert.de-0-300x225.jpg 300w, https:\/\/www.sabine-seyffert.de\/blog\/wp-content\/uploads\/2021\/11\/Adventskranz-T\u00fcten-bunt-Sabine-Seyffert.de-0-768x576.jpg 768w\" sizes=\"auto, (max-width: 800px) 100vw, 800px\" \/><\/a><\/p>\n<p style=\"text-align: justify;\"><strong>So wird\u2019s gemacht:<\/strong><br \/>\nAuf Bastelunterlage und Malkittel kann man hierbei eigentlich verzichten, da Buntstifte nicht abf\u00e4rben und auch auf dem Tisch keine Spuren hinterlassen.<\/p>\n<p style=\"text-align: center;\"><a href=\"https:\/\/www.sabine-seyffert.de\/blog\/wp-content\/uploads\/2021\/11\/Adventskranz-T\u00fcten-bunt-Sabine-Seyffert.de-1.jpg\"><img loading=\"lazy\" decoding=\"async\" class=\"alignnone size-full wp-image-21643\" src=\"https:\/\/www.sabine-seyffert.de\/blog\/wp-content\/uploads\/2021\/11\/Adventskranz-T\u00fcten-bunt-Sabine-Seyffert.de-1.jpg\" alt=\"\" width=\"800\" height=\"600\" srcset=\"https:\/\/www.sabine-seyffert.de\/blog\/wp-content\/uploads\/2021\/11\/Adventskranz-T\u00fcten-bunt-Sabine-Seyffert.de-1.jpg 800w, https:\/\/www.sabine-seyffert.de\/blog\/wp-content\/uploads\/2021\/11\/Adventskranz-T\u00fcten-bunt-Sabine-Seyffert.de-1-300x225.jpg 300w, https:\/\/www.sabine-seyffert.de\/blog\/wp-content\/uploads\/2021\/11\/Adventskranz-T\u00fcten-bunt-Sabine-Seyffert.de-1-768x576.jpg 768w\" sizes=\"auto, (max-width: 800px) 100vw, 800px\" \/><\/a><\/p>\n<p style=\"text-align: justify;\">Wer auf Nummer sicher gehen m\u00f6chte, legt dennoch zum Basteln ein paar Zeitungsbl\u00e4tter unter.<\/p>\n<p style=\"text-align: center;\"><a href=\"https:\/\/www.sabine-seyffert.de\/blog\/wp-content\/uploads\/2021\/11\/Adventskranz-T\u00fcten-bunt-Sabine-Seyffert.de-2.jpg\"><img loading=\"lazy\" decoding=\"async\" class=\"alignnone size-full wp-image-21644\" src=\"https:\/\/www.sabine-seyffert.de\/blog\/wp-content\/uploads\/2021\/11\/Adventskranz-T\u00fcten-bunt-Sabine-Seyffert.de-2.jpg\" alt=\"\" width=\"800\" height=\"600\" srcset=\"https:\/\/www.sabine-seyffert.de\/blog\/wp-content\/uploads\/2021\/11\/Adventskranz-T\u00fcten-bunt-Sabine-Seyffert.de-2.jpg 800w, https:\/\/www.sabine-seyffert.de\/blog\/wp-content\/uploads\/2021\/11\/Adventskranz-T\u00fcten-bunt-Sabine-Seyffert.de-2-300x225.jpg 300w, https:\/\/www.sabine-seyffert.de\/blog\/wp-content\/uploads\/2021\/11\/Adventskranz-T\u00fcten-bunt-Sabine-Seyffert.de-2-768x576.jpg 768w\" sizes=\"auto, (max-width: 800px) 100vw, 800px\" \/><\/a><\/p>\n<p style=\"text-align: justify;\">Pro \u201eKranz\u201c ben\u00f6tigt man vier T\u00fcten. Wir haben vorab gemeinsam Ideen f\u00fcr Motive gesammelt, die sich f\u00fcr die T\u00fcten eignen und von den Kindern gut gemalt werden k\u00f6nnen:<\/p>\n<p style=\"text-align: center;\"><a href=\"https:\/\/www.sabine-seyffert.de\/blog\/wp-content\/uploads\/2021\/11\/Adventskranz-T\u00fcten-bunt-Sabine-Seyffert.de-9.jpg\"><img loading=\"lazy\" decoding=\"async\" class=\"alignnone size-full wp-image-21650\" src=\"https:\/\/www.sabine-seyffert.de\/blog\/wp-content\/uploads\/2021\/11\/Adventskranz-T\u00fcten-bunt-Sabine-Seyffert.de-9.jpg\" alt=\"\" width=\"800\" height=\"600\" srcset=\"https:\/\/www.sabine-seyffert.de\/blog\/wp-content\/uploads\/2021\/11\/Adventskranz-T\u00fcten-bunt-Sabine-Seyffert.de-9.jpg 800w, https:\/\/www.sabine-seyffert.de\/blog\/wp-content\/uploads\/2021\/11\/Adventskranz-T\u00fcten-bunt-Sabine-Seyffert.de-9-300x225.jpg 300w, https:\/\/www.sabine-seyffert.de\/blog\/wp-content\/uploads\/2021\/11\/Adventskranz-T\u00fcten-bunt-Sabine-Seyffert.de-9-768x576.jpg 768w\" sizes=\"auto, (max-width: 800px) 100vw, 800px\" \/><\/a><\/p>\n<p style=\"text-align: justify;\">Weihnachtsbaum, Weihnachtsmann, Sterne, Tannengr\u00fcn, Engel, Kerzen, Geschenke, ein Rentier, Sternschnuppe, Schlitten, Schneemann, Handschuhe, Pl\u00e4tzchen, Nikolausstiefel u.v.m.<\/p>\n<p style=\"text-align: center;\"><a href=\"https:\/\/www.sabine-seyffert.de\/blog\/wp-content\/uploads\/2021\/11\/Adventskranz-T\u00fcten-bunt-Sabine-Seyffert.de-8.jpg\"><img loading=\"lazy\" decoding=\"async\" class=\"alignnone size-full wp-image-21651\" src=\"https:\/\/www.sabine-seyffert.de\/blog\/wp-content\/uploads\/2021\/11\/Adventskranz-T\u00fcten-bunt-Sabine-Seyffert.de-8.jpg\" alt=\"\" width=\"800\" height=\"600\" srcset=\"https:\/\/www.sabine-seyffert.de\/blog\/wp-content\/uploads\/2021\/11\/Adventskranz-T\u00fcten-bunt-Sabine-Seyffert.de-8.jpg 800w, https:\/\/www.sabine-seyffert.de\/blog\/wp-content\/uploads\/2021\/11\/Adventskranz-T\u00fcten-bunt-Sabine-Seyffert.de-8-300x225.jpg 300w, https:\/\/www.sabine-seyffert.de\/blog\/wp-content\/uploads\/2021\/11\/Adventskranz-T\u00fcten-bunt-Sabine-Seyffert.de-8-768x576.jpg 768w\" sizes=\"auto, (max-width: 800px) 100vw, 800px\" \/><\/a><\/p>\n<p style=\"text-align: justify;\">Danach malen die Kinder auf jede ihrer vier Papierbeutel ein anderes Motiv.<\/p>\n<p style=\"text-align: center;\"><a href=\"https:\/\/www.sabine-seyffert.de\/blog\/wp-content\/uploads\/2021\/11\/Adventskranz-T\u00fcten-bunt-Sabine-Seyffert.de-5.jpg\"><img loading=\"lazy\" decoding=\"async\" class=\"alignnone size-full wp-image-21652\" src=\"https:\/\/www.sabine-seyffert.de\/blog\/wp-content\/uploads\/2021\/11\/Adventskranz-T\u00fcten-bunt-Sabine-Seyffert.de-5.jpg\" alt=\"\" width=\"600\" height=\"800\" srcset=\"https:\/\/www.sabine-seyffert.de\/blog\/wp-content\/uploads\/2021\/11\/Adventskranz-T\u00fcten-bunt-Sabine-Seyffert.de-5.jpg 600w, https:\/\/www.sabine-seyffert.de\/blog\/wp-content\/uploads\/2021\/11\/Adventskranz-T\u00fcten-bunt-Sabine-Seyffert.de-5-225x300.jpg 225w\" sizes=\"auto, (max-width: 600px) 100vw, 600px\" \/><\/a><\/p>\n<p style=\"text-align: justify;\">Ganz zum Schluss wird mit Hilfe der Buchstabenstempel darunter gestempelt um welchen Advent es sich dabei handelt: 1. Advent, 2. Advent, 3. Advent und 4. Advent.<\/p>\n<p style=\"text-align: center;\"><a href=\"https:\/\/www.sabine-seyffert.de\/blog\/wp-content\/uploads\/2021\/11\/Adventskranz-T\u00fcten-bunt-Sabine-Seyffert.de-11.jpg\"><img loading=\"lazy\" decoding=\"async\" class=\"alignnone size-full wp-image-21649\" src=\"https:\/\/www.sabine-seyffert.de\/blog\/wp-content\/uploads\/2021\/11\/Adventskranz-T\u00fcten-bunt-Sabine-Seyffert.de-11.jpg\" alt=\"\" width=\"800\" height=\"600\" srcset=\"https:\/\/www.sabine-seyffert.de\/blog\/wp-content\/uploads\/2021\/11\/Adventskranz-T\u00fcten-bunt-Sabine-Seyffert.de-11.jpg 800w, https:\/\/www.sabine-seyffert.de\/blog\/wp-content\/uploads\/2021\/11\/Adventskranz-T\u00fcten-bunt-Sabine-Seyffert.de-11-300x225.jpg 300w, https:\/\/www.sabine-seyffert.de\/blog\/wp-content\/uploads\/2021\/11\/Adventskranz-T\u00fcten-bunt-Sabine-Seyffert.de-11-768x576.jpg 768w\" sizes=\"auto, (max-width: 800px) 100vw, 800px\" \/><\/a><\/p>\n<p style=\"text-align: justify;\">Nun klappt man die T\u00fcten auf, stellt ein sauberes, trockenes Glas samt Teelicht hinein.<\/p>\n<p style=\"text-align: center;\"><a href=\"https:\/\/www.sabine-seyffert.de\/blog\/wp-content\/uploads\/2021\/11\/Adventskranz-T\u00fcten-bunt-Sabine-Seyffert.de-12.jpg\"><img loading=\"lazy\" decoding=\"async\" class=\"alignnone size-full wp-image-21648\" src=\"https:\/\/www.sabine-seyffert.de\/blog\/wp-content\/uploads\/2021\/11\/Adventskranz-T\u00fcten-bunt-Sabine-Seyffert.de-12.jpg\" alt=\"\" width=\"800\" height=\"600\" srcset=\"https:\/\/www.sabine-seyffert.de\/blog\/wp-content\/uploads\/2021\/11\/Adventskranz-T\u00fcten-bunt-Sabine-Seyffert.de-12.jpg 800w, https:\/\/www.sabine-seyffert.de\/blog\/wp-content\/uploads\/2021\/11\/Adventskranz-T\u00fcten-bunt-Sabine-Seyffert.de-12-300x225.jpg 300w, https:\/\/www.sabine-seyffert.de\/blog\/wp-content\/uploads\/2021\/11\/Adventskranz-T\u00fcten-bunt-Sabine-Seyffert.de-12-768x576.jpg 768w\" sizes=\"auto, (max-width: 800px) 100vw, 800px\" \/><\/a><\/p>\n<p style=\"text-align: justify;\">So hat man eine wunderbare Deko f\u00fcr Tisch oder Fensterbank, die einen durch die Adventszeit hindurch begleitet.<\/p>\n<p style=\"text-align: center;\"><a href=\"https:\/\/www.sabine-seyffert.de\/blog\/wp-content\/uploads\/2021\/11\/Adventskranz-T\u00fcten-bunt-Sabine-Seyffert.de-13.jpg\"><img loading=\"lazy\" decoding=\"async\" class=\"alignnone size-full wp-image-21647\" src=\"https:\/\/www.sabine-seyffert.de\/blog\/wp-content\/uploads\/2021\/11\/Adventskranz-T\u00fcten-bunt-Sabine-Seyffert.de-13.jpg\" alt=\"\" width=\"800\" height=\"600\" srcset=\"https:\/\/www.sabine-seyffert.de\/blog\/wp-content\/uploads\/2021\/11\/Adventskranz-T\u00fcten-bunt-Sabine-Seyffert.de-13.jpg 800w, https:\/\/www.sabine-seyffert.de\/blog\/wp-content\/uploads\/2021\/11\/Adventskranz-T\u00fcten-bunt-Sabine-Seyffert.de-13-300x225.jpg 300w, https:\/\/www.sabine-seyffert.de\/blog\/wp-content\/uploads\/2021\/11\/Adventskranz-T\u00fcten-bunt-Sabine-Seyffert.de-13-768x576.jpg 768w\" sizes=\"auto, (max-width: 800px) 100vw, 800px\" \/><\/a><\/p>\n<p style=\"text-align: justify;\"><strong>Ein kleiner Tipp:<\/strong><br \/>\nDie Kinder haben diesen Adventskranz als Geschenk f\u00fcr ihre Eltern zum ersten Advent genutzt. Sicher freuen sich auch Oma, Opa und andere Verwandet \u00fcber eine so einzigartige Geschenkidee!<\/p>\n<p style=\"text-align: center;\"><a href=\"https:\/\/www.sabine-seyffert.de\/blog\/wp-content\/uploads\/2021\/11\/Adventskranz-T\u00fcten-bunt-Sabine-Seyffert.de-15.jpg\"><img loading=\"lazy\" decoding=\"async\" class=\"alignnone size-full wp-image-21646\" src=\"https:\/\/www.sabine-seyffert.de\/blog\/wp-content\/uploads\/2021\/11\/Adventskranz-T\u00fcten-bunt-Sabine-Seyffert.de-15.jpg\" alt=\"\" width=\"600\" height=\"800\" srcset=\"https:\/\/www.sabine-seyffert.de\/blog\/wp-content\/uploads\/2021\/11\/Adventskranz-T\u00fcten-bunt-Sabine-Seyffert.de-15.jpg 600w, https:\/\/www.sabine-seyffert.de\/blog\/wp-content\/uploads\/2021\/11\/Adventskranz-T\u00fcten-bunt-Sabine-Seyffert.de-15-225x300.jpg 225w\" sizes=\"auto, (max-width: 600px) 100vw, 600px\" \/><\/a><\/p>\n<p style=\"text-align: justify;\">Weitere DIY Geschenkideen zum Selbermachen findet ihr \u00fcbrigens in <a href=\"https:\/\/www.sabine-seyffert.de\/blog\/?cat=36\" target=\"_blank\" rel=\"noopener noreferrer\">dieser Blog Kategorie<\/a>, alles zum Thema Weihnachten mit detaillierter Bastelanleitung gibt es in <a href=\"https:\/\/www.sabine-seyffert.de\/blog\/?cat=41\" target=\"_blank\" rel=\"noopener noreferrer\">dieser Rubrik<\/a>, Bastelideen speziell f\u00fcr Kinder sind in <a href=\"https:\/\/www.sabine-seyffert.de\/blog\/?cat=32\" target=\"_blank\" rel=\"noopener noreferrer\">diesem Blog Ordner<\/a> oder auch an dieser Stelle.<\/p>\n<p style=\"text-align: center;\"><a href=\"https:\/\/www.sabine-seyffert.de\/blog\/wp-content\/uploads\/2021\/11\/Adventskranz-T\u00fcten-bunt-Sabine-Seyffert.de-16.jpg\"><img loading=\"lazy\" decoding=\"async\" class=\"alignnone size-full wp-image-21645\" src=\"https:\/\/www.sabine-seyffert.de\/blog\/wp-content\/uploads\/2021\/11\/Adventskranz-T\u00fcten-bunt-Sabine-Seyffert.de-16.jpg\" alt=\"\" width=\"600\" height=\"800\" srcset=\"https:\/\/www.sabine-seyffert.de\/blog\/wp-content\/uploads\/2021\/11\/Adventskranz-T\u00fcten-bunt-Sabine-Seyffert.de-16.jpg 600w, https:\/\/www.sabine-seyffert.de\/blog\/wp-content\/uploads\/2021\/11\/Adventskranz-T\u00fcten-bunt-Sabine-Seyffert.de-16-225x300.jpg 225w\" sizes=\"auto, (max-width: 600px) 100vw, 600px\" \/><\/a><\/p>\n<p style=\"text-align: justify;\"><a href=\"https:\/\/www.sabine-seyffert.de\/blog\/?page_id=32#urheberrecht\">urheberrechtlich gesch\u00fctzt<\/a>, \u00a9 Sabine Seyffert<\/p>\n","protected":false},"excerpt":{"rendered":"<p>Gerade noch rechtzeitig, bevor im letzten Jahr der Lockdown kam, habe ich mit meinen Kunst Kindern einen Adventskranz fertigstellen k\u00f6nnen. Dieser Adventskranz ist weder aus Tannengr\u00fcn noch klassisch, daf\u00fcr ausgefallen, kreativ und mit ganz viel Liebe und Herzblut der Kinder gestaltet. Die Idee kam mir seinerzeit bei den Adventst\u00fcten aus dieser Anleitung, die ich hierf\u00fcr&#8230; <a href=\"https:\/\/www.sabine-seyffert.de\/blog\/diy-adventskranz-selbst-gemacht-leuchtende-lichter-tueten-mit-kinderbildern\/\" class=\"more-link\">Read more: DIY Adventskranz selbst gemacht: Leuchtende Lichter-T\u00fcten mit Kinderbildern<\/a><\/p>\n","protected":false},"author":2,"featured_media":0,"comment_status":"open","ping_status":"open","sticky":false,"template":"","format":"standard","meta":{"_metis_text_type":"","_metis_text_length":2607,"_post_count":0,"footnotes":""},"categories":[41,32,12,36],"tags":[],"class_list":["post-21640","post","type-post","status-publish","format-standard","hentry","category-weihnachten","category-kreatives-fur-kleine-kinderhande","category-deko-ideen","category-klitzekleine-geschenkideen"],"_links":{"self":[{"href":"https:\/\/www.sabine-seyffert.de\/blog\/wp-json\/wp\/v2\/posts\/21640","targetHints":{"allow":["GET"]}}],"collection":[{"href":"https:\/\/www.sabine-seyffert.de\/blog\/wp-json\/wp\/v2\/posts"}],"about":[{"href":"https:\/\/www.sabine-seyffert.de\/blog\/wp-json\/wp\/v2\/types\/post"}],"author":[{"embeddable":true,"href":"https:\/\/www.sabine-seyffert.de\/blog\/wp-json\/wp\/v2\/users\/2"}],"replies":[{"embeddable":true,"href":"https:\/\/www.sabine-seyffert.de\/blog\/wp-json\/wp\/v2\/comments?post=21640"}],"version-history":[{"count":3,"href":"https:\/\/www.sabine-seyffert.de\/blog\/wp-json\/wp\/v2\/posts\/21640\/revisions"}],"predecessor-version":[{"id":24658,"href":"https:\/\/www.sabine-seyffert.de\/blog\/wp-json\/wp\/v2\/posts\/21640\/revisions\/24658"}],"wp:attachment":[{"href":"https:\/\/www.sabine-seyffert.de\/blog\/wp-json\/wp\/v2\/media?parent=21640"}],"wp:term":[{"taxonomy":"category","embeddable":true,"href":"https:\/\/www.sabine-seyffert.de\/blog\/wp-json\/wp\/v2\/categories?post=21640"},{"taxonomy":"post_tag","embeddable":true,"href":"https:\/\/www.sabine-seyffert.de\/blog\/wp-json\/wp\/v2\/tags?post=21640"}],"curies":[{"name":"wp","href":"https:\/\/api.w.org\/{rel}","templated":true}]}}