{"id":21626,"date":"2021-11-14T06:00:33","date_gmt":"2021-11-14T04:00:33","guid":{"rendered":"https:\/\/www.sabine-seyffert.de\/blog\/?p=21626"},"modified":"2022-12-06T10:47:57","modified_gmt":"2022-12-06T08:47:57","slug":"diy-bastelidee-fuer-den-advent-selbst-gemachter-adventskranz-mit-upcycling-windlichtern-tannenbaum","status":"publish","type":"post","link":"https:\/\/www.sabine-seyffert.de\/blog\/diy-bastelidee-fuer-den-advent-selbst-gemachter-adventskranz-mit-upcycling-windlichtern-tannenbaum\/","title":{"rendered":"DIY Bastelidee f\u00fcr den Advent: Selbst gemachter Adventskranz mit Upcycling Windlichtern \u201eTannenbaum\u201c"},"content":{"rendered":"<p style=\"text-align: justify;\"><img loading=\"lazy\" decoding=\"async\" src=\"https:\/\/vg01.met.vgwort.de\/na\/2ce8d30b73c64e208099c8dd864f25e6\" alt=\"\" width=\"1\" height=\"1\" \/>Auch wenn ich den Duft von Tannengr\u00fcn sehr mag, so gibt es bei uns in der Weihnachtszeit meist umweltfreundliche Alternativen zum herk\u00f6mmlichen Adventskranz. Auf dem Blog findet ihr in der <a href=\"https:\/\/www.sabine-seyffert.de\/blog\/?cat=41\" target=\"_blank\" rel=\"noopener noreferrer\">Rubrik \u201eAdvent\u201c<\/a> zahlreiche Beispiele mit Bastelanleitung. Zudem lassen sich die gestalteten Gl\u00e4ser auch nach Belieben wieder verwenden oder als Geschenk und Mitbringsel nutzen. Die Kosten daf\u00fcr halten sich im Rahmen. Da kaum Bastelmaterial gebraucht wird, was man neu kaufen muss.<br \/>\nDie mit kleinen Weihnachtsb\u00e4umen geschm\u00fcckten Windlichter sind ein sch\u00f6nes Pendant zu den Lichtert\u00fcten mit Tannen, aus <a href=\"https:\/\/www.sabine-seyffert.de\/blog\/?p=17754\" target=\"_blank\" rel=\"noopener noreferrer\">dieser Bastelanleitung<\/a>.<\/p>\n<p style=\"text-align: center;\"><a href=\"https:\/\/www.sabine-seyffert.de\/blog\/wp-content\/uploads\/2021\/11\/Adventskranz-Glas-Tanne-Sabine-Seyffert.de-2.jpg\"><img loading=\"lazy\" decoding=\"async\" class=\"alignnone size-full wp-image-21627\" src=\"https:\/\/www.sabine-seyffert.de\/blog\/wp-content\/uploads\/2021\/11\/Adventskranz-Glas-Tanne-Sabine-Seyffert.de-2.jpg\" alt=\"\" width=\"800\" height=\"600\" srcset=\"https:\/\/www.sabine-seyffert.de\/blog\/wp-content\/uploads\/2021\/11\/Adventskranz-Glas-Tanne-Sabine-Seyffert.de-2.jpg 800w, https:\/\/www.sabine-seyffert.de\/blog\/wp-content\/uploads\/2021\/11\/Adventskranz-Glas-Tanne-Sabine-Seyffert.de-2-300x225.jpg 300w, https:\/\/www.sabine-seyffert.de\/blog\/wp-content\/uploads\/2021\/11\/Adventskranz-Glas-Tanne-Sabine-Seyffert.de-2-768x576.jpg 768w\" sizes=\"auto, (max-width: 800px) 100vw, 800px\" \/><\/a><\/p>\n<p style=\"text-align: justify;\"><strong>Das wird gebraucht:<\/strong><br \/>\n4 leere Marmeladengl\u00e4ser, kleine Holzperle (unlackiert &amp; naturbelassene oder in einer anderen Farbe eurer Wahl), d\u00fcnne Kordel, Papierreste (Zeitung, d\u00fcnne Pappe, alte Buchseiten o.\u00e4., eine Bastelschere, ein Lineal, einen Bleistift, einen Klebestift, 4 Kerzen oder Teelichter (je nach Gr\u00f6\u00dfe der Gl\u00e4ser), wei\u00dfes Transparentpapier extra stark (mind. 115 g \/ m2) sowie optional einen Motivlocher \u201eTanne\u201c<\/p>\n<p style=\"text-align: center;\"><a href=\"https:\/\/www.sabine-seyffert.de\/blog\/wp-content\/uploads\/2021\/11\/Adventskranz-Glas-Tanne-Sabine-Seyffert.de-8.jpg\"><img loading=\"lazy\" decoding=\"async\" class=\"alignnone size-full wp-image-21628\" src=\"https:\/\/www.sabine-seyffert.de\/blog\/wp-content\/uploads\/2021\/11\/Adventskranz-Glas-Tanne-Sabine-Seyffert.de-8.jpg\" alt=\"\" width=\"800\" height=\"600\" srcset=\"https:\/\/www.sabine-seyffert.de\/blog\/wp-content\/uploads\/2021\/11\/Adventskranz-Glas-Tanne-Sabine-Seyffert.de-8.jpg 800w, https:\/\/www.sabine-seyffert.de\/blog\/wp-content\/uploads\/2021\/11\/Adventskranz-Glas-Tanne-Sabine-Seyffert.de-8-300x225.jpg 300w, https:\/\/www.sabine-seyffert.de\/blog\/wp-content\/uploads\/2021\/11\/Adventskranz-Glas-Tanne-Sabine-Seyffert.de-8-768x576.jpg 768w\" sizes=\"auto, (max-width: 800px) 100vw, 800px\" \/><\/a><\/p>\n<p style=\"text-align: justify;\"><strong>So wird\u2019s gemacht:<\/strong><br \/>\nDie vier Gl\u00e4ser sollten von Aufklebern und Etiketten befreit werden und g\u00e4nzlich sauber &amp; trocken sein. Dann misst man mit dem Lineal die H\u00f6he und Breite, so dass man sich aus dem wei\u00dfen Transparentpapier vier Banderolen zuschneiden kann.<\/p>\n<p style=\"text-align: center;\"><a href=\"https:\/\/www.sabine-seyffert.de\/blog\/wp-content\/uploads\/2021\/11\/Adventskranz-Glas-Tanne-Sabine-Seyffert.de-3.jpg\"><img loading=\"lazy\" decoding=\"async\" class=\"alignnone size-full wp-image-21633\" src=\"https:\/\/www.sabine-seyffert.de\/blog\/wp-content\/uploads\/2021\/11\/Adventskranz-Glas-Tanne-Sabine-Seyffert.de-3.jpg\" alt=\"\" width=\"800\" height=\"600\" srcset=\"https:\/\/www.sabine-seyffert.de\/blog\/wp-content\/uploads\/2021\/11\/Adventskranz-Glas-Tanne-Sabine-Seyffert.de-3.jpg 800w, https:\/\/www.sabine-seyffert.de\/blog\/wp-content\/uploads\/2021\/11\/Adventskranz-Glas-Tanne-Sabine-Seyffert.de-3-300x225.jpg 300w, https:\/\/www.sabine-seyffert.de\/blog\/wp-content\/uploads\/2021\/11\/Adventskranz-Glas-Tanne-Sabine-Seyffert.de-3-768x576.jpg 768w\" sizes=\"auto, (max-width: 800px) 100vw, 800px\" \/><\/a><\/p>\n<p style=\"text-align: justify;\">Diese werden m\u00f6glichst eng um die Gl\u00e4ser gewickelt und am Rand verklebt, so dass diese Manschette nicht verrutscht.<\/p>\n<p style=\"text-align: center;\"><a href=\"https:\/\/www.sabine-seyffert.de\/blog\/wp-content\/uploads\/2021\/11\/Adventskranz-Glas-Tanne-Sabine-Seyffert.de-7.jpg\"><img loading=\"lazy\" decoding=\"async\" class=\"alignnone size-full wp-image-21634\" src=\"https:\/\/www.sabine-seyffert.de\/blog\/wp-content\/uploads\/2021\/11\/Adventskranz-Glas-Tanne-Sabine-Seyffert.de-7.jpg\" alt=\"\" width=\"800\" height=\"600\" srcset=\"https:\/\/www.sabine-seyffert.de\/blog\/wp-content\/uploads\/2021\/11\/Adventskranz-Glas-Tanne-Sabine-Seyffert.de-7.jpg 800w, https:\/\/www.sabine-seyffert.de\/blog\/wp-content\/uploads\/2021\/11\/Adventskranz-Glas-Tanne-Sabine-Seyffert.de-7-300x225.jpg 300w, https:\/\/www.sabine-seyffert.de\/blog\/wp-content\/uploads\/2021\/11\/Adventskranz-Glas-Tanne-Sabine-Seyffert.de-7-768x576.jpg 768w\" sizes=\"auto, (max-width: 800px) 100vw, 800px\" \/><\/a><\/p>\n<p style=\"text-align: justify;\">Oben am Rand, wickelt man etwas Kordel um das Schraubgewinde zu verdecken. Au\u00dferdem habe ich dabei Perlen aufgef\u00e4delt. Am Glas f\u00fcr den ersten Advent eine Holzperle, beim zweiten Advent zwei usw.<\/p>\n<p style=\"text-align: center;\"><a href=\"https:\/\/www.sabine-seyffert.de\/blog\/wp-content\/uploads\/2021\/11\/Adventskranz-Glas-Tanne-Sabine-Seyffert.de-6.jpg\"><img loading=\"lazy\" decoding=\"async\" class=\"alignnone size-full wp-image-21635\" src=\"https:\/\/www.sabine-seyffert.de\/blog\/wp-content\/uploads\/2021\/11\/Adventskranz-Glas-Tanne-Sabine-Seyffert.de-6.jpg\" alt=\"\" width=\"800\" height=\"600\" srcset=\"https:\/\/www.sabine-seyffert.de\/blog\/wp-content\/uploads\/2021\/11\/Adventskranz-Glas-Tanne-Sabine-Seyffert.de-6.jpg 800w, https:\/\/www.sabine-seyffert.de\/blog\/wp-content\/uploads\/2021\/11\/Adventskranz-Glas-Tanne-Sabine-Seyffert.de-6-300x225.jpg 300w, https:\/\/www.sabine-seyffert.de\/blog\/wp-content\/uploads\/2021\/11\/Adventskranz-Glas-Tanne-Sabine-Seyffert.de-6-768x576.jpg 768w\" sizes=\"auto, (max-width: 800px) 100vw, 800px\" \/><\/a><\/p>\n<p style=\"text-align: justify;\">Zus\u00e4tzlich habe ich mich f\u00fcr das Motiv Weihnachtsbaum entschieden, damit die Gl\u00e4ser auch sch\u00f6n weihnachtlich aussehen. Dazu schneidet oder stanzt man aus Papierresten kleine B\u00e4ume aus.<\/p>\n<p style=\"text-align: center;\"><a href=\"https:\/\/www.sabine-seyffert.de\/blog\/wp-content\/uploads\/2021\/11\/Adventskranz-Glas-Tanne-Sabine-Seyffert.de-4.jpg\"><img loading=\"lazy\" decoding=\"async\" class=\"alignnone size-full wp-image-21636\" src=\"https:\/\/www.sabine-seyffert.de\/blog\/wp-content\/uploads\/2021\/11\/Adventskranz-Glas-Tanne-Sabine-Seyffert.de-4.jpg\" alt=\"\" width=\"800\" height=\"600\" srcset=\"https:\/\/www.sabine-seyffert.de\/blog\/wp-content\/uploads\/2021\/11\/Adventskranz-Glas-Tanne-Sabine-Seyffert.de-4.jpg 800w, https:\/\/www.sabine-seyffert.de\/blog\/wp-content\/uploads\/2021\/11\/Adventskranz-Glas-Tanne-Sabine-Seyffert.de-4-300x225.jpg 300w, https:\/\/www.sabine-seyffert.de\/blog\/wp-content\/uploads\/2021\/11\/Adventskranz-Glas-Tanne-Sabine-Seyffert.de-4-768x576.jpg 768w\" sizes=\"auto, (max-width: 800px) 100vw, 800px\" \/><\/a><\/p>\n<p style=\"text-align: justify;\">Um das Transparentpapier wickelt man ebenfalls m\u00f6glichst eng ein paar Bahnen Kordel. Von Vorne klebt man dann die B\u00e4ume auf. Hier bin ich ebenso verfahren wie am oberen Rand. Der 1. Advent bekommt einen Baum, der 2. Advent zwei, der 3. Adventdrei und schlie\u00dflich 4 B\u00e4ume f\u00fcr den 4. Advent.<\/p>\n<p style=\"text-align: center;\"><a href=\"https:\/\/www.sabine-seyffert.de\/blog\/wp-content\/uploads\/2021\/11\/Adventskranz-Glas-Tanne-Sabine-Seyffert.de-1.jpg\"><img loading=\"lazy\" decoding=\"async\" class=\"alignnone size-full wp-image-21632\" src=\"https:\/\/www.sabine-seyffert.de\/blog\/wp-content\/uploads\/2021\/11\/Adventskranz-Glas-Tanne-Sabine-Seyffert.de-1.jpg\" alt=\"\" width=\"800\" height=\"600\" srcset=\"https:\/\/www.sabine-seyffert.de\/blog\/wp-content\/uploads\/2021\/11\/Adventskranz-Glas-Tanne-Sabine-Seyffert.de-1.jpg 800w, https:\/\/www.sabine-seyffert.de\/blog\/wp-content\/uploads\/2021\/11\/Adventskranz-Glas-Tanne-Sabine-Seyffert.de-1-300x225.jpg 300w, https:\/\/www.sabine-seyffert.de\/blog\/wp-content\/uploads\/2021\/11\/Adventskranz-Glas-Tanne-Sabine-Seyffert.de-1-768x576.jpg 768w\" sizes=\"auto, (max-width: 800px) 100vw, 800px\" \/><\/a><\/p>\n<p style=\"text-align: justify;\">Zum Schluss noch in jedes Glas ein Teelicht stellen und die Adventszeit kann starten!<\/p>\n<p style=\"text-align: center;\"><a href=\"https:\/\/www.sabine-seyffert.de\/blog\/wp-content\/uploads\/2021\/11\/Adventskranz-Glas-Tanne-Sabine-Seyffert.de-11.jpg\"><img loading=\"lazy\" decoding=\"async\" class=\"alignnone size-full wp-image-21631\" src=\"https:\/\/www.sabine-seyffert.de\/blog\/wp-content\/uploads\/2021\/11\/Adventskranz-Glas-Tanne-Sabine-Seyffert.de-11.jpg\" alt=\"\" width=\"600\" height=\"800\" srcset=\"https:\/\/www.sabine-seyffert.de\/blog\/wp-content\/uploads\/2021\/11\/Adventskranz-Glas-Tanne-Sabine-Seyffert.de-11.jpg 600w, https:\/\/www.sabine-seyffert.de\/blog\/wp-content\/uploads\/2021\/11\/Adventskranz-Glas-Tanne-Sabine-Seyffert.de-11-225x300.jpg 225w\" sizes=\"auto, (max-width: 600px) 100vw, 600px\" \/><\/a><\/p>\n<p style=\"text-align: justify;\"><strong>Ein kleiner Tipp:<\/strong><br \/>\nDie Gl\u00e4ser sind eine tolle Geschenkidee zum Start in die Adventszeit. Dar\u00fcber werden sich liebe Freunde, nette Nachbarn oder Verwandte sehr \u00fcber dieses Geschenk freuen und den Lichterglanz mit Sicherheit in vollen Z\u00fcgen genie\u00dfen!<\/p>\n<p style=\"text-align: center;\"><a href=\"https:\/\/www.sabine-seyffert.de\/blog\/wp-content\/uploads\/2021\/11\/Adventskranz-Glas-Tanne-Sabine-Seyffert.de-9.jpg\"><img loading=\"lazy\" decoding=\"async\" class=\"alignnone size-full wp-image-21630\" src=\"https:\/\/www.sabine-seyffert.de\/blog\/wp-content\/uploads\/2021\/11\/Adventskranz-Glas-Tanne-Sabine-Seyffert.de-9.jpg\" alt=\"\" width=\"600\" height=\"800\" srcset=\"https:\/\/www.sabine-seyffert.de\/blog\/wp-content\/uploads\/2021\/11\/Adventskranz-Glas-Tanne-Sabine-Seyffert.de-9.jpg 600w, https:\/\/www.sabine-seyffert.de\/blog\/wp-content\/uploads\/2021\/11\/Adventskranz-Glas-Tanne-Sabine-Seyffert.de-9-225x300.jpg 225w\" sizes=\"auto, (max-width: 600px) 100vw, 600px\" \/><\/a><\/p>\n<p>Hier gibt es noch weitere Alternativen zu einem Adventskranz aus Gl\u00e4sern: <a href=\"https:\/\/www.sabine-seyffert.de\/blog\/?p=15395\" target=\"_blank\" rel=\"noopener noreferrer\">Leuchtende Zahlen<\/a>, <a href=\"https:\/\/www.sabine-seyffert.de\/blog\/?p=11378\" target=\"_blank\" rel=\"noopener noreferrer\">Upcycling Gl\u00e4ser mit Stoffresten<\/a>, <a href=\"https:\/\/www.sabine-seyffert.de\/blog\/?p=8929\" target=\"_blank\" rel=\"noopener noreferrer\">Adventsgl\u00e4ser aus Buchseiten<\/a> und ein knuspriger <a href=\"https:\/\/www.sabine-seyffert.de\/blog\/?p=13610\" target=\"_blank\" rel=\"noopener noreferrer\">Adventskranz zum Naschen.<\/a><\/p>\n<p style=\"text-align: justify;\">Weitere DIY f\u00fcr die Weihnachtszeit findet ihr \u00fcbrigens in <a href=\"https:\/\/www.sabine-seyffert.de\/blog\/?cat=41\" target=\"_blank\" rel=\"noopener noreferrer\">dieser Blog Kategorie<\/a>, alles zum Thema Upcycling mit detaillierter Bastelanleitung gibt es in <a href=\"https:\/\/www.sabine-seyffert.de\/blog\/?cat=47\" target=\"_blank\" rel=\"noopener noreferrer\">dieser Rubrik<\/a>, klitzekleine Geschenkideen sind in <a href=\"https:\/\/www.sabine-seyffert.de\/blog\/?cat=36\" target=\"_blank\" rel=\"noopener noreferrer\">diesem Blog Ordner<\/a> und andere kreative Sachen <a href=\"https:\/\/www.pinterest.de\/diysabineseyffert\/\" target=\"_blank\" rel=\"noopener noreferrer\">da<\/a> und auch an dieser Stelle.<\/p>\n<p style=\"text-align: center;\"><a href=\"https:\/\/www.sabine-seyffert.de\/blog\/wp-content\/uploads\/2021\/11\/Adventskranz-Glas-Tanne-Sabine-Seyffert.de-10.jpg\"><img loading=\"lazy\" decoding=\"async\" class=\"alignnone size-full wp-image-21629\" src=\"https:\/\/www.sabine-seyffert.de\/blog\/wp-content\/uploads\/2021\/11\/Adventskranz-Glas-Tanne-Sabine-Seyffert.de-10.jpg\" alt=\"\" width=\"600\" height=\"800\" srcset=\"https:\/\/www.sabine-seyffert.de\/blog\/wp-content\/uploads\/2021\/11\/Adventskranz-Glas-Tanne-Sabine-Seyffert.de-10.jpg 600w, https:\/\/www.sabine-seyffert.de\/blog\/wp-content\/uploads\/2021\/11\/Adventskranz-Glas-Tanne-Sabine-Seyffert.de-10-225x300.jpg 225w\" sizes=\"auto, (max-width: 600px) 100vw, 600px\" \/><\/a><\/p>\n<p style=\"text-align: justify;\"><a href=\"https:\/\/www.sabine-seyffert.de\/blog\/?page_id=32#urheberrecht\">urheberrechtlich gesch\u00fctzt<\/a>, \u00a9 Sabine Seyffert<\/p>\n","protected":false},"excerpt":{"rendered":"<p>Auch wenn ich den Duft von Tannengr\u00fcn sehr mag, so gibt es bei uns in der Weihnachtszeit meist umweltfreundliche Alternativen zum herk\u00f6mmlichen Adventskranz. Auf dem Blog findet ihr in der Rubrik \u201eAdvent\u201c zahlreiche Beispiele mit Bastelanleitung. Zudem lassen sich die gestalteten Gl\u00e4ser auch nach Belieben wieder verwenden oder als Geschenk und Mitbringsel nutzen. Die Kosten&#8230; <a href=\"https:\/\/www.sabine-seyffert.de\/blog\/diy-bastelidee-fuer-den-advent-selbst-gemachter-adventskranz-mit-upcycling-windlichtern-tannenbaum\/\" class=\"more-link\">Read more: DIY Bastelidee f\u00fcr den Advent: Selbst gemachter Adventskranz mit Upcycling Windlichtern \u201eTannenbaum\u201c<\/a><\/p>\n","protected":false},"author":2,"featured_media":0,"comment_status":"open","ping_status":"open","sticky":false,"template":"","format":"standard","meta":{"_metis_text_type":"","_metis_text_length":2943,"_post_count":0,"footnotes":""},"categories":[41,12,36,47],"tags":[],"class_list":["post-21626","post","type-post","status-publish","format-standard","hentry","category-weihnachten","category-deko-ideen","category-klitzekleine-geschenkideen","category-upcyceltes"],"_links":{"self":[{"href":"https:\/\/www.sabine-seyffert.de\/blog\/wp-json\/wp\/v2\/posts\/21626","targetHints":{"allow":["GET"]}}],"collection":[{"href":"https:\/\/www.sabine-seyffert.de\/blog\/wp-json\/wp\/v2\/posts"}],"about":[{"href":"https:\/\/www.sabine-seyffert.de\/blog\/wp-json\/wp\/v2\/types\/post"}],"author":[{"embeddable":true,"href":"https:\/\/www.sabine-seyffert.de\/blog\/wp-json\/wp\/v2\/users\/2"}],"replies":[{"embeddable":true,"href":"https:\/\/www.sabine-seyffert.de\/blog\/wp-json\/wp\/v2\/comments?post=21626"}],"version-history":[{"count":4,"href":"https:\/\/www.sabine-seyffert.de\/blog\/wp-json\/wp\/v2\/posts\/21626\/revisions"}],"predecessor-version":[{"id":24664,"href":"https:\/\/www.sabine-seyffert.de\/blog\/wp-json\/wp\/v2\/posts\/21626\/revisions\/24664"}],"wp:attachment":[{"href":"https:\/\/www.sabine-seyffert.de\/blog\/wp-json\/wp\/v2\/media?parent=21626"}],"wp:term":[{"taxonomy":"category","embeddable":true,"href":"https:\/\/www.sabine-seyffert.de\/blog\/wp-json\/wp\/v2\/categories?post=21626"},{"taxonomy":"post_tag","embeddable":true,"href":"https:\/\/www.sabine-seyffert.de\/blog\/wp-json\/wp\/v2\/tags?post=21626"}],"curies":[{"name":"wp","href":"https:\/\/api.w.org\/{rel}","templated":true}]}}