{"id":2162,"date":"2013-07-20T08:23:18","date_gmt":"2013-07-20T06:23:18","guid":{"rendered":"http:\/\/www.sabine-seyffert.de\/blog\/?p=2162"},"modified":"2017-03-06T12:53:57","modified_gmt":"2017-03-06T10:53:57","slug":"ein-himmlischer-ausflug","status":"publish","type":"post","link":"https:\/\/www.sabine-seyffert.de\/blog\/ein-himmlischer-ausflug\/","title":{"rendered":"Ein \u201ehimmlischer\u201c Ausflug"},"content":{"rendered":"<p style=\"text-align: center;\"><img loading=\"lazy\" decoding=\"async\" src=\"https:\/\/ssl-vg03.met.vgwort.de\/na\/b0a5a56f4a2847d7be7d844a66ef8cae\" alt=\"\" width=\"1\" height=\"1\" \/><a href=\"http:\/\/www.sabine-seyffert.de\/blog\/wp-content\/uploads\/2013\/07\/Ballon-Ingo-1.jpg\"><img loading=\"lazy\" decoding=\"async\" class=\"alignnone size-full wp-image-2163\" src=\"http:\/\/www.sabine-seyffert.de\/blog\/wp-content\/uploads\/2013\/07\/Ballon-Ingo-1.jpg\" alt=\"Ballon Ingo 1\" width=\"800\" height=\"600\" srcset=\"https:\/\/www.sabine-seyffert.de\/blog\/wp-content\/uploads\/2013\/07\/Ballon-Ingo-1.jpg 800w, https:\/\/www.sabine-seyffert.de\/blog\/wp-content\/uploads\/2013\/07\/Ballon-Ingo-1-300x225.jpg 300w\" sizes=\"auto, (max-width: 800px) 100vw, 800px\" \/><\/a><\/p>\n<p style=\"text-align: justify;\">Ein Freund von uns, ist <a href=\"http:\/\/www.ballonsport-online.de.vu\/\" target=\"_blank\">Ballonfahrer<\/a>. Jawohl \u2013 Ballonfahrer! Ein traumhafter Beruf bzw. in seinem Fall ein Hobby, um das er wirklich zu beneiden ist. Zumindest aus den Augen einer Entspannungsp\u00e4dagogin und Autorin diverser Traumreisen f\u00fcr Kinder. Denn so ein Hei\u00dfluftballon kommt in meinen Entspannungsgeschichten schlie\u00dflich immer mal wieder vor. Die Vorstellung ist einfach zu sch\u00f6n, kurzerhand abzuheben, dem turbulenten, stressbeladenen Alltag f\u00fcr eine Weile den R\u00fccken zu kehren, davon zu fliegen, in Richtung Sonne, den Wolken ganz nah zu sein und sich den Wind ein wenig um die Nase wehen zu lassen\u2026 Zumindest gedanklich gesehen!<\/p>\n<p style=\"text-align: center;\"><a href=\"http:\/\/www.sabine-seyffert.de\/blog\/wp-content\/uploads\/2013\/07\/Ballon-Ingo-2.jpg\"><img loading=\"lazy\" decoding=\"async\" class=\"alignnone size-full wp-image-2164\" src=\"http:\/\/www.sabine-seyffert.de\/blog\/wp-content\/uploads\/2013\/07\/Ballon-Ingo-2.jpg\" alt=\"Ballon Ingo 2\" width=\"800\" height=\"600\" srcset=\"https:\/\/www.sabine-seyffert.de\/blog\/wp-content\/uploads\/2013\/07\/Ballon-Ingo-2.jpg 800w, https:\/\/www.sabine-seyffert.de\/blog\/wp-content\/uploads\/2013\/07\/Ballon-Ingo-2-300x225.jpg 300w\" sizes=\"auto, (max-width: 800px) 100vw, 800px\" \/><\/a><\/p>\n<p style=\"text-align: justify;\">Obwohl wir uns schon so lange kennen, haben wir Ingos Hei\u00dfluftballon bislang noch nie gesehen. Vielleicht liegt es an meiner schier unb\u00e4ndigen H\u00f6henangst, die mir zumindest schon auf kleinster H\u00f6he die Schwei\u00dfperlen auf die Stirn treibt. Allein die Vorstellung beim Start abzuheben und aufgrund der Gegebenheiten nicht genau zu wissen WO man \u00fcberhaupt landet \u2013 das ist nichts f\u00fcr mich.<\/p>\n<p style=\"text-align: center;\"><a href=\"http:\/\/www.sabine-seyffert.de\/blog\/wp-content\/uploads\/2013\/07\/Ballon-Ingo-3-hochkant.jpg\"><img loading=\"lazy\" decoding=\"async\" class=\"alignnone size-full wp-image-2165\" src=\"http:\/\/www.sabine-seyffert.de\/blog\/wp-content\/uploads\/2013\/07\/Ballon-Ingo-3-hochkant.jpg\" alt=\"Ballon Ingo 3 hochkant\" width=\"600\" height=\"800\" srcset=\"https:\/\/www.sabine-seyffert.de\/blog\/wp-content\/uploads\/2013\/07\/Ballon-Ingo-3-hochkant.jpg 600w, https:\/\/www.sabine-seyffert.de\/blog\/wp-content\/uploads\/2013\/07\/Ballon-Ingo-3-hochkant-225x300.jpg 225w\" sizes=\"auto, (max-width: 600px) 100vw, 600px\" \/><\/a><\/p>\n<p style=\"text-align: justify;\">Ich gebe es ganz offen zu \u2013 eine Fahrt in einem Hei\u00dfluftballon w\u00fcrde ich ganz sicher nicht \u00fcberstehen. Zumindest nicht bei vollem Bewusstsein. Daher wird es auch weiterhin nur Hei\u00dfluftballonfahrten in getr\u00e4umter Form f\u00fcr mich geben. Das reicht mir v\u00f6llig aus. Unser Freund m\u00f6ge mir verzeihen!<\/p>\n<p style=\"text-align: center;\"><a href=\"http:\/\/www.sabine-seyffert.de\/blog\/wp-content\/uploads\/2013\/07\/Ballon-Ingo-4-hochkant.jpg\"><img loading=\"lazy\" decoding=\"async\" class=\"alignnone size-full wp-image-2166\" src=\"http:\/\/www.sabine-seyffert.de\/blog\/wp-content\/uploads\/2013\/07\/Ballon-Ingo-4-hochkant.jpg\" alt=\"Ballon Ingo 4 hochkant\" width=\"600\" height=\"800\" srcset=\"https:\/\/www.sabine-seyffert.de\/blog\/wp-content\/uploads\/2013\/07\/Ballon-Ingo-4-hochkant.jpg 600w, https:\/\/www.sabine-seyffert.de\/blog\/wp-content\/uploads\/2013\/07\/Ballon-Ingo-4-hochkant-225x300.jpg 225w\" sizes=\"auto, (max-width: 600px) 100vw, 600px\" \/><\/a><\/p>\n<p style=\"text-align: justify;\">Vor zwei Wochen gab es jedoch endlich die Gelegenheit, den besagten Ballon aus n\u00e4chster N\u00e4he anzuschauen. Und zwar auf einem Kinderfest. Auf einem gro\u00dfen St\u00fcck Wiese war der Ballon in seiner ganzen Gr\u00f6\u00dfe zu sehen. Und zwar schon von weitem.<\/p>\n<p style=\"text-align: center;\"><a href=\"http:\/\/www.sabine-seyffert.de\/blog\/wp-content\/uploads\/2013\/07\/Ballon-Ingo-5.jpg\"><img loading=\"lazy\" decoding=\"async\" class=\"alignnone size-full wp-image-2167\" src=\"http:\/\/www.sabine-seyffert.de\/blog\/wp-content\/uploads\/2013\/07\/Ballon-Ingo-5.jpg\" alt=\"Ballon Ingo 5\" width=\"800\" height=\"527\" srcset=\"https:\/\/www.sabine-seyffert.de\/blog\/wp-content\/uploads\/2013\/07\/Ballon-Ingo-5.jpg 800w, https:\/\/www.sabine-seyffert.de\/blog\/wp-content\/uploads\/2013\/07\/Ballon-Ingo-5-300x197.jpg 300w\" sizes=\"auto, (max-width: 800px) 100vw, 800px\" \/><\/a><\/p>\n<p style=\"text-align: justify;\">So herrlich bunt &amp; flatterig leicht. Doch man konnte den Ballon nicht nur von Au\u00dfen bewundern, sondern einen ganz besonderen &#8220;Ausflug&#8221; unternehmen \u2013 ins Innere! Gut geerdet und mit beiden Beinen auf dem Boden habe ich diesen kunterbunten Ausflug nat\u00fcrlich unternommen und gl\u00fccklicherweise auch meine Kamera dabei!<\/p>\n<p style=\"text-align: center;\"><a href=\"http:\/\/www.sabine-seyffert.de\/blog\/wp-content\/uploads\/2013\/07\/Ballon-Ingo-6.jpg\"><img loading=\"lazy\" decoding=\"async\" class=\"alignnone size-full wp-image-2168\" src=\"http:\/\/www.sabine-seyffert.de\/blog\/wp-content\/uploads\/2013\/07\/Ballon-Ingo-6.jpg\" alt=\"Ballon Ingo 6\" width=\"800\" height=\"546\" srcset=\"https:\/\/www.sabine-seyffert.de\/blog\/wp-content\/uploads\/2013\/07\/Ballon-Ingo-6.jpg 800w, https:\/\/www.sabine-seyffert.de\/blog\/wp-content\/uploads\/2013\/07\/Ballon-Ingo-6-300x204.jpg 300w\" sizes=\"auto, (max-width: 800px) 100vw, 800px\" \/><\/a><\/p>\n<p style=\"text-align: justify;\">Die Gelegenheit in die Gondel zu steigen, mussten meine T\u00f6chter jedoch ohne mich wahrnehmen. Die ist doch ziemlich eng und es ist mir schleierhaft, wie dort mehrere Personen w\u00e4hrend Ballonfahrt bequem Platz finden. Aber das k\u00fcmmert mich nicht weiter, da ich mich auch weiterhin \u201enur\u201c in Gedanken auf Fahrten mit dem Hei\u00dfluftballon einlassen werde :-).<\/p>\n<p style=\"text-align: center;\"><a href=\"http:\/\/www.sabine-seyffert.de\/blog\/wp-content\/uploads\/2013\/07\/Ballon-Ingo-7.jpg\"><img loading=\"lazy\" decoding=\"async\" class=\"alignnone size-full wp-image-2169\" src=\"http:\/\/www.sabine-seyffert.de\/blog\/wp-content\/uploads\/2013\/07\/Ballon-Ingo-7.jpg\" alt=\"Ballon Ingo 7\" width=\"800\" height=\"600\" srcset=\"https:\/\/www.sabine-seyffert.de\/blog\/wp-content\/uploads\/2013\/07\/Ballon-Ingo-7.jpg 800w, https:\/\/www.sabine-seyffert.de\/blog\/wp-content\/uploads\/2013\/07\/Ballon-Ingo-7-300x225.jpg 300w\" sizes=\"auto, (max-width: 800px) 100vw, 800px\" \/><\/a><\/p>\n<p style=\"text-align: justify;\">Meine Bilder fliegen diesen Samstag wieder in <a href=\"http:\/\/dieraumfee.blogspot.de\/2013\/07\/in-heaven-no-75-le-grand-bleu.html\" target=\"_blank\">Katjas Himmelssammlung<\/a>! Und wer sich noch mehr Ballons am Himmel w\u00fcnscht, kann <a href=\"http:\/\/www.sabine-seyffert.de\/blog\/?p=2104\" target=\"_blank\">hier<\/a> nochmals schauen&#8230; Und diejenigen, die sich selbst einen tollen Hei\u00dfluftballon basteln wollen, werden <a href=\"http:\/\/www.sabine-seyffert.de\/blog\/?p=2324\" target=\"_blank\">hier<\/a> f\u00fcndig!<\/p>\n<p style=\"text-align: center;\"><a href=\"http:\/\/www.sabine-seyffert.de\/blog\/wp-content\/uploads\/2013\/07\/Ballon-Ingo-8.jpg\"><img loading=\"lazy\" decoding=\"async\" class=\"alignnone size-full wp-image-2170\" src=\"http:\/\/www.sabine-seyffert.de\/blog\/wp-content\/uploads\/2013\/07\/Ballon-Ingo-8.jpg\" alt=\"Ballon Ingo 8\" width=\"600\" height=\"719\" srcset=\"https:\/\/www.sabine-seyffert.de\/blog\/wp-content\/uploads\/2013\/07\/Ballon-Ingo-8.jpg 600w, https:\/\/www.sabine-seyffert.de\/blog\/wp-content\/uploads\/2013\/07\/Ballon-Ingo-8-250x300.jpg 250w\" sizes=\"auto, (max-width: 600px) 100vw, 600px\" \/><\/a><\/p>\n<p><a href=\"http:\/\/www.sabine-seyffert.de\/blog\/?page_id=32#urheberrecht\">urherrechtlich gesch\u00fctzt<\/a>, \u00a9 Sabine Seyffert<\/p>\n","protected":false},"excerpt":{"rendered":"<p>Ein Freund von uns, ist Ballonfahrer. Jawohl \u2013 Ballonfahrer! Ein traumhafter Beruf bzw. in seinem Fall ein Hobby, um das er wirklich zu beneiden ist. Zumindest aus den Augen einer Entspannungsp\u00e4dagogin und Autorin diverser Traumreisen f\u00fcr Kinder. Denn so ein Hei\u00dfluftballon kommt in meinen Entspannungsgeschichten schlie\u00dflich immer mal wieder vor. Die Vorstellung ist einfach zu&#8230; <a href=\"https:\/\/www.sabine-seyffert.de\/blog\/ein-himmlischer-ausflug\/\" class=\"more-link\">Read more: Ein \u201ehimmlischer\u201c Ausflug<\/a><\/p>\n","protected":false},"author":2,"featured_media":0,"comment_status":"open","ping_status":"open","sticky":false,"template":"","format":"standard","meta":{"_metis_text_type":"","_metis_text_length":2532,"_post_count":0,"footnotes":""},"categories":[37],"tags":[],"class_list":["post-2162","post","type-post","status-publish","format-standard","hentry","category-himmlisches"],"_links":{"self":[{"href":"https:\/\/www.sabine-seyffert.de\/blog\/wp-json\/wp\/v2\/posts\/2162","targetHints":{"allow":["GET"]}}],"collection":[{"href":"https:\/\/www.sabine-seyffert.de\/blog\/wp-json\/wp\/v2\/posts"}],"about":[{"href":"https:\/\/www.sabine-seyffert.de\/blog\/wp-json\/wp\/v2\/types\/post"}],"author":[{"embeddable":true,"href":"https:\/\/www.sabine-seyffert.de\/blog\/wp-json\/wp\/v2\/users\/2"}],"replies":[{"embeddable":true,"href":"https:\/\/www.sabine-seyffert.de\/blog\/wp-json\/wp\/v2\/comments?post=2162"}],"version-history":[{"count":8,"href":"https:\/\/www.sabine-seyffert.de\/blog\/wp-json\/wp\/v2\/posts\/2162\/revisions"}],"predecessor-version":[{"id":9835,"href":"https:\/\/www.sabine-seyffert.de\/blog\/wp-json\/wp\/v2\/posts\/2162\/revisions\/9835"}],"wp:attachment":[{"href":"https:\/\/www.sabine-seyffert.de\/blog\/wp-json\/wp\/v2\/media?parent=2162"}],"wp:term":[{"taxonomy":"category","embeddable":true,"href":"https:\/\/www.sabine-seyffert.de\/blog\/wp-json\/wp\/v2\/categories?post=2162"},{"taxonomy":"post_tag","embeddable":true,"href":"https:\/\/www.sabine-seyffert.de\/blog\/wp-json\/wp\/v2\/tags?post=2162"}],"curies":[{"name":"wp","href":"https:\/\/api.w.org\/{rel}","templated":true}]}}