{"id":21593,"date":"2021-11-10T06:00:34","date_gmt":"2021-11-10T04:00:34","guid":{"rendered":"https:\/\/www.sabine-seyffert.de\/blog\/?p=21593"},"modified":"2021-11-01T18:27:34","modified_gmt":"2021-11-01T16:27:34","slug":"ausflugstipp-in-norddeutschland-ein-ausflug-nach-friedrichstadt","status":"publish","type":"post","link":"https:\/\/www.sabine-seyffert.de\/blog\/ausflugstipp-in-norddeutschland-ein-ausflug-nach-friedrichstadt\/","title":{"rendered":"Ausflugstipp in Norddeutschland: Ein Ausflug nach Friedrichstadt"},"content":{"rendered":"<p style=\"text-align: justify;\"><img loading=\"lazy\" decoding=\"async\" src=\"https:\/\/vg01.met.vgwort.de\/na\/0a215e4f6fb547b4959ea96fc401ec02\" alt=\"\" width=\"1\" height=\"1\" \/>Mitten in Schleswig-Holstein liegt das beschauliche St\u00e4dtchen <a href=\"https:\/\/de.wikipedia.org\/wiki\/Friedrichstadt\" target=\"_blank\" rel=\"noopener noreferrer\">Friedrichstadt<\/a>. Das kleine &#8220;Holl\u00e4nderst\u00e4dtchen&#8221; wurde vor genau 400 Jahren vom damaligen gottorfschen Herzog Friedrich III. gegr\u00fcndet.<\/p>\n<p style=\"text-align: center;\"><a href=\"https:\/\/www.sabine-seyffert.de\/blog\/wp-content\/uploads\/2021\/11\/Friedrichstadt-Sabine-Seyffert.de-9.jpg\"><img loading=\"lazy\" decoding=\"async\" class=\"alignnone size-full wp-image-21594\" src=\"https:\/\/www.sabine-seyffert.de\/blog\/wp-content\/uploads\/2021\/11\/Friedrichstadt-Sabine-Seyffert.de-9.jpg\" alt=\"\" width=\"800\" height=\"600\" srcset=\"https:\/\/www.sabine-seyffert.de\/blog\/wp-content\/uploads\/2021\/11\/Friedrichstadt-Sabine-Seyffert.de-9.jpg 800w, https:\/\/www.sabine-seyffert.de\/blog\/wp-content\/uploads\/2021\/11\/Friedrichstadt-Sabine-Seyffert.de-9-300x225.jpg 300w, https:\/\/www.sabine-seyffert.de\/blog\/wp-content\/uploads\/2021\/11\/Friedrichstadt-Sabine-Seyffert.de-9-768x576.jpg 768w\" sizes=\"auto, (max-width: 800px) 100vw, 800px\" \/><\/a><\/p>\n<p style=\"text-align: justify;\">Er wollte dort eine Handelsmetropole aufbauen und bot den in den Niederlanden verfolgten &#8220;Remonstranten&#8221; Zuflucht und Religionsfreiheit. Viele von ihnen nahmen das gerne an, bauten an der Eider ihre H\u00e4user auf &#8211; und die holland-typische Grachten.<\/p>\n<p style=\"text-align: center;\"><a href=\"https:\/\/www.sabine-seyffert.de\/blog\/wp-content\/uploads\/2021\/11\/Friedrichstadt-Sabine-Seyffert.de-1.jpg\"><img loading=\"lazy\" decoding=\"async\" class=\"alignnone size-full wp-image-21595\" src=\"https:\/\/www.sabine-seyffert.de\/blog\/wp-content\/uploads\/2021\/11\/Friedrichstadt-Sabine-Seyffert.de-1.jpg\" alt=\"\" width=\"801\" height=\"600\" srcset=\"https:\/\/www.sabine-seyffert.de\/blog\/wp-content\/uploads\/2021\/11\/Friedrichstadt-Sabine-Seyffert.de-1.jpg 801w, https:\/\/www.sabine-seyffert.de\/blog\/wp-content\/uploads\/2021\/11\/Friedrichstadt-Sabine-Seyffert.de-1-300x225.jpg 300w, https:\/\/www.sabine-seyffert.de\/blog\/wp-content\/uploads\/2021\/11\/Friedrichstadt-Sabine-Seyffert.de-1-768x575.jpg 768w\" sizes=\"auto, (max-width: 801px) 100vw, 801px\" \/><\/a><\/p>\n<p style=\"text-align: justify;\">Im September 2021 wurde dort das Stadtjubil\u00e4um gefeiert. Ein Anlass f\u00fcr uns, der kleinen Stadt einen Besuch abzustatten.<\/p>\n<p style=\"text-align: center;\"><a href=\"https:\/\/www.sabine-seyffert.de\/blog\/wp-content\/uploads\/2021\/11\/Friedrichstadt-Sabine-Seyffert.de-2.jpg\"><img loading=\"lazy\" decoding=\"async\" class=\"alignnone size-full wp-image-21596\" src=\"https:\/\/www.sabine-seyffert.de\/blog\/wp-content\/uploads\/2021\/11\/Friedrichstadt-Sabine-Seyffert.de-2.jpg\" alt=\"\" width=\"800\" height=\"600\" srcset=\"https:\/\/www.sabine-seyffert.de\/blog\/wp-content\/uploads\/2021\/11\/Friedrichstadt-Sabine-Seyffert.de-2.jpg 800w, https:\/\/www.sabine-seyffert.de\/blog\/wp-content\/uploads\/2021\/11\/Friedrichstadt-Sabine-Seyffert.de-2-300x225.jpg 300w, https:\/\/www.sabine-seyffert.de\/blog\/wp-content\/uploads\/2021\/11\/Friedrichstadt-Sabine-Seyffert.de-2-768x576.jpg 768w\" sizes=\"auto, (max-width: 800px) 100vw, 800px\" \/><\/a><\/p>\n<p style=\"text-align: justify;\">Schon vom Parkplatz aus, hatten wir den direkten Blick auf die Gracht und durch die kleine Einkaufspassage, die mitten durch Friedrichstadt f\u00fchrt.<\/p>\n<p style=\"text-align: center;\"><a href=\"https:\/\/www.sabine-seyffert.de\/blog\/wp-content\/uploads\/2021\/11\/Friedrichstadt-Sabine-Seyffert.de-3.jpg\"><img loading=\"lazy\" decoding=\"async\" class=\"alignnone size-full wp-image-21597\" src=\"https:\/\/www.sabine-seyffert.de\/blog\/wp-content\/uploads\/2021\/11\/Friedrichstadt-Sabine-Seyffert.de-3.jpg\" alt=\"\" width=\"800\" height=\"600\" srcset=\"https:\/\/www.sabine-seyffert.de\/blog\/wp-content\/uploads\/2021\/11\/Friedrichstadt-Sabine-Seyffert.de-3.jpg 800w, https:\/\/www.sabine-seyffert.de\/blog\/wp-content\/uploads\/2021\/11\/Friedrichstadt-Sabine-Seyffert.de-3-300x225.jpg 300w, https:\/\/www.sabine-seyffert.de\/blog\/wp-content\/uploads\/2021\/11\/Friedrichstadt-Sabine-Seyffert.de-3-768x576.jpg 768w\" sizes=\"auto, (max-width: 800px) 100vw, 800px\" \/><\/a><\/p>\n<p style=\"text-align: justify;\">Schon allein die Schilder, die hier und da auf verschiedene Gesch\u00e4fte hinweisen, haben ihren Charme und sind wirklich einzigartig. Viele der Gesch\u00e4fte haben auch drau\u00dfen dekoriert und wirken sehr gem\u00fctlich.<\/p>\n<p style=\"text-align: center;\"><a href=\"https:\/\/www.sabine-seyffert.de\/blog\/wp-content\/uploads\/2021\/11\/Friedrichstadt-Sabine-Seyffert.de-5.jpg\"><img loading=\"lazy\" decoding=\"async\" class=\"alignnone size-full wp-image-21598\" src=\"https:\/\/www.sabine-seyffert.de\/blog\/wp-content\/uploads\/2021\/11\/Friedrichstadt-Sabine-Seyffert.de-5.jpg\" alt=\"\" width=\"801\" height=\"600\" srcset=\"https:\/\/www.sabine-seyffert.de\/blog\/wp-content\/uploads\/2021\/11\/Friedrichstadt-Sabine-Seyffert.de-5.jpg 801w, https:\/\/www.sabine-seyffert.de\/blog\/wp-content\/uploads\/2021\/11\/Friedrichstadt-Sabine-Seyffert.de-5-300x225.jpg 300w, https:\/\/www.sabine-seyffert.de\/blog\/wp-content\/uploads\/2021\/11\/Friedrichstadt-Sabine-Seyffert.de-5-768x575.jpg 768w\" sizes=\"auto, (max-width: 801px) 100vw, 801px\" \/><\/a><\/p>\n<p style=\"text-align: justify;\">Keine Waren von der Stange, sondern au\u00dfergew\u00f6hnlich, charmant und mit viel Pfiff. So dass die Laden wirklich zum Bummeln einladen und es Spa\u00df macht hindurchzugehen und eine Weile in Ruhe zu st\u00f6bern.<\/p>\n<p style=\"text-align: center;\"><a href=\"https:\/\/www.sabine-seyffert.de\/blog\/wp-content\/uploads\/2021\/11\/Friedrichstadt-Sabine-Seyffert.de-6.jpg\"><img loading=\"lazy\" decoding=\"async\" class=\"alignnone size-full wp-image-21599\" src=\"https:\/\/www.sabine-seyffert.de\/blog\/wp-content\/uploads\/2021\/11\/Friedrichstadt-Sabine-Seyffert.de-6.jpg\" alt=\"\" width=\"800\" height=\"600\" srcset=\"https:\/\/www.sabine-seyffert.de\/blog\/wp-content\/uploads\/2021\/11\/Friedrichstadt-Sabine-Seyffert.de-6.jpg 800w, https:\/\/www.sabine-seyffert.de\/blog\/wp-content\/uploads\/2021\/11\/Friedrichstadt-Sabine-Seyffert.de-6-300x225.jpg 300w, https:\/\/www.sabine-seyffert.de\/blog\/wp-content\/uploads\/2021\/11\/Friedrichstadt-Sabine-Seyffert.de-6-768x576.jpg 768w\" sizes=\"auto, (max-width: 800px) 100vw, 800px\" \/><\/a><\/p>\n<p style=\"text-align: justify;\">Aber auch die H\u00e4user sind allesamt individuell und einzigartig. Manche von ihnen sogar deutlich sichtbar, wie eines der Kinder in der Einkaufpassage so treffend feststellte \u201ekrumm &amp; schief\u201c, was sie ausgesprochen sympathisch macht.<\/p>\n<p style=\"text-align: center;\"><a href=\"https:\/\/www.sabine-seyffert.de\/blog\/wp-content\/uploads\/2021\/11\/Friedrichstadt-Sabine-Seyffert.de-7.jpg\"><img loading=\"lazy\" decoding=\"async\" class=\"alignnone size-full wp-image-21600\" src=\"https:\/\/www.sabine-seyffert.de\/blog\/wp-content\/uploads\/2021\/11\/Friedrichstadt-Sabine-Seyffert.de-7.jpg\" alt=\"\" width=\"800\" height=\"600\" srcset=\"https:\/\/www.sabine-seyffert.de\/blog\/wp-content\/uploads\/2021\/11\/Friedrichstadt-Sabine-Seyffert.de-7.jpg 800w, https:\/\/www.sabine-seyffert.de\/blog\/wp-content\/uploads\/2021\/11\/Friedrichstadt-Sabine-Seyffert.de-7-300x225.jpg 300w, https:\/\/www.sabine-seyffert.de\/blog\/wp-content\/uploads\/2021\/11\/Friedrichstadt-Sabine-Seyffert.de-7-768x576.jpg 768w\" sizes=\"auto, (max-width: 800px) 100vw, 800px\" \/><\/a><\/p>\n<p style=\"text-align: justify;\">Hier ein Erker, dort ein kleines T\u00fcrmchen und auch die D\u00e4cher teils typisch holl\u00e4ndisch, wie man es im sch\u00f6nen Nachbarland so h\u00e4ufig vorfindet und von dort auch kennt. Ein wenig hat mich die Stadt an unseren Ausflug in Zeeland, die <a href=\"https:\/\/www.sabine-seyffert.de\/blog\/?p=14438\" target=\"_blank\" rel=\"noopener noreferrer\">kleine Stadt Veere<\/a> erinnert, die wir schon oft besucht haben.<\/p>\n<p style=\"text-align: center;\"><a href=\"https:\/\/www.sabine-seyffert.de\/blog\/wp-content\/uploads\/2021\/11\/Friedrichstadt-Sabine-Seyffert.de-8.jpg\"><img loading=\"lazy\" decoding=\"async\" class=\"alignnone size-full wp-image-21601\" src=\"https:\/\/www.sabine-seyffert.de\/blog\/wp-content\/uploads\/2021\/11\/Friedrichstadt-Sabine-Seyffert.de-8.jpg\" alt=\"\" width=\"800\" height=\"600\" srcset=\"https:\/\/www.sabine-seyffert.de\/blog\/wp-content\/uploads\/2021\/11\/Friedrichstadt-Sabine-Seyffert.de-8.jpg 800w, https:\/\/www.sabine-seyffert.de\/blog\/wp-content\/uploads\/2021\/11\/Friedrichstadt-Sabine-Seyffert.de-8-300x225.jpg 300w, https:\/\/www.sabine-seyffert.de\/blog\/wp-content\/uploads\/2021\/11\/Friedrichstadt-Sabine-Seyffert.de-8-768x576.jpg 768w\" sizes=\"auto, (max-width: 800px) 100vw, 800px\" \/><\/a><\/p>\n<p style=\"text-align: justify;\">Leider war, \u00e4hnlich wie bei unseren Ausfl\u00fcgen nach <a href=\"https:\/\/www.sabine-seyffert.de\/blog\/?p=21578\" target=\"_blank\" rel=\"noopener noreferrer\">Husum<\/a> und <a href=\"https:\/\/www.sabine-seyffert.de\/blog\/?p=21563\" target=\"_blank\" rel=\"noopener noreferrer\">Tondern<\/a>, auch hier das Wetter eher bescheiden. Wobei wir hier zumindest anfangs noch Gl\u00fcck hatten und sich sogar ganz kurz mal die Sonne und etwas blauer Himmel blicken lie\u00df.<\/p>\n<p style=\"text-align: center;\"><a href=\"https:\/\/www.sabine-seyffert.de\/blog\/wp-content\/uploads\/2021\/11\/Friedrichstadt-Sabine-Seyffert.de-11.jpg\"><img loading=\"lazy\" decoding=\"async\" class=\"alignnone size-full wp-image-21602\" src=\"https:\/\/www.sabine-seyffert.de\/blog\/wp-content\/uploads\/2021\/11\/Friedrichstadt-Sabine-Seyffert.de-11.jpg\" alt=\"\" width=\"600\" height=\"800\" srcset=\"https:\/\/www.sabine-seyffert.de\/blog\/wp-content\/uploads\/2021\/11\/Friedrichstadt-Sabine-Seyffert.de-11.jpg 600w, https:\/\/www.sabine-seyffert.de\/blog\/wp-content\/uploads\/2021\/11\/Friedrichstadt-Sabine-Seyffert.de-11-225x300.jpg 225w\" sizes=\"auto, (max-width: 600px) 100vw, 600px\" \/><\/a><\/p>\n<p style=\"text-align: justify;\">Eine kleine Pause haben wir auf dem Marktplatz gemacht und dort die ans\u00e4ssige Eisdiele besucht. Das Eis kann ich euch sehr empfehlen. Meine Tochter jedenfalls war total begeistert und es schmeckte ganz hervorragend.<\/p>\n<p style=\"text-align: center;\"><a href=\"https:\/\/www.sabine-seyffert.de\/blog\/wp-content\/uploads\/2021\/11\/Friedrichstadt-Sabine-Seyffert.de-14.jpg\"><img loading=\"lazy\" decoding=\"async\" class=\"alignnone size-full wp-image-21603\" src=\"https:\/\/www.sabine-seyffert.de\/blog\/wp-content\/uploads\/2021\/11\/Friedrichstadt-Sabine-Seyffert.de-14.jpg\" alt=\"\" width=\"600\" height=\"800\" srcset=\"https:\/\/www.sabine-seyffert.de\/blog\/wp-content\/uploads\/2021\/11\/Friedrichstadt-Sabine-Seyffert.de-14.jpg 600w, https:\/\/www.sabine-seyffert.de\/blog\/wp-content\/uploads\/2021\/11\/Friedrichstadt-Sabine-Seyffert.de-14-225x300.jpg 225w\" sizes=\"auto, (max-width: 600px) 100vw, 600px\" \/><\/a><\/p>\n<p style=\"text-align: justify;\">Wir haben im Anschluss noch ein paar der eher abgelegenen Stra\u00dfen und kleinen Gassen besucht. Die zum Gl\u00fcck nicht ganz so gut besucht waren, wie der Rest der Stadt.<\/p>\n<p style=\"text-align: center;\"><a href=\"https:\/\/www.sabine-seyffert.de\/blog\/wp-content\/uploads\/2021\/11\/Friedrichstadt-Sabine-Seyffert.de-23.jpg\"><img loading=\"lazy\" decoding=\"async\" class=\"alignnone size-full wp-image-21604\" src=\"https:\/\/www.sabine-seyffert.de\/blog\/wp-content\/uploads\/2021\/11\/Friedrichstadt-Sabine-Seyffert.de-23.jpg\" alt=\"\" width=\"600\" height=\"800\" srcset=\"https:\/\/www.sabine-seyffert.de\/blog\/wp-content\/uploads\/2021\/11\/Friedrichstadt-Sabine-Seyffert.de-23.jpg 600w, https:\/\/www.sabine-seyffert.de\/blog\/wp-content\/uploads\/2021\/11\/Friedrichstadt-Sabine-Seyffert.de-23-225x300.jpg 225w\" sizes=\"auto, (max-width: 600px) 100vw, 600px\" \/><\/a><\/p>\n<p style=\"text-align: justify;\">Friedrichstadt ist auf jeden Fall einen Ausflug wert und ich w\u00fcrde jederzeit wieder hinfahren, wenn wir in der N\u00e4he sind.<\/p>\n<p style=\"text-align: center;\"><a href=\"https:\/\/www.sabine-seyffert.de\/blog\/wp-content\/uploads\/2021\/11\/Friedrichstadt-Sabine-Seyffert.de-27.jpg\"><img loading=\"lazy\" decoding=\"async\" class=\"alignnone size-full wp-image-21606\" src=\"https:\/\/www.sabine-seyffert.de\/blog\/wp-content\/uploads\/2021\/11\/Friedrichstadt-Sabine-Seyffert.de-27.jpg\" alt=\"\" width=\"600\" height=\"800\" srcset=\"https:\/\/www.sabine-seyffert.de\/blog\/wp-content\/uploads\/2021\/11\/Friedrichstadt-Sabine-Seyffert.de-27.jpg 600w, https:\/\/www.sabine-seyffert.de\/blog\/wp-content\/uploads\/2021\/11\/Friedrichstadt-Sabine-Seyffert.de-27-225x300.jpg 225w\" sizes=\"auto, (max-width: 600px) 100vw, 600px\" \/><\/a><\/p>\n<p style=\"text-align: justify;\">Weitere tolle Ausflugstipps findet ihr \u00fcbrigens in <a href=\"https:\/\/www.sabine-seyffert.de\/blog\/?cat=39\" target=\"_blank\" rel=\"noopener noreferrer\">dieser Blog Kategorie<\/a>, alles zum Thema Ferien &amp; Reisen gibt es in <a href=\"https:\/\/www.sabine-seyffert.de\/blog\/?cat=38\" target=\"_blank\" rel=\"noopener noreferrer\">dieser Rubrik<\/a> und alles rund um die Herbstzeit sind in <a href=\"https:\/\/www.sabine-seyffert.de\/blog\/?cat=25\" target=\"_blank\" rel=\"noopener noreferrer\">diesem Blog Ordner<\/a>.<\/p>\n<p style=\"text-align: center;\"><a href=\"https:\/\/www.sabine-seyffert.de\/blog\/wp-content\/uploads\/2021\/11\/Friedrichstadt-Sabine-Seyffert.de-19.jpg\"><img loading=\"lazy\" decoding=\"async\" class=\"alignnone size-full wp-image-21605\" src=\"https:\/\/www.sabine-seyffert.de\/blog\/wp-content\/uploads\/2021\/11\/Friedrichstadt-Sabine-Seyffert.de-19.jpg\" alt=\"\" width=\"600\" height=\"800\" srcset=\"https:\/\/www.sabine-seyffert.de\/blog\/wp-content\/uploads\/2021\/11\/Friedrichstadt-Sabine-Seyffert.de-19.jpg 600w, https:\/\/www.sabine-seyffert.de\/blog\/wp-content\/uploads\/2021\/11\/Friedrichstadt-Sabine-Seyffert.de-19-225x300.jpg 225w\" sizes=\"auto, (max-width: 600px) 100vw, 600px\" \/><\/a><\/p>\n<p style=\"text-align: justify;\"><a href=\"https:\/\/www.sabine-seyffert.de\/blog\/?page_id=32#urheberrecht\">urheberrechtlich gesch\u00fctzt<\/a>, \u00a9 Sabine Seyffert<\/p>\n","protected":false},"excerpt":{"rendered":"<p>Mitten in Schleswig-Holstein liegt das beschauliche St\u00e4dtchen Friedrichstadt. Das kleine &#8220;Holl\u00e4nderst\u00e4dtchen&#8221; wurde vor genau 400 Jahren vom damaligen gottorfschen Herzog Friedrich III. gegr\u00fcndet. Er wollte dort eine Handelsmetropole aufbauen und bot den in den Niederlanden verfolgten &#8220;Remonstranten&#8221; Zuflucht und Religionsfreiheit. Viele von ihnen nahmen das gerne an, bauten an der Eider ihre H\u00e4user auf &#8211;&#8230; <a href=\"https:\/\/www.sabine-seyffert.de\/blog\/ausflugstipp-in-norddeutschland-ein-ausflug-nach-friedrichstadt\/\" class=\"more-link\">Read more: Ausflugstipp in Norddeutschland: Ein Ausflug nach Friedrichstadt<\/a><\/p>\n","protected":false},"author":2,"featured_media":0,"comment_status":"open","ping_status":"open","sticky":false,"template":"","format":"standard","meta":{"_metis_text_type":"","_metis_text_length":2658,"_post_count":0,"footnotes":""},"categories":[39,38,25],"tags":[],"class_list":["post-21593","post","type-post","status-publish","format-standard","hentry","category-ausfluge-co","category-ferien","category-herbst"],"_links":{"self":[{"href":"https:\/\/www.sabine-seyffert.de\/blog\/wp-json\/wp\/v2\/posts\/21593","targetHints":{"allow":["GET"]}}],"collection":[{"href":"https:\/\/www.sabine-seyffert.de\/blog\/wp-json\/wp\/v2\/posts"}],"about":[{"href":"https:\/\/www.sabine-seyffert.de\/blog\/wp-json\/wp\/v2\/types\/post"}],"author":[{"embeddable":true,"href":"https:\/\/www.sabine-seyffert.de\/blog\/wp-json\/wp\/v2\/users\/2"}],"replies":[{"embeddable":true,"href":"https:\/\/www.sabine-seyffert.de\/blog\/wp-json\/wp\/v2\/comments?post=21593"}],"version-history":[{"count":2,"href":"https:\/\/www.sabine-seyffert.de\/blog\/wp-json\/wp\/v2\/posts\/21593\/revisions"}],"predecessor-version":[{"id":21608,"href":"https:\/\/www.sabine-seyffert.de\/blog\/wp-json\/wp\/v2\/posts\/21593\/revisions\/21608"}],"wp:attachment":[{"href":"https:\/\/www.sabine-seyffert.de\/blog\/wp-json\/wp\/v2\/media?parent=21593"}],"wp:term":[{"taxonomy":"category","embeddable":true,"href":"https:\/\/www.sabine-seyffert.de\/blog\/wp-json\/wp\/v2\/categories?post=21593"},{"taxonomy":"post_tag","embeddable":true,"href":"https:\/\/www.sabine-seyffert.de\/blog\/wp-json\/wp\/v2\/tags?post=21593"}],"curies":[{"name":"wp","href":"https:\/\/api.w.org\/{rel}","templated":true}]}}