{"id":21563,"date":"2021-11-06T06:00:55","date_gmt":"2021-11-06T04:00:55","guid":{"rendered":"https:\/\/www.sabine-seyffert.de\/blog\/?p=21563"},"modified":"2021-11-01T17:54:37","modified_gmt":"2021-11-01T15:54:37","slug":"ausflugstipp-ein-kurzer-ausflug-nach-tondern-in-daenemark","status":"publish","type":"post","link":"https:\/\/www.sabine-seyffert.de\/blog\/ausflugstipp-ein-kurzer-ausflug-nach-tondern-in-daenemark\/","title":{"rendered":"Ausflugstipp: Ein kurzer Ausflug nach Tondern in D\u00e4nemark"},"content":{"rendered":"<p style=\"text-align: justify;\"><img loading=\"lazy\" decoding=\"async\" src=\"https:\/\/vg01.met.vgwort.de\/na\/4a826d3852a54c2286105432936eba3b\" alt=\"\" width=\"1\" height=\"1\" \/>In den Herbstferien haben wir Urlaub an der Nordsee gemacht. Da das Wetter zu dieser Jahreszeit sehr ungem\u00fctlich und f\u00fcr den Strand eindeutig zu nass war, sind wir f\u00fcr einen Tag nach D\u00e4nemark gefahren um die kleine <a href=\"https:\/\/de.wikipedia.org\/wiki\/T%C3%B8nder\" target=\"_blank\" rel=\"noopener noreferrer\">Stadt Tondern<\/a> (auf D\u00e4nisch T\u00f8nder) anzuschauen. Ich war von unz\u00e4hligen Jahren als kleines Kind mit meinen Gro\u00dfeltern dort und fand diesen Ort schon damals ganz faszinierend.<\/p>\n<p style=\"text-align: center;\"><a href=\"https:\/\/www.sabine-seyffert.de\/blog\/wp-content\/uploads\/2021\/11\/Ausflug-Tondern-Sabine-Seyffert.de-4.jpg\"><img loading=\"lazy\" decoding=\"async\" class=\"alignnone size-full wp-image-21564\" src=\"https:\/\/www.sabine-seyffert.de\/blog\/wp-content\/uploads\/2021\/11\/Ausflug-Tondern-Sabine-Seyffert.de-4.jpg\" alt=\"\" width=\"800\" height=\"600\" srcset=\"https:\/\/www.sabine-seyffert.de\/blog\/wp-content\/uploads\/2021\/11\/Ausflug-Tondern-Sabine-Seyffert.de-4.jpg 800w, https:\/\/www.sabine-seyffert.de\/blog\/wp-content\/uploads\/2021\/11\/Ausflug-Tondern-Sabine-Seyffert.de-4-300x225.jpg 300w, https:\/\/www.sabine-seyffert.de\/blog\/wp-content\/uploads\/2021\/11\/Ausflug-Tondern-Sabine-Seyffert.de-4-768x576.jpg 768w\" sizes=\"auto, (max-width: 800px) 100vw, 800px\" \/><\/a><\/p>\n<p style=\"text-align: justify;\">Nach dem Fr\u00fchst\u00fcck sind wir aufgebrochen. Wie schon bei unserem Besuch seinerzeit im <a href=\"https:\/\/www.sabine-seyffert.de\/blog\/?p=14520\" target=\"_blank\" rel=\"noopener noreferrer\">niederl\u00e4ndischen Middelburg<\/a>, h\u00e4tten wir uns jedoch auch hier besser vorab nach den \u00f6rtlichen Gegebenheiten und \u00d6ffnungszeiten erkundigt. Denn auch hier \u00f6ffnen die Gesch\u00e4fte erst sp\u00e4t, haben daf\u00fcr jedoch lang ge\u00f6ffnet.<\/p>\n<p style=\"text-align: center;\"><a href=\"https:\/\/www.sabine-seyffert.de\/blog\/wp-content\/uploads\/2021\/11\/Ausflug-Tondern-Sabine-Seyffert.de-7.jpg\"><img loading=\"lazy\" decoding=\"async\" class=\"alignnone size-full wp-image-21565\" src=\"https:\/\/www.sabine-seyffert.de\/blog\/wp-content\/uploads\/2021\/11\/Ausflug-Tondern-Sabine-Seyffert.de-7.jpg\" alt=\"\" width=\"800\" height=\"600\" srcset=\"https:\/\/www.sabine-seyffert.de\/blog\/wp-content\/uploads\/2021\/11\/Ausflug-Tondern-Sabine-Seyffert.de-7.jpg 800w, https:\/\/www.sabine-seyffert.de\/blog\/wp-content\/uploads\/2021\/11\/Ausflug-Tondern-Sabine-Seyffert.de-7-300x225.jpg 300w, https:\/\/www.sabine-seyffert.de\/blog\/wp-content\/uploads\/2021\/11\/Ausflug-Tondern-Sabine-Seyffert.de-7-768x576.jpg 768w\" sizes=\"auto, (max-width: 800px) 100vw, 800px\" \/><\/a><\/p>\n<p style=\"text-align: justify;\">So haben wir das Beste daraus gemacht und sind durch die doch recht menschenleere Stadt geschlendert. Der Vorteil hierbei, man konnte wunderbar fotografieren, ohne dass jemand durch das Bild lief \ud83d\ude09<\/p>\n<p style=\"text-align: center;\"><a href=\"https:\/\/www.sabine-seyffert.de\/blog\/wp-content\/uploads\/2021\/11\/Ausflug-Tondern-Sabine-Seyffert.de-5.jpg\"><img loading=\"lazy\" decoding=\"async\" class=\"alignnone size-full wp-image-21566\" src=\"https:\/\/www.sabine-seyffert.de\/blog\/wp-content\/uploads\/2021\/11\/Ausflug-Tondern-Sabine-Seyffert.de-5.jpg\" alt=\"\" width=\"799\" height=\"600\" srcset=\"https:\/\/www.sabine-seyffert.de\/blog\/wp-content\/uploads\/2021\/11\/Ausflug-Tondern-Sabine-Seyffert.de-5.jpg 799w, https:\/\/www.sabine-seyffert.de\/blog\/wp-content\/uploads\/2021\/11\/Ausflug-Tondern-Sabine-Seyffert.de-5-300x225.jpg 300w, https:\/\/www.sabine-seyffert.de\/blog\/wp-content\/uploads\/2021\/11\/Ausflug-Tondern-Sabine-Seyffert.de-5-768x577.jpg 768w\" sizes=\"auto, (max-width: 799px) 100vw, 799px\" \/><\/a><\/p>\n<p style=\"text-align: justify;\">Allerdings war das Wetter auch hier wenig einladend und sehr regnerisch. Was man auf den Fotos unschwer erkennt. Bis unser Ausflug zu guter Letzt in einem wahren Wolkenbruch sehr spontan endete, sind wir eine Weile durch die s\u00fc\u00dfe Innenstadt gelaufen, die mehr oder weniger hinter der deutsch-d\u00e4nischen Grenze liegt und gerade mal knapp 7500 Einwohner z\u00e4hlt.<\/p>\n<p style=\"text-align: center;\"><a href=\"https:\/\/www.sabine-seyffert.de\/blog\/wp-content\/uploads\/2021\/11\/Ausflug-Tondern-Sabine-Seyffert.de-6.jpg\"><img loading=\"lazy\" decoding=\"async\" class=\"alignnone size-full wp-image-21568\" src=\"https:\/\/www.sabine-seyffert.de\/blog\/wp-content\/uploads\/2021\/11\/Ausflug-Tondern-Sabine-Seyffert.de-6.jpg\" alt=\"\" width=\"800\" height=\"600\" srcset=\"https:\/\/www.sabine-seyffert.de\/blog\/wp-content\/uploads\/2021\/11\/Ausflug-Tondern-Sabine-Seyffert.de-6.jpg 800w, https:\/\/www.sabine-seyffert.de\/blog\/wp-content\/uploads\/2021\/11\/Ausflug-Tondern-Sabine-Seyffert.de-6-300x225.jpg 300w, https:\/\/www.sabine-seyffert.de\/blog\/wp-content\/uploads\/2021\/11\/Ausflug-Tondern-Sabine-Seyffert.de-6-768x576.jpg 768w\" sizes=\"auto, (max-width: 800px) 100vw, 800px\" \/><\/a><\/p>\n<p style=\"text-align: justify;\">Die Gassen und H\u00e4user sind wirklich urig, wie aus einer anderen Zeit oder gar Filmkulisse. Viele der Geb\u00e4ude in den Nebenstra\u00dfen wirkten unbewohnt und verlassen. Jedes von ihnen hatte seinen ganz eigenen Charme. Ob Sprossenfenster aus Holz, prachtvollen Eing\u00e4ngen, verschn\u00f6rkelten Haust\u00fcren, zahlreichen Erkern sowie Wege und Stra\u00dfen mit Kopfsteinpflaster, erweckten den Eindruck in einer ganz anderen Zeit gelandet zu sein.<\/p>\n<p style=\"text-align: center;\"><a href=\"https:\/\/www.sabine-seyffert.de\/blog\/wp-content\/uploads\/2021\/11\/Ausflug-Tondern-Sabine-Seyffert.de-3.jpg\"><img loading=\"lazy\" decoding=\"async\" class=\"alignnone size-full wp-image-21569\" src=\"https:\/\/www.sabine-seyffert.de\/blog\/wp-content\/uploads\/2021\/11\/Ausflug-Tondern-Sabine-Seyffert.de-3.jpg\" alt=\"\" width=\"801\" height=\"600\" srcset=\"https:\/\/www.sabine-seyffert.de\/blog\/wp-content\/uploads\/2021\/11\/Ausflug-Tondern-Sabine-Seyffert.de-3.jpg 801w, https:\/\/www.sabine-seyffert.de\/blog\/wp-content\/uploads\/2021\/11\/Ausflug-Tondern-Sabine-Seyffert.de-3-300x225.jpg 300w, https:\/\/www.sabine-seyffert.de\/blog\/wp-content\/uploads\/2021\/11\/Ausflug-Tondern-Sabine-Seyffert.de-3-768x575.jpg 768w\" sizes=\"auto, (max-width: 801px) 100vw, 801px\" \/><\/a><\/p>\n<p style=\"text-align: justify;\">Ich mag solche St\u00e4dte sehr, in denen nicht alles Nigel nagelneu, top modern und gradlinig ist. Das St\u00e4dtchen Tondern hat wirklich seinen ganz eigenen Charme.<\/p>\n<p style=\"text-align: center;\"><a href=\"https:\/\/www.sabine-seyffert.de\/blog\/wp-content\/uploads\/2021\/11\/Ausflug-Tondern-Sabine-Seyffert.de-2.jpg\"><img loading=\"lazy\" decoding=\"async\" class=\"alignnone size-full wp-image-21570\" src=\"https:\/\/www.sabine-seyffert.de\/blog\/wp-content\/uploads\/2021\/11\/Ausflug-Tondern-Sabine-Seyffert.de-2.jpg\" alt=\"\" width=\"800\" height=\"600\" srcset=\"https:\/\/www.sabine-seyffert.de\/blog\/wp-content\/uploads\/2021\/11\/Ausflug-Tondern-Sabine-Seyffert.de-2.jpg 800w, https:\/\/www.sabine-seyffert.de\/blog\/wp-content\/uploads\/2021\/11\/Ausflug-Tondern-Sabine-Seyffert.de-2-300x225.jpg 300w, https:\/\/www.sabine-seyffert.de\/blog\/wp-content\/uploads\/2021\/11\/Ausflug-Tondern-Sabine-Seyffert.de-2-768x576.jpg 768w\" sizes=\"auto, (max-width: 800px) 100vw, 800px\" \/><\/a><\/p>\n<p style=\"text-align: justify;\">Die Gesch\u00e4fte, wenn auch gr\u00f6\u00dftenteils geschlossen, sahen einladend aus. \u00dcberwiegend individuelle L\u00e4den, die wie die Stadt selbst, eine pers\u00f6nliche Note hatten. Ich w\u00e4re zu gerne von Laden zu Laden geschlendert, da man solche Gesch\u00e4fte bei uns in der Stadt nur selten findet.<\/p>\n<p style=\"text-align: center;\"><a href=\"https:\/\/www.sabine-seyffert.de\/blog\/wp-content\/uploads\/2021\/11\/Ausflug-Tondern-Sabine-Seyffert.de-1.jpg\"><img loading=\"lazy\" decoding=\"async\" class=\"alignnone size-full wp-image-21571\" src=\"https:\/\/www.sabine-seyffert.de\/blog\/wp-content\/uploads\/2021\/11\/Ausflug-Tondern-Sabine-Seyffert.de-1.jpg\" alt=\"\" width=\"799\" height=\"600\" srcset=\"https:\/\/www.sabine-seyffert.de\/blog\/wp-content\/uploads\/2021\/11\/Ausflug-Tondern-Sabine-Seyffert.de-1.jpg 799w, https:\/\/www.sabine-seyffert.de\/blog\/wp-content\/uploads\/2021\/11\/Ausflug-Tondern-Sabine-Seyffert.de-1-300x225.jpg 300w, https:\/\/www.sabine-seyffert.de\/blog\/wp-content\/uploads\/2021\/11\/Ausflug-Tondern-Sabine-Seyffert.de-1-768x577.jpg 768w\" sizes=\"auto, (max-width: 799px) 100vw, 799px\" \/><\/a><\/p>\n<p style=\"text-align: justify;\">Trotz Schietwetter und geschlossenen L\u00e4den kann ich einen Ausflug dorthin empfehlen. War von euch schon mal jemand dort?<\/p>\n<p style=\"text-align: center;\"><a href=\"https:\/\/www.sabine-seyffert.de\/blog\/wp-content\/uploads\/2021\/11\/Ausflug-Tondern-Sabine-Seyffert.de-14.jpg\"><img loading=\"lazy\" decoding=\"async\" class=\"alignnone size-full wp-image-21573\" src=\"https:\/\/www.sabine-seyffert.de\/blog\/wp-content\/uploads\/2021\/11\/Ausflug-Tondern-Sabine-Seyffert.de-14.jpg\" alt=\"\" width=\"600\" height=\"800\" srcset=\"https:\/\/www.sabine-seyffert.de\/blog\/wp-content\/uploads\/2021\/11\/Ausflug-Tondern-Sabine-Seyffert.de-14.jpg 600w, https:\/\/www.sabine-seyffert.de\/blog\/wp-content\/uploads\/2021\/11\/Ausflug-Tondern-Sabine-Seyffert.de-14-225x300.jpg 225w\" sizes=\"auto, (max-width: 600px) 100vw, 600px\" \/><\/a><\/p>\n<p style=\"text-align: justify;\">Weitere tolle Ausflugstipps findet ihr \u00fcbrigens in <a href=\"https:\/\/www.sabine-seyffert.de\/blog\/?cat=39\" target=\"_blank\" rel=\"noopener noreferrer\">dieser Blog Kategorie<\/a>, alles zum Thema Ferien &amp; Reisen gibt es in <a href=\"https:\/\/www.sabine-seyffert.de\/blog\/?cat=38\" target=\"_blank\" rel=\"noopener noreferrer\">dieser Rubrik<\/a> und alles rund um die Herbstzeit sind in <a href=\"https:\/\/www.sabine-seyffert.de\/blog\/?cat=25\" target=\"_blank\" rel=\"noopener noreferrer\">diesem Blog Ordner<\/a>.<\/p>\n<p style=\"text-align: center;\"><a href=\"https:\/\/www.sabine-seyffert.de\/blog\/wp-content\/uploads\/2021\/11\/Ausflug-Tondern-Sabine-Seyffert.de_.jpg\"><img loading=\"lazy\" decoding=\"async\" class=\"alignnone size-full wp-image-21574\" src=\"https:\/\/www.sabine-seyffert.de\/blog\/wp-content\/uploads\/2021\/11\/Ausflug-Tondern-Sabine-Seyffert.de_.jpg\" alt=\"\" width=\"600\" height=\"800\" srcset=\"https:\/\/www.sabine-seyffert.de\/blog\/wp-content\/uploads\/2021\/11\/Ausflug-Tondern-Sabine-Seyffert.de_.jpg 600w, https:\/\/www.sabine-seyffert.de\/blog\/wp-content\/uploads\/2021\/11\/Ausflug-Tondern-Sabine-Seyffert.de_-225x300.jpg 225w\" sizes=\"auto, (max-width: 600px) 100vw, 600px\" \/><\/a><\/p>\n<p style=\"text-align: justify;\"><a href=\"https:\/\/www.sabine-seyffert.de\/blog\/?page_id=32#urheberrecht\">urheberrechtlich gesch\u00fctzt<\/a>, \u00a9 Sabine Seyffert<\/p>\n","protected":false},"excerpt":{"rendered":"<p>In den Herbstferien haben wir Urlaub an der Nordsee gemacht. Da das Wetter zu dieser Jahreszeit sehr ungem\u00fctlich und f\u00fcr den Strand eindeutig zu nass war, sind wir f\u00fcr einen Tag nach D\u00e4nemark gefahren um die kleine Stadt Tondern (auf D\u00e4nisch T\u00f8nder) anzuschauen. Ich war von unz\u00e4hligen Jahren als kleines Kind mit meinen Gro\u00dfeltern dort&#8230; <a href=\"https:\/\/www.sabine-seyffert.de\/blog\/ausflugstipp-ein-kurzer-ausflug-nach-tondern-in-daenemark\/\" class=\"more-link\">Read more: Ausflugstipp: Ein kurzer Ausflug nach Tondern in D\u00e4nemark<\/a><\/p>\n","protected":false},"author":2,"featured_media":0,"comment_status":"open","ping_status":"open","sticky":false,"template":"","format":"standard","meta":{"_metis_text_type":"","_metis_text_length":2468,"_post_count":0,"footnotes":""},"categories":[39,38,25],"tags":[],"class_list":["post-21563","post","type-post","status-publish","format-standard","hentry","category-ausfluge-co","category-ferien","category-herbst"],"_links":{"self":[{"href":"https:\/\/www.sabine-seyffert.de\/blog\/wp-json\/wp\/v2\/posts\/21563","targetHints":{"allow":["GET"]}}],"collection":[{"href":"https:\/\/www.sabine-seyffert.de\/blog\/wp-json\/wp\/v2\/posts"}],"about":[{"href":"https:\/\/www.sabine-seyffert.de\/blog\/wp-json\/wp\/v2\/types\/post"}],"author":[{"embeddable":true,"href":"https:\/\/www.sabine-seyffert.de\/blog\/wp-json\/wp\/v2\/users\/2"}],"replies":[{"embeddable":true,"href":"https:\/\/www.sabine-seyffert.de\/blog\/wp-json\/wp\/v2\/comments?post=21563"}],"version-history":[{"count":3,"href":"https:\/\/www.sabine-seyffert.de\/blog\/wp-json\/wp\/v2\/posts\/21563\/revisions"}],"predecessor-version":[{"id":21577,"href":"https:\/\/www.sabine-seyffert.de\/blog\/wp-json\/wp\/v2\/posts\/21563\/revisions\/21577"}],"wp:attachment":[{"href":"https:\/\/www.sabine-seyffert.de\/blog\/wp-json\/wp\/v2\/media?parent=21563"}],"wp:term":[{"taxonomy":"category","embeddable":true,"href":"https:\/\/www.sabine-seyffert.de\/blog\/wp-json\/wp\/v2\/categories?post=21563"},{"taxonomy":"post_tag","embeddable":true,"href":"https:\/\/www.sabine-seyffert.de\/blog\/wp-json\/wp\/v2\/tags?post=21563"}],"curies":[{"name":"wp","href":"https:\/\/api.w.org\/{rel}","templated":true}]}}