{"id":21552,"date":"2021-11-04T06:00:45","date_gmt":"2021-11-04T04:00:45","guid":{"rendered":"https:\/\/www.sabine-seyffert.de\/blog\/?p=21552"},"modified":"2021-11-01T12:04:50","modified_gmt":"2021-11-01T10:04:50","slug":"diy-bastelidee-upcycling-fuer-kinder-herbstlichen-fuchs-aus-joghurtbecher-basteln","status":"publish","type":"post","link":"https:\/\/www.sabine-seyffert.de\/blog\/diy-bastelidee-upcycling-fuer-kinder-herbstlichen-fuchs-aus-joghurtbecher-basteln\/","title":{"rendered":"DIY Bastelidee &#038; Upcycling f\u00fcr Kinder: Herbstlichen Fuchs aus Joghurtbecher basteln"},"content":{"rendered":"<p style=\"text-align: justify;\"><img loading=\"lazy\" decoding=\"async\" src=\"https:\/\/vg01.met.vgwort.de\/na\/5b5bb710d9244671916c4f5d2b0b99d5\" alt=\"\" width=\"1\" height=\"1\" \/>Zum Basteln verwende ich immer gerne Alltagsmaterialien, die ich vor dem M\u00fcll rette, die kostenlos sind und die man schnell zur Hand hat. So hat man auch f\u00fcr Zwischendurch, f\u00fcr verregnete Nachmittag oder eine spontane Bastelaktion immer etwas parat ohne erst einkaufen zu gehen oder stundenlang etwas vorzubereiten.<br \/>\nSo ist vor kurzem wieder mal unsere Restekiste mit leeren Joghurtbechern zum Einsatz gekommen. Die sind ganz stabil und daher ein prima Bastelmaterial.<br \/>\nNach den bunten Eulen aus <a href=\"https:\/\/www.sabine-seyffert.de\/blog\/?p=15072\" target=\"_blank\" rel=\"noopener noreferrer\">dieser Bastelanleitung<\/a> sind diesmal kleine F\u00fcchse f\u00fcr mein Kunstprojekt geworden.<\/p>\n<p style=\"text-align: center;\"><a href=\"https:\/\/www.sabine-seyffert.de\/blog\/wp-content\/uploads\/2021\/11\/Fuchs-Joghurtbecher-Sabine-Seyffert.de-1.jpg\"><img loading=\"lazy\" decoding=\"async\" class=\"alignnone size-full wp-image-21553\" src=\"https:\/\/www.sabine-seyffert.de\/blog\/wp-content\/uploads\/2021\/11\/Fuchs-Joghurtbecher-Sabine-Seyffert.de-1.jpg\" alt=\"\" width=\"800\" height=\"600\" srcset=\"https:\/\/www.sabine-seyffert.de\/blog\/wp-content\/uploads\/2021\/11\/Fuchs-Joghurtbecher-Sabine-Seyffert.de-1.jpg 800w, https:\/\/www.sabine-seyffert.de\/blog\/wp-content\/uploads\/2021\/11\/Fuchs-Joghurtbecher-Sabine-Seyffert.de-1-300x225.jpg 300w, https:\/\/www.sabine-seyffert.de\/blog\/wp-content\/uploads\/2021\/11\/Fuchs-Joghurtbecher-Sabine-Seyffert.de-1-768x576.jpg 768w\" sizes=\"auto, (max-width: 800px) 100vw, 800px\" \/><\/a><\/p>\n<p style=\"text-align: justify;\"><strong>Das wird gebraucht:<\/strong><br \/>\nPro Fuchs ein leerer Joghurtbecher (sauber gesp\u00fclt und trocken!), eine Tageszeitung, eine Bastelschere, Tapetenkleister Pulver, eine Bastelunterlage, <a href=\"https:\/\/www.sabine-seyffert.de\/blog\/?p=12310\" target=\"_blank\" rel=\"noopener noreferrer\">Malkittel<\/a>, Wasserfarbkasten, gut deckende Bastelfarbe (oder Acrylfarbe), d\u00fcnne Kordel, drei Kn\u00f6pfe, Pinsel, Klebestift, ein kleines St\u00fcck Pappe, ein Restst\u00fcck Bastelfilz in orange<\/p>\n<p style=\"text-align: center;\"><a href=\"https:\/\/www.sabine-seyffert.de\/blog\/wp-content\/uploads\/2021\/11\/Fuchs-Joghurtbecher-Sabine-Seyffert.de-6.jpg\"><img loading=\"lazy\" decoding=\"async\" class=\"alignnone size-full wp-image-21554\" src=\"https:\/\/www.sabine-seyffert.de\/blog\/wp-content\/uploads\/2021\/11\/Fuchs-Joghurtbecher-Sabine-Seyffert.de-6.jpg\" alt=\"\" width=\"800\" height=\"600\" srcset=\"https:\/\/www.sabine-seyffert.de\/blog\/wp-content\/uploads\/2021\/11\/Fuchs-Joghurtbecher-Sabine-Seyffert.de-6.jpg 800w, https:\/\/www.sabine-seyffert.de\/blog\/wp-content\/uploads\/2021\/11\/Fuchs-Joghurtbecher-Sabine-Seyffert.de-6-300x225.jpg 300w, https:\/\/www.sabine-seyffert.de\/blog\/wp-content\/uploads\/2021\/11\/Fuchs-Joghurtbecher-Sabine-Seyffert.de-6-768x576.jpg 768w\" sizes=\"auto, (max-width: 800px) 100vw, 800px\" \/><\/a><\/p>\n<p style=\"text-align: justify;\"><strong>So wird\u2019s gemacht:<\/strong><br \/>\nAls erstes r\u00fchrt man sich in einer Sch\u00fcssel einen Essl\u00f6ffel Tapetenkleisterpulver mit lauwarmem Wasser an. Wenn ihr des \u00d6fteren mit Tapetenkleister arbeitet, kann man sich auch eine gr\u00f6\u00dfere Menge anr\u00fchren und diese in einem Marmeladenglas luftdicht verschlossen aufbewahren. Dieser Kleber h\u00e4lt sich recht lange.<br \/>\nIn der Zeit w\u00e4hrend der Kleister zieht, deckt man den Tisch mit einer Malunterlage oder abwaschbaren Tischdecke ab. Die kleinen K\u00fcnstler schl\u00fcpfen in Bastelkittel und das Zeitungspapier kann in kleine St\u00fccke geschnitten werden.<\/p>\n<p style=\"text-align: center;\"><a href=\"https:\/\/www.sabine-seyffert.de\/blog\/wp-content\/uploads\/2021\/11\/Fuchs-Joghurtbecher-Sabine-Seyffert.de-5.jpg\"><img loading=\"lazy\" decoding=\"async\" class=\"alignnone size-full wp-image-21560\" src=\"https:\/\/www.sabine-seyffert.de\/blog\/wp-content\/uploads\/2021\/11\/Fuchs-Joghurtbecher-Sabine-Seyffert.de-5.jpg\" alt=\"\" width=\"800\" height=\"600\" srcset=\"https:\/\/www.sabine-seyffert.de\/blog\/wp-content\/uploads\/2021\/11\/Fuchs-Joghurtbecher-Sabine-Seyffert.de-5.jpg 800w, https:\/\/www.sabine-seyffert.de\/blog\/wp-content\/uploads\/2021\/11\/Fuchs-Joghurtbecher-Sabine-Seyffert.de-5-300x225.jpg 300w, https:\/\/www.sabine-seyffert.de\/blog\/wp-content\/uploads\/2021\/11\/Fuchs-Joghurtbecher-Sabine-Seyffert.de-5-768x576.jpg 768w\" sizes=\"auto, (max-width: 800px) 100vw, 800px\" \/><\/a><\/p>\n<p style=\"text-align: justify;\">Danach streicht man den Becher von au\u00dfen mit Kleister ein und klebt das Zeitungspapier dar\u00fcber. 2 Schichten Papier und Kleister sollten ausreichen.<br \/>\nW\u00e4hrend der Kleister gut durchtrocknet, kann man aus der restlichen Zeitung ein St\u00fcck mit Text bedruckten Teil ausschneiden und mit Deckwei\u00df oder wei\u00dfer Acrylfarbe bemalen.<\/p>\n<p style=\"text-align: center;\"><a href=\"https:\/\/www.sabine-seyffert.de\/blog\/wp-content\/uploads\/2021\/11\/Fuchs-Joghurtbecher-Sabine-Seyffert.de-4.jpg\"><img loading=\"lazy\" decoding=\"async\" class=\"alignnone size-full wp-image-21558\" src=\"https:\/\/www.sabine-seyffert.de\/blog\/wp-content\/uploads\/2021\/11\/Fuchs-Joghurtbecher-Sabine-Seyffert.de-4.jpg\" alt=\"\" width=\"800\" height=\"600\" srcset=\"https:\/\/www.sabine-seyffert.de\/blog\/wp-content\/uploads\/2021\/11\/Fuchs-Joghurtbecher-Sabine-Seyffert.de-4.jpg 800w, https:\/\/www.sabine-seyffert.de\/blog\/wp-content\/uploads\/2021\/11\/Fuchs-Joghurtbecher-Sabine-Seyffert.de-4-300x225.jpg 300w, https:\/\/www.sabine-seyffert.de\/blog\/wp-content\/uploads\/2021\/11\/Fuchs-Joghurtbecher-Sabine-Seyffert.de-4-768x576.jpg 768w\" sizes=\"auto, (max-width: 800px) 100vw, 800px\" \/><\/a><\/p>\n<p style=\"text-align: justify;\">Den getrockneten Joghurtbecher bemalt man mit orange und l\u00e4sst auch die Farbe trocknen. Anschlie\u00dfend kann man aus der wei\u00df bemalten Zeitung zwei ovale f\u00fcr die Fuchsnase ausschneiden und an den unteren Rand kleben. Von der Kordel schneidet man ein paar kurze St\u00fccke ab, klebt diese unten mittig an und einen kleinen Knopf als Nasenspitze darauf. Auch f\u00fcr die Augen haben wir kleine Kn\u00f6pfe verwendet.<br \/>\nZum Schluss kamen noch die Ohren an die Reihe. Die sind aus Pappe und Filz geschnitten und angeklebt. Fertig ist der herbstliche Fuchs!<\/p>\n<p style=\"text-align: center;\"><a href=\"https:\/\/www.sabine-seyffert.de\/blog\/wp-content\/uploads\/2021\/11\/Fuchs-Joghurtbecher-Sabine-Seyffert.de-3.jpg\"><img loading=\"lazy\" decoding=\"async\" class=\"alignnone size-full wp-image-21557\" src=\"https:\/\/www.sabine-seyffert.de\/blog\/wp-content\/uploads\/2021\/11\/Fuchs-Joghurtbecher-Sabine-Seyffert.de-3.jpg\" alt=\"\" width=\"800\" height=\"600\" srcset=\"https:\/\/www.sabine-seyffert.de\/blog\/wp-content\/uploads\/2021\/11\/Fuchs-Joghurtbecher-Sabine-Seyffert.de-3.jpg 800w, https:\/\/www.sabine-seyffert.de\/blog\/wp-content\/uploads\/2021\/11\/Fuchs-Joghurtbecher-Sabine-Seyffert.de-3-300x225.jpg 300w, https:\/\/www.sabine-seyffert.de\/blog\/wp-content\/uploads\/2021\/11\/Fuchs-Joghurtbecher-Sabine-Seyffert.de-3-768x576.jpg 768w\" sizes=\"auto, (max-width: 800px) 100vw, 800px\" \/><\/a><\/p>\n<p>M\u00f6gt ihr F\u00fcchse? Dann st\u00f6bert doch mal in der <a href=\"https:\/\/www.sabine-seyffert.de\/blog\/?cat=45\" target=\"_blank\" rel=\"noopener noreferrer\">Rubrik &#8220;Fuchsgeburtstag&#8221;<\/a>, dort tummeln sich allerhand kreative Do-it-Yourself Ideen rund um den Fuchs!<\/p>\n<p style=\"text-align: center;\"><a href=\"https:\/\/www.sabine-seyffert.de\/blog\/wp-content\/uploads\/2021\/11\/Fuchs-Joghurtbecher-Sabine-Seyffert.de-2.jpg\"><img loading=\"lazy\" decoding=\"async\" class=\"alignnone size-full wp-image-21556\" src=\"https:\/\/www.sabine-seyffert.de\/blog\/wp-content\/uploads\/2021\/11\/Fuchs-Joghurtbecher-Sabine-Seyffert.de-2.jpg\" alt=\"\" width=\"800\" height=\"600\" srcset=\"https:\/\/www.sabine-seyffert.de\/blog\/wp-content\/uploads\/2021\/11\/Fuchs-Joghurtbecher-Sabine-Seyffert.de-2.jpg 800w, https:\/\/www.sabine-seyffert.de\/blog\/wp-content\/uploads\/2021\/11\/Fuchs-Joghurtbecher-Sabine-Seyffert.de-2-300x225.jpg 300w, https:\/\/www.sabine-seyffert.de\/blog\/wp-content\/uploads\/2021\/11\/Fuchs-Joghurtbecher-Sabine-Seyffert.de-2-768x576.jpg 768w\" sizes=\"auto, (max-width: 800px) 100vw, 800px\" \/><\/a><\/p>\n<p style=\"text-align: justify;\">Weitere tolle Bastelideen mit Anleitung findet ihr \u00fcbrigens in <a href=\"https:\/\/www.sabine-seyffert.de\/blog\/?cat=32\" target=\"_blank\" rel=\"noopener noreferrer\">dieser Blog Kategorie<\/a> oder meinen <a href=\"https:\/\/www.sabine-seyffert.de\/blog\/?cat=32\" target=\"_blank\" rel=\"noopener noreferrer\">Pinterest Boards<\/a>, kreative Upcycling DIY gibt es in <a href=\"https:\/\/www.sabine-seyffert.de\/blog\/?cat=47\" target=\"_blank\" rel=\"noopener noreferrer\">diesem Ordner<\/a>, alles rund um den Herbst ist <a href=\"https:\/\/www.sabine-seyffert.de\/blog\/?cat=25\" target=\"_blank\" rel=\"noopener noreferrer\">hier<\/a> zu finden und andere kreative Sachen gibt es dort.<\/p>\n<p style=\"text-align: center;\"><a href=\"https:\/\/www.sabine-seyffert.de\/blog\/wp-content\/uploads\/2021\/11\/Fuchs-Joghurtbecher-Sabine-Seyffert.de-7.jpg\"><img loading=\"lazy\" decoding=\"async\" class=\"alignnone size-full wp-image-21555\" src=\"https:\/\/www.sabine-seyffert.de\/blog\/wp-content\/uploads\/2021\/11\/Fuchs-Joghurtbecher-Sabine-Seyffert.de-7.jpg\" alt=\"\" width=\"600\" height=\"800\" srcset=\"https:\/\/www.sabine-seyffert.de\/blog\/wp-content\/uploads\/2021\/11\/Fuchs-Joghurtbecher-Sabine-Seyffert.de-7.jpg 600w, https:\/\/www.sabine-seyffert.de\/blog\/wp-content\/uploads\/2021\/11\/Fuchs-Joghurtbecher-Sabine-Seyffert.de-7-225x300.jpg 225w\" sizes=\"auto, (max-width: 600px) 100vw, 600px\" \/><\/a><\/p>\n<p style=\"text-align: justify;\"><a href=\"https:\/\/www.sabine-seyffert.de\/blog\/?page_id=32#urheberrecht\">urheberrechtlich gesch\u00fctzt<\/a>, \u00a9 Sabine Seyffert<\/p>\n","protected":false},"excerpt":{"rendered":"<p>Zum Basteln verwende ich immer gerne Alltagsmaterialien, die ich vor dem M\u00fcll rette, die kostenlos sind und die man schnell zur Hand hat. So hat man auch f\u00fcr Zwischendurch, f\u00fcr verregnete Nachmittag oder eine spontane Bastelaktion immer etwas parat ohne erst einkaufen zu gehen oder stundenlang etwas vorzubereiten. So ist vor kurzem wieder mal unsere&#8230; <a href=\"https:\/\/www.sabine-seyffert.de\/blog\/diy-bastelidee-upcycling-fuer-kinder-herbstlichen-fuchs-aus-joghurtbecher-basteln\/\" class=\"more-link\">Read more: DIY Bastelidee &#038; Upcycling f\u00fcr Kinder: Herbstlichen Fuchs aus Joghurtbecher basteln<\/a><\/p>\n","protected":false},"author":2,"featured_media":0,"comment_status":"open","ping_status":"open","sticky":false,"template":"","format":"standard","meta":{"_metis_text_type":"","_metis_text_length":2796,"_post_count":0,"footnotes":""},"categories":[32,45,25,47],"tags":[],"class_list":["post-21552","post","type-post","status-publish","format-standard","hentry","category-kreatives-fur-kleine-kinderhande","category-fuchsgeburtstag","category-herbst","category-upcyceltes"],"_links":{"self":[{"href":"https:\/\/www.sabine-seyffert.de\/blog\/wp-json\/wp\/v2\/posts\/21552","targetHints":{"allow":["GET"]}}],"collection":[{"href":"https:\/\/www.sabine-seyffert.de\/blog\/wp-json\/wp\/v2\/posts"}],"about":[{"href":"https:\/\/www.sabine-seyffert.de\/blog\/wp-json\/wp\/v2\/types\/post"}],"author":[{"embeddable":true,"href":"https:\/\/www.sabine-seyffert.de\/blog\/wp-json\/wp\/v2\/users\/2"}],"replies":[{"embeddable":true,"href":"https:\/\/www.sabine-seyffert.de\/blog\/wp-json\/wp\/v2\/comments?post=21552"}],"version-history":[{"count":2,"href":"https:\/\/www.sabine-seyffert.de\/blog\/wp-json\/wp\/v2\/posts\/21552\/revisions"}],"predecessor-version":[{"id":21562,"href":"https:\/\/www.sabine-seyffert.de\/blog\/wp-json\/wp\/v2\/posts\/21552\/revisions\/21562"}],"wp:attachment":[{"href":"https:\/\/www.sabine-seyffert.de\/blog\/wp-json\/wp\/v2\/media?parent=21552"}],"wp:term":[{"taxonomy":"category","embeddable":true,"href":"https:\/\/www.sabine-seyffert.de\/blog\/wp-json\/wp\/v2\/categories?post=21552"},{"taxonomy":"post_tag","embeddable":true,"href":"https:\/\/www.sabine-seyffert.de\/blog\/wp-json\/wp\/v2\/tags?post=21552"}],"curies":[{"name":"wp","href":"https:\/\/api.w.org\/{rel}","templated":true}]}}