{"id":21522,"date":"2021-10-30T06:00:48","date_gmt":"2021-10-30T04:00:48","guid":{"rendered":"https:\/\/www.sabine-seyffert.de\/blog\/?p=21522"},"modified":"2023-05-11T15:50:48","modified_gmt":"2023-05-11T13:50:48","slug":"kindermassage-streichelgeschichte-zur-laternenzeit-wir-backen-einen-weckmann","status":"publish","type":"post","link":"https:\/\/www.sabine-seyffert.de\/blog\/kindermassage-streichelgeschichte-zur-laternenzeit-wir-backen-einen-weckmann\/","title":{"rendered":"Kindermassage &#038; Streichelgeschichte zur Laternenzeit: Wir backen einen Weckmann"},"content":{"rendered":"<p style=\"text-align: justify;\"><img loading=\"lazy\" decoding=\"async\" src=\"https:\/\/vg01.met.vgwort.de\/na\/13685359abe84d8f9920040c073ae46b\" alt=\"\" width=\"1\" height=\"1\" \/>Die Laternenzeit ist jedes Jahr aufs Neue etwas ganz Besonderes. Und gerade f\u00fcr Kinder ist diese Zeit so spannend. Au\u00dfer gemeinsam bunte Laternen f\u00fcr den Martinszug zu basteln, geh\u00f6rt ihm Anschluss auch <a href=\"https:\/\/de.wikipedia.org\/wiki\/Stutenkerl\" target=\"_blank\" rel=\"noopener noreferrer\">ein Weckmann<\/a> mit Tonpfeife mit dazu. Zumindest in unserer Region. In anderen Gegenden wird er als Stutenkerl bezeichnet. Und genau um diese Leckerei geht in es der heutigen Massagegeschichte, die f\u00fcr wohltuende Entspannung und Wohlbefinden sorgt. Etwas Ruhe und Ausgleich im Alltag sind schlie\u00dflich immer willkommen.<br \/>\nWer nicht genau wei\u00df, was es mit Kindermassagen auf sich hat, kann in <a href=\"https:\/\/www.sabine-seyffert.de\/blog\/?p=1371\" target=\"_blank\" rel=\"noopener noreferrer\">diesem Artikel<\/a> nochmal nachlesen.<\/p>\n<p style=\"text-align: center;\"><a href=\"https:\/\/www.sabine-seyffert.de\/blog\/wp-content\/uploads\/2021\/10\/Massage-Weckmann-Sabine-Seyffert.de-0.jpg\"><img loading=\"lazy\" decoding=\"async\" class=\"alignnone size-full wp-image-21523\" src=\"https:\/\/www.sabine-seyffert.de\/blog\/wp-content\/uploads\/2021\/10\/Massage-Weckmann-Sabine-Seyffert.de-0.jpg\" alt=\"\" width=\"800\" height=\"600\" srcset=\"https:\/\/www.sabine-seyffert.de\/blog\/wp-content\/uploads\/2021\/10\/Massage-Weckmann-Sabine-Seyffert.de-0.jpg 800w, https:\/\/www.sabine-seyffert.de\/blog\/wp-content\/uploads\/2021\/10\/Massage-Weckmann-Sabine-Seyffert.de-0-300x225.jpg 300w, https:\/\/www.sabine-seyffert.de\/blog\/wp-content\/uploads\/2021\/10\/Massage-Weckmann-Sabine-Seyffert.de-0-768x576.jpg 768w\" sizes=\"auto, (max-width: 800px) 100vw, 800px\" \/><\/a><\/p>\n<p style=\"text-align: justify;\"><strong>Material:<\/strong><br \/>\nPro Spielpaar eine Matte oder Decke<\/p>\n<p style=\"text-align: center;\"><a href=\"https:\/\/www.sabine-seyffert.de\/blog\/wp-content\/uploads\/2021\/10\/Massage-Weckmann-Sabine-Seyffert.de-2.jpg\"><img loading=\"lazy\" decoding=\"async\" class=\"alignnone size-full wp-image-21524\" src=\"https:\/\/www.sabine-seyffert.de\/blog\/wp-content\/uploads\/2021\/10\/Massage-Weckmann-Sabine-Seyffert.de-2.jpg\" alt=\"\" width=\"800\" height=\"600\" srcset=\"https:\/\/www.sabine-seyffert.de\/blog\/wp-content\/uploads\/2021\/10\/Massage-Weckmann-Sabine-Seyffert.de-2.jpg 800w, https:\/\/www.sabine-seyffert.de\/blog\/wp-content\/uploads\/2021\/10\/Massage-Weckmann-Sabine-Seyffert.de-2-300x225.jpg 300w, https:\/\/www.sabine-seyffert.de\/blog\/wp-content\/uploads\/2021\/10\/Massage-Weckmann-Sabine-Seyffert.de-2-768x576.jpg 768w\" sizes=\"auto, (max-width: 800px) 100vw, 800px\" \/><\/a><\/p>\n<p style=\"text-align: justify;\"><strong>So geht\u2019s:<\/strong><br \/>\nBitte sucht euch f\u00fcr diese Massage einen Spielpartner, mit dem ihr diese gemeinsam durchf\u00fchren m\u00f6chtet. Wer einen Partner gefunden hat, nimmt sich eine Matte \/ Decke und sucht sich einen Platz im Raum\u2026<\/p>\n<p style=\"text-align: justify;\"><em>Wartet einen Moment ab, bis sich alle Kinder zu Paaren zusammengefunden haben.<\/em><\/p>\n<p style=\"text-align: justify;\">Derjenige von euch mit dem dunkleren Haar, wird als erstes massiert und darf sich mit dem Bauch auf die Matte legen und seine Augen schlie\u00dfen\u2026 Das andere Kind, das massiert, nimmt am besten neben dem R\u00fccken Platz.<\/p>\n<p style=\"text-align: justify;\"><em>Gebt den Kindern einen Moment Zeit die richtige Liege- bzw. Sitzposition zu finden. Sobald Ruhe einkehrt, k\u00f6nnt ihr mit der \u00dcbungsanleitung weiter fortfahren.<\/em><\/p>\n<p style=\"text-align: justify;\">Stellt euch mal vor, wir backen heute einen Weckmann! Dazu fegen wir erst einmal die Arbeitsfl\u00e4che und machen sie sauber\u2026<\/p>\n<p style=\"text-align: justify;\"><em>Mit der flachen Hand wird \u00fcber den gesamten R\u00fccken des liegenden Kindes gewischt. Dabei kommt es nicht auf Tempo und Zeit an. Eher auf die \u201eGr\u00fcndlichkeit\u201c damit auch wirklich der gesamte R\u00fccken durch das Wischen massiert und gestreichelt wird!<\/em><\/p>\n<p style=\"text-align: justify;\">Jetzt kommt das Mehl\u2026<\/p>\n<p style=\"text-align: justify;\"><em>Mit den Fingerspitzen darf das \u201eMehl\u201c auf den ganzen R\u00fccken gerieselt und verteilt werden.<\/em><\/p>\n<p style=\"text-align: justify;\">Der Zucker\u2026<\/p>\n<p style=\"text-align: justify;\"><em>Nun darf etwas fester mit den Fingerspitzen \u00fcber den R\u00fccken geklopft werden, da der Zucker ja grober und schwerer ist als das staubige, feine Mehl.<\/em><\/p>\n<p style=\"text-align: justify;\">Ein paar St\u00fccke Butter\u2026<\/p>\n<p style=\"text-align: justify;\"><em>Die Fingerspitzen werden mittig zusammengehalten und so der R\u00fccken hier und da betupft.<\/em><\/p>\n<p style=\"text-align: justify;\">Etwas Hefe muss in den Teig gebr\u00f6selt werden\u2026<\/p>\n<p style=\"text-align: justify;\"><em>Die Fingerspitzen d\u00fcrfen mal hier und mal dort \u00fcber den R\u00fccken \u201ekrabbeln\u201c. Hierbei kann der ganze R\u00fcckenbereich mit einbezogen werden, damit der R\u00fccken sch\u00f6n massiert wird.<\/em><\/p>\n<p style=\"text-align: justify;\">Ach, du Schreck, das Ei fehlt noch!<\/p>\n<p style=\"text-align: justify;\"><em>Setzt die Fingerspitzen einer Hand auf den R\u00fccken auf und zieht die Finger mit Druck nach au\u00dfen. Das stellt das Aufschlagen eines Eies recht gut dar!<\/em><\/p>\n<p style=\"text-align: justify;\">Und nun muss geknetet werden. Los geht\u2019s!<\/p>\n<p style=\"text-align: justify;\"><em>Mit beiden H\u00e4nden wird der R\u00fccken gr\u00fcndlich massiert und sanft (!) geknetet.<\/em><\/p>\n<p style=\"text-align: justify;\">Aus dem fertigen Teig wird nun ein sch\u00f6ner Weckmann geformt\u2026<\/p>\n<p style=\"text-align: justify;\"><em>Die H\u00e4nde werden als erstes am Kopf oben aufgesetzt und dieser rechts und links zu den Schultern hin ausgestrichen. Danach streicht man rechts und links die Schultern hinab, beide Arme hinunter, den Rumpf entlang und beide Beine bis zu den F\u00fc\u00dfen hinab. Die Kinder, die massieren, stehen dazu am besten auf um mehr Bewegungsfreiheit zu haben und besser agieren zu k\u00f6nnen.<\/em><\/p>\n<p style=\"text-align: justify;\">Super sehen eure Weckm\u00e4nner aus. Einfach wundersch\u00f6n, wie ein richtiger Weckmann auszusehen hat!<\/p>\n<p style=\"text-align: justify;\">Nun ab in den Ofen damit!<\/p>\n<p style=\"text-align: justify;\"><em>Die Kinder, die massieren, nehmen wieder neben der Schulter Platz und reiben ihre Handfl\u00e4chen m\u00f6glichst schnell und fest aneinander. Die so gew\u00e4rmten Handinnenfl\u00e4chen werden nun ruhend (!) mittig auf den R\u00fccken gelegt. So lange bis die W\u00e4rme langsam nachl\u00e4sst.<\/em><\/p>\n<p style=\"text-align: justify;\">Die Weckm\u00e4nner sind fertig, guten Appetit!<\/p>\n<p style=\"text-align: justify;\"><em>Gebt den Kindern, die massiert wurden, Zeit die \u00dcbung zu beenden. Am besten atmen sie dazu mehrfach tief ein- und aus. Strecken die Arme nach oben, die Beine nach unten, bis sie sich wieder ganz wach f\u00fchlen.<\/em><\/p>\n<p style=\"text-align: center;\"><a href=\"https:\/\/www.sabine-seyffert.de\/blog\/wp-content\/uploads\/2021\/10\/Massage-Weckmann-Sabine-Seyffert.de-1.jpg\"><img loading=\"lazy\" decoding=\"async\" class=\"alignnone size-full wp-image-21528\" src=\"https:\/\/www.sabine-seyffert.de\/blog\/wp-content\/uploads\/2021\/10\/Massage-Weckmann-Sabine-Seyffert.de-1.jpg\" alt=\"\" width=\"800\" height=\"600\" srcset=\"https:\/\/www.sabine-seyffert.de\/blog\/wp-content\/uploads\/2021\/10\/Massage-Weckmann-Sabine-Seyffert.de-1.jpg 800w, https:\/\/www.sabine-seyffert.de\/blog\/wp-content\/uploads\/2021\/10\/Massage-Weckmann-Sabine-Seyffert.de-1-300x225.jpg 300w, https:\/\/www.sabine-seyffert.de\/blog\/wp-content\/uploads\/2021\/10\/Massage-Weckmann-Sabine-Seyffert.de-1-768x576.jpg 768w\" sizes=\"auto, (max-width: 800px) 100vw, 800px\" \/><\/a><\/p>\n<p style=\"text-align: justify;\"><span style=\"color: #ff6600;\"><strong>Wichtiger Hinweis:<\/strong><\/span><br \/>\nDie Massagen werden in der Regel als Partner\u00fcbung durchgef\u00fchrt. Dies ist ein Geben und Nehmen. Plant daher bitte immer ausreichend Zeit ein, dass die Massagen im Anschluss mit vertauschten Rollen nochmals durchgef\u00fchrt werden kann und auch die anderen in den Genuss der wohltuenden, entspannenden Massagen kommen!<\/p>\n<p style=\"text-align: center;\"><a href=\"https:\/\/www.sabine-seyffert.de\/blog\/wp-content\/uploads\/2021\/10\/Massage-Weckmann-Sabine-Seyffert.de_.jpg\"><img loading=\"lazy\" decoding=\"async\" class=\"alignnone size-full wp-image-21527\" src=\"https:\/\/www.sabine-seyffert.de\/blog\/wp-content\/uploads\/2021\/10\/Massage-Weckmann-Sabine-Seyffert.de_.jpg\" alt=\"\" width=\"600\" height=\"800\" srcset=\"https:\/\/www.sabine-seyffert.de\/blog\/wp-content\/uploads\/2021\/10\/Massage-Weckmann-Sabine-Seyffert.de_.jpg 600w, https:\/\/www.sabine-seyffert.de\/blog\/wp-content\/uploads\/2021\/10\/Massage-Weckmann-Sabine-Seyffert.de_-225x300.jpg 225w\" sizes=\"auto, (max-width: 600px) 100vw, 600px\" \/><\/a><\/p>\n<p style=\"text-align: justify;\"><strong>Ein kleiner Tipp:<\/strong><br \/>\nWerft doch mal einen Blick in die <a href=\"https:\/\/www.sabine-seyffert.de\/blog\/?cat=54\" target=\"_blank\" rel=\"noopener noreferrer\">Rubrik \u201eLaterne &amp; Co.\u201c<\/a>, dort findet ihr nicht nur zahlreiche Ideen mit Bastelanleitung f\u00fcr selbst gemachte Laternen, sondern auch eine weitere <a href=\"https:\/\/www.sabine-seyffert.de\/blog\/?cat=13\" target=\"_blank\" rel=\"noopener noreferrer\">entspannende Kindermassage<\/a> zum Thema, eine Fantasiereise zur Laternenzeit sowie andere DIY Ideen.<\/p>\n<p style=\"text-align: center;\"><a href=\"https:\/\/www.sabine-seyffert.de\/blog\/wp-content\/uploads\/2021\/10\/Massage-Weckmann-Sabine-Seyffert.de-4.jpg\"><img loading=\"lazy\" decoding=\"async\" class=\"alignnone size-full wp-image-21526\" src=\"https:\/\/www.sabine-seyffert.de\/blog\/wp-content\/uploads\/2021\/10\/Massage-Weckmann-Sabine-Seyffert.de-4.jpg\" alt=\"\" width=\"600\" height=\"800\" srcset=\"https:\/\/www.sabine-seyffert.de\/blog\/wp-content\/uploads\/2021\/10\/Massage-Weckmann-Sabine-Seyffert.de-4.jpg 600w, https:\/\/www.sabine-seyffert.de\/blog\/wp-content\/uploads\/2021\/10\/Massage-Weckmann-Sabine-Seyffert.de-4-225x300.jpg 225w\" sizes=\"auto, (max-width: 600px) 100vw, 600px\" \/><\/a><\/p>\n<p style=\"text-align: justify;\">Weitere Bastelideen f\u00fcr Kinder findet ihr \u00fcbrigens in <a href=\"https:\/\/www.sabine-seyffert.de\/blog\/?cat=32\" target=\"_blank\" rel=\"noopener noreferrer\">dieser Blog Kategorie<\/a>, mehr Spiel &amp; Spa\u00df gibt es in <a href=\"https:\/\/www.sabine-seyffert.de\/blog\/?cat=10\" target=\"_blank\" rel=\"noopener noreferrer\">dieser Rubrik<\/a>, alles rund um die Herbstzeit sind in <a href=\"https:\/\/www.sabine-seyffert.de\/blog\/?cat=25\" target=\"_blank\" rel=\"noopener noreferrer\">diesem Blog Ordner<\/a> oder <a href=\"https:\/\/www.sabine-seyffert.de\/blog\/?cat=25\" target=\"_blank\" rel=\"noopener noreferrer\">meinen Pinnw\u00e4nden<\/a>.<\/p>\n<p style=\"text-align: center;\"><a href=\"https:\/\/www.sabine-seyffert.de\/blog\/wp-content\/uploads\/2021\/10\/Massage-Weckmann-Sabine-Seyffert.de-3.jpg\"><img loading=\"lazy\" decoding=\"async\" class=\"alignnone size-full wp-image-21525\" src=\"https:\/\/www.sabine-seyffert.de\/blog\/wp-content\/uploads\/2021\/10\/Massage-Weckmann-Sabine-Seyffert.de-3.jpg\" alt=\"\" width=\"600\" height=\"800\" srcset=\"https:\/\/www.sabine-seyffert.de\/blog\/wp-content\/uploads\/2021\/10\/Massage-Weckmann-Sabine-Seyffert.de-3.jpg 600w, https:\/\/www.sabine-seyffert.de\/blog\/wp-content\/uploads\/2021\/10\/Massage-Weckmann-Sabine-Seyffert.de-3-225x300.jpg 225w\" sizes=\"auto, (max-width: 600px) 100vw, 600px\" \/><\/a><\/p>\n<p style=\"text-align: justify;\"><a href=\"https:\/\/www.sabine-seyffert.de\/blog\/?page_id=32#urheberrecht\">urheberrechtlich gesch\u00fctzt<\/a>, \u00a9 Sabine Seyffert<\/p>\n","protected":false},"excerpt":{"rendered":"<p>Die Laternenzeit ist jedes Jahr aufs Neue etwas ganz Besonderes. Und gerade f\u00fcr Kinder ist diese Zeit so spannend. Au\u00dfer gemeinsam bunte Laternen f\u00fcr den Martinszug zu basteln, geh\u00f6rt ihm Anschluss auch ein Weckmann mit Tonpfeife mit dazu. Zumindest in unserer Region. In anderen Gegenden wird er als Stutenkerl bezeichnet. Und genau um diese Leckerei&#8230; <a href=\"https:\/\/www.sabine-seyffert.de\/blog\/kindermassage-streichelgeschichte-zur-laternenzeit-wir-backen-einen-weckmann\/\" class=\"more-link\">Read more: Kindermassage &#038; Streichelgeschichte zur Laternenzeit: Wir backen einen Weckmann<\/a><\/p>\n","protected":false},"author":2,"featured_media":0,"comment_status":"open","ping_status":"open","sticky":false,"template":"","format":"standard","meta":{"_metis_text_type":"","_metis_text_length":4556,"_post_count":0,"footnotes":""},"categories":[25,54,13,10],"tags":[],"class_list":["post-21522","post","type-post","status-publish","format-standard","hentry","category-herbst","category-laterne-co","category-massagen","category-spiel-spas"],"_links":{"self":[{"href":"https:\/\/www.sabine-seyffert.de\/blog\/wp-json\/wp\/v2\/posts\/21522","targetHints":{"allow":["GET"]}}],"collection":[{"href":"https:\/\/www.sabine-seyffert.de\/blog\/wp-json\/wp\/v2\/posts"}],"about":[{"href":"https:\/\/www.sabine-seyffert.de\/blog\/wp-json\/wp\/v2\/types\/post"}],"author":[{"embeddable":true,"href":"https:\/\/www.sabine-seyffert.de\/blog\/wp-json\/wp\/v2\/users\/2"}],"replies":[{"embeddable":true,"href":"https:\/\/www.sabine-seyffert.de\/blog\/wp-json\/wp\/v2\/comments?post=21522"}],"version-history":[{"count":4,"href":"https:\/\/www.sabine-seyffert.de\/blog\/wp-json\/wp\/v2\/posts\/21522\/revisions"}],"predecessor-version":[{"id":25675,"href":"https:\/\/www.sabine-seyffert.de\/blog\/wp-json\/wp\/v2\/posts\/21522\/revisions\/25675"}],"wp:attachment":[{"href":"https:\/\/www.sabine-seyffert.de\/blog\/wp-json\/wp\/v2\/media?parent=21522"}],"wp:term":[{"taxonomy":"category","embeddable":true,"href":"https:\/\/www.sabine-seyffert.de\/blog\/wp-json\/wp\/v2\/categories?post=21522"},{"taxonomy":"post_tag","embeddable":true,"href":"https:\/\/www.sabine-seyffert.de\/blog\/wp-json\/wp\/v2\/tags?post=21522"}],"curies":[{"name":"wp","href":"https:\/\/api.w.org\/{rel}","templated":true}]}}