{"id":21500,"date":"2021-10-25T06:00:34","date_gmt":"2021-10-25T04:00:34","guid":{"rendered":"https:\/\/www.sabine-seyffert.de\/blog\/?p=21500"},"modified":"2021-10-24T10:10:41","modified_gmt":"2021-10-24T08:10:41","slug":"spiel-und-spass-fuer-kinder-kleine-raetsel-rund-um-die-laternenzeit","status":"publish","type":"post","link":"https:\/\/www.sabine-seyffert.de\/blog\/spiel-und-spass-fuer-kinder-kleine-raetsel-rund-um-die-laternenzeit\/","title":{"rendered":"Spiel und Spa\u00df f\u00fcr Kinder: Kleine R\u00e4tsel rund um die Laternenzeit"},"content":{"rendered":"<p style=\"text-align: justify;\"><img loading=\"lazy\" decoding=\"async\" src=\"https:\/\/vg01.met.vgwort.de\/na\/51b63605f8fb4748afae0573ccfa4dd4\" alt=\"\" width=\"1\" height=\"1\" \/>Nicht mehr lang und dann beginnt die Laternenzeit. Den warmen Lichterglanz, das gem\u00fctliche Basteln von Laternen und den Laternenumzug am Sankt Martins Tag mag ich besonders gerne im Herbst. Auf dem Blog habe ich schon mehrfach dar\u00fcber berichtet. Vielleicht erinnert ihr euch noch daran? Wer mag findet hier einen Artikel zu einem ganz au\u00dfergew\u00f6hnlichen Laternenzug und hier ein paar wertvolle Infos zum M\u00e4ten Singen, dass es bei uns in der Region als Brauch gibt.<\/p>\n<p style=\"text-align: justify;\">F\u00fcr alle von euch, die dieses Fest ebenso gerne m\u00f6gen wie ich, gibt es heute ein paar klitzekleine R\u00e4tsel zum Mitraten, die die Zeit bis St. Martin verk\u00fcrzen und die Vorfreude wecken. Viel Spa\u00df damit!<\/p>\n<p style=\"text-align: center;\"><a href=\"https:\/\/www.sabine-seyffert.de\/blog\/wp-content\/uploads\/2021\/10\/Laterne-Entspannungsr\u00e4tsel-Sabine-Seyffert.de-6.jpg\"><img loading=\"lazy\" decoding=\"async\" class=\"alignnone size-full wp-image-21502\" src=\"https:\/\/www.sabine-seyffert.de\/blog\/wp-content\/uploads\/2021\/10\/Laterne-Entspannungsr\u00e4tsel-Sabine-Seyffert.de-6.jpg\" alt=\"\" width=\"800\" height=\"600\" srcset=\"https:\/\/www.sabine-seyffert.de\/blog\/wp-content\/uploads\/2021\/10\/Laterne-Entspannungsr\u00e4tsel-Sabine-Seyffert.de-6.jpg 800w, https:\/\/www.sabine-seyffert.de\/blog\/wp-content\/uploads\/2021\/10\/Laterne-Entspannungsr\u00e4tsel-Sabine-Seyffert.de-6-300x225.jpg 300w, https:\/\/www.sabine-seyffert.de\/blog\/wp-content\/uploads\/2021\/10\/Laterne-Entspannungsr\u00e4tsel-Sabine-Seyffert.de-6-768x576.jpg 768w\" sizes=\"auto, (max-width: 800px) 100vw, 800px\" \/><\/a><\/p>\n<p>Du bist aus Teig ganz wunderbar<br \/>\nDich mag auch jeder gern &#8211; na klar!<br \/>\nAus Rosinen ist dein Angesicht<br \/>\nund lecker schmeckst du, kleiner Wicht<br \/>\nEs steckt \u00b4ne Pfeife in deiner Hand<br \/>\ndrum bist du bekannt im ganzen Land.<br \/>\nDich gibt es nur zur Martinszeit<br \/>\nbei allen B\u00e4ckern weit und breit&#8230;<br \/>\n(Ein Weckmann \/ Ein Stutenkerl)<\/p>\n<p><a href=\"https:\/\/www.sabine-seyffert.de\/blog\/wp-content\/uploads\/2021\/10\/Laterne-Entspannungsr\u00e4tsel-Sabine-Seyffert.de-3.jpg\"><img loading=\"lazy\" decoding=\"async\" class=\"size-full wp-image-21501 aligncenter\" src=\"https:\/\/www.sabine-seyffert.de\/blog\/wp-content\/uploads\/2021\/10\/Laterne-Entspannungsr\u00e4tsel-Sabine-Seyffert.de-3.jpg\" alt=\"\" width=\"800\" height=\"600\" srcset=\"https:\/\/www.sabine-seyffert.de\/blog\/wp-content\/uploads\/2021\/10\/Laterne-Entspannungsr\u00e4tsel-Sabine-Seyffert.de-3.jpg 800w, https:\/\/www.sabine-seyffert.de\/blog\/wp-content\/uploads\/2021\/10\/Laterne-Entspannungsr\u00e4tsel-Sabine-Seyffert.de-3-300x225.jpg 300w, https:\/\/www.sabine-seyffert.de\/blog\/wp-content\/uploads\/2021\/10\/Laterne-Entspannungsr\u00e4tsel-Sabine-Seyffert.de-3-768x576.jpg 768w\" sizes=\"auto, (max-width: 800px) 100vw, 800px\" \/><\/a><\/p>\n<p style=\"text-align: justify;\">Steht der Mond ganz hoch am Himmel<br \/>\nund St. Martin reitet auf seinem Schimmel<br \/>\ndann kommen alle Kinder gerannt<br \/>\nund halten ihre &#8230; in der Hand.<br \/>\n(Laterne)<\/p>\n<p>Wenn der Mond am Himmel steht<br \/>\nund das Kindlein schlafen geht<br \/>\nleuchtet der Mond in weiter Ferne<br \/>\nund dazu glitzern auch viele&#8230;<br \/>\n(Sterne)<\/p>\n<p style=\"text-align: center;\"><a href=\"https:\/\/www.sabine-seyffert.de\/blog\/wp-content\/uploads\/2021\/10\/Laterne-Entspannungsr\u00e4tsel-Sabine-Seyffert.de-4.jpg\"><img loading=\"lazy\" decoding=\"async\" class=\"alignnone size-full wp-image-21503\" src=\"https:\/\/www.sabine-seyffert.de\/blog\/wp-content\/uploads\/2021\/10\/Laterne-Entspannungsr\u00e4tsel-Sabine-Seyffert.de-4.jpg\" alt=\"\" width=\"800\" height=\"600\" srcset=\"https:\/\/www.sabine-seyffert.de\/blog\/wp-content\/uploads\/2021\/10\/Laterne-Entspannungsr\u00e4tsel-Sabine-Seyffert.de-4.jpg 800w, https:\/\/www.sabine-seyffert.de\/blog\/wp-content\/uploads\/2021\/10\/Laterne-Entspannungsr\u00e4tsel-Sabine-Seyffert.de-4-300x225.jpg 300w, https:\/\/www.sabine-seyffert.de\/blog\/wp-content\/uploads\/2021\/10\/Laterne-Entspannungsr\u00e4tsel-Sabine-Seyffert.de-4-768x576.jpg 768w\" sizes=\"auto, (max-width: 800px) 100vw, 800px\" \/><\/a><\/p>\n<p>Wenn die Sonne endlich geht<br \/>\nund ein Stern am Himmel steht,<br \/>\nsieht man, wer des Nachts dort oben wohnt:<br \/>\nder gelbe, alte, runde&#8230;<br \/>\n(Mond)<\/p>\n<p style=\"text-align: center;\"><a href=\"https:\/\/www.sabine-seyffert.de\/blog\/wp-content\/uploads\/2021\/10\/Laterne-Entspannungsr\u00e4tsel-Sabine-Seyffert.de-5.jpg\"><img loading=\"lazy\" decoding=\"async\" class=\"alignnone size-full wp-image-21504\" src=\"https:\/\/www.sabine-seyffert.de\/blog\/wp-content\/uploads\/2021\/10\/Laterne-Entspannungsr\u00e4tsel-Sabine-Seyffert.de-5.jpg\" alt=\"\" width=\"800\" height=\"600\" srcset=\"https:\/\/www.sabine-seyffert.de\/blog\/wp-content\/uploads\/2021\/10\/Laterne-Entspannungsr\u00e4tsel-Sabine-Seyffert.de-5.jpg 800w, https:\/\/www.sabine-seyffert.de\/blog\/wp-content\/uploads\/2021\/10\/Laterne-Entspannungsr\u00e4tsel-Sabine-Seyffert.de-5-300x225.jpg 300w, https:\/\/www.sabine-seyffert.de\/blog\/wp-content\/uploads\/2021\/10\/Laterne-Entspannungsr\u00e4tsel-Sabine-Seyffert.de-5-768x576.jpg 768w\" sizes=\"auto, (max-width: 800px) 100vw, 800px\" \/><\/a><\/p>\n<p>Einmal im Jahr reitet ein Mann<br \/>\nden Laternenkindern durch die Stra\u00dfen voran<br \/>\nUnd f\u00fcr einen Bettler, damit er nicht friert<br \/>\nda hat er sogar seinen Mantel halbiert.<br \/>\n(St. Martin)<\/p>\n<p>Wenn es drau\u00dfen dunkel ist,<br \/>\nsteht sie bei uns auf dem Tisch<br \/>\nDort leuchtet und schimmert sie so rein<br \/>\nwie viele, kleine Sternelein&#8230;<br \/>\n(Eine Kerze)<\/p>\n<p style=\"text-align: center;\"><a href=\"https:\/\/www.sabine-seyffert.de\/blog\/wp-content\/uploads\/2021\/10\/Laterne-Entspannungsr\u00e4tsel-Sabine-Seyffert.de-2.jpg\"><img loading=\"lazy\" decoding=\"async\" class=\"alignnone size-full wp-image-21505\" src=\"https:\/\/www.sabine-seyffert.de\/blog\/wp-content\/uploads\/2021\/10\/Laterne-Entspannungsr\u00e4tsel-Sabine-Seyffert.de-2.jpg\" alt=\"\" width=\"800\" height=\"600\" srcset=\"https:\/\/www.sabine-seyffert.de\/blog\/wp-content\/uploads\/2021\/10\/Laterne-Entspannungsr\u00e4tsel-Sabine-Seyffert.de-2.jpg 800w, https:\/\/www.sabine-seyffert.de\/blog\/wp-content\/uploads\/2021\/10\/Laterne-Entspannungsr\u00e4tsel-Sabine-Seyffert.de-2-300x225.jpg 300w, https:\/\/www.sabine-seyffert.de\/blog\/wp-content\/uploads\/2021\/10\/Laterne-Entspannungsr\u00e4tsel-Sabine-Seyffert.de-2-768x576.jpg 768w\" sizes=\"auto, (max-width: 800px) 100vw, 800px\" \/><\/a><\/p>\n<p>Du bist nicht unten &#8211; ist ja klar<br \/>\nSondern hoch oben &#8211; hurra, hurra!<br \/>\nDes Nachts bist du stets dunkel<br \/>\nw\u00e4hrend die Sterne an dir funkeln.<br \/>\nAm Tag dann die Sonne an dir strahlt<br \/>\nein jedes Kind dich gerne malt&#8230;<br \/>\n(Der Himmel)<\/p>\n<p style=\"text-align: center;\"><a href=\"https:\/\/www.sabine-seyffert.de\/blog\/wp-content\/uploads\/2021\/10\/Laterne-Entspannungsr\u00e4tsel-Sabine-Seyffert.de-1.jpg\"><img loading=\"lazy\" decoding=\"async\" class=\"alignnone size-full wp-image-21506\" src=\"https:\/\/www.sabine-seyffert.de\/blog\/wp-content\/uploads\/2021\/10\/Laterne-Entspannungsr\u00e4tsel-Sabine-Seyffert.de-1.jpg\" alt=\"\" width=\"800\" height=\"600\" srcset=\"https:\/\/www.sabine-seyffert.de\/blog\/wp-content\/uploads\/2021\/10\/Laterne-Entspannungsr\u00e4tsel-Sabine-Seyffert.de-1.jpg 800w, https:\/\/www.sabine-seyffert.de\/blog\/wp-content\/uploads\/2021\/10\/Laterne-Entspannungsr\u00e4tsel-Sabine-Seyffert.de-1-300x225.jpg 300w, https:\/\/www.sabine-seyffert.de\/blog\/wp-content\/uploads\/2021\/10\/Laterne-Entspannungsr\u00e4tsel-Sabine-Seyffert.de-1-768x576.jpg 768w\" sizes=\"auto, (max-width: 800px) 100vw, 800px\" \/><\/a><\/p>\n<p style=\"text-align: justify;\"><strong>Ein kleiner Tipp:<\/strong><br \/>\nWerft doch mal einen Blick in die <a href=\"https:\/\/www.sabine-seyffert.de\/blog\/?cat=54\" target=\"_blank\" rel=\"noopener noreferrer\">Rubrik \u201eLaterne &amp; Co.\u201c<\/a>, dort findet ihr nicht nur zahlreiche Ideen mit Bastelanleitung f\u00fcr selbst gemachte Laternen, sondern auch eine ganz <a href=\"https:\/\/www.sabine-seyffert.de\/blog\/?p=8817\" target=\"_blank\" rel=\"noopener noreferrer\">entspannende Kindermassage<\/a> und Streichelgeschichte zum Thema, eine <a href=\"https:\/\/www.sabine-seyffert.de\/blog\/?p=3105\" target=\"_blank\" rel=\"noopener noreferrer\">Fantasiereise zur Laternenzeit<\/a> sowie andere DIY Ideen.<\/p>\n<p style=\"text-align: justify;\">Weitere Bastelideen f\u00fcr Kinder findet ihr \u00fcbrigens in <a href=\"https:\/\/www.sabine-seyffert.de\/blog\/?cat=32\" target=\"_blank\" rel=\"noopener noreferrer\">dieser Blog Kategorie<\/a>, mehr Spiel &amp; Spa\u00df gibt es in <a href=\"https:\/\/www.sabine-seyffert.de\/blog\/?cat=10\" target=\"_blank\" rel=\"noopener noreferrer\">dieser Rubrik<\/a>, alles rund um die Herbstzeit sind in <a href=\"https:\/\/www.sabine-seyffert.de\/blog\/?cat=25\" target=\"_blank\" rel=\"noopener noreferrer\">diesem Blog Ordner<\/a> oder <a href=\"https:\/\/www.pinterest.de\/diysabineseyffert\/\" target=\"_blank\" rel=\"noopener noreferrer\">meinen Pinnw\u00e4nden<\/a>.<\/p>\n<p style=\"text-align: justify;\"><a href=\"https:\/\/www.sabine-seyffert.de\/blog\/?page_id=32#urheberrecht\">urheberrechtlich gesch\u00fctzt<\/a>, \u00a9 Sabine Seyffert<\/p>\n","protected":false},"excerpt":{"rendered":"<p>Nicht mehr lang und dann beginnt die Laternenzeit. Den warmen Lichterglanz, das gem\u00fctliche Basteln von Laternen und den Laternenumzug am Sankt Martins Tag mag ich besonders gerne im Herbst. Auf dem Blog habe ich schon mehrfach dar\u00fcber berichtet. Vielleicht erinnert ihr euch noch daran? Wer mag findet hier einen Artikel zu einem ganz au\u00dfergew\u00f6hnlichen Laternenzug&#8230; <a href=\"https:\/\/www.sabine-seyffert.de\/blog\/spiel-und-spass-fuer-kinder-kleine-raetsel-rund-um-die-laternenzeit\/\" class=\"more-link\">Read more: Spiel und Spa\u00df f\u00fcr Kinder: Kleine R\u00e4tsel rund um die Laternenzeit<\/a><\/p>\n","protected":false},"author":2,"featured_media":0,"comment_status":"open","ping_status":"open","sticky":false,"template":"","format":"standard","meta":{"_metis_text_type":"","_metis_text_length":2547,"_post_count":0,"footnotes":""},"categories":[25,54,10],"tags":[],"class_list":["post-21500","post","type-post","status-publish","format-standard","hentry","category-herbst","category-laterne-co","category-spiel-spas"],"_links":{"self":[{"href":"https:\/\/www.sabine-seyffert.de\/blog\/wp-json\/wp\/v2\/posts\/21500","targetHints":{"allow":["GET"]}}],"collection":[{"href":"https:\/\/www.sabine-seyffert.de\/blog\/wp-json\/wp\/v2\/posts"}],"about":[{"href":"https:\/\/www.sabine-seyffert.de\/blog\/wp-json\/wp\/v2\/types\/post"}],"author":[{"embeddable":true,"href":"https:\/\/www.sabine-seyffert.de\/blog\/wp-json\/wp\/v2\/users\/2"}],"replies":[{"embeddable":true,"href":"https:\/\/www.sabine-seyffert.de\/blog\/wp-json\/wp\/v2\/comments?post=21500"}],"version-history":[{"count":2,"href":"https:\/\/www.sabine-seyffert.de\/blog\/wp-json\/wp\/v2\/posts\/21500\/revisions"}],"predecessor-version":[{"id":21508,"href":"https:\/\/www.sabine-seyffert.de\/blog\/wp-json\/wp\/v2\/posts\/21500\/revisions\/21508"}],"wp:attachment":[{"href":"https:\/\/www.sabine-seyffert.de\/blog\/wp-json\/wp\/v2\/media?parent=21500"}],"wp:term":[{"taxonomy":"category","embeddable":true,"href":"https:\/\/www.sabine-seyffert.de\/blog\/wp-json\/wp\/v2\/categories?post=21500"},{"taxonomy":"post_tag","embeddable":true,"href":"https:\/\/www.sabine-seyffert.de\/blog\/wp-json\/wp\/v2\/tags?post=21500"}],"curies":[{"name":"wp","href":"https:\/\/api.w.org\/{rel}","templated":true}]}}