{"id":2149,"date":"2013-07-19T11:57:19","date_gmt":"2013-07-19T09:57:19","guid":{"rendered":"http:\/\/www.sabine-seyffert.de\/blog\/?p=2149"},"modified":"2015-09-21T18:36:50","modified_gmt":"2015-09-21T16:36:50","slug":"mein-12-blick-im-juli","status":"publish","type":"post","link":"https:\/\/www.sabine-seyffert.de\/blog\/mein-12-blick-im-juli\/","title":{"rendered":"Mein 12. Blick im Juli"},"content":{"rendered":"<p style=\"text-align: justify;\"><img loading=\"lazy\" decoding=\"async\" src=\"https:\/\/ssl-vg03.met.vgwort.de\/na\/b8ff020fc3474695802566c690106af8\" alt=\"\" width=\"1\" height=\"1\" \/>Es geht bereits in die zweite Jahresh\u00e4lfte mit meinem 12. Blick. Eine wirklich ausgesprochen spannende Sache, die sich <a href=\"http:\/\/tabea-heinicker.blogspot.de\/2013\/07\/sommerzeit-zeigt-her-eure-fotos.html\" target=\"_blank\">Tabea<\/a> da ausgedacht hat. Bei diesem Fotoprojekt geht es darum in jedem Monat einen Blick auf eine bestimmte Stelle zu werfen und so die Ver\u00e4nderung deutlich wahrzunehmen, die innerhalb eines Jahres dort zu sehen ist. Sehr erstaunlich, wie aufmerksam man pl\u00f6tzlich die Umgebung wahrnimmt und wie \u201egesch\u00e4rft\u201c hier und da der eigene Blick mit der Zeit pl\u00f6tzlich geworden ist.<\/p>\n<p style=\"text-align: center;\"><a href=\"http:\/\/www.sabine-seyffert.de\/blog\/wp-content\/uploads\/2013\/07\/12.-Blick-1-Juli.jpg\"><img loading=\"lazy\" decoding=\"async\" class=\"alignnone size-full wp-image-2150\" src=\"http:\/\/www.sabine-seyffert.de\/blog\/wp-content\/uploads\/2013\/07\/12.-Blick-1-Juli.jpg\" alt=\"12. Blick 1 Juli\" width=\"600\" height=\"800\" srcset=\"https:\/\/www.sabine-seyffert.de\/blog\/wp-content\/uploads\/2013\/07\/12.-Blick-1-Juli.jpg 600w, https:\/\/www.sabine-seyffert.de\/blog\/wp-content\/uploads\/2013\/07\/12.-Blick-1-Juli-225x300.jpg 225w\" sizes=\"auto, (max-width: 600px) 100vw, 600px\" \/><\/a><\/p>\n<p style=\"text-align: justify;\">In diesem Monat war der Spaziergang eine recht spontane Aktion. Denn dieses Mal waren wir zu dritt unterwegs und somit in ganz geselliger, ausgesprochen gespr\u00e4chiger Runde. Da wurde das Fotografieren fast zu Nebensache.<\/p>\n<p style=\"text-align: center;\"><a href=\"http:\/\/www.sabine-seyffert.de\/blog\/wp-content\/uploads\/2013\/07\/12-Blick-\u00fcbersicht-1-korrekt.jpg\"><img loading=\"lazy\" decoding=\"async\" class=\"alignnone size-full wp-image-2151\" src=\"http:\/\/www.sabine-seyffert.de\/blog\/wp-content\/uploads\/2013\/07\/12-Blick-\u00fcbersicht-1-korrekt.jpg\" alt=\"12 Blick \u00fcbersicht 1 korrekt\" width=\"1127\" height=\"600\" srcset=\"https:\/\/www.sabine-seyffert.de\/blog\/wp-content\/uploads\/2013\/07\/12-Blick-\u00fcbersicht-1-korrekt.jpg 1127w, https:\/\/www.sabine-seyffert.de\/blog\/wp-content\/uploads\/2013\/07\/12-Blick-\u00fcbersicht-1-korrekt-300x159.jpg 300w, https:\/\/www.sabine-seyffert.de\/blog\/wp-content\/uploads\/2013\/07\/12-Blick-\u00fcbersicht-1-korrekt-1024x545.jpg 1024w\" sizes=\"auto, (max-width: 1127px) 100vw, 1127px\" \/><\/a><\/p>\n<p style=\"text-align: justify;\">Beim Aufnehmen der Bilder habe ich gemerkt, wie vertraut einem die Stellen inzwischen geworden sind. Wo in den ersten 2-3 Monaten immer wieder geschaut werden musste, wo sich die Stelle \u00fcberhaupt befand, geht man nun zielstrebig darauf zu und hat den gew\u00fcnschten Blick gleich im Bild. Selbst an Tagen, wo ich diese Stellen nicht fotografiere und nur so an ihnen vorbei spaziere, kommt diese Vertrautheit auf und mein Blick versucht sich die Stelle auch ohne Foto genau einzupr\u00e4gen.<\/p>\n<p style=\"text-align: center;\"><a href=\"http:\/\/www.sabine-seyffert.de\/blog\/wp-content\/uploads\/2013\/07\/12.-Blick-2-Juli.jpg\"><img loading=\"lazy\" decoding=\"async\" class=\"alignnone size-full wp-image-2152\" src=\"http:\/\/www.sabine-seyffert.de\/blog\/wp-content\/uploads\/2013\/07\/12.-Blick-2-Juli.jpg\" alt=\"12. Blick 2 Juli\" width=\"600\" height=\"800\" srcset=\"https:\/\/www.sabine-seyffert.de\/blog\/wp-content\/uploads\/2013\/07\/12.-Blick-2-Juli.jpg 600w, https:\/\/www.sabine-seyffert.de\/blog\/wp-content\/uploads\/2013\/07\/12.-Blick-2-Juli-225x300.jpg 225w\" sizes=\"auto, (max-width: 600px) 100vw, 600px\" \/><\/a><\/p>\n<p style=\"text-align: justify;\">Eine deutliche Ver\u00e4nderung zum Vormonat Juni kann ich auf meinen Bildern nicht so recht erkennen. Vielleicht ist das Gr\u00fcn noch einen Tick dunkler geworden und alles ein paar Zentimeter gewachsen.<\/p>\n<p style=\"text-align: justify;\">Die Laterne st\u00f6rt mich nach dem letzten \u201eSchreck\u201c im Juni nicht mehr so. Sie ist zum Gl\u00fcck recht zugewachsen und sticht dadurch nicht mehr direkt ins Auge. M\u00f6glicherweise habe ich mich in den letzten 4 Wochen auch schon daran gew\u00f6hnt. Und nach den vielen, lieben Kommentaren von Juni zu urteilen, war ich wohl diejenige, die es am meisten gest\u00f6rt hat. Dabei macht ja genau diese Ver\u00e4nderung, wenn bei mir auch in heftiger Form, dieses Fotoprojekt aus.<\/p>\n<p style=\"text-align: center;\"><a href=\"http:\/\/www.sabine-seyffert.de\/blog\/wp-content\/uploads\/2013\/07\/12-Blick-\u00dcbersicht-2-korrekt.jpg\"><img loading=\"lazy\" decoding=\"async\" class=\"alignnone size-full wp-image-2153\" src=\"http:\/\/www.sabine-seyffert.de\/blog\/wp-content\/uploads\/2013\/07\/12-Blick-\u00dcbersicht-2-korrekt.jpg\" alt=\"12 Blick \u00dcbersicht 2 korrekt\" width=\"800\" height=\"426\" srcset=\"https:\/\/www.sabine-seyffert.de\/blog\/wp-content\/uploads\/2013\/07\/12-Blick-\u00dcbersicht-2-korrekt.jpg 800w, https:\/\/www.sabine-seyffert.de\/blog\/wp-content\/uploads\/2013\/07\/12-Blick-\u00dcbersicht-2-korrekt-300x159.jpg 300w\" sizes=\"auto, (max-width: 800px) 100vw, 800px\" \/><\/a><\/p>\n<p style=\"text-align: justify;\">Den bisherigen Verlauf meines 12. Blicks findet Ihr <a href=\"http:\/\/www.sabine-seyffert.de\/blog\/?cat=35\" target=\"_blank\">hier<\/a>.<\/p>\n<p style=\"text-align: justify;\">Weitere Fotostrecken zum 12. Blick gibt es ab morgen bei <a href=\"http:\/\/tabea-heinicker.blogspot.de\/2013\/01\/12tel-blick-fotoprojekt.html\" target=\"_blank\">Tabea<\/a>!<br \/>\n<a href=\"http:\/\/www.sabine-seyffert.de\/blog\/?page_id=32#urheberrecht\">urherrechtlich gesch\u00fctzt<\/a>, \u00a9 Sabine Seyffert<\/p>\n","protected":false},"excerpt":{"rendered":"<p>Es geht bereits in die zweite Jahresh\u00e4lfte mit meinem 12. Blick. Eine wirklich ausgesprochen spannende Sache, die sich Tabea da ausgedacht hat. Bei diesem Fotoprojekt geht es darum in jedem Monat einen Blick auf eine bestimmte Stelle zu werfen und so die Ver\u00e4nderung deutlich wahrzunehmen, die innerhalb eines Jahres dort zu sehen ist. Sehr erstaunlich,&#8230; <a href=\"https:\/\/www.sabine-seyffert.de\/blog\/mein-12-blick-im-juli\/\" class=\"more-link\">Read more: Mein 12. Blick im Juli<\/a><\/p>\n","protected":false},"author":2,"featured_media":0,"comment_status":"open","ping_status":"open","sticky":false,"template":"","format":"standard","meta":{"_metis_text_type":"","_metis_text_length":2007,"_post_count":0,"footnotes":""},"categories":[24],"tags":[],"class_list":["post-2149","post","type-post","status-publish","format-standard","hentry","category-sommer"],"_links":{"self":[{"href":"https:\/\/www.sabine-seyffert.de\/blog\/wp-json\/wp\/v2\/posts\/2149","targetHints":{"allow":["GET"]}}],"collection":[{"href":"https:\/\/www.sabine-seyffert.de\/blog\/wp-json\/wp\/v2\/posts"}],"about":[{"href":"https:\/\/www.sabine-seyffert.de\/blog\/wp-json\/wp\/v2\/types\/post"}],"author":[{"embeddable":true,"href":"https:\/\/www.sabine-seyffert.de\/blog\/wp-json\/wp\/v2\/users\/2"}],"replies":[{"embeddable":true,"href":"https:\/\/www.sabine-seyffert.de\/blog\/wp-json\/wp\/v2\/comments?post=2149"}],"version-history":[{"count":11,"href":"https:\/\/www.sabine-seyffert.de\/blog\/wp-json\/wp\/v2\/posts\/2149\/revisions"}],"predecessor-version":[{"id":6139,"href":"https:\/\/www.sabine-seyffert.de\/blog\/wp-json\/wp\/v2\/posts\/2149\/revisions\/6139"}],"wp:attachment":[{"href":"https:\/\/www.sabine-seyffert.de\/blog\/wp-json\/wp\/v2\/media?parent=2149"}],"wp:term":[{"taxonomy":"category","embeddable":true,"href":"https:\/\/www.sabine-seyffert.de\/blog\/wp-json\/wp\/v2\/categories?post=2149"},{"taxonomy":"post_tag","embeddable":true,"href":"https:\/\/www.sabine-seyffert.de\/blog\/wp-json\/wp\/v2\/tags?post=2149"}],"curies":[{"name":"wp","href":"https:\/\/api.w.org\/{rel}","templated":true}]}}