{"id":21378,"date":"2021-10-05T10:00:31","date_gmt":"2021-10-05T08:00:31","guid":{"rendered":"https:\/\/www.sabine-seyffert.de\/blog\/?p=21378"},"modified":"2021-10-05T10:00:31","modified_gmt":"2021-10-05T08:00:31","slug":"diy-bastelidee-fuer-kinder-maus-frederick-aus-walnuss-pappe-basteln","status":"publish","type":"post","link":"https:\/\/www.sabine-seyffert.de\/blog\/diy-bastelidee-fuer-kinder-maus-frederick-aus-walnuss-pappe-basteln\/","title":{"rendered":"DIY Bastelidee f\u00fcr Kinder: Maus Frederick aus Walnuss &#038; Pappe basteln"},"content":{"rendered":"<p style=\"text-align: justify;\"><img loading=\"lazy\" decoding=\"async\" src=\"https:\/\/vg06.met.vgwort.de\/na\/e6e967ee8c214b29bd479e1fff91530f\" alt=\"\" width=\"1\" height=\"1\" \/>Der Herbst naht mit schnellem Schritt und daher gibt es passend zu dem <a href=\"https:\/\/de.wikipedia.org\/wiki\/Frederick_(Buch)\" target=\"_blank\" rel=\"noopener noreferrer\">Bilderbuch Klassiker von Leo Lionni<\/a> eine zauberhafte Upcyclingidee f\u00fcr euch, die ihr gemeinsam mit euren Kindern anfertigen und nachbasteln k\u00f6nnt. Ich mag die M\u00e4use des Autors unglaublich gerne. Vielleicht weil sie mir durch meine Kindheit hinweg begleitet haben. Die Bilderb\u00fccher habe ich allesamt geliebt. Dazu hatte ich euch schon mal <a href=\"https:\/\/www.sabine-seyffert.de\/blog\/?p=12274\" target=\"_blank\" rel=\"noopener noreferrer\">eine s\u00fc\u00dfe Verpackungsidee<\/a> f\u00fcr ein Geschenk gezeigt, erinnert ihr euch noch daran?<\/p>\n<p style=\"text-align: center;\"><a href=\"https:\/\/www.sabine-seyffert.de\/blog\/wp-content\/uploads\/2021\/10\/Frederick-Upcycling-Walnuss-Sabine_Seyffert.de-3.jpg\"><img loading=\"lazy\" decoding=\"async\" class=\"alignnone size-full wp-image-21380\" src=\"https:\/\/www.sabine-seyffert.de\/blog\/wp-content\/uploads\/2021\/10\/Frederick-Upcycling-Walnuss-Sabine_Seyffert.de-3.jpg\" alt=\"\" width=\"800\" height=\"600\" srcset=\"https:\/\/www.sabine-seyffert.de\/blog\/wp-content\/uploads\/2021\/10\/Frederick-Upcycling-Walnuss-Sabine_Seyffert.de-3.jpg 800w, https:\/\/www.sabine-seyffert.de\/blog\/wp-content\/uploads\/2021\/10\/Frederick-Upcycling-Walnuss-Sabine_Seyffert.de-3-300x225.jpg 300w, https:\/\/www.sabine-seyffert.de\/blog\/wp-content\/uploads\/2021\/10\/Frederick-Upcycling-Walnuss-Sabine_Seyffert.de-3-768x576.jpg 768w\" sizes=\"auto, (max-width: 800px) 100vw, 800px\" \/><\/a><\/p>\n<p style=\"text-align: justify;\"><strong>Das wird gebraucht:<\/strong><br \/>\nPappe \/ Karton, ein Bastelmesser \/ Cutter, wei\u00dfe und graue Bastelfarbe (bsp. Acrylfarbe \/ Plakatfarbe o.\u00e4.), Waln\u00fcsse bzw. Walnussschalen, Bastelfilz, etwas Draht \/ Papierdraht, flache Steine, eine alte Tageszeitung, Bastelkleber \/ Klebestift, einen Wasserfarbkasten, Pinsel, Wollreste (oder d\u00fcnne Kordel), Malunterlage und <a href=\"https:\/\/www.sabine-seyffert.de\/blog\/?p=12310\" target=\"_blank\" rel=\"noopener noreferrer\">Malkittel<\/a> sowie optional eine Hei\u00dfklebepistole samt Klebepatrone<\/p>\n<p style=\"text-align: center;\"><a href=\"https:\/\/www.sabine-seyffert.de\/blog\/wp-content\/uploads\/2021\/10\/Frederick-Upcycling-Walnuss-Sabine_Seyffert.de-10.jpg\"><img loading=\"lazy\" decoding=\"async\" class=\"alignnone size-full wp-image-21383\" src=\"https:\/\/www.sabine-seyffert.de\/blog\/wp-content\/uploads\/2021\/10\/Frederick-Upcycling-Walnuss-Sabine_Seyffert.de-10.jpg\" alt=\"\" width=\"800\" height=\"600\" srcset=\"https:\/\/www.sabine-seyffert.de\/blog\/wp-content\/uploads\/2021\/10\/Frederick-Upcycling-Walnuss-Sabine_Seyffert.de-10.jpg 800w, https:\/\/www.sabine-seyffert.de\/blog\/wp-content\/uploads\/2021\/10\/Frederick-Upcycling-Walnuss-Sabine_Seyffert.de-10-300x225.jpg 300w, https:\/\/www.sabine-seyffert.de\/blog\/wp-content\/uploads\/2021\/10\/Frederick-Upcycling-Walnuss-Sabine_Seyffert.de-10-768x576.jpg 768w\" sizes=\"auto, (max-width: 800px) 100vw, 800px\" \/><\/a><\/p>\n<p style=\"text-align: justify;\"><strong>So wird\u2019s gemacht:<\/strong><br \/>\nSchneidet mit dem Cutter ein Rechteck aus einem leeren Pappkarton. Das bemalt ihr mit Wasser verd\u00fcnnter wei\u00dfer Farbe. So wirkt der Hintergrund ganz lebendig, da das Wei\u00df leicht gewischt aussieht und einen Vintage Look bekommt.<\/p>\n<p style=\"text-align: center;\"><a href=\"https:\/\/www.sabine-seyffert.de\/blog\/wp-content\/uploads\/2021\/10\/Frederick-Upcycling-Walnuss-Sabine_Seyffert.de-9.jpg\"><img loading=\"lazy\" decoding=\"async\" class=\"alignnone size-full wp-image-21384\" src=\"https:\/\/www.sabine-seyffert.de\/blog\/wp-content\/uploads\/2021\/10\/Frederick-Upcycling-Walnuss-Sabine_Seyffert.de-9.jpg\" alt=\"\" width=\"800\" height=\"600\" srcset=\"https:\/\/www.sabine-seyffert.de\/blog\/wp-content\/uploads\/2021\/10\/Frederick-Upcycling-Walnuss-Sabine_Seyffert.de-9.jpg 800w, https:\/\/www.sabine-seyffert.de\/blog\/wp-content\/uploads\/2021\/10\/Frederick-Upcycling-Walnuss-Sabine_Seyffert.de-9-300x225.jpg 300w, https:\/\/www.sabine-seyffert.de\/blog\/wp-content\/uploads\/2021\/10\/Frederick-Upcycling-Walnuss-Sabine_Seyffert.de-9-768x576.jpg 768w\" sizes=\"auto, (max-width: 800px) 100vw, 800px\" \/><\/a><\/p>\n<p style=\"text-align: justify;\">Aus dem Zeitungspapier und den Wasserfarben bereitet ihr euch <a href=\"https:\/\/www.sabine-seyffert.de\/blog\/?p=13917\" target=\"_blank\" rel=\"noopener noreferrer\">selbst gemachtes Bastelpapier<\/a> vor. Ich habe die Farben Grau, Wei\u00df, Gr\u00fcn und Gelb gebraucht.<\/p>\n<p style=\"text-align: center;\"><a href=\"https:\/\/www.sabine-seyffert.de\/blog\/wp-content\/uploads\/2021\/10\/Frederick-Upcycling-Walnuss-Sabine_Seyffert.de-8.jpg\"><img loading=\"lazy\" decoding=\"async\" class=\"alignnone size-full wp-image-21385\" src=\"https:\/\/www.sabine-seyffert.de\/blog\/wp-content\/uploads\/2021\/10\/Frederick-Upcycling-Walnuss-Sabine_Seyffert.de-8.jpg\" alt=\"\" width=\"800\" height=\"600\" srcset=\"https:\/\/www.sabine-seyffert.de\/blog\/wp-content\/uploads\/2021\/10\/Frederick-Upcycling-Walnuss-Sabine_Seyffert.de-8.jpg 800w, https:\/\/www.sabine-seyffert.de\/blog\/wp-content\/uploads\/2021\/10\/Frederick-Upcycling-Walnuss-Sabine_Seyffert.de-8-300x225.jpg 300w, https:\/\/www.sabine-seyffert.de\/blog\/wp-content\/uploads\/2021\/10\/Frederick-Upcycling-Walnuss-Sabine_Seyffert.de-8-768x576.jpg 768w\" sizes=\"auto, (max-width: 800px) 100vw, 800px\" \/><\/a><\/p>\n<p style=\"text-align: justify;\">Die Walnuss Schale wird d\u00fcnn mit grauer Farbe bemalt. Aus dem Bastelfilz (alternativ <a href=\"https:\/\/www.sabine-seyffert.de\/blog\/?p=13917\" target=\"_blank\" rel=\"noopener noreferrer\">bemaltes Zeitungspapier<\/a>) schneidet ihr die Mauseohren.<\/p>\n<p style=\"text-align: center;\"><a href=\"https:\/\/www.sabine-seyffert.de\/blog\/wp-content\/uploads\/2021\/10\/Frederick-Upcycling-Walnuss-Sabine_Seyffert.de-7.jpg\"><img loading=\"lazy\" decoding=\"async\" class=\"alignnone size-full wp-image-21386\" src=\"https:\/\/www.sabine-seyffert.de\/blog\/wp-content\/uploads\/2021\/10\/Frederick-Upcycling-Walnuss-Sabine_Seyffert.de-7.jpg\" alt=\"\" width=\"800\" height=\"600\" srcset=\"https:\/\/www.sabine-seyffert.de\/blog\/wp-content\/uploads\/2021\/10\/Frederick-Upcycling-Walnuss-Sabine_Seyffert.de-7.jpg 800w, https:\/\/www.sabine-seyffert.de\/blog\/wp-content\/uploads\/2021\/10\/Frederick-Upcycling-Walnuss-Sabine_Seyffert.de-7-300x225.jpg 300w, https:\/\/www.sabine-seyffert.de\/blog\/wp-content\/uploads\/2021\/10\/Frederick-Upcycling-Walnuss-Sabine_Seyffert.de-7-768x576.jpg 768w\" sizes=\"auto, (max-width: 800px) 100vw, 800px\" \/><\/a><\/p>\n<p style=\"text-align: justify;\">Aus dem selbst gemachten Bastelpapier braucht ihr eine gro\u00dfe Wolke, Bl\u00fctenbl\u00e4tter f\u00fcr die Blume und den Stiel, Arm, Augenlid und Mauseschwanz sowie ein paar Grashalme. Den Stiel der Blume habe ich aus Papierdraht gestaltet, da sich diese leicht biegen l\u00e4sst. Es funktioniert aber auch \u2013 wie bei dieser <a href=\"https:\/\/www.sabine-seyffert.de\/blog\/?p=12274\" target=\"_blank\" rel=\"noopener noreferrer\">Geschenkverpackung von Frederick<\/a>, mit normalem Papier.<\/p>\n<p style=\"text-align: center;\"><a href=\"https:\/\/www.sabine-seyffert.de\/blog\/wp-content\/uploads\/2021\/10\/Frederick-Upcycling-Walnuss-Sabine_Seyffert.de-6.jpg\"><img loading=\"lazy\" decoding=\"async\" class=\"alignnone size-full wp-image-21387\" src=\"https:\/\/www.sabine-seyffert.de\/blog\/wp-content\/uploads\/2021\/10\/Frederick-Upcycling-Walnuss-Sabine_Seyffert.de-6.jpg\" alt=\"\" width=\"800\" height=\"600\" srcset=\"https:\/\/www.sabine-seyffert.de\/blog\/wp-content\/uploads\/2021\/10\/Frederick-Upcycling-Walnuss-Sabine_Seyffert.de-6.jpg 800w, https:\/\/www.sabine-seyffert.de\/blog\/wp-content\/uploads\/2021\/10\/Frederick-Upcycling-Walnuss-Sabine_Seyffert.de-6-300x225.jpg 300w, https:\/\/www.sabine-seyffert.de\/blog\/wp-content\/uploads\/2021\/10\/Frederick-Upcycling-Walnuss-Sabine_Seyffert.de-6-768x576.jpg 768w\" sizes=\"auto, (max-width: 800px) 100vw, 800px\" \/><\/a><\/p>\n<p style=\"text-align: justify;\">Am besten klebt ihr erst die Steine an den unteren Rand. Daneben das Gras und darauf dann die Maus samt Blume. Damit die Walnuss auf der Pappe kleben bleibt, f\u00fcllt diese Innen mit etwas Zeitung, wie bei dieser Bastelidee. So hat die Schale eine gr\u00f6\u00dfere Auflagefl\u00e4che und h\u00e4lt besser auf dem Karton!<\/p>\n<p style=\"text-align: center;\"><a href=\"https:\/\/www.sabine-seyffert.de\/blog\/wp-content\/uploads\/2021\/10\/Frederick-Upcycling-Walnuss-Sabine_Seyffert.de-5.jpg\"><img loading=\"lazy\" decoding=\"async\" class=\"alignnone size-full wp-image-21388\" src=\"https:\/\/www.sabine-seyffert.de\/blog\/wp-content\/uploads\/2021\/10\/Frederick-Upcycling-Walnuss-Sabine_Seyffert.de-5.jpg\" alt=\"\" width=\"800\" height=\"600\" srcset=\"https:\/\/www.sabine-seyffert.de\/blog\/wp-content\/uploads\/2021\/10\/Frederick-Upcycling-Walnuss-Sabine_Seyffert.de-5.jpg 800w, https:\/\/www.sabine-seyffert.de\/blog\/wp-content\/uploads\/2021\/10\/Frederick-Upcycling-Walnuss-Sabine_Seyffert.de-5-300x225.jpg 300w, https:\/\/www.sabine-seyffert.de\/blog\/wp-content\/uploads\/2021\/10\/Frederick-Upcycling-Walnuss-Sabine_Seyffert.de-5-768x576.jpg 768w\" sizes=\"auto, (max-width: 800px) 100vw, 800px\" \/><\/a><\/p>\n<p style=\"text-align: justify;\">Zum Schluss noch die Wolke am Himmel festkleben und schon habt ihr eine kreative Collage f\u00fcrs Kinderzimmer!<\/p>\n<p style=\"text-align: center;\"><a href=\"https:\/\/www.sabine-seyffert.de\/blog\/wp-content\/uploads\/2021\/10\/Frederick-Upcycling-Walnuss-Sabine_Seyffert.de-4.jpg\"><img loading=\"lazy\" decoding=\"async\" class=\"alignnone size-full wp-image-21389\" src=\"https:\/\/www.sabine-seyffert.de\/blog\/wp-content\/uploads\/2021\/10\/Frederick-Upcycling-Walnuss-Sabine_Seyffert.de-4.jpg\" alt=\"\" width=\"800\" height=\"600\" srcset=\"https:\/\/www.sabine-seyffert.de\/blog\/wp-content\/uploads\/2021\/10\/Frederick-Upcycling-Walnuss-Sabine_Seyffert.de-4.jpg 800w, https:\/\/www.sabine-seyffert.de\/blog\/wp-content\/uploads\/2021\/10\/Frederick-Upcycling-Walnuss-Sabine_Seyffert.de-4-300x225.jpg 300w, https:\/\/www.sabine-seyffert.de\/blog\/wp-content\/uploads\/2021\/10\/Frederick-Upcycling-Walnuss-Sabine_Seyffert.de-4-768x576.jpg 768w\" sizes=\"auto, (max-width: 800px) 100vw, 800px\" \/><\/a><\/p>\n<p style=\"text-align: justify;\"><strong>Ein kleiner Tipp:<\/strong><br \/>\nDiese Karte kann man auch prima als Gru\u00dfkarte oder Collage f\u00fcr einen Bilderrahmen verwenden. Wenn ihr mit Buchstabenstempeln den Namen eines Kindes in die Wolke stempelt \u2013 habt ihr das Kunstwerk gleich personalisiert und k\u00f6nnt es als pers\u00f6nliches Geschenk nutzen!<\/p>\n<p style=\"text-align: center;\"><a href=\"https:\/\/www.sabine-seyffert.de\/blog\/wp-content\/uploads\/2021\/10\/Frederick-Upcycling-Walnuss-Sabine_Seyffert.de-2.jpg\"><img loading=\"lazy\" decoding=\"async\" class=\"alignnone size-full wp-image-21382\" src=\"https:\/\/www.sabine-seyffert.de\/blog\/wp-content\/uploads\/2021\/10\/Frederick-Upcycling-Walnuss-Sabine_Seyffert.de-2.jpg\" alt=\"\" width=\"800\" height=\"600\" srcset=\"https:\/\/www.sabine-seyffert.de\/blog\/wp-content\/uploads\/2021\/10\/Frederick-Upcycling-Walnuss-Sabine_Seyffert.de-2.jpg 800w, https:\/\/www.sabine-seyffert.de\/blog\/wp-content\/uploads\/2021\/10\/Frederick-Upcycling-Walnuss-Sabine_Seyffert.de-2-300x225.jpg 300w, https:\/\/www.sabine-seyffert.de\/blog\/wp-content\/uploads\/2021\/10\/Frederick-Upcycling-Walnuss-Sabine_Seyffert.de-2-768x576.jpg 768w\" sizes=\"auto, (max-width: 800px) 100vw, 800px\" \/><\/a><\/p>\n<p style=\"text-align: justify;\">Weitere DIY Bastelideen f\u00fcr Kinder findet ihr \u00fcbrigens in dieser Blog Kategorie, alles zum Thema Upcycling mit detaillierter Bastelanleitung gibt es in dieser Rubrik, Do it Yourself Geschenkidee zum Selbermachen findet ihr in diesem Ordner, alles rund um die Herbstzeit an dieser Stelle und andere kreative Sachen auch da.<\/p>\n<p style=\"text-align: center;\"><a href=\"https:\/\/www.sabine-seyffert.de\/blog\/wp-content\/uploads\/2021\/10\/Frederick-Upcycling-Walnuss-Sabine_Seyffert.de-1.jpg\"><img loading=\"lazy\" decoding=\"async\" class=\"alignnone size-full wp-image-21381\" src=\"https:\/\/www.sabine-seyffert.de\/blog\/wp-content\/uploads\/2021\/10\/Frederick-Upcycling-Walnuss-Sabine_Seyffert.de-1.jpg\" alt=\"\" width=\"800\" height=\"600\" srcset=\"https:\/\/www.sabine-seyffert.de\/blog\/wp-content\/uploads\/2021\/10\/Frederick-Upcycling-Walnuss-Sabine_Seyffert.de-1.jpg 800w, https:\/\/www.sabine-seyffert.de\/blog\/wp-content\/uploads\/2021\/10\/Frederick-Upcycling-Walnuss-Sabine_Seyffert.de-1-300x225.jpg 300w, https:\/\/www.sabine-seyffert.de\/blog\/wp-content\/uploads\/2021\/10\/Frederick-Upcycling-Walnuss-Sabine_Seyffert.de-1-768x576.jpg 768w\" sizes=\"auto, (max-width: 800px) 100vw, 800px\" \/><\/a><\/p>\n<p style=\"text-align: justify;\">Zu guter Letzt noch ein herzlicher Dank an Lawrenz Wong <a href=\"https:\/\/de.wikipedia.org\/wiki\/Penguin_Random_House\" target=\"_blank\" rel=\"noopener noreferrer\">von Penguin Random House<\/a> f\u00fcr die freundliche Genehmigung diese Bastelidee hier zeigen zu d\u00fcrfen. Schon wie bei <a href=\"https:\/\/www.sabine-seyffert.de\/blog\/?p=12274\" target=\"_blank\" rel=\"noopener noreferrer\">dieser Geschenkverpackung<\/a> war es nicht so ganz einfach eine Erlaubnis daf\u00fcr zu erhalten.<\/p>\n<p style=\"text-align: center;\"><a href=\"https:\/\/www.sabine-seyffert.de\/blog\/wp-content\/uploads\/2021\/10\/Frederick-Upcycling-Walnuss-Sabine_Seyffert.de-11.jpg\"><img loading=\"lazy\" decoding=\"async\" class=\"alignnone size-full wp-image-21379\" src=\"https:\/\/www.sabine-seyffert.de\/blog\/wp-content\/uploads\/2021\/10\/Frederick-Upcycling-Walnuss-Sabine_Seyffert.de-11.jpg\" alt=\"\" width=\"600\" height=\"800\" srcset=\"https:\/\/www.sabine-seyffert.de\/blog\/wp-content\/uploads\/2021\/10\/Frederick-Upcycling-Walnuss-Sabine_Seyffert.de-11.jpg 600w, https:\/\/www.sabine-seyffert.de\/blog\/wp-content\/uploads\/2021\/10\/Frederick-Upcycling-Walnuss-Sabine_Seyffert.de-11-225x300.jpg 225w\" sizes=\"auto, (max-width: 600px) 100vw, 600px\" \/><\/a><\/p>\n<p style=\"text-align: justify;\"><a href=\"https:\/\/www.sabine-seyffert.de\/blog\/?page_id=32#urheberrecht\">urheberrechtlich gesch\u00fctzt<\/a>, \u00a9 Sabine Seyffert<\/p>\n","protected":false},"excerpt":{"rendered":"<p>Der Herbst naht mit schnellem Schritt und daher gibt es passend zu dem Bilderbuch Klassiker von Leo Lionni eine zauberhafte Upcyclingidee f\u00fcr euch, die ihr gemeinsam mit euren Kindern anfertigen und nachbasteln k\u00f6nnt. Ich mag die M\u00e4use des Autors unglaublich gerne. Vielleicht weil sie mir durch meine Kindheit hinweg begleitet haben. Die Bilderb\u00fccher habe ich&#8230; <a href=\"https:\/\/www.sabine-seyffert.de\/blog\/diy-bastelidee-fuer-kinder-maus-frederick-aus-walnuss-pappe-basteln\/\" class=\"more-link\">Read more: DIY Bastelidee f\u00fcr Kinder: Maus Frederick aus Walnuss &#038; Pappe basteln<\/a><\/p>\n","protected":false},"author":2,"featured_media":0,"comment_status":"open","ping_status":"open","sticky":false,"template":"","format":"standard","meta":{"_metis_text_type":"","_metis_text_length":3110,"_post_count":0,"footnotes":""},"categories":[32,20,25,47],"tags":[],"class_list":["post-21378","post","type-post","status-publish","format-standard","hentry","category-kreatives-fur-kleine-kinderhande","category-bucher","category-herbst","category-upcyceltes"],"_links":{"self":[{"href":"https:\/\/www.sabine-seyffert.de\/blog\/wp-json\/wp\/v2\/posts\/21378","targetHints":{"allow":["GET"]}}],"collection":[{"href":"https:\/\/www.sabine-seyffert.de\/blog\/wp-json\/wp\/v2\/posts"}],"about":[{"href":"https:\/\/www.sabine-seyffert.de\/blog\/wp-json\/wp\/v2\/types\/post"}],"author":[{"embeddable":true,"href":"https:\/\/www.sabine-seyffert.de\/blog\/wp-json\/wp\/v2\/users\/2"}],"replies":[{"embeddable":true,"href":"https:\/\/www.sabine-seyffert.de\/blog\/wp-json\/wp\/v2\/comments?post=21378"}],"version-history":[{"count":3,"href":"https:\/\/www.sabine-seyffert.de\/blog\/wp-json\/wp\/v2\/posts\/21378\/revisions"}],"predecessor-version":[{"id":21392,"href":"https:\/\/www.sabine-seyffert.de\/blog\/wp-json\/wp\/v2\/posts\/21378\/revisions\/21392"}],"wp:attachment":[{"href":"https:\/\/www.sabine-seyffert.de\/blog\/wp-json\/wp\/v2\/media?parent=21378"}],"wp:term":[{"taxonomy":"category","embeddable":true,"href":"https:\/\/www.sabine-seyffert.de\/blog\/wp-json\/wp\/v2\/categories?post=21378"},{"taxonomy":"post_tag","embeddable":true,"href":"https:\/\/www.sabine-seyffert.de\/blog\/wp-json\/wp\/v2\/tags?post=21378"}],"curies":[{"name":"wp","href":"https:\/\/api.w.org\/{rel}","templated":true}]}}