{"id":21361,"date":"2021-10-03T06:00:25","date_gmt":"2021-10-03T04:00:25","guid":{"rendered":"https:\/\/www.sabine-seyffert.de\/blog\/?p=21361"},"modified":"2022-09-02T11:15:54","modified_gmt":"2022-09-02T09:15:54","slug":"bastelidee-fuer-kinder-im-herbst-eulen-duo-aus-eicheln-auf-ast-in-deckel","status":"publish","type":"post","link":"https:\/\/www.sabine-seyffert.de\/blog\/bastelidee-fuer-kinder-im-herbst-eulen-duo-aus-eicheln-auf-ast-in-deckel\/","title":{"rendered":"Bastelidee f\u00fcr Kinder im Herbst: Eulen Duo aus Eicheln auf Ast in Deckel"},"content":{"rendered":"<p style=\"text-align: justify;\"><img loading=\"lazy\" decoding=\"async\" src=\"https:\/\/vg01.met.vgwort.de\/na\/62cc82b00fbc4ccd9b5e6e6c7e2df191\" alt=\"\" width=\"1\" height=\"1\" \/>Der Herbst naht mit schnellem Schritt und deshalb zeige ich euch heute eine niedliche DIY Idee zum Selbermachen. Seid ihr auch so gro\u00dfe Eulen-Fans? Dann bastelt einfach eine Runde mit. Auf dem Blog habe ich euch in den letzten Jahren immer wieder kreative Do-it-Yourself Ideen zu diesem Thema gezeigt: Die <a href=\"https:\/\/www.sabine-seyffert.de\/blog\/?p=17641\" target=\"_blank\" rel=\"noopener noreferrer\">Upcycling Eule<\/a>, die Herbst-Post mit <a href=\"https:\/\/www.sabine-seyffert.de\/blog\/?p=17553\" target=\"_blank\" rel=\"noopener noreferrer\">Eule aus Muffin F\u00f6rmchen<\/a>, eine bunte <a href=\"https:\/\/www.sabine-seyffert.de\/blog\/?p=15072\" target=\"_blank\" rel=\"noopener noreferrer\">Eule aus Joghurtbecher<\/a>, die <a href=\"https:\/\/www.sabine-seyffert.de\/blog\/?p=15237\" target=\"_blank\" rel=\"noopener noreferrer\">leuchtende Windlicht Eule<\/a> aus leerem Milchkarton oder den lustigen <a href=\"https:\/\/www.sabine-seyffert.de\/blog\/?p=18489\" target=\"_blank\" rel=\"noopener noreferrer\">Klorollen Eulen<\/a>.<br \/>\nBevor wir mit Basteln starten, m\u00fcsst ihr noch ein paar gro\u00dfe Eicheln im Garten oder Wald sammeln. Denn daraus werden die kleinen Eulen gebastelt.<\/p>\n<p style=\"text-align: center;\"><a href=\"https:\/\/www.sabine-seyffert.de\/blog\/wp-content\/uploads\/2021\/09\/Eichel-Eulen-Duo-Sabine-Seyffertde-3.jpg\"><img loading=\"lazy\" decoding=\"async\" class=\"alignnone size-full wp-image-21362\" src=\"https:\/\/www.sabine-seyffert.de\/blog\/wp-content\/uploads\/2021\/09\/Eichel-Eulen-Duo-Sabine-Seyffertde-3.jpg\" alt=\"\" width=\"800\" height=\"600\" srcset=\"https:\/\/www.sabine-seyffert.de\/blog\/wp-content\/uploads\/2021\/09\/Eichel-Eulen-Duo-Sabine-Seyffertde-3.jpg 800w, https:\/\/www.sabine-seyffert.de\/blog\/wp-content\/uploads\/2021\/09\/Eichel-Eulen-Duo-Sabine-Seyffertde-3-300x225.jpg 300w, https:\/\/www.sabine-seyffert.de\/blog\/wp-content\/uploads\/2021\/09\/Eichel-Eulen-Duo-Sabine-Seyffertde-3-768x576.jpg 768w\" sizes=\"auto, (max-width: 800px) 100vw, 800px\" \/><\/a><\/p>\n<p style=\"text-align: justify;\"><strong>Das wird gebraucht:<\/strong><br \/>\nEinen gr\u00f6\u00dferen Deckel (von einem leeren Marmeladenglas o.\u00e4.), Eicheln (sauber und trocken), kleine \u00c4ste, eine alte Tageszeitung, einen Wasserfarbkasten, Pinsel, Bastelkleber, eine Hei\u00dfklebepistole samt Klebepatrone, einen Bleistift, Filz (Reste reichen aus) oder Stoffreste, Kordel, Bastelfarbe, eine alte Tageszeitung, eine Bastelunterlage und <a href=\"https:\/\/www.sabine-seyffert.de\/blog\/?p=12310\" target=\"_blank\" rel=\"noopener noreferrer\">Malkittel<\/a> sowie optional Zahnstocher &amp; Streichh\u00f6lzer<\/p>\n<p style=\"text-align: center;\"><a href=\"https:\/\/www.sabine-seyffert.de\/blog\/wp-content\/uploads\/2021\/09\/Eichel-Eulen-Duo-Sabine-Seyffertde-8.jpg\"><img loading=\"lazy\" decoding=\"async\" class=\"alignnone size-full wp-image-21363\" src=\"https:\/\/www.sabine-seyffert.de\/blog\/wp-content\/uploads\/2021\/09\/Eichel-Eulen-Duo-Sabine-Seyffertde-8.jpg\" alt=\"\" width=\"800\" height=\"600\" srcset=\"https:\/\/www.sabine-seyffert.de\/blog\/wp-content\/uploads\/2021\/09\/Eichel-Eulen-Duo-Sabine-Seyffertde-8.jpg 800w, https:\/\/www.sabine-seyffert.de\/blog\/wp-content\/uploads\/2021\/09\/Eichel-Eulen-Duo-Sabine-Seyffertde-8-300x225.jpg 300w, https:\/\/www.sabine-seyffert.de\/blog\/wp-content\/uploads\/2021\/09\/Eichel-Eulen-Duo-Sabine-Seyffertde-8-768x576.jpg 768w\" sizes=\"auto, (max-width: 800px) 100vw, 800px\" \/><\/a><\/p>\n<p style=\"text-align: justify;\"><strong>So wird\u2019s gemacht:<\/strong><br \/>\nIn der Herbstzeit ist es immer gut die Augen offen zu Halten. Drau\u00dfen findet man zu dieser Jahreszeit wirklich tolles Bastelmaterial, dass nichts kostet.<\/p>\n<p style=\"text-align: center;\"><a href=\"https:\/\/www.sabine-seyffert.de\/blog\/wp-content\/uploads\/2021\/09\/Eichel-Eulen-Duo-Sabine-Seyffertde-10.jpg\"><img loading=\"lazy\" decoding=\"async\" class=\"alignnone size-full wp-image-21364\" src=\"https:\/\/www.sabine-seyffert.de\/blog\/wp-content\/uploads\/2021\/09\/Eichel-Eulen-Duo-Sabine-Seyffertde-10.jpg\" alt=\"\" width=\"800\" height=\"600\" srcset=\"https:\/\/www.sabine-seyffert.de\/blog\/wp-content\/uploads\/2021\/09\/Eichel-Eulen-Duo-Sabine-Seyffertde-10.jpg 800w, https:\/\/www.sabine-seyffert.de\/blog\/wp-content\/uploads\/2021\/09\/Eichel-Eulen-Duo-Sabine-Seyffertde-10-300x225.jpg 300w, https:\/\/www.sabine-seyffert.de\/blog\/wp-content\/uploads\/2021\/09\/Eichel-Eulen-Duo-Sabine-Seyffertde-10-768x576.jpg 768w\" sizes=\"auto, (max-width: 800px) 100vw, 800px\" \/><\/a><\/p>\n<p style=\"text-align: justify;\">Wie Eicheln und kleine, d\u00fcnne \u00c4ste. F\u00fcr diese niedliche Herbstdeko braucht ihr beides.<\/p>\n<p style=\"text-align: center;\"><a href=\"https:\/\/www.sabine-seyffert.de\/blog\/wp-content\/uploads\/2021\/09\/Eichel-Eulen-Duo-Sabine-Seyffertde-9.jpg\"><img loading=\"lazy\" decoding=\"async\" class=\"alignnone size-full wp-image-21365\" src=\"https:\/\/www.sabine-seyffert.de\/blog\/wp-content\/uploads\/2021\/09\/Eichel-Eulen-Duo-Sabine-Seyffertde-9.jpg\" alt=\"\" width=\"800\" height=\"600\" srcset=\"https:\/\/www.sabine-seyffert.de\/blog\/wp-content\/uploads\/2021\/09\/Eichel-Eulen-Duo-Sabine-Seyffertde-9.jpg 800w, https:\/\/www.sabine-seyffert.de\/blog\/wp-content\/uploads\/2021\/09\/Eichel-Eulen-Duo-Sabine-Seyffertde-9-300x225.jpg 300w, https:\/\/www.sabine-seyffert.de\/blog\/wp-content\/uploads\/2021\/09\/Eichel-Eulen-Duo-Sabine-Seyffertde-9-768x576.jpg 768w\" sizes=\"auto, (max-width: 800px) 100vw, 800px\" \/><\/a><\/p>\n<p style=\"text-align: justify;\">Doch erst einmal deckt den Tisch gr\u00fcndlich ab und zieht auch alle einen Malkittel an. Dann nehmt euch die Eicheln vor. Tupft mit wei\u00dfer Farbe zwei Augen auf und darunter mit dem Zahnstocher bunte P\u00fcnktchen, Linien oder ein anderes Muster eurer Wahl.<\/p>\n<p style=\"text-align: center;\"><a href=\"https:\/\/www.sabine-seyffert.de\/blog\/wp-content\/uploads\/2021\/09\/Eichel-Eulen-Duo-Sabine-Seyffertde-7.jpg\"><img loading=\"lazy\" decoding=\"async\" class=\"alignnone size-full wp-image-21370\" src=\"https:\/\/www.sabine-seyffert.de\/blog\/wp-content\/uploads\/2021\/09\/Eichel-Eulen-Duo-Sabine-Seyffertde-7.jpg\" alt=\"\" width=\"800\" height=\"600\" srcset=\"https:\/\/www.sabine-seyffert.de\/blog\/wp-content\/uploads\/2021\/09\/Eichel-Eulen-Duo-Sabine-Seyffertde-7.jpg 800w, https:\/\/www.sabine-seyffert.de\/blog\/wp-content\/uploads\/2021\/09\/Eichel-Eulen-Duo-Sabine-Seyffertde-7-300x225.jpg 300w, https:\/\/www.sabine-seyffert.de\/blog\/wp-content\/uploads\/2021\/09\/Eichel-Eulen-Duo-Sabine-Seyffertde-7-768x576.jpg 768w\" sizes=\"auto, (max-width: 800px) 100vw, 800px\" \/><\/a><\/p>\n<p style=\"text-align: justify;\">W\u00e4hrend die Farbe trocknet, stellt euch aus dem Zeitungspapier und Wasserfarben umweltfreundliches Bastelpapier hier. Das braucht ihr f\u00fcr den Hintergrund. In unserem Fall ein dunkles Blau f\u00fcr den Nachthimmel. Schlie\u00dflich sind Eulen ja Nachttiere.<\/p>\n<p style=\"text-align: center;\"><a href=\"https:\/\/www.sabine-seyffert.de\/blog\/wp-content\/uploads\/2021\/09\/Eichel-Eulen-Duo-Sabine-Seyffertde-6.jpg\"><img loading=\"lazy\" decoding=\"async\" class=\"alignnone size-full wp-image-21371\" src=\"https:\/\/www.sabine-seyffert.de\/blog\/wp-content\/uploads\/2021\/09\/Eichel-Eulen-Duo-Sabine-Seyffertde-6.jpg\" alt=\"\" width=\"800\" height=\"600\" srcset=\"https:\/\/www.sabine-seyffert.de\/blog\/wp-content\/uploads\/2021\/09\/Eichel-Eulen-Duo-Sabine-Seyffertde-6.jpg 800w, https:\/\/www.sabine-seyffert.de\/blog\/wp-content\/uploads\/2021\/09\/Eichel-Eulen-Duo-Sabine-Seyffertde-6-300x225.jpg 300w, https:\/\/www.sabine-seyffert.de\/blog\/wp-content\/uploads\/2021\/09\/Eichel-Eulen-Duo-Sabine-Seyffertde-6-768x576.jpg 768w\" sizes=\"auto, (max-width: 800px) 100vw, 800px\" \/><\/a><\/p>\n<p style=\"text-align: justify;\">Aus dem Bastelfilz schnippelt ihr f\u00fcr jede Eule ein paar Fl\u00fcgel und klebt diese an. F\u00fcr die Schn\u00e4bel schneidet ihr einfach von dem unbedruckten Rand der Zeitung kleine Dreiecke ab und klebt diese auf.<\/p>\n<p style=\"text-align: center;\"><a href=\"https:\/\/www.sabine-seyffert.de\/blog\/wp-content\/uploads\/2021\/09\/Eichel-Eulen-Duo-Sabine-Seyffertde-5.jpg\"><img loading=\"lazy\" decoding=\"async\" class=\"alignnone size-full wp-image-21372\" src=\"https:\/\/www.sabine-seyffert.de\/blog\/wp-content\/uploads\/2021\/09\/Eichel-Eulen-Duo-Sabine-Seyffertde-5.jpg\" alt=\"\" width=\"800\" height=\"600\" srcset=\"https:\/\/www.sabine-seyffert.de\/blog\/wp-content\/uploads\/2021\/09\/Eichel-Eulen-Duo-Sabine-Seyffertde-5.jpg 800w, https:\/\/www.sabine-seyffert.de\/blog\/wp-content\/uploads\/2021\/09\/Eichel-Eulen-Duo-Sabine-Seyffertde-5-300x225.jpg 300w, https:\/\/www.sabine-seyffert.de\/blog\/wp-content\/uploads\/2021\/09\/Eichel-Eulen-Duo-Sabine-Seyffertde-5-768x576.jpg 768w\" sizes=\"auto, (max-width: 800px) 100vw, 800px\" \/><\/a><\/p>\n<p style=\"text-align: justify;\">Au\u00dferdem schneidet ihr aus gelb bemaltem Zeitungspapier einen kleinen Mond. Legt nun den Deckel auf das blaue Bastelpapier und zeichnet mit dem Bleistift einen Umriss. So habt ihr die genaue Gr\u00f6\u00dfe f\u00fcr den Kreis, den ihr ausschneidet und in den Deckel hinein klebt.<\/p>\n<p style=\"text-align: center;\"><a href=\"https:\/\/www.sabine-seyffert.de\/blog\/wp-content\/uploads\/2021\/09\/Eichel-Eulen-Duo-Sabine-Seyffertde-4.jpg\"><img loading=\"lazy\" decoding=\"async\" class=\"alignnone size-full wp-image-21373\" src=\"https:\/\/www.sabine-seyffert.de\/blog\/wp-content\/uploads\/2021\/09\/Eichel-Eulen-Duo-Sabine-Seyffertde-4.jpg\" alt=\"\" width=\"800\" height=\"600\" srcset=\"https:\/\/www.sabine-seyffert.de\/blog\/wp-content\/uploads\/2021\/09\/Eichel-Eulen-Duo-Sabine-Seyffertde-4.jpg 800w, https:\/\/www.sabine-seyffert.de\/blog\/wp-content\/uploads\/2021\/09\/Eichel-Eulen-Duo-Sabine-Seyffertde-4-300x225.jpg 300w, https:\/\/www.sabine-seyffert.de\/blog\/wp-content\/uploads\/2021\/09\/Eichel-Eulen-Duo-Sabine-Seyffertde-4-768x576.jpg 768w\" sizes=\"auto, (max-width: 800px) 100vw, 800px\" \/><\/a><\/p>\n<p style=\"text-align: justify;\">Mit etwas Hei\u00dfkleber fixiert ihr die Eulen darin und klebt noch einen kleinen Ast darunter, auf dem die V\u00f6gel sitzen.<\/p>\n<p style=\"text-align: center;\"><a href=\"https:\/\/www.sabine-seyffert.de\/blog\/wp-content\/uploads\/2021\/09\/Eichel-Eulen-Duo-Sabine-Seyffertde-2.jpg\"><img loading=\"lazy\" decoding=\"async\" class=\"alignnone size-full wp-image-21369\" src=\"https:\/\/www.sabine-seyffert.de\/blog\/wp-content\/uploads\/2021\/09\/Eichel-Eulen-Duo-Sabine-Seyffertde-2.jpg\" alt=\"\" width=\"800\" height=\"600\" srcset=\"https:\/\/www.sabine-seyffert.de\/blog\/wp-content\/uploads\/2021\/09\/Eichel-Eulen-Duo-Sabine-Seyffertde-2.jpg 800w, https:\/\/www.sabine-seyffert.de\/blog\/wp-content\/uploads\/2021\/09\/Eichel-Eulen-Duo-Sabine-Seyffertde-2-300x225.jpg 300w, https:\/\/www.sabine-seyffert.de\/blog\/wp-content\/uploads\/2021\/09\/Eichel-Eulen-Duo-Sabine-Seyffertde-2-768x576.jpg 768w\" sizes=\"auto, (max-width: 800px) 100vw, 800px\" \/><\/a><\/p>\n<p style=\"text-align: justify;\">Der Mond kommt an den oberen Rand und mit gelber Bastelfarbe und einem Streichholz k\u00f6nnt ihr noch kleine Punkte als Sterne auftupfen.<\/p>\n<p style=\"text-align: center;\"><a href=\"https:\/\/www.sabine-seyffert.de\/blog\/wp-content\/uploads\/2021\/09\/Eichel-Eulen-Duo-Sabine-Seyffertde-1.jpg\"><img loading=\"lazy\" decoding=\"async\" class=\"alignnone size-full wp-image-21368\" src=\"https:\/\/www.sabine-seyffert.de\/blog\/wp-content\/uploads\/2021\/09\/Eichel-Eulen-Duo-Sabine-Seyffertde-1.jpg\" alt=\"\" width=\"800\" height=\"600\" srcset=\"https:\/\/www.sabine-seyffert.de\/blog\/wp-content\/uploads\/2021\/09\/Eichel-Eulen-Duo-Sabine-Seyffertde-1.jpg 800w, https:\/\/www.sabine-seyffert.de\/blog\/wp-content\/uploads\/2021\/09\/Eichel-Eulen-Duo-Sabine-Seyffertde-1-300x225.jpg 300w, https:\/\/www.sabine-seyffert.de\/blog\/wp-content\/uploads\/2021\/09\/Eichel-Eulen-Duo-Sabine-Seyffertde-1-768x576.jpg 768w\" sizes=\"auto, (max-width: 800px) 100vw, 800px\" \/><\/a><\/p>\n<p style=\"text-align: justify;\"><strong>Ein kleiner Tipp:<\/strong><br \/>\nFalls ihr die Eulen als Dekoration nutzen wollt, schneidet euch von der Kordel ein St\u00fcck ab, knotet die Enden Zusammen und klebt den Knoten mit Hei\u00dfkleber oben mittig auf die Deckelr\u00fcckseite. Daran l\u00e4sst sich das kleine Diorama prima aufh\u00e4ngen.<\/p>\n<p style=\"text-align: center;\"><a href=\"https:\/\/www.sabine-seyffert.de\/blog\/wp-content\/uploads\/2021\/09\/Eichel-Eulen-Duo-Sabine-Seyffertde-13.jpg\"><img loading=\"lazy\" decoding=\"async\" class=\"alignnone size-full wp-image-21367\" src=\"https:\/\/www.sabine-seyffert.de\/blog\/wp-content\/uploads\/2021\/09\/Eichel-Eulen-Duo-Sabine-Seyffertde-13.jpg\" alt=\"\" width=\"600\" height=\"800\" srcset=\"https:\/\/www.sabine-seyffert.de\/blog\/wp-content\/uploads\/2021\/09\/Eichel-Eulen-Duo-Sabine-Seyffertde-13.jpg 600w, https:\/\/www.sabine-seyffert.de\/blog\/wp-content\/uploads\/2021\/09\/Eichel-Eulen-Duo-Sabine-Seyffertde-13-225x300.jpg 225w\" sizes=\"auto, (max-width: 600px) 100vw, 600px\" \/><\/a><\/p>\n<p style=\"text-align: justify;\">Weitere Do-it-Yourself Bastelideen f\u00fcr Kinder findet ihr \u00fcbrigens in <a href=\"https:\/\/www.sabine-seyffert.de\/blog\/?cat=32\" target=\"_blank\" rel=\"noopener noreferrer\">dieser Blog Kategorie<\/a>, alles zum Thema Upcycling mit detaillierter Bastelanleitung gibt es in <a href=\"https:\/\/www.sabine-seyffert.de\/blog\/?cat=47\" target=\"_blank\" rel=\"noopener noreferrer\">dieser Rubrik<\/a>, alles rund um die Herbstzeit sind in <a href=\"https:\/\/www.sabine-seyffert.de\/blog\/?cat=25\" target=\"_blank\" rel=\"noopener noreferrer\">diesem Blog Ordner<\/a> oder <a href=\"https:\/\/www.pinterest.de\/diysabineseyffert\/\" target=\"_blank\" rel=\"noopener noreferrer\">meiner Pinnwand<\/a> und andere kreative Sachen da.<\/p>\n<p style=\"text-align: center;\"><a href=\"https:\/\/www.sabine-seyffert.de\/blog\/wp-content\/uploads\/2021\/09\/Eichel-Eulen-Duo-Sabine-Seyffertde-11.jpg\"><img loading=\"lazy\" decoding=\"async\" class=\"alignnone size-full wp-image-21366\" src=\"https:\/\/www.sabine-seyffert.de\/blog\/wp-content\/uploads\/2021\/09\/Eichel-Eulen-Duo-Sabine-Seyffertde-11.jpg\" alt=\"\" width=\"600\" height=\"800\" srcset=\"https:\/\/www.sabine-seyffert.de\/blog\/wp-content\/uploads\/2021\/09\/Eichel-Eulen-Duo-Sabine-Seyffertde-11.jpg 600w, https:\/\/www.sabine-seyffert.de\/blog\/wp-content\/uploads\/2021\/09\/Eichel-Eulen-Duo-Sabine-Seyffertde-11-225x300.jpg 225w\" sizes=\"auto, (max-width: 600px) 100vw, 600px\" \/><\/a><\/p>\n<p style=\"text-align: justify;\"><a href=\"https:\/\/www.sabine-seyffert.de\/blog\/?page_id=32#urheberrecht\">urheberrechtlich gesch\u00fctzt<\/a>, \u00a9 Sabine Seyffert<\/p>\n","protected":false},"excerpt":{"rendered":"<p>Der Herbst naht mit schnellem Schritt und deshalb zeige ich euch heute eine niedliche DIY Idee zum Selbermachen. Seid ihr auch so gro\u00dfe Eulen-Fans? Dann bastelt einfach eine Runde mit. Auf dem Blog habe ich euch in den letzten Jahren immer wieder kreative Do-it-Yourself Ideen zu diesem Thema gezeigt: Die Upcycling Eule, die Herbst-Post mit&#8230; <a href=\"https:\/\/www.sabine-seyffert.de\/blog\/bastelidee-fuer-kinder-im-herbst-eulen-duo-aus-eicheln-auf-ast-in-deckel\/\" class=\"more-link\">Read more: Bastelidee f\u00fcr Kinder im Herbst: Eulen Duo aus Eicheln auf Ast in Deckel<\/a><\/p>\n","protected":false},"author":2,"featured_media":0,"comment_status":"open","ping_status":"open","sticky":false,"template":"","format":"standard","meta":{"_metis_text_type":"","_metis_text_length":3128,"_post_count":0,"footnotes":""},"categories":[32,25,47],"tags":[],"class_list":["post-21361","post","type-post","status-publish","format-standard","hentry","category-kreatives-fur-kleine-kinderhande","category-herbst","category-upcyceltes"],"_links":{"self":[{"href":"https:\/\/www.sabine-seyffert.de\/blog\/wp-json\/wp\/v2\/posts\/21361","targetHints":{"allow":["GET"]}}],"collection":[{"href":"https:\/\/www.sabine-seyffert.de\/blog\/wp-json\/wp\/v2\/posts"}],"about":[{"href":"https:\/\/www.sabine-seyffert.de\/blog\/wp-json\/wp\/v2\/types\/post"}],"author":[{"embeddable":true,"href":"https:\/\/www.sabine-seyffert.de\/blog\/wp-json\/wp\/v2\/users\/2"}],"replies":[{"embeddable":true,"href":"https:\/\/www.sabine-seyffert.de\/blog\/wp-json\/wp\/v2\/comments?post=21361"}],"version-history":[{"count":3,"href":"https:\/\/www.sabine-seyffert.de\/blog\/wp-json\/wp\/v2\/posts\/21361\/revisions"}],"predecessor-version":[{"id":23880,"href":"https:\/\/www.sabine-seyffert.de\/blog\/wp-json\/wp\/v2\/posts\/21361\/revisions\/23880"}],"wp:attachment":[{"href":"https:\/\/www.sabine-seyffert.de\/blog\/wp-json\/wp\/v2\/media?parent=21361"}],"wp:term":[{"taxonomy":"category","embeddable":true,"href":"https:\/\/www.sabine-seyffert.de\/blog\/wp-json\/wp\/v2\/categories?post=21361"},{"taxonomy":"post_tag","embeddable":true,"href":"https:\/\/www.sabine-seyffert.de\/blog\/wp-json\/wp\/v2\/tags?post=21361"}],"curies":[{"name":"wp","href":"https:\/\/api.w.org\/{rel}","templated":true}]}}