{"id":21334,"date":"2021-10-01T06:00:02","date_gmt":"2021-10-01T04:00:02","guid":{"rendered":"https:\/\/www.sabine-seyffert.de\/blog\/?p=21334"},"modified":"2021-09-27T10:27:48","modified_gmt":"2021-09-27T08:27:48","slug":"herbstliche-bastelidee-fuer-kinder-upcycling-fuchs-aus-blaettern-stempeln","status":"publish","type":"post","link":"https:\/\/www.sabine-seyffert.de\/blog\/herbstliche-bastelidee-fuer-kinder-upcycling-fuchs-aus-blaettern-stempeln\/","title":{"rendered":"Herbstliche Bastelidee f\u00fcr Kinder: Upcycling Fuchs aus Bl\u00e4ttern stempeln"},"content":{"rendered":"<p style=\"text-align: justify;\"><img loading=\"lazy\" decoding=\"async\" src=\"https:\/\/vg01.met.vgwort.de\/na\/fabf0a8c095e4078ae21d865e5e703de\" alt=\"\" width=\"1\" height=\"1\" \/>Der Herbst bringt leider so manchen Regentag und die Schulferien stehen auch fast vor der T\u00fcr. Und damit keine Langeweile aufkommt habe ich heute eine ganz coole Do-it-Yourself Idee f\u00fcr euch dabei. Alles, was ihr zum Basteln braucht, habt ihr mit Sicherheit zu Hause oder in greifbarer N\u00e4he. Und vor der Haust\u00fcr findet ihr ganz bestimmt auch in unmittelbarer Umgebung ein paar sch\u00f6ne Bl\u00e4tter, die ihr zum Stempeln und Drucken verwenden k\u00f6nnt. Alles klar? Dann kann es ja nun losgehen!<\/p>\n<p style=\"text-align: center;\"><a href=\"https:\/\/www.sabine-seyffert.de\/blog\/wp-content\/uploads\/2021\/09\/Fuchs-Bl\u00e4tter-Sabine-Seyffert.de-1.jpg\"><img loading=\"lazy\" decoding=\"async\" class=\"alignnone size-full wp-image-21335\" src=\"https:\/\/www.sabine-seyffert.de\/blog\/wp-content\/uploads\/2021\/09\/Fuchs-Bl\u00e4tter-Sabine-Seyffert.de-1.jpg\" alt=\"\" width=\"800\" height=\"600\" srcset=\"https:\/\/www.sabine-seyffert.de\/blog\/wp-content\/uploads\/2021\/09\/Fuchs-Bl\u00e4tter-Sabine-Seyffert.de-1.jpg 800w, https:\/\/www.sabine-seyffert.de\/blog\/wp-content\/uploads\/2021\/09\/Fuchs-Bl\u00e4tter-Sabine-Seyffert.de-1-300x225.jpg 300w, https:\/\/www.sabine-seyffert.de\/blog\/wp-content\/uploads\/2021\/09\/Fuchs-Bl\u00e4tter-Sabine-Seyffert.de-1-768x576.jpg 768w\" sizes=\"auto, (max-width: 800px) 100vw, 800px\" \/><\/a><\/p>\n<p style=\"text-align: justify;\"><strong>Das wird gebraucht:<\/strong><br \/>\nPappe \/ Karton, eine alte Tageszeitung, einen Wasserfarbkasten, Pinsel, Bl\u00e4tter, Deckwei\u00df oder wei\u00dfe Bastelfarbe (Acrylfarbe o.\u00e4.), ein paar \u00c4ste \/ Zweige, eine Gartenschere, eine Bastelschere, etwas Kordel oder Wolle, Bastelkleber \/ Klebestift, eine Hei\u00dfklebepistole samt Klebepatrone sowie optional Buchstabenstempel samt Stempelkissen<\/p>\n<p style=\"text-align: center;\"><a href=\"https:\/\/www.sabine-seyffert.de\/blog\/wp-content\/uploads\/2021\/09\/Fuchs-Bl\u00e4tter-Sabine-Seyffert.de-0.jpg\"><img loading=\"lazy\" decoding=\"async\" class=\"alignnone size-full wp-image-21336\" src=\"https:\/\/www.sabine-seyffert.de\/blog\/wp-content\/uploads\/2021\/09\/Fuchs-Bl\u00e4tter-Sabine-Seyffert.de-0.jpg\" alt=\"\" width=\"800\" height=\"600\" srcset=\"https:\/\/www.sabine-seyffert.de\/blog\/wp-content\/uploads\/2021\/09\/Fuchs-Bl\u00e4tter-Sabine-Seyffert.de-0.jpg 800w, https:\/\/www.sabine-seyffert.de\/blog\/wp-content\/uploads\/2021\/09\/Fuchs-Bl\u00e4tter-Sabine-Seyffert.de-0-300x225.jpg 300w, https:\/\/www.sabine-seyffert.de\/blog\/wp-content\/uploads\/2021\/09\/Fuchs-Bl\u00e4tter-Sabine-Seyffert.de-0-768x576.jpg 768w\" sizes=\"auto, (max-width: 800px) 100vw, 800px\" \/><\/a><\/p>\n<p style=\"text-align: justify;\"><strong>So wird\u2019s gemacht:<\/strong><br \/>\nAuf meinem Blog wimmelt es mittlerweile nur so von unterschiedlichen F\u00fcchsen.<\/p>\n<p style=\"text-align: center;\"><a href=\"https:\/\/www.sabine-seyffert.de\/blog\/wp-content\/uploads\/2021\/09\/Fuchs-Bl\u00e4tter-Sabine-Seyffert.de-9.jpg\"><img loading=\"lazy\" decoding=\"async\" class=\"alignnone size-full wp-image-21337\" src=\"https:\/\/www.sabine-seyffert.de\/blog\/wp-content\/uploads\/2021\/09\/Fuchs-Bl\u00e4tter-Sabine-Seyffert.de-9.jpg\" alt=\"\" width=\"800\" height=\"600\" srcset=\"https:\/\/www.sabine-seyffert.de\/blog\/wp-content\/uploads\/2021\/09\/Fuchs-Bl\u00e4tter-Sabine-Seyffert.de-9.jpg 800w, https:\/\/www.sabine-seyffert.de\/blog\/wp-content\/uploads\/2021\/09\/Fuchs-Bl\u00e4tter-Sabine-Seyffert.de-9-300x225.jpg 300w, https:\/\/www.sabine-seyffert.de\/blog\/wp-content\/uploads\/2021\/09\/Fuchs-Bl\u00e4tter-Sabine-Seyffert.de-9-768x576.jpg 768w\" sizes=\"auto, (max-width: 800px) 100vw, 800px\" \/><\/a><\/p>\n<p style=\"text-align: justify;\">Seit unserem <a href=\"https:\/\/www.sabine-seyffert.de\/blog\/?cat=45\" target=\"_blank\" rel=\"noopener noreferrer\">Fuchsgeburtstag<\/a> sind wir vom Fuchsfieber befallen und gerade im Herbst werden immer wieder flei\u00dfig F\u00fcchse auf ganz verschiedene Art und Weise gebastelt.<\/p>\n<p style=\"text-align: center;\"><a href=\"https:\/\/www.sabine-seyffert.de\/blog\/wp-content\/uploads\/2021\/09\/Fuchs-Bl\u00e4tter-Sabine-Seyffert.de-11.jpg\"><img loading=\"lazy\" decoding=\"async\" class=\"alignnone size-full wp-image-21341\" src=\"https:\/\/www.sabine-seyffert.de\/blog\/wp-content\/uploads\/2021\/09\/Fuchs-Bl\u00e4tter-Sabine-Seyffert.de-11.jpg\" alt=\"\" width=\"800\" height=\"600\" srcset=\"https:\/\/www.sabine-seyffert.de\/blog\/wp-content\/uploads\/2021\/09\/Fuchs-Bl\u00e4tter-Sabine-Seyffert.de-11.jpg 800w, https:\/\/www.sabine-seyffert.de\/blog\/wp-content\/uploads\/2021\/09\/Fuchs-Bl\u00e4tter-Sabine-Seyffert.de-11-300x225.jpg 300w, https:\/\/www.sabine-seyffert.de\/blog\/wp-content\/uploads\/2021\/09\/Fuchs-Bl\u00e4tter-Sabine-Seyffert.de-11-768x576.jpg 768w\" sizes=\"auto, (max-width: 800px) 100vw, 800px\" \/><\/a><\/p>\n<p style=\"text-align: justify;\">Heute wird es ein Fuchs im selbst gemachten Bilderrahmen.<\/p>\n<p style=\"text-align: center;\"><a href=\"https:\/\/www.sabine-seyffert.de\/blog\/wp-content\/uploads\/2021\/09\/Fuchs-Bl\u00e4tter-Sabine-Seyffert.de-10.jpg\"><img loading=\"lazy\" decoding=\"async\" class=\"alignnone size-full wp-image-21342\" src=\"https:\/\/www.sabine-seyffert.de\/blog\/wp-content\/uploads\/2021\/09\/Fuchs-Bl\u00e4tter-Sabine-Seyffert.de-10.jpg\" alt=\"\" width=\"800\" height=\"600\" srcset=\"https:\/\/www.sabine-seyffert.de\/blog\/wp-content\/uploads\/2021\/09\/Fuchs-Bl\u00e4tter-Sabine-Seyffert.de-10.jpg 800w, https:\/\/www.sabine-seyffert.de\/blog\/wp-content\/uploads\/2021\/09\/Fuchs-Bl\u00e4tter-Sabine-Seyffert.de-10-300x225.jpg 300w, https:\/\/www.sabine-seyffert.de\/blog\/wp-content\/uploads\/2021\/09\/Fuchs-Bl\u00e4tter-Sabine-Seyffert.de-10-768x576.jpg 768w\" sizes=\"auto, (max-width: 800px) 100vw, 800px\" \/><\/a><\/p>\n<p style=\"text-align: justify;\">Zuerst malt ihr die Bl\u00e4tter mit Wasserfarben orange an und stempelt damit auf die Pappe. Dazu werden die Bl\u00e4tterabdr\u00fccke immer leicht versetzt.<\/p>\n<p style=\"text-align: center;\"><a href=\"https:\/\/www.sabine-seyffert.de\/blog\/wp-content\/uploads\/2021\/09\/Fuchs-Bl\u00e4tter-Sabine-Seyffert.de-8.jpg\"><img loading=\"lazy\" decoding=\"async\" class=\"alignnone size-full wp-image-21343\" src=\"https:\/\/www.sabine-seyffert.de\/blog\/wp-content\/uploads\/2021\/09\/Fuchs-Bl\u00e4tter-Sabine-Seyffert.de-8.jpg\" alt=\"\" width=\"800\" height=\"600\" srcset=\"https:\/\/www.sabine-seyffert.de\/blog\/wp-content\/uploads\/2021\/09\/Fuchs-Bl\u00e4tter-Sabine-Seyffert.de-8.jpg 800w, https:\/\/www.sabine-seyffert.de\/blog\/wp-content\/uploads\/2021\/09\/Fuchs-Bl\u00e4tter-Sabine-Seyffert.de-8-300x225.jpg 300w, https:\/\/www.sabine-seyffert.de\/blog\/wp-content\/uploads\/2021\/09\/Fuchs-Bl\u00e4tter-Sabine-Seyffert.de-8-768x576.jpg 768w\" sizes=\"auto, (max-width: 800px) 100vw, 800px\" \/><\/a><\/p>\n<p style=\"text-align: justify;\">W\u00e4hrend die gestempelten F\u00fcchslein trocknen, k\u00f6nnt ihr euch aus Zeitung und Deckwei\u00df etwas <a href=\"https:\/\/www.sabine-seyffert.de\/blog\/?p=13917\" target=\"_blank\" rel=\"noopener noreferrer\">Bastelpapier Selbermachen<\/a>.<\/p>\n<p style=\"text-align: center;\"><a href=\"https:\/\/www.sabine-seyffert.de\/blog\/wp-content\/uploads\/2021\/09\/Fuchs-Bl\u00e4tter-Sabine-Seyffert.de-7.jpg\"><img loading=\"lazy\" decoding=\"async\" class=\"alignnone size-full wp-image-21344\" src=\"https:\/\/www.sabine-seyffert.de\/blog\/wp-content\/uploads\/2021\/09\/Fuchs-Bl\u00e4tter-Sabine-Seyffert.de-7.jpg\" alt=\"\" width=\"800\" height=\"600\" srcset=\"https:\/\/www.sabine-seyffert.de\/blog\/wp-content\/uploads\/2021\/09\/Fuchs-Bl\u00e4tter-Sabine-Seyffert.de-7.jpg 800w, https:\/\/www.sabine-seyffert.de\/blog\/wp-content\/uploads\/2021\/09\/Fuchs-Bl\u00e4tter-Sabine-Seyffert.de-7-300x225.jpg 300w, https:\/\/www.sabine-seyffert.de\/blog\/wp-content\/uploads\/2021\/09\/Fuchs-Bl\u00e4tter-Sabine-Seyffert.de-7-768x576.jpg 768w\" sizes=\"auto, (max-width: 800px) 100vw, 800px\" \/><\/a><\/p>\n<p style=\"text-align: justify;\">Ebenso aus dem unbedruckten Rand einer Zeitung, Kordel und Stempeln (oder einem Stift) eine kleine Girlande anfertigen.<\/p>\n<p style=\"text-align: center;\"><a href=\"https:\/\/www.sabine-seyffert.de\/blog\/wp-content\/uploads\/2021\/09\/Fuchs-Bl\u00e4tter-Sabine-Seyffert.de-6.jpg\"><img loading=\"lazy\" decoding=\"async\" class=\"alignnone size-full wp-image-21345\" src=\"https:\/\/www.sabine-seyffert.de\/blog\/wp-content\/uploads\/2021\/09\/Fuchs-Bl\u00e4tter-Sabine-Seyffert.de-6.jpg\" alt=\"\" width=\"800\" height=\"600\" srcset=\"https:\/\/www.sabine-seyffert.de\/blog\/wp-content\/uploads\/2021\/09\/Fuchs-Bl\u00e4tter-Sabine-Seyffert.de-6.jpg 800w, https:\/\/www.sabine-seyffert.de\/blog\/wp-content\/uploads\/2021\/09\/Fuchs-Bl\u00e4tter-Sabine-Seyffert.de-6-300x225.jpg 300w, https:\/\/www.sabine-seyffert.de\/blog\/wp-content\/uploads\/2021\/09\/Fuchs-Bl\u00e4tter-Sabine-Seyffert.de-6-768x576.jpg 768w\" sizes=\"auto, (max-width: 800px) 100vw, 800px\" \/><\/a><\/p>\n<p style=\"text-align: justify;\">Welchen Gru\u00df, Namen oder Botschaft ihr auf den Wimpeln notiert oder druckt ist euch \u00fcberlassen.<\/p>\n<p style=\"text-align: center;\"><a href=\"https:\/\/www.sabine-seyffert.de\/blog\/wp-content\/uploads\/2021\/09\/Fuchs-Bl\u00e4tter-Sabine-Seyffert.de-4.jpg\"><img loading=\"lazy\" decoding=\"async\" class=\"alignnone size-full wp-image-21346\" src=\"https:\/\/www.sabine-seyffert.de\/blog\/wp-content\/uploads\/2021\/09\/Fuchs-Bl\u00e4tter-Sabine-Seyffert.de-4.jpg\" alt=\"\" width=\"800\" height=\"600\" srcset=\"https:\/\/www.sabine-seyffert.de\/blog\/wp-content\/uploads\/2021\/09\/Fuchs-Bl\u00e4tter-Sabine-Seyffert.de-4.jpg 800w, https:\/\/www.sabine-seyffert.de\/blog\/wp-content\/uploads\/2021\/09\/Fuchs-Bl\u00e4tter-Sabine-Seyffert.de-4-300x225.jpg 300w, https:\/\/www.sabine-seyffert.de\/blog\/wp-content\/uploads\/2021\/09\/Fuchs-Bl\u00e4tter-Sabine-Seyffert.de-4-768x576.jpg 768w\" sizes=\"auto, (max-width: 800px) 100vw, 800px\" \/><\/a><\/p>\n<p style=\"text-align: justify;\">Aus den \u00c4sten (die sollten ganz trocken sein!) klebt ihr einen Bilderrahmen um die gestempelten F\u00fcchse. Mit Hilfe einer Gartenschere kann man die Zweige auf die gew\u00fcnschte L\u00e4nge k\u00fcrzen.<\/p>\n<p style=\"text-align: center;\"><a href=\"https:\/\/www.sabine-seyffert.de\/blog\/wp-content\/uploads\/2021\/09\/Fuchs-Bl\u00e4tter-Sabine-Seyffert.de-3.jpg\"><img loading=\"lazy\" decoding=\"async\" class=\"alignnone size-full wp-image-21347\" src=\"https:\/\/www.sabine-seyffert.de\/blog\/wp-content\/uploads\/2021\/09\/Fuchs-Bl\u00e4tter-Sabine-Seyffert.de-3.jpg\" alt=\"\" width=\"800\" height=\"600\" srcset=\"https:\/\/www.sabine-seyffert.de\/blog\/wp-content\/uploads\/2021\/09\/Fuchs-Bl\u00e4tter-Sabine-Seyffert.de-3.jpg 800w, https:\/\/www.sabine-seyffert.de\/blog\/wp-content\/uploads\/2021\/09\/Fuchs-Bl\u00e4tter-Sabine-Seyffert.de-3-300x225.jpg 300w, https:\/\/www.sabine-seyffert.de\/blog\/wp-content\/uploads\/2021\/09\/Fuchs-Bl\u00e4tter-Sabine-Seyffert.de-3-768x576.jpg 768w\" sizes=\"auto, (max-width: 800px) 100vw, 800px\" \/><\/a><\/p>\n<p style=\"text-align: justify;\">Aus dem Zeitungspapier noch zwei Ellipsen f\u00fcr die Fuchsnase schneiden, etwas Kordel unten als Barthaare ankleben und Augen aufmalen. Fertig ist der kleine Fuchs.<\/p>\n<p style=\"text-align: center;\"><a href=\"https:\/\/www.sabine-seyffert.de\/blog\/wp-content\/uploads\/2021\/09\/Fuchs-Bl\u00e4tter-Sabine-Seyffert.de-5.jpg\"><img loading=\"lazy\" decoding=\"async\" class=\"alignnone size-full wp-image-21340\" src=\"https:\/\/www.sabine-seyffert.de\/blog\/wp-content\/uploads\/2021\/09\/Fuchs-Bl\u00e4tter-Sabine-Seyffert.de-5.jpg\" alt=\"\" width=\"800\" height=\"600\" srcset=\"https:\/\/www.sabine-seyffert.de\/blog\/wp-content\/uploads\/2021\/09\/Fuchs-Bl\u00e4tter-Sabine-Seyffert.de-5.jpg 800w, https:\/\/www.sabine-seyffert.de\/blog\/wp-content\/uploads\/2021\/09\/Fuchs-Bl\u00e4tter-Sabine-Seyffert.de-5-300x225.jpg 300w, https:\/\/www.sabine-seyffert.de\/blog\/wp-content\/uploads\/2021\/09\/Fuchs-Bl\u00e4tter-Sabine-Seyffert.de-5-768x576.jpg 768w\" sizes=\"auto, (max-width: 800px) 100vw, 800px\" \/><\/a><\/p>\n<p style=\"text-align: justify;\"><strong>Ein kleiner Tipp:<\/strong><br \/>\nAuf der R\u00fcckseite des Bildes k\u00f6nnt ihr mit Hei\u00dfkleber etwas Kordel befestigen. An der Schlaufe l\u00e4sst sich der kleine, gerahmte Fuchs dann prima aufh\u00e4ngen!<\/p>\n<p style=\"text-align: center;\"><a href=\"https:\/\/www.sabine-seyffert.de\/blog\/wp-content\/uploads\/2021\/09\/Fuchs-Bl\u00e4tter-Sabine-Seyffert.de-2.jpg\"><img loading=\"lazy\" decoding=\"async\" class=\"alignnone size-full wp-image-21339\" src=\"https:\/\/www.sabine-seyffert.de\/blog\/wp-content\/uploads\/2021\/09\/Fuchs-Bl\u00e4tter-Sabine-Seyffert.de-2.jpg\" alt=\"\" width=\"800\" height=\"600\" srcset=\"https:\/\/www.sabine-seyffert.de\/blog\/wp-content\/uploads\/2021\/09\/Fuchs-Bl\u00e4tter-Sabine-Seyffert.de-2.jpg 800w, https:\/\/www.sabine-seyffert.de\/blog\/wp-content\/uploads\/2021\/09\/Fuchs-Bl\u00e4tter-Sabine-Seyffert.de-2-300x225.jpg 300w, https:\/\/www.sabine-seyffert.de\/blog\/wp-content\/uploads\/2021\/09\/Fuchs-Bl\u00e4tter-Sabine-Seyffert.de-2-768x576.jpg 768w\" sizes=\"auto, (max-width: 800px) 100vw, 800px\" \/><\/a><\/p>\n<p style=\"text-align: justify;\">Weitere DIY Bastelideen f\u00fcr Kinder findet ihr \u00fcbrigens in <a href=\"https:\/\/www.sabine-seyffert.de\/blog\/?cat=32\" target=\"_blank\" rel=\"noopener noreferrer\">dieser Blog Kategorie<\/a>, noch mehr F\u00fcchse in der <a href=\"https:\/\/www.sabine-seyffert.de\/blog\/?cat=45\" target=\"_blank\" rel=\"noopener noreferrer\">Rubrik Fuchsgeburtstag<\/a>, alles zum Thema Upcycling mit detaillierter Bastelanleitung gibt es an <a href=\"https:\/\/www.sabine-seyffert.de\/blog\/?cat=47\" target=\"_blank\" rel=\"noopener noreferrer\">dieser Stelle<\/a>, alles rund um die Herbstzeit sind in <a href=\"https:\/\/www.sabine-seyffert.de\/blog\/?cat=25\" target=\"_blank\" rel=\"noopener noreferrer\">diesem Blog Ordner<\/a> oder <a href=\"https:\/\/www.pinterest.de\/diysabineseyffert\/\" target=\"_blank\" rel=\"noopener noreferrer\">meiner Pinnwand<\/a> und andere kreative Sachen da.<\/p>\n<p style=\"text-align: center;\"><a href=\"https:\/\/www.sabine-seyffert.de\/blog\/wp-content\/uploads\/2021\/09\/Fuchs-Bl\u00e4tter-Sabine-Seyffert.de-13.jpg\"><img loading=\"lazy\" decoding=\"async\" class=\"alignnone size-full wp-image-21338\" src=\"https:\/\/www.sabine-seyffert.de\/blog\/wp-content\/uploads\/2021\/09\/Fuchs-Bl\u00e4tter-Sabine-Seyffert.de-13.jpg\" alt=\"\" width=\"600\" height=\"800\" srcset=\"https:\/\/www.sabine-seyffert.de\/blog\/wp-content\/uploads\/2021\/09\/Fuchs-Bl\u00e4tter-Sabine-Seyffert.de-13.jpg 600w, https:\/\/www.sabine-seyffert.de\/blog\/wp-content\/uploads\/2021\/09\/Fuchs-Bl\u00e4tter-Sabine-Seyffert.de-13-225x300.jpg 225w\" sizes=\"auto, (max-width: 600px) 100vw, 600px\" \/><\/a><\/p>\n<p style=\"text-align: justify;\"><a href=\"https:\/\/www.sabine-seyffert.de\/blog\/?page_id=32#urheberrecht\">urheberrechtlich gesch\u00fctzt<\/a>, \u00a9 Sabine Seyffert<\/p>\n","protected":false},"excerpt":{"rendered":"<p>Der Herbst bringt leider so manchen Regentag und die Schulferien stehen auch fast vor der T\u00fcr. Und damit keine Langeweile aufkommt habe ich heute eine ganz coole Do-it-Yourself Idee f\u00fcr euch dabei. Alles, was ihr zum Basteln braucht, habt ihr mit Sicherheit zu Hause oder in greifbarer N\u00e4he. Und vor der Haust\u00fcr findet ihr ganz&#8230; <a href=\"https:\/\/www.sabine-seyffert.de\/blog\/herbstliche-bastelidee-fuer-kinder-upcycling-fuchs-aus-blaettern-stempeln\/\" class=\"more-link\">Read more: Herbstliche Bastelidee f\u00fcr Kinder: Upcycling Fuchs aus Bl\u00e4ttern stempeln<\/a><\/p>\n","protected":false},"author":2,"featured_media":0,"comment_status":"open","ping_status":"open","sticky":false,"template":"","format":"standard","meta":{"_metis_text_type":"","_metis_text_length":2531,"_post_count":0,"footnotes":""},"categories":[32,12,45,25,47],"tags":[],"class_list":["post-21334","post","type-post","status-publish","format-standard","hentry","category-kreatives-fur-kleine-kinderhande","category-deko-ideen","category-fuchsgeburtstag","category-herbst","category-upcyceltes"],"_links":{"self":[{"href":"https:\/\/www.sabine-seyffert.de\/blog\/wp-json\/wp\/v2\/posts\/21334","targetHints":{"allow":["GET"]}}],"collection":[{"href":"https:\/\/www.sabine-seyffert.de\/blog\/wp-json\/wp\/v2\/posts"}],"about":[{"href":"https:\/\/www.sabine-seyffert.de\/blog\/wp-json\/wp\/v2\/types\/post"}],"author":[{"embeddable":true,"href":"https:\/\/www.sabine-seyffert.de\/blog\/wp-json\/wp\/v2\/users\/2"}],"replies":[{"embeddable":true,"href":"https:\/\/www.sabine-seyffert.de\/blog\/wp-json\/wp\/v2\/comments?post=21334"}],"version-history":[{"count":2,"href":"https:\/\/www.sabine-seyffert.de\/blog\/wp-json\/wp\/v2\/posts\/21334\/revisions"}],"predecessor-version":[{"id":21349,"href":"https:\/\/www.sabine-seyffert.de\/blog\/wp-json\/wp\/v2\/posts\/21334\/revisions\/21349"}],"wp:attachment":[{"href":"https:\/\/www.sabine-seyffert.de\/blog\/wp-json\/wp\/v2\/media?parent=21334"}],"wp:term":[{"taxonomy":"category","embeddable":true,"href":"https:\/\/www.sabine-seyffert.de\/blog\/wp-json\/wp\/v2\/categories?post=21334"},{"taxonomy":"post_tag","embeddable":true,"href":"https:\/\/www.sabine-seyffert.de\/blog\/wp-json\/wp\/v2\/tags?post=21334"}],"curies":[{"name":"wp","href":"https:\/\/api.w.org\/{rel}","templated":true}]}}