{"id":21320,"date":"2021-09-30T06:00:42","date_gmt":"2021-09-30T04:00:42","guid":{"rendered":"https:\/\/www.sabine-seyffert.de\/blog\/?p=21320"},"modified":"2021-09-27T10:16:14","modified_gmt":"2021-09-27T08:16:14","slug":"diy-bastelidee-herbstkranz-upcycling-mit-kartoffeldruck-blaettern-herbstlaub-pappe","status":"publish","type":"post","link":"https:\/\/www.sabine-seyffert.de\/blog\/diy-bastelidee-herbstkranz-upcycling-mit-kartoffeldruck-blaettern-herbstlaub-pappe\/","title":{"rendered":"DIY Bastelidee: Herbstkranz Upcycling mit Kartoffeldruck Bl\u00e4ttern, Herbstlaub &#038; Pappe"},"content":{"rendered":"<p style=\"text-align: justify;\"><img loading=\"lazy\" decoding=\"async\" src=\"https:\/\/vg01.met.vgwort.de\/na\/6a1dbed5d003453db173d2857d14f9a5\" alt=\"\" width=\"1\" height=\"1\" \/>Von <a href=\"https:\/\/www.sabine-seyffert.de\/blog\/?p=17608\" target=\"_blank\" rel=\"noopener noreferrer\">dieser selbst gemachten Herbstdeko<\/a> hatten wir noch einen Schwung an bunten Herbstbl\u00e4ttern \u00fcbrig, die ich endlich mal verbasteln wollte. Au\u00dferdem hatten wir bei einem kleinen Spaziergang noch Herbstbl\u00e4tter gesammelt und gepresst. Also kam mir die Idee, diese beiden Bl\u00e4tterarten als kleine Deko zu kombinieren und habe ganz spontan einen kleinen Herbstkranz f\u00fcr die T\u00fcr gebastelt.<\/p>\n<p style=\"text-align: center;\"><a href=\"https:\/\/www.sabine-seyffert.de\/blog\/wp-content\/uploads\/2021\/09\/Kranz-Bl\u00e4tterdruck-Sabine-Seyffert.de-11.jpg\"><img loading=\"lazy\" decoding=\"async\" class=\"alignnone size-full wp-image-21321\" src=\"https:\/\/www.sabine-seyffert.de\/blog\/wp-content\/uploads\/2021\/09\/Kranz-Bl\u00e4tterdruck-Sabine-Seyffert.de-11.jpg\" alt=\"\" width=\"800\" height=\"600\" srcset=\"https:\/\/www.sabine-seyffert.de\/blog\/wp-content\/uploads\/2021\/09\/Kranz-Bl\u00e4tterdruck-Sabine-Seyffert.de-11.jpg 800w, https:\/\/www.sabine-seyffert.de\/blog\/wp-content\/uploads\/2021\/09\/Kranz-Bl\u00e4tterdruck-Sabine-Seyffert.de-11-300x225.jpg 300w, https:\/\/www.sabine-seyffert.de\/blog\/wp-content\/uploads\/2021\/09\/Kranz-Bl\u00e4tterdruck-Sabine-Seyffert.de-11-768x576.jpg 768w\" sizes=\"auto, (max-width: 800px) 100vw, 800px\" \/><\/a><\/p>\n<p style=\"text-align: justify;\"><strong>Das wird gebraucht:<\/strong><br \/>\nPappe \/ Karton, eine Bastelschere, ein scharfes Bastelmesser \/ Cutter, eine Schneidunterlage, Kordel, Holzperlen, Pinsel (Borstenpinsel), Wasserfarbkasten, Kartoffeln, ein scharfes Messer, eine Lochzange, wei\u00dfen Tonkarton, d\u00fcnne, unbedruckte Pappe oder etwas Kraftpapier, kleine gepresste Herbstbl\u00e4tter, kleine Zapfen (bsp. Erlenzapfen) sowie optional eine Bastelunterlage, eine Hei\u00dfklebepistole samt Klebepatrone und einen <a href=\"https:\/\/www.sabine-seyffert.de\/blog\/?p=12310\" target=\"_blank\" rel=\"noopener noreferrer\">Malkittel<\/a><\/p>\n<p style=\"text-align: center;\"><a href=\"https:\/\/www.sabine-seyffert.de\/blog\/wp-content\/uploads\/2021\/09\/Kranz-Bl\u00e4tterdruck-Sabine-Seyffert.de-10.jpg\"><img loading=\"lazy\" decoding=\"async\" class=\"alignnone size-full wp-image-21322\" src=\"https:\/\/www.sabine-seyffert.de\/blog\/wp-content\/uploads\/2021\/09\/Kranz-Bl\u00e4tterdruck-Sabine-Seyffert.de-10.jpg\" alt=\"\" width=\"800\" height=\"600\" srcset=\"https:\/\/www.sabine-seyffert.de\/blog\/wp-content\/uploads\/2021\/09\/Kranz-Bl\u00e4tterdruck-Sabine-Seyffert.de-10.jpg 800w, https:\/\/www.sabine-seyffert.de\/blog\/wp-content\/uploads\/2021\/09\/Kranz-Bl\u00e4tterdruck-Sabine-Seyffert.de-10-300x225.jpg 300w, https:\/\/www.sabine-seyffert.de\/blog\/wp-content\/uploads\/2021\/09\/Kranz-Bl\u00e4tterdruck-Sabine-Seyffert.de-10-768x576.jpg 768w\" sizes=\"auto, (max-width: 800px) 100vw, 800px\" \/><\/a><\/p>\n<p style=\"text-align: justify;\"><strong>So wird\u2019s gemacht:<\/strong><br \/>\nZuerst zerschneidet man einen leeren Pappkarton. Auf der gro\u00dfen Seite zeichnet man sich mit Hilfe des Zirkels einen Kreis in der gew\u00fcnschten Gr\u00f6\u00dfe.<\/p>\n<p style=\"text-align: center;\"><a href=\"https:\/\/www.sabine-seyffert.de\/blog\/wp-content\/uploads\/2021\/09\/Kranz-Bl\u00e4tterdruck-Sabine-Seyffert.de-9.jpg\"><img loading=\"lazy\" decoding=\"async\" class=\"alignnone size-full wp-image-21327\" src=\"https:\/\/www.sabine-seyffert.de\/blog\/wp-content\/uploads\/2021\/09\/Kranz-Bl\u00e4tterdruck-Sabine-Seyffert.de-9.jpg\" alt=\"\" width=\"800\" height=\"600\" srcset=\"https:\/\/www.sabine-seyffert.de\/blog\/wp-content\/uploads\/2021\/09\/Kranz-Bl\u00e4tterdruck-Sabine-Seyffert.de-9.jpg 800w, https:\/\/www.sabine-seyffert.de\/blog\/wp-content\/uploads\/2021\/09\/Kranz-Bl\u00e4tterdruck-Sabine-Seyffert.de-9-300x225.jpg 300w, https:\/\/www.sabine-seyffert.de\/blog\/wp-content\/uploads\/2021\/09\/Kranz-Bl\u00e4tterdruck-Sabine-Seyffert.de-9-768x576.jpg 768w\" sizes=\"auto, (max-width: 800px) 100vw, 800px\" \/><\/a><\/p>\n<p style=\"text-align: justify;\">In diesen Kreis hinein wird mit dem Zirkel noch ein innerer Kreis gemalt, so dass der Kreis eine Breite von etwa 4-5 cm hat.<\/p>\n<p style=\"text-align: center;\"><a href=\"https:\/\/www.sabine-seyffert.de\/blog\/wp-content\/uploads\/2021\/09\/Kranz-Bl\u00e4tterdruck-Sabine-Seyffert.de-8.jpg\"><img loading=\"lazy\" decoding=\"async\" class=\"alignnone size-full wp-image-21328\" src=\"https:\/\/www.sabine-seyffert.de\/blog\/wp-content\/uploads\/2021\/09\/Kranz-Bl\u00e4tterdruck-Sabine-Seyffert.de-8.jpg\" alt=\"\" width=\"800\" height=\"600\" srcset=\"https:\/\/www.sabine-seyffert.de\/blog\/wp-content\/uploads\/2021\/09\/Kranz-Bl\u00e4tterdruck-Sabine-Seyffert.de-8.jpg 800w, https:\/\/www.sabine-seyffert.de\/blog\/wp-content\/uploads\/2021\/09\/Kranz-Bl\u00e4tterdruck-Sabine-Seyffert.de-8-300x225.jpg 300w, https:\/\/www.sabine-seyffert.de\/blog\/wp-content\/uploads\/2021\/09\/Kranz-Bl\u00e4tterdruck-Sabine-Seyffert.de-8-768x576.jpg 768w\" sizes=\"auto, (max-width: 800px) 100vw, 800px\" \/><\/a><\/p>\n<p style=\"text-align: justify;\">Die genauen Ma\u00dfe k\u00f6nnt ihr nat\u00fcrlich variieren und euren gesammelten und gestempelten Bl\u00e4ttern entsprechend anpassen! Mit Hilfe des Cutters schneidet ihr den Kreis aus.<\/p>\n<p style=\"text-align: center;\"><a href=\"https:\/\/www.sabine-seyffert.de\/blog\/wp-content\/uploads\/2021\/09\/Kranz-Bl\u00e4tterdruck-Sabine-Seyffert.de-7.jpg\"><img loading=\"lazy\" decoding=\"async\" class=\"alignnone size-full wp-image-21329\" src=\"https:\/\/www.sabine-seyffert.de\/blog\/wp-content\/uploads\/2021\/09\/Kranz-Bl\u00e4tterdruck-Sabine-Seyffert.de-7.jpg\" alt=\"\" width=\"800\" height=\"600\" srcset=\"https:\/\/www.sabine-seyffert.de\/blog\/wp-content\/uploads\/2021\/09\/Kranz-Bl\u00e4tterdruck-Sabine-Seyffert.de-7.jpg 800w, https:\/\/www.sabine-seyffert.de\/blog\/wp-content\/uploads\/2021\/09\/Kranz-Bl\u00e4tterdruck-Sabine-Seyffert.de-7-300x225.jpg 300w, https:\/\/www.sabine-seyffert.de\/blog\/wp-content\/uploads\/2021\/09\/Kranz-Bl\u00e4tterdruck-Sabine-Seyffert.de-7-768x576.jpg 768w\" sizes=\"auto, (max-width: 800px) 100vw, 800px\" \/><\/a><\/p>\n<p style=\"text-align: justify;\">Aus den Kartoffeln fertigt ihr euch verschiedene Bl\u00e4tterstempel an, wie in <a href=\"https:\/\/www.sabine-seyffert.de\/blog\/?p=17608\" target=\"_blank\" rel=\"noopener noreferrer\">dieser Bastelanleitung<\/a> ausf\u00fchrlich beschrieben. Au\u00dferdem schneidet ihr aus der d\u00fcnnen, unbedruckten Pappe ovale Bl\u00fctenbl\u00e4tter aus.<\/p>\n<p style=\"text-align: center;\"><a href=\"https:\/\/www.sabine-seyffert.de\/blog\/wp-content\/uploads\/2021\/09\/Kranz-Bl\u00e4tterdruck-Sabine-Seyffert.de-6.jpg\"><img loading=\"lazy\" decoding=\"async\" class=\"alignnone size-full wp-image-21330\" src=\"https:\/\/www.sabine-seyffert.de\/blog\/wp-content\/uploads\/2021\/09\/Kranz-Bl\u00e4tterdruck-Sabine-Seyffert.de-6.jpg\" alt=\"\" width=\"800\" height=\"600\" srcset=\"https:\/\/www.sabine-seyffert.de\/blog\/wp-content\/uploads\/2021\/09\/Kranz-Bl\u00e4tterdruck-Sabine-Seyffert.de-6.jpg 800w, https:\/\/www.sabine-seyffert.de\/blog\/wp-content\/uploads\/2021\/09\/Kranz-Bl\u00e4tterdruck-Sabine-Seyffert.de-6-300x225.jpg 300w, https:\/\/www.sabine-seyffert.de\/blog\/wp-content\/uploads\/2021\/09\/Kranz-Bl\u00e4tterdruck-Sabine-Seyffert.de-6-768x576.jpg 768w\" sizes=\"auto, (max-width: 800px) 100vw, 800px\" \/><\/a><\/p>\n<p style=\"text-align: justify;\">Auf den Pappkreis streicht ihr gleichm\u00e4\u00dfig Kleber und befestigt, leicht versetzt, gepresste Bl\u00e4tter, Pappbl\u00e4tter und gedruckte Herbstbl\u00e4tter darauf. Ganz zum Schluss kann man mit Hei\u00dfkleber noch kleine Tannenzapfen oder Beeren darauf befestigen.<\/p>\n<p style=\"text-align: center;\"><a href=\"https:\/\/www.sabine-seyffert.de\/blog\/wp-content\/uploads\/2021\/09\/Kranz-Bl\u00e4tterdruck-Sabine-Seyffert.de-5.jpg\"><img loading=\"lazy\" decoding=\"async\" class=\"alignnone size-full wp-image-21326\" src=\"https:\/\/www.sabine-seyffert.de\/blog\/wp-content\/uploads\/2021\/09\/Kranz-Bl\u00e4tterdruck-Sabine-Seyffert.de-5.jpg\" alt=\"\" width=\"800\" height=\"600\" srcset=\"https:\/\/www.sabine-seyffert.de\/blog\/wp-content\/uploads\/2021\/09\/Kranz-Bl\u00e4tterdruck-Sabine-Seyffert.de-5.jpg 800w, https:\/\/www.sabine-seyffert.de\/blog\/wp-content\/uploads\/2021\/09\/Kranz-Bl\u00e4tterdruck-Sabine-Seyffert.de-5-300x225.jpg 300w, https:\/\/www.sabine-seyffert.de\/blog\/wp-content\/uploads\/2021\/09\/Kranz-Bl\u00e4tterdruck-Sabine-Seyffert.de-5-768x576.jpg 768w\" sizes=\"auto, (max-width: 800px) 100vw, 800px\" \/><\/a><\/p>\n<p style=\"text-align: justify;\"><strong>Ein kleiner Tipp:<\/strong> Wenn ihr den Kranz am Fenster oder frei im Raum h\u00e4ngend als Deko nutzen wollt, beklebt auch die R\u00fcckseite auf diese Weise mit den herbstlichen Elementen, damit er von beiden Seiten gleicherma\u00dfen sch\u00f6n aussieht!<\/p>\n<p style=\"text-align: center;\"><a href=\"https:\/\/www.sabine-seyffert.de\/blog\/wp-content\/uploads\/2021\/09\/Kranz-Bl\u00e4tterdruck-Sabine-Seyffert.de-3.jpg\"><img loading=\"lazy\" decoding=\"async\" class=\"alignnone size-full wp-image-21325\" src=\"https:\/\/www.sabine-seyffert.de\/blog\/wp-content\/uploads\/2021\/09\/Kranz-Bl\u00e4tterdruck-Sabine-Seyffert.de-3.jpg\" alt=\"\" width=\"600\" height=\"800\" srcset=\"https:\/\/www.sabine-seyffert.de\/blog\/wp-content\/uploads\/2021\/09\/Kranz-Bl\u00e4tterdruck-Sabine-Seyffert.de-3.jpg 600w, https:\/\/www.sabine-seyffert.de\/blog\/wp-content\/uploads\/2021\/09\/Kranz-Bl\u00e4tterdruck-Sabine-Seyffert.de-3-225x300.jpg 225w\" sizes=\"auto, (max-width: 600px) 100vw, 600px\" \/><\/a><\/p>\n<p style=\"text-align: justify;\">Zum Schluss noch oben mittig ein Loch mit der Lochzange hineindr\u00fccken, etwas Kordel durchziehen und aufh\u00e4ngen!<\/p>\n<p style=\"text-align: center;\"><a href=\"https:\/\/www.sabine-seyffert.de\/blog\/wp-content\/uploads\/2021\/09\/Kranz-Bl\u00e4tterdruck-Sabine-Seyffert.de-1.jpg\"><img loading=\"lazy\" decoding=\"async\" class=\"alignnone size-full wp-image-21324\" src=\"https:\/\/www.sabine-seyffert.de\/blog\/wp-content\/uploads\/2021\/09\/Kranz-Bl\u00e4tterdruck-Sabine-Seyffert.de-1.jpg\" alt=\"\" width=\"600\" height=\"800\" srcset=\"https:\/\/www.sabine-seyffert.de\/blog\/wp-content\/uploads\/2021\/09\/Kranz-Bl\u00e4tterdruck-Sabine-Seyffert.de-1.jpg 600w, https:\/\/www.sabine-seyffert.de\/blog\/wp-content\/uploads\/2021\/09\/Kranz-Bl\u00e4tterdruck-Sabine-Seyffert.de-1-225x300.jpg 225w\" sizes=\"auto, (max-width: 600px) 100vw, 600px\" \/><\/a><\/p>\n<p style=\"text-align: justify;\">Weitere kreative Deko Ideen findet ihr \u00fcbrigens in <a href=\"https:\/\/www.sabine-seyffert.de\/blog\/?cat=12\" target=\"_blank\" rel=\"noopener noreferrer\">dieser Blog Kategorie<\/a>, tolle Upcycling Ideen zum Nachmachen gibt es in <a href=\"https:\/\/www.sabine-seyffert.de\/blog\/?cat=47\" target=\"_blank\" rel=\"noopener noreferrer\">diesem Ordner<\/a>, alle Ideen rund um den Herbst sind <a href=\"https:\/\/www.sabine-seyffert.de\/blog\/?cat=25\" target=\"_blank\" rel=\"noopener noreferrer\">hier<\/a> zu finden und andere kreative Sachen gibt es dort.<\/p>\n<p style=\"text-align: center;\"><a href=\"https:\/\/www.sabine-seyffert.de\/blog\/wp-content\/uploads\/2021\/09\/Kranz-Bl\u00e4tterdruck-Sabine-Seyffert.de-4.jpg\"><img loading=\"lazy\" decoding=\"async\" class=\"alignnone size-full wp-image-21323\" src=\"https:\/\/www.sabine-seyffert.de\/blog\/wp-content\/uploads\/2021\/09\/Kranz-Bl\u00e4tterdruck-Sabine-Seyffert.de-4.jpg\" alt=\"\" width=\"600\" height=\"800\" srcset=\"https:\/\/www.sabine-seyffert.de\/blog\/wp-content\/uploads\/2021\/09\/Kranz-Bl\u00e4tterdruck-Sabine-Seyffert.de-4.jpg 600w, https:\/\/www.sabine-seyffert.de\/blog\/wp-content\/uploads\/2021\/09\/Kranz-Bl\u00e4tterdruck-Sabine-Seyffert.de-4-225x300.jpg 225w\" sizes=\"auto, (max-width: 600px) 100vw, 600px\" \/><\/a><\/p>\n<p style=\"text-align: justify;\"><a href=\"https:\/\/www.sabine-seyffert.de\/blog\/?page_id=32#urheberrecht\">urheberrechtlich gesch\u00fctzt<\/a>, \u00a9 Sabine Seyffert<\/p>\n","protected":false},"excerpt":{"rendered":"<p>Von dieser selbst gemachten Herbstdeko hatten wir noch einen Schwung an bunten Herbstbl\u00e4ttern \u00fcbrig, die ich endlich mal verbasteln wollte. Au\u00dferdem hatten wir bei einem kleinen Spaziergang noch Herbstbl\u00e4tter gesammelt und gepresst. Also kam mir die Idee, diese beiden Bl\u00e4tterarten als kleine Deko zu kombinieren und habe ganz spontan einen kleinen Herbstkranz f\u00fcr die T\u00fcr&#8230; <a href=\"https:\/\/www.sabine-seyffert.de\/blog\/diy-bastelidee-herbstkranz-upcycling-mit-kartoffeldruck-blaettern-herbstlaub-pappe\/\" class=\"more-link\">Read more: DIY Bastelidee: Herbstkranz Upcycling mit Kartoffeldruck Bl\u00e4ttern, Herbstlaub &#038; Pappe<\/a><\/p>\n","protected":false},"author":2,"featured_media":0,"comment_status":"open","ping_status":"open","sticky":false,"template":"","format":"standard","meta":{"_metis_text_type":"","_metis_text_length":2364,"_post_count":0,"footnotes":""},"categories":[12,25,47],"tags":[],"class_list":["post-21320","post","type-post","status-publish","format-standard","hentry","category-deko-ideen","category-herbst","category-upcyceltes"],"_links":{"self":[{"href":"https:\/\/www.sabine-seyffert.de\/blog\/wp-json\/wp\/v2\/posts\/21320","targetHints":{"allow":["GET"]}}],"collection":[{"href":"https:\/\/www.sabine-seyffert.de\/blog\/wp-json\/wp\/v2\/posts"}],"about":[{"href":"https:\/\/www.sabine-seyffert.de\/blog\/wp-json\/wp\/v2\/types\/post"}],"author":[{"embeddable":true,"href":"https:\/\/www.sabine-seyffert.de\/blog\/wp-json\/wp\/v2\/users\/2"}],"replies":[{"embeddable":true,"href":"https:\/\/www.sabine-seyffert.de\/blog\/wp-json\/wp\/v2\/comments?post=21320"}],"version-history":[{"count":3,"href":"https:\/\/www.sabine-seyffert.de\/blog\/wp-json\/wp\/v2\/posts\/21320\/revisions"}],"predecessor-version":[{"id":21333,"href":"https:\/\/www.sabine-seyffert.de\/blog\/wp-json\/wp\/v2\/posts\/21320\/revisions\/21333"}],"wp:attachment":[{"href":"https:\/\/www.sabine-seyffert.de\/blog\/wp-json\/wp\/v2\/media?parent=21320"}],"wp:term":[{"taxonomy":"category","embeddable":true,"href":"https:\/\/www.sabine-seyffert.de\/blog\/wp-json\/wp\/v2\/categories?post=21320"},{"taxonomy":"post_tag","embeddable":true,"href":"https:\/\/www.sabine-seyffert.de\/blog\/wp-json\/wp\/v2\/tags?post=21320"}],"curies":[{"name":"wp","href":"https:\/\/api.w.org\/{rel}","templated":true}]}}