{"id":21239,"date":"2021-09-22T06:00:47","date_gmt":"2021-09-22T04:00:47","guid":{"rendered":"https:\/\/www.sabine-seyffert.de\/blog\/?p=21239"},"modified":"2021-09-27T08:41:44","modified_gmt":"2021-09-27T06:41:44","slug":"diy-bastelidee-fuer-kinder-fuchs-aus-handabdruck-basteln-selbermachen","status":"publish","type":"post","link":"https:\/\/www.sabine-seyffert.de\/blog\/diy-bastelidee-fuer-kinder-fuchs-aus-handabdruck-basteln-selbermachen\/","title":{"rendered":"DIY Bastelidee f\u00fcr Kinder: Fuchs aus Handabdruck basteln &#038; selbermachen"},"content":{"rendered":"<p style=\"text-align: justify;\"><img loading=\"lazy\" decoding=\"async\" src=\"https:\/\/vg06.met.vgwort.de\/na\/3f2e7773afc5479586ef9a60c2ebecd2\" alt=\"\" width=\"1\" height=\"1\" \/>Ich pers\u00f6nlich mag es sehr mit gestempelten Handabdr\u00fccken zu Basteln. Allerdings sind meine Kinder daf\u00fcr inzwischen zu gro\u00df und haben auch gr\u00f6\u00dfere H\u00e4nde als ich \ud83d\ude09 Daher freuen sich inzwischen kleinere Kinder im Verwandten &amp; Freundeskreis immer, wenn sie mit mir gemeinsam H\u00e4nde stempeln d\u00fcrfen. Nach dem <a href=\"https:\/\/www.sabine-seyffert.de\/blog\/?p=16362\" target=\"_blank\" rel=\"noopener noreferrer\">stolzen Pfau<\/a>, der <a href=\"https:\/\/www.sabine-seyffert.de\/blog\/?p=16093\" target=\"_blank\" rel=\"noopener noreferrer\">Upcycling Giraffe<\/a>, dem <a href=\"https:\/\/www.sabine-seyffert.de\/blog\/?p=16554\" target=\"_blank\" rel=\"noopener noreferrer\">entspannten Faultier<\/a>, den kleinen Igeln, dem <a href=\"https:\/\/www.sabine-seyffert.de\/blog\/?p=17097\" target=\"_blank\" rel=\"noopener noreferrer\">sommerlichen Flamingo<\/a>, den <a href=\"https:\/\/www.sabine-seyffert.de\/blog\/?p=16654\" target=\"_blank\" rel=\"noopener noreferrer\">witzigen Erdbeeren<\/a> oder auch den <a href=\"https:\/\/www.sabine-seyffert.de\/blog\/?p=16014\" target=\"_blank\" rel=\"noopener noreferrer\">Kranz mit bunten Blumen<\/a> oder der <a href=\"https:\/\/www.sabine-seyffert.de\/blog\/?p=14831\" target=\"_blank\" rel=\"noopener noreferrer\">sommerlichen Variante mit Papierbooten<\/a> gibt es heute herbstliche F\u00fcchse.<\/p>\n<p style=\"text-align: center;\"><a href=\"https:\/\/www.sabine-seyffert.de\/blog\/wp-content\/uploads\/2021\/09\/Fuchs-Hand-Sabine-Seyffert.de-3.jpg\"><img loading=\"lazy\" decoding=\"async\" class=\"alignnone size-full wp-image-21240\" src=\"https:\/\/www.sabine-seyffert.de\/blog\/wp-content\/uploads\/2021\/09\/Fuchs-Hand-Sabine-Seyffert.de-3.jpg\" alt=\"\" width=\"800\" height=\"600\" srcset=\"https:\/\/www.sabine-seyffert.de\/blog\/wp-content\/uploads\/2021\/09\/Fuchs-Hand-Sabine-Seyffert.de-3.jpg 800w, https:\/\/www.sabine-seyffert.de\/blog\/wp-content\/uploads\/2021\/09\/Fuchs-Hand-Sabine-Seyffert.de-3-300x225.jpg 300w, https:\/\/www.sabine-seyffert.de\/blog\/wp-content\/uploads\/2021\/09\/Fuchs-Hand-Sabine-Seyffert.de-3-768x576.jpg 768w\" sizes=\"auto, (max-width: 800px) 100vw, 800px\" \/><\/a><\/p>\n<p style=\"text-align: justify;\"><strong>Das wird gebraucht:<\/strong><br \/>\nKleine Holzkn\u00f6pfe, d\u00fcnne Pappe oder Kraftpapier, eine alte Tageszeitung, einen Wasserfarbkasten inklusiv Deckwei\u00df, Pinsel, Bastelfarbe in orange und wei\u00df, Kordel, Stoffrest oder etwas Bastelfilz, ein paar Schalen von Pistazien, eine Bastelschere, Kleber \/ Klebstoff sowie optional eine Hei\u00dfklebepistole samt Klebepatrone<\/p>\n<p style=\"text-align: center;\"><a href=\"https:\/\/www.sabine-seyffert.de\/blog\/wp-content\/uploads\/2021\/09\/Fuchs-Hand-Sabine-Seyffert.de_.jpg\"><img loading=\"lazy\" decoding=\"async\" class=\"alignnone size-full wp-image-21241\" src=\"https:\/\/www.sabine-seyffert.de\/blog\/wp-content\/uploads\/2021\/09\/Fuchs-Hand-Sabine-Seyffert.de_.jpg\" alt=\"\" width=\"800\" height=\"600\" srcset=\"https:\/\/www.sabine-seyffert.de\/blog\/wp-content\/uploads\/2021\/09\/Fuchs-Hand-Sabine-Seyffert.de_.jpg 800w, https:\/\/www.sabine-seyffert.de\/blog\/wp-content\/uploads\/2021\/09\/Fuchs-Hand-Sabine-Seyffert.de_-300x225.jpg 300w, https:\/\/www.sabine-seyffert.de\/blog\/wp-content\/uploads\/2021\/09\/Fuchs-Hand-Sabine-Seyffert.de_-768x576.jpg 768w\" sizes=\"auto, (max-width: 800px) 100vw, 800px\" \/><\/a><\/p>\n<p style=\"text-align: justify;\"><strong>So wird\u2019s gemacht:<\/strong><br \/>\nSchnell den Tisch abdecken und <a href=\"https:\/\/www.sabine-seyffert.de\/blog\/?p=12310\" target=\"_blank\" rel=\"noopener noreferrer\">Malkittel<\/a> \u00fcberziehen. Dann werden die H\u00e4nde bemalt. Da wir auf Kraftpapier gestempelt haben, haben wir Acrylfarbe zum Malen verwendet, da diese besser deckt. Es klappt aber auch auf hellerem Papier prima mit Wasserfarben.<\/p>\n<p style=\"text-align: center;\"><a href=\"https:\/\/www.sabine-seyffert.de\/blog\/wp-content\/uploads\/2021\/09\/Fuchs-Hand-Sabine-Seyffert.de-0.jpg\"><img loading=\"lazy\" decoding=\"async\" class=\"alignnone size-full wp-image-21245\" src=\"https:\/\/www.sabine-seyffert.de\/blog\/wp-content\/uploads\/2021\/09\/Fuchs-Hand-Sabine-Seyffert.de-0.jpg\" alt=\"\" width=\"800\" height=\"600\" srcset=\"https:\/\/www.sabine-seyffert.de\/blog\/wp-content\/uploads\/2021\/09\/Fuchs-Hand-Sabine-Seyffert.de-0.jpg 800w, https:\/\/www.sabine-seyffert.de\/blog\/wp-content\/uploads\/2021\/09\/Fuchs-Hand-Sabine-Seyffert.de-0-300x225.jpg 300w, https:\/\/www.sabine-seyffert.de\/blog\/wp-content\/uploads\/2021\/09\/Fuchs-Hand-Sabine-Seyffert.de-0-768x576.jpg 768w\" sizes=\"auto, (max-width: 800px) 100vw, 800px\" \/><\/a><\/p>\n<p style=\"text-align: justify;\">Beim Bemalen der H\u00e4nde achtet darauf viel Farbe und nicht zu viel Wasser zu nehmen, da die Farbe sonst an den Armen hinunterl\u00e4uft\u2026<\/p>\n<p style=\"text-align: center;\"><a href=\"https:\/\/www.sabine-seyffert.de\/blog\/wp-content\/uploads\/2021\/09\/Fuchs-Hand-Sabine-Seyffert.de-8.jpg\"><img loading=\"lazy\" decoding=\"async\" class=\"alignnone size-full wp-image-21246\" src=\"https:\/\/www.sabine-seyffert.de\/blog\/wp-content\/uploads\/2021\/09\/Fuchs-Hand-Sabine-Seyffert.de-8.jpg\" alt=\"\" width=\"800\" height=\"600\" srcset=\"https:\/\/www.sabine-seyffert.de\/blog\/wp-content\/uploads\/2021\/09\/Fuchs-Hand-Sabine-Seyffert.de-8.jpg 800w, https:\/\/www.sabine-seyffert.de\/blog\/wp-content\/uploads\/2021\/09\/Fuchs-Hand-Sabine-Seyffert.de-8-300x225.jpg 300w, https:\/\/www.sabine-seyffert.de\/blog\/wp-content\/uploads\/2021\/09\/Fuchs-Hand-Sabine-Seyffert.de-8-768x576.jpg 768w\" sizes=\"auto, (max-width: 800px) 100vw, 800px\" \/><\/a><\/p>\n<p style=\"text-align: justify;\">Sobald die Farbe getrocknet ist, kann man aus <a href=\"https:\/\/www.sabine-seyffert.de\/blog\/?p=13917\" target=\"_blank\" rel=\"noopener noreferrer\">selbst gemachtem Bastelpapier<\/a> (Zeitung &amp; Deckwei\u00df) pro F\u00fcchslein zwei Augen ausschneiden und aufkleben. An die Nase klebt man 3-4 St\u00fcck Kordel und setzt einen kleinen Knopf dar\u00fcber.<\/p>\n<p style=\"text-align: center;\"><a href=\"https:\/\/www.sabine-seyffert.de\/blog\/wp-content\/uploads\/2021\/09\/Fuchs-Hand-Sabine-Seyffert.de-7.jpg\"><img loading=\"lazy\" decoding=\"async\" class=\"alignnone size-full wp-image-21247\" src=\"https:\/\/www.sabine-seyffert.de\/blog\/wp-content\/uploads\/2021\/09\/Fuchs-Hand-Sabine-Seyffert.de-7.jpg\" alt=\"\" width=\"800\" height=\"600\" srcset=\"https:\/\/www.sabine-seyffert.de\/blog\/wp-content\/uploads\/2021\/09\/Fuchs-Hand-Sabine-Seyffert.de-7.jpg 800w, https:\/\/www.sabine-seyffert.de\/blog\/wp-content\/uploads\/2021\/09\/Fuchs-Hand-Sabine-Seyffert.de-7-300x225.jpg 300w, https:\/\/www.sabine-seyffert.de\/blog\/wp-content\/uploads\/2021\/09\/Fuchs-Hand-Sabine-Seyffert.de-7-768x576.jpg 768w\" sizes=\"auto, (max-width: 800px) 100vw, 800px\" \/><\/a><\/p>\n<p style=\"text-align: justify;\">Die Ohren haben wir aus Filz geschnitten, die mit Pistazienschalen beklebt sind.<\/p>\n<p style=\"text-align: center;\"><a href=\"https:\/\/www.sabine-seyffert.de\/blog\/wp-content\/uploads\/2021\/09\/Fuchs-Hand-Sabine-Seyffert.de-6.jpg\"><img loading=\"lazy\" decoding=\"async\" class=\"alignnone size-full wp-image-21248\" src=\"https:\/\/www.sabine-seyffert.de\/blog\/wp-content\/uploads\/2021\/09\/Fuchs-Hand-Sabine-Seyffert.de-6.jpg\" alt=\"\" width=\"800\" height=\"600\" srcset=\"https:\/\/www.sabine-seyffert.de\/blog\/wp-content\/uploads\/2021\/09\/Fuchs-Hand-Sabine-Seyffert.de-6.jpg 800w, https:\/\/www.sabine-seyffert.de\/blog\/wp-content\/uploads\/2021\/09\/Fuchs-Hand-Sabine-Seyffert.de-6-300x225.jpg 300w, https:\/\/www.sabine-seyffert.de\/blog\/wp-content\/uploads\/2021\/09\/Fuchs-Hand-Sabine-Seyffert.de-6-768x576.jpg 768w\" sizes=\"auto, (max-width: 800px) 100vw, 800px\" \/><\/a><\/p>\n<p style=\"text-align: justify;\">Alternativ kann man auch Pappe orange bemalen oder das selbst gemachte Bastelpapier aus Zeitung und Wasserfarbe verwenden.<\/p>\n<p style=\"text-align: center;\"><a href=\"https:\/\/www.sabine-seyffert.de\/blog\/wp-content\/uploads\/2021\/09\/Fuchs-Hand-Sabine-Seyffert.de-5.jpg\"><img loading=\"lazy\" decoding=\"async\" class=\"alignnone size-full wp-image-21249\" src=\"https:\/\/www.sabine-seyffert.de\/blog\/wp-content\/uploads\/2021\/09\/Fuchs-Hand-Sabine-Seyffert.de-5.jpg\" alt=\"\" width=\"800\" height=\"600\" srcset=\"https:\/\/www.sabine-seyffert.de\/blog\/wp-content\/uploads\/2021\/09\/Fuchs-Hand-Sabine-Seyffert.de-5.jpg 800w, https:\/\/www.sabine-seyffert.de\/blog\/wp-content\/uploads\/2021\/09\/Fuchs-Hand-Sabine-Seyffert.de-5-300x225.jpg 300w, https:\/\/www.sabine-seyffert.de\/blog\/wp-content\/uploads\/2021\/09\/Fuchs-Hand-Sabine-Seyffert.de-5-768x576.jpg 768w\" sizes=\"auto, (max-width: 800px) 100vw, 800px\" \/><\/a><\/p>\n<p style=\"text-align: justify;\">Je nachdem welches Bastelmaterial ihr zur Verf\u00fcgung habt und was euch am besten gef\u00e4llt.<\/p>\n<p style=\"text-align: center;\"><a href=\"https:\/\/www.sabine-seyffert.de\/blog\/wp-content\/uploads\/2021\/09\/Fuchs-Hand-Sabine-Seyffert.de-4.jpg\"><img loading=\"lazy\" decoding=\"async\" class=\"alignnone size-full wp-image-21244\" src=\"https:\/\/www.sabine-seyffert.de\/blog\/wp-content\/uploads\/2021\/09\/Fuchs-Hand-Sabine-Seyffert.de-4.jpg\" alt=\"\" width=\"800\" height=\"600\" srcset=\"https:\/\/www.sabine-seyffert.de\/blog\/wp-content\/uploads\/2021\/09\/Fuchs-Hand-Sabine-Seyffert.de-4.jpg 800w, https:\/\/www.sabine-seyffert.de\/blog\/wp-content\/uploads\/2021\/09\/Fuchs-Hand-Sabine-Seyffert.de-4-300x225.jpg 300w, https:\/\/www.sabine-seyffert.de\/blog\/wp-content\/uploads\/2021\/09\/Fuchs-Hand-Sabine-Seyffert.de-4-768x576.jpg 768w\" sizes=\"auto, (max-width: 800px) 100vw, 800px\" \/><\/a><\/p>\n<p style=\"text-align: justify;\"><strong>Ein kleiner Tipp:<\/strong><br \/>\nDie gestempelten F\u00fcchse lassen sich prima als Postkarte nutzen und verschicken. Vielleicht wollt ihr ja jemanden mit einem kleinen Herbstgru\u00df \u00fcberraschen? Einfach den Text auf der R\u00fcckseite notieren, in einen Briefumschlag stecken und frankieren \u2013 ab geht die Post!<\/p>\n<p style=\"text-align: center;\"><a href=\"https:\/\/www.sabine-seyffert.de\/blog\/wp-content\/uploads\/2021\/09\/Fuchs-Hand-Sabine-Seyffert.de-2.jpg\"><img loading=\"lazy\" decoding=\"async\" class=\"alignnone size-full wp-image-21243\" src=\"https:\/\/www.sabine-seyffert.de\/blog\/wp-content\/uploads\/2021\/09\/Fuchs-Hand-Sabine-Seyffert.de-2.jpg\" alt=\"\" width=\"800\" height=\"600\" srcset=\"https:\/\/www.sabine-seyffert.de\/blog\/wp-content\/uploads\/2021\/09\/Fuchs-Hand-Sabine-Seyffert.de-2.jpg 800w, https:\/\/www.sabine-seyffert.de\/blog\/wp-content\/uploads\/2021\/09\/Fuchs-Hand-Sabine-Seyffert.de-2-300x225.jpg 300w, https:\/\/www.sabine-seyffert.de\/blog\/wp-content\/uploads\/2021\/09\/Fuchs-Hand-Sabine-Seyffert.de-2-768x576.jpg 768w\" sizes=\"auto, (max-width: 800px) 100vw, 800px\" \/><\/a><\/p>\n<p style=\"text-align: justify;\">Zahlreiche Do-it-Yourself Ideen zum Thema Fuchs findet ihr in <a href=\"https:\/\/www.sabine-seyffert.de\/blog\/?cat=45\" target=\"_blank\" rel=\"noopener noreferrer\">der Rubrik \u201eFuchsgeburtstag\u201c<\/a>, weitere Bastelideen f\u00fcr Kinder gibt\u2019s \u00fcbrigens in <a href=\"https:\/\/www.sabine-seyffert.de\/blog\/?cat=32\" target=\"_blank\" rel=\"noopener noreferrer\">dieser Blog Kategorie<\/a>, selbst gemachte Gru\u00dfkarten mit Bastelanleitung gibt es in <a href=\"https:\/\/www.sabine-seyffert.de\/blog\/?cat=51\" target=\"_blank\" rel=\"noopener noreferrer\">dieser Rubrik<\/a>, alles rund um die Herbstzeit sind in <a href=\"https:\/\/www.sabine-seyffert.de\/blog\/?cat=25\" target=\"_blank\" rel=\"noopener noreferrer\">diesem Blog Ordner<\/a> oder <a href=\"https:\/\/www.pinterest.de\/diysabineseyffert\/\" target=\"_blank\" rel=\"noopener noreferrer\">meinen Pinnw\u00e4nden<\/a> und andere kreative Sachen <a href=\"http:\/\/www.lunaju.de\/2021\/09\/kiddikram-herbst-2021.html\" target=\"_blank\" rel=\"noopener noreferrer\">da<\/a>.<\/p>\n<p style=\"text-align: center;\"><a href=\"https:\/\/www.sabine-seyffert.de\/blog\/wp-content\/uploads\/2021\/09\/Fuchs-Hand-Sabine-Seyffert.de-1.jpg\"><img loading=\"lazy\" decoding=\"async\" class=\"alignnone size-full wp-image-21242\" src=\"https:\/\/www.sabine-seyffert.de\/blog\/wp-content\/uploads\/2021\/09\/Fuchs-Hand-Sabine-Seyffert.de-1.jpg\" alt=\"\" width=\"600\" height=\"800\" srcset=\"https:\/\/www.sabine-seyffert.de\/blog\/wp-content\/uploads\/2021\/09\/Fuchs-Hand-Sabine-Seyffert.de-1.jpg 600w, https:\/\/www.sabine-seyffert.de\/blog\/wp-content\/uploads\/2021\/09\/Fuchs-Hand-Sabine-Seyffert.de-1-225x300.jpg 225w\" sizes=\"auto, (max-width: 600px) 100vw, 600px\" \/><\/a><\/p>\n<p style=\"text-align: justify;\"><a href=\"https:\/\/www.sabine-seyffert.de\/blog\/?page_id=32#urheberrecht\">urheberrechtlich gesch\u00fctzt<\/a>, \u00a9 Sabine Seyffert<\/p>\n","protected":false},"excerpt":{"rendered":"<p>Ich pers\u00f6nlich mag es sehr mit gestempelten Handabdr\u00fccken zu Basteln. Allerdings sind meine Kinder daf\u00fcr inzwischen zu gro\u00df und haben auch gr\u00f6\u00dfere H\u00e4nde als ich \ud83d\ude09 Daher freuen sich inzwischen kleinere Kinder im Verwandten &amp; Freundeskreis immer, wenn sie mit mir gemeinsam H\u00e4nde stempeln d\u00fcrfen. Nach dem stolzen Pfau, der Upcycling Giraffe, dem entspannten Faultier,&#8230; <a href=\"https:\/\/www.sabine-seyffert.de\/blog\/diy-bastelidee-fuer-kinder-fuchs-aus-handabdruck-basteln-selbermachen\/\" class=\"more-link\">Read more: DIY Bastelidee f\u00fcr Kinder: Fuchs aus Handabdruck basteln &#038; selbermachen<\/a><\/p>\n","protected":false},"author":2,"featured_media":0,"comment_status":"open","ping_status":"open","sticky":false,"template":"","format":"standard","meta":{"_metis_text_type":"","_metis_text_length":2506,"_post_count":0,"footnotes":""},"categories":[32,25],"tags":[],"class_list":["post-21239","post","type-post","status-publish","format-standard","hentry","category-kreatives-fur-kleine-kinderhande","category-herbst"],"_links":{"self":[{"href":"https:\/\/www.sabine-seyffert.de\/blog\/wp-json\/wp\/v2\/posts\/21239","targetHints":{"allow":["GET"]}}],"collection":[{"href":"https:\/\/www.sabine-seyffert.de\/blog\/wp-json\/wp\/v2\/posts"}],"about":[{"href":"https:\/\/www.sabine-seyffert.de\/blog\/wp-json\/wp\/v2\/types\/post"}],"author":[{"embeddable":true,"href":"https:\/\/www.sabine-seyffert.de\/blog\/wp-json\/wp\/v2\/users\/2"}],"replies":[{"embeddable":true,"href":"https:\/\/www.sabine-seyffert.de\/blog\/wp-json\/wp\/v2\/comments?post=21239"}],"version-history":[{"count":5,"href":"https:\/\/www.sabine-seyffert.de\/blog\/wp-json\/wp\/v2\/posts\/21239\/revisions"}],"predecessor-version":[{"id":21287,"href":"https:\/\/www.sabine-seyffert.de\/blog\/wp-json\/wp\/v2\/posts\/21239\/revisions\/21287"}],"wp:attachment":[{"href":"https:\/\/www.sabine-seyffert.de\/blog\/wp-json\/wp\/v2\/media?parent=21239"}],"wp:term":[{"taxonomy":"category","embeddable":true,"href":"https:\/\/www.sabine-seyffert.de\/blog\/wp-json\/wp\/v2\/categories?post=21239"},{"taxonomy":"post_tag","embeddable":true,"href":"https:\/\/www.sabine-seyffert.de\/blog\/wp-json\/wp\/v2\/tags?post=21239"}],"curies":[{"name":"wp","href":"https:\/\/api.w.org\/{rel}","templated":true}]}}