{"id":2123,"date":"2013-07-15T06:30:38","date_gmt":"2013-07-15T04:30:38","guid":{"rendered":"http:\/\/www.sabine-seyffert.de\/blog\/?p=2123"},"modified":"2017-03-06T12:54:47","modified_gmt":"2017-03-06T10:54:47","slug":"sesamkranze-kleine-fladen-knusprige-kasebrotchen","status":"publish","type":"post","link":"https:\/\/www.sabine-seyffert.de\/blog\/sesamkranze-kleine-fladen-knusprige-kasebrotchen\/","title":{"rendered":"Sesamkr\u00e4nze, kleine Fladen &#038; knusprige K\u00e4sebr\u00f6tchen"},"content":{"rendered":"<p style=\"text-align: center;\"><img loading=\"lazy\" decoding=\"async\" src=\"https:\/\/ssl-vg03.met.vgwort.de\/na\/f3980002ef5f496181434def9a52b9a0\" alt=\"\" width=\"1\" height=\"1\" \/><a href=\"http:\/\/www.sabine-seyffert.de\/blog\/wp-content\/uploads\/2013\/07\/Dreierlei-Brot-FLaden.jpg\"><img loading=\"lazy\" decoding=\"async\" class=\"alignnone size-full wp-image-2124\" src=\"http:\/\/www.sabine-seyffert.de\/blog\/wp-content\/uploads\/2013\/07\/Dreierlei-Brot-FLaden.jpg\" alt=\"Dreierlei Brot FLaden\" width=\"800\" height=\"600\" srcset=\"https:\/\/www.sabine-seyffert.de\/blog\/wp-content\/uploads\/2013\/07\/Dreierlei-Brot-FLaden.jpg 800w, https:\/\/www.sabine-seyffert.de\/blog\/wp-content\/uploads\/2013\/07\/Dreierlei-Brot-FLaden-300x225.jpg 300w\" sizes=\"auto, (max-width: 800px) 100vw, 800px\" \/><\/a><\/p>\n<p style=\"text-align: justify;\">Neulich gab es mittags bei uns \u201enur\u201c frischen, kunterbunten Salat, aus allen Salat- &amp; Gem\u00fcseresten, die der K\u00fchlschrank so zu bieten hatte. Wenn es drau\u00dfen warm und sonnig ist, bleibt die K\u00fcche bei uns schon mal kalt, wie man so sch\u00f6n sagt. Und als nette Beilage habe ich mir spontan dreierlei selbstgemachte Brotsorten ausgedacht und frisch gebacken. Denn frisch aus dem Ofen schmeckt es meist einfach besser. Die Zubereitung nimmt zwar doch allerhand Zeit in Anspruch, aber der Aufwand lohnt sich. Und wenn was \u00fcbrig bleibt, k\u00f6nnen die Kinder es am n\u00e4chsten Tag prima als gesunden Pausensnack mit in Kindergarten oder Schule nehmen. Auch bei einem sommerlichen Picknick im Garten, auf dem Spielplatz oder f\u00fcr ein Grillfest eignen sich die kleinen Brote prima.<\/p>\n<p style=\"text-align: center;\"><a href=\"http:\/\/www.sabine-seyffert.de\/blog\/wp-content\/uploads\/2013\/07\/Dreierlei-Brot-K\u00e4se.jpg\"><img loading=\"lazy\" decoding=\"async\" class=\"alignnone size-full wp-image-2125\" src=\"http:\/\/www.sabine-seyffert.de\/blog\/wp-content\/uploads\/2013\/07\/Dreierlei-Brot-K\u00e4se.jpg\" alt=\"Dreierlei Brot K\u00e4se\" width=\"800\" height=\"600\" srcset=\"https:\/\/www.sabine-seyffert.de\/blog\/wp-content\/uploads\/2013\/07\/Dreierlei-Brot-K\u00e4se.jpg 800w, https:\/\/www.sabine-seyffert.de\/blog\/wp-content\/uploads\/2013\/07\/Dreierlei-Brot-K\u00e4se-300x225.jpg 300w\" sizes=\"auto, (max-width: 800px) 100vw, 800px\" \/><\/a><\/p>\n<p style=\"text-align: justify;\"><strong>Das wird gebraucht:<\/strong><br \/>\n500 gr Mehl, 80 ml Oliven\u00f6l, 1 EL Salz, 1 -2 EL Bruschetta Gew\u00fcrzmischung, 1 Ei, 1 Becher Naturjoghurt, \u00bd W\u00fcrfel Hefe, 1 P\u00e4ckchen Backpulver, Wasser, Wasser zum Einpinseln, Sesam ungesch\u00e4lt, schwarzer K\u00fcmmel, geriebener K\u00e4se<\/p>\n<p style=\"text-align: center;\"><a href=\"http:\/\/www.sabine-seyffert.de\/blog\/wp-content\/uploads\/2013\/07\/Dreierlei-Brot-Sesam.jpg\"><img loading=\"lazy\" decoding=\"async\" class=\"alignnone size-full wp-image-2126\" src=\"http:\/\/www.sabine-seyffert.de\/blog\/wp-content\/uploads\/2013\/07\/Dreierlei-Brot-Sesam.jpg\" alt=\"Dreierlei Brot Sesam\" width=\"800\" height=\"589\" srcset=\"https:\/\/www.sabine-seyffert.de\/blog\/wp-content\/uploads\/2013\/07\/Dreierlei-Brot-Sesam.jpg 800w, https:\/\/www.sabine-seyffert.de\/blog\/wp-content\/uploads\/2013\/07\/Dreierlei-Brot-Sesam-300x220.jpg 300w\" sizes=\"auto, (max-width: 800px) 100vw, 800px\" \/><\/a><\/p>\n<p style=\"text-align: justify;\"><strong>So wird\u2019s gemacht:<\/strong><br \/>\nAus Mehl, \u00d6l, Salz, Gew\u00fcrz, Ei, Joghurt und Wasser bereitet man einen Hefeteig zu, wie <a href=\"http:\/\/www.sabine-seyffert.de\/blog\/?p=1350\" target=\"_blank\">hier<\/a> ausf\u00fchrlich beschrieben. Diesen l\u00e4sst man etwa 45-60 Minuten ruhen, bis sich der Teig deutlich vergr\u00f6\u00dfert hat.<br \/>\nDiesen knetet man nochmals gut durch und kann dann kreativ ans Werk gehen: Aus einem Teil des Teigs habe ich kleine, runde Br\u00f6tchen gerollt und mit geriebenem K\u00e4se bestreut. Dann habe ich einige, kleinere Teigfladen aufs Blech gelegt, die ich mit der Gabel gr\u00fcndlich eingestochen und mit schwarzem K\u00fcmmel bestreut habe. Aus dem restlichen Teig wurden kleine Kringel, die eine Sesamschicht bekamen. Alles sch\u00f6n handgerecht im Mini Format.<\/p>\n<p style=\"text-align: center;\"><a href=\"http:\/\/www.sabine-seyffert.de\/blog\/wp-content\/uploads\/2013\/07\/Dreierlei-Brot-jpg.jpg\"><img loading=\"lazy\" decoding=\"async\" class=\"alignnone size-full wp-image-2127\" src=\"http:\/\/www.sabine-seyffert.de\/blog\/wp-content\/uploads\/2013\/07\/Dreierlei-Brot-jpg.jpg\" alt=\"Dreierlei Brot jpg\" width=\"800\" height=\"600\" srcset=\"https:\/\/www.sabine-seyffert.de\/blog\/wp-content\/uploads\/2013\/07\/Dreierlei-Brot-jpg.jpg 800w, https:\/\/www.sabine-seyffert.de\/blog\/wp-content\/uploads\/2013\/07\/Dreierlei-Brot-jpg-300x225.jpg 300w\" sizes=\"auto, (max-width: 800px) 100vw, 800px\" \/><\/a><\/p>\n<p style=\"text-align: justify;\">F\u00fcr meinen Geschmack h\u00e4tte noch etwas mehr Gew\u00fcrz in den Teig gekonnt, aber f\u00fcr die Kinder war es in dieser Form ideal. Leider waren die warmen Br\u00f6tchensorten schneller weg als gedacht. Beim n\u00e4chsten Mal also die doppelte Menge, damit noch ein Schwung f\u00fcr unterwegs \u00fcbrig bleibt!<\/p>\n<p style=\"text-align: justify;\">Mehr Rezepte gibt es heute bei <a href=\"http:\/\/nozdesign.blogspot.de\/2013\/07\/my-monday-mhhhhhh-31.html\" target=\"_blank\">Katjas Gl\u00fccksmomenten<\/a> \u2013 viel Spa\u00df beim Nachbacken!<\/p>\n<p><a href=\"http:\/\/www.sabine-seyffert.de\/blog\/?page_id=32#urheberrecht\">urherrechtlich gesch\u00fctzt<\/a>, \u00a9 Sabine Seyffert<\/p>\n","protected":false},"excerpt":{"rendered":"<p>Neulich gab es mittags bei uns \u201enur\u201c frischen, kunterbunten Salat, aus allen Salat- &amp; Gem\u00fcseresten, die der K\u00fchlschrank so zu bieten hatte. Wenn es drau\u00dfen warm und sonnig ist, bleibt die K\u00fcche bei uns schon mal kalt, wie man so sch\u00f6n sagt. Und als nette Beilage habe ich mir spontan dreierlei selbstgemachte Brotsorten ausgedacht und&#8230; <a href=\"https:\/\/www.sabine-seyffert.de\/blog\/sesamkranze-kleine-fladen-knusprige-kasebrotchen\/\" class=\"more-link\">Read more: Sesamkr\u00e4nze, kleine Fladen &#038; knusprige K\u00e4sebr\u00f6tchen<\/a><\/p>\n","protected":false},"author":2,"featured_media":0,"comment_status":"open","ping_status":"open","sticky":false,"template":"","format":"standard","meta":{"_metis_text_type":"","_metis_text_length":2076,"_post_count":0,"footnotes":""},"categories":[30],"tags":[],"class_list":["post-2123","post","type-post","status-publish","format-standard","hentry","category-rezepte-herzhaft"],"_links":{"self":[{"href":"https:\/\/www.sabine-seyffert.de\/blog\/wp-json\/wp\/v2\/posts\/2123","targetHints":{"allow":["GET"]}}],"collection":[{"href":"https:\/\/www.sabine-seyffert.de\/blog\/wp-json\/wp\/v2\/posts"}],"about":[{"href":"https:\/\/www.sabine-seyffert.de\/blog\/wp-json\/wp\/v2\/types\/post"}],"author":[{"embeddable":true,"href":"https:\/\/www.sabine-seyffert.de\/blog\/wp-json\/wp\/v2\/users\/2"}],"replies":[{"embeddable":true,"href":"https:\/\/www.sabine-seyffert.de\/blog\/wp-json\/wp\/v2\/comments?post=2123"}],"version-history":[{"count":12,"href":"https:\/\/www.sabine-seyffert.de\/blog\/wp-json\/wp\/v2\/posts\/2123\/revisions"}],"predecessor-version":[{"id":2148,"href":"https:\/\/www.sabine-seyffert.de\/blog\/wp-json\/wp\/v2\/posts\/2123\/revisions\/2148"}],"wp:attachment":[{"href":"https:\/\/www.sabine-seyffert.de\/blog\/wp-json\/wp\/v2\/media?parent=2123"}],"wp:term":[{"taxonomy":"category","embeddable":true,"href":"https:\/\/www.sabine-seyffert.de\/blog\/wp-json\/wp\/v2\/categories?post=2123"},{"taxonomy":"post_tag","embeddable":true,"href":"https:\/\/www.sabine-seyffert.de\/blog\/wp-json\/wp\/v2\/tags?post=2123"}],"curies":[{"name":"wp","href":"https:\/\/api.w.org\/{rel}","templated":true}]}}