{"id":21226,"date":"2021-09-20T06:00:33","date_gmt":"2021-09-20T04:00:33","guid":{"rendered":"https:\/\/www.sabine-seyffert.de\/blog\/?p=21226"},"modified":"2022-09-14T14:43:37","modified_gmt":"2022-09-14T12:43:37","slug":"kreative-beschaeftigung-fuer-kinder-wir-basteln-upcycling-igel-aus-pappe-wolle","status":"publish","type":"post","link":"https:\/\/www.sabine-seyffert.de\/blog\/kreative-beschaeftigung-fuer-kinder-wir-basteln-upcycling-igel-aus-pappe-wolle\/","title":{"rendered":"Kreative Besch\u00e4ftigung f\u00fcr Kinder: Wir basteln Upcycling Igel aus Pappe &#038; Wolle"},"content":{"rendered":"<p style=\"text-align: justify;\"><img loading=\"lazy\" decoding=\"async\" src=\"https:\/\/vg06.met.vgwort.de\/na\/d2d048e70f7f4afa826a74e452e12403\" alt=\"\" width=\"1\" height=\"1\" \/><\/p>\n<p style=\"text-align: justify;\">Im Herbst d\u00fcrfen Igel nicht fehlen. Wir haben zu dieser Jahreszeit des \u00d6fteren Igel in unserem Garten zu Besuch. Daher gibt es heute mal wieder eine kleine Bastelidee f\u00fcr euch, bei der ihr nicht nur basteln, sondern auch wickeln &amp; etwas spielen k\u00f6nnt. Das ben\u00f6tigte Bastelmaterial habt ihr mit Sicherheit zu Hause. Brauchen tut ihr nicht viel. Vor allem Pappe, Wollreste und eine Schere. Alles klar? Dann kann es ja losgehen!<\/p>\n<p style=\"text-align: center;\"><a href=\"https:\/\/www.sabine-seyffert.de\/blog\/wp-content\/uploads\/2021\/09\/Igel-Pappe-zum-Wickeln-Sabine-Seyffert.de-5.jpg\"><img loading=\"lazy\" decoding=\"async\" class=\"alignnone size-full wp-image-21229\" src=\"https:\/\/www.sabine-seyffert.de\/blog\/wp-content\/uploads\/2021\/09\/Igel-Pappe-zum-Wickeln-Sabine-Seyffert.de-5.jpg\" alt=\"\" width=\"800\" height=\"600\" srcset=\"https:\/\/www.sabine-seyffert.de\/blog\/wp-content\/uploads\/2021\/09\/Igel-Pappe-zum-Wickeln-Sabine-Seyffert.de-5.jpg 800w, https:\/\/www.sabine-seyffert.de\/blog\/wp-content\/uploads\/2021\/09\/Igel-Pappe-zum-Wickeln-Sabine-Seyffert.de-5-300x225.jpg 300w, https:\/\/www.sabine-seyffert.de\/blog\/wp-content\/uploads\/2021\/09\/Igel-Pappe-zum-Wickeln-Sabine-Seyffert.de-5-768x576.jpg 768w\" sizes=\"auto, (max-width: 800px) 100vw, 800px\" \/><\/a><\/p>\n<p style=\"text-align: justify;\"><strong>Das wird gebraucht:<\/strong><br \/>\nPappe \/ Karton, eine Bastelschere, Wolle (Wollreste), <a href=\"https:\/\/www.sabine-seyffert.de\/blog\/?p=13917\" target=\"_blank\" rel=\"noopener noreferrer\">selbst gemachtes Bastelpapier<\/a> oder Papierrest (Schnipsel reichen hierf\u00fcr aus \u2013 alternativ einfach bunte Stifte) sowie optional ein scharfes Bastelmesser \/ Cutter<\/p>\n<p style=\"text-align: center;\"><a href=\"https:\/\/www.sabine-seyffert.de\/blog\/wp-content\/uploads\/2021\/09\/Igel-Pappe-zum-Wickeln-Sabine-Seyffert.de_.jpg\"><img loading=\"lazy\" decoding=\"async\" class=\"alignnone size-full wp-image-21230\" src=\"https:\/\/www.sabine-seyffert.de\/blog\/wp-content\/uploads\/2021\/09\/Igel-Pappe-zum-Wickeln-Sabine-Seyffert.de_.jpg\" alt=\"\" width=\"800\" height=\"600\" srcset=\"https:\/\/www.sabine-seyffert.de\/blog\/wp-content\/uploads\/2021\/09\/Igel-Pappe-zum-Wickeln-Sabine-Seyffert.de_.jpg 800w, https:\/\/www.sabine-seyffert.de\/blog\/wp-content\/uploads\/2021\/09\/Igel-Pappe-zum-Wickeln-Sabine-Seyffert.de_-300x225.jpg 300w, https:\/\/www.sabine-seyffert.de\/blog\/wp-content\/uploads\/2021\/09\/Igel-Pappe-zum-Wickeln-Sabine-Seyffert.de_-768x576.jpg 768w\" sizes=\"auto, (max-width: 800px) 100vw, 800px\" \/><\/a><\/p>\n<p style=\"text-align: justify;\"><strong>So wird\u2019s gemacht:<\/strong><br \/>\nLasst euch am besten von einem Erwachsenen aus einem leeren Pappkarton ein handliches St\u00fcck Pappe schneiden. Auf die R\u00fcckseite k\u00f6nnt ihr euch dann den Umriss eines Igels aufmalen und anschlie\u00dfend mit der Schere ausschneiden. Achtet hierbei darauf, dass die Pappe nicht zu d\u00fcnn ist. Notfalls klebt ihr zwei Schichten Pappe \u00fcbereinander, damit euer Igel beim Umwickeln sp\u00e4ter nicht knickt. Das w\u00e4re sonst schade.<\/p>\n<p style=\"text-align: center;\"><a href=\"https:\/\/www.sabine-seyffert.de\/blog\/wp-content\/uploads\/2021\/09\/Igel-Pappe-zum-Wickeln-Sabine-Seyffert.de-10.jpg\"><img loading=\"lazy\" decoding=\"async\" class=\"alignnone size-full wp-image-21234\" src=\"https:\/\/www.sabine-seyffert.de\/blog\/wp-content\/uploads\/2021\/09\/Igel-Pappe-zum-Wickeln-Sabine-Seyffert.de-10.jpg\" alt=\"\" width=\"800\" height=\"600\" srcset=\"https:\/\/www.sabine-seyffert.de\/blog\/wp-content\/uploads\/2021\/09\/Igel-Pappe-zum-Wickeln-Sabine-Seyffert.de-10.jpg 800w, https:\/\/www.sabine-seyffert.de\/blog\/wp-content\/uploads\/2021\/09\/Igel-Pappe-zum-Wickeln-Sabine-Seyffert.de-10-300x225.jpg 300w, https:\/\/www.sabine-seyffert.de\/blog\/wp-content\/uploads\/2021\/09\/Igel-Pappe-zum-Wickeln-Sabine-Seyffert.de-10-768x576.jpg 768w\" sizes=\"auto, (max-width: 800px) 100vw, 800px\" \/><\/a><\/p>\n<p style=\"text-align: justify;\">Aus Papierresten gestaltet ihr noch Nase, Auge und Mund f\u00fcr den Igel. Danach schnappt euch die Wolle. Bindet ein St\u00fcck um die Pappe und knotet das Ende auf der R\u00fcckseite feste an die Wolle, damit diese sich nicht wieder l\u00f6st.<\/p>\n<p style=\"text-align: center;\"><a href=\"https:\/\/www.sabine-seyffert.de\/blog\/wp-content\/uploads\/2021\/09\/Igel-Pappe-zum-Wickeln-Sabine-Seyffert.de-9.jpg\"><img loading=\"lazy\" decoding=\"async\" class=\"alignnone size-full wp-image-21235\" src=\"https:\/\/www.sabine-seyffert.de\/blog\/wp-content\/uploads\/2021\/09\/Igel-Pappe-zum-Wickeln-Sabine-Seyffert.de-9.jpg\" alt=\"\" width=\"800\" height=\"600\" srcset=\"https:\/\/www.sabine-seyffert.de\/blog\/wp-content\/uploads\/2021\/09\/Igel-Pappe-zum-Wickeln-Sabine-Seyffert.de-9.jpg 800w, https:\/\/www.sabine-seyffert.de\/blog\/wp-content\/uploads\/2021\/09\/Igel-Pappe-zum-Wickeln-Sabine-Seyffert.de-9-300x225.jpg 300w, https:\/\/www.sabine-seyffert.de\/blog\/wp-content\/uploads\/2021\/09\/Igel-Pappe-zum-Wickeln-Sabine-Seyffert.de-9-768x576.jpg 768w\" sizes=\"auto, (max-width: 800px) 100vw, 800px\" \/><\/a><\/p>\n<p style=\"text-align: justify;\">Danach k\u00f6nnt ihr mit der Wolle kreuz und quer zwischen den geschnittenen Stacheln umher wickeln.<\/p>\n<p style=\"text-align: center;\"><a href=\"https:\/\/www.sabine-seyffert.de\/blog\/wp-content\/uploads\/2021\/09\/Igel-Pappe-zum-Wickeln-Sabine-Seyffert.de-8.jpg\"><img loading=\"lazy\" decoding=\"async\" class=\"alignnone size-full wp-image-21236\" src=\"https:\/\/www.sabine-seyffert.de\/blog\/wp-content\/uploads\/2021\/09\/Igel-Pappe-zum-Wickeln-Sabine-Seyffert.de-8.jpg\" alt=\"\" width=\"800\" height=\"600\" srcset=\"https:\/\/www.sabine-seyffert.de\/blog\/wp-content\/uploads\/2021\/09\/Igel-Pappe-zum-Wickeln-Sabine-Seyffert.de-8.jpg 800w, https:\/\/www.sabine-seyffert.de\/blog\/wp-content\/uploads\/2021\/09\/Igel-Pappe-zum-Wickeln-Sabine-Seyffert.de-8-300x225.jpg 300w, https:\/\/www.sabine-seyffert.de\/blog\/wp-content\/uploads\/2021\/09\/Igel-Pappe-zum-Wickeln-Sabine-Seyffert.de-8-768x576.jpg 768w\" sizes=\"auto, (max-width: 800px) 100vw, 800px\" \/><\/a><\/p>\n<p style=\"text-align: justify;\">Wenn ihr damit genug Spuren gewickelt habt, schneidet die Wolle ab und knotet das Ende auf der R\u00fcckseite wieder fest.<\/p>\n<p style=\"text-align: center;\"><a href=\"https:\/\/www.sabine-seyffert.de\/blog\/wp-content\/uploads\/2021\/09\/Igel-Pappe-zum-Wickeln-Sabine-Seyffert.de-7.jpg\"><img loading=\"lazy\" decoding=\"async\" class=\"alignnone size-full wp-image-21233\" src=\"https:\/\/www.sabine-seyffert.de\/blog\/wp-content\/uploads\/2021\/09\/Igel-Pappe-zum-Wickeln-Sabine-Seyffert.de-7.jpg\" alt=\"\" width=\"800\" height=\"600\" srcset=\"https:\/\/www.sabine-seyffert.de\/blog\/wp-content\/uploads\/2021\/09\/Igel-Pappe-zum-Wickeln-Sabine-Seyffert.de-7.jpg 800w, https:\/\/www.sabine-seyffert.de\/blog\/wp-content\/uploads\/2021\/09\/Igel-Pappe-zum-Wickeln-Sabine-Seyffert.de-7-300x225.jpg 300w, https:\/\/www.sabine-seyffert.de\/blog\/wp-content\/uploads\/2021\/09\/Igel-Pappe-zum-Wickeln-Sabine-Seyffert.de-7-768x576.jpg 768w\" sizes=\"auto, (max-width: 800px) 100vw, 800px\" \/><\/a><\/p>\n<p style=\"text-align: justify;\"><span style=\"color: #ff6600;\"><strong>Hinweis:<\/strong><\/span> Falls ihr den Igel mehrfach umwickeln wollt, k\u00f6nnt ihr die Enden auf der R\u00fcckseite auch einfach zu einer Schleife binden, die sich beliebig \u00f6ffnen und wieder verschlie\u00dfen l\u00e4sst. So kann man den Igel auch als Spielidee f\u00fcr lange Autofahrten nutzen.<\/p>\n<p style=\"text-align: center;\"><a href=\"https:\/\/www.sabine-seyffert.de\/blog\/wp-content\/uploads\/2021\/09\/Igel-Pappe-zum-Wickeln-Sabine-Seyffert.de-6.jpg\"><img loading=\"lazy\" decoding=\"async\" class=\"alignnone size-full wp-image-21232\" src=\"https:\/\/www.sabine-seyffert.de\/blog\/wp-content\/uploads\/2021\/09\/Igel-Pappe-zum-Wickeln-Sabine-Seyffert.de-6.jpg\" alt=\"\" width=\"800\" height=\"600\" srcset=\"https:\/\/www.sabine-seyffert.de\/blog\/wp-content\/uploads\/2021\/09\/Igel-Pappe-zum-Wickeln-Sabine-Seyffert.de-6.jpg 800w, https:\/\/www.sabine-seyffert.de\/blog\/wp-content\/uploads\/2021\/09\/Igel-Pappe-zum-Wickeln-Sabine-Seyffert.de-6-300x225.jpg 300w, https:\/\/www.sabine-seyffert.de\/blog\/wp-content\/uploads\/2021\/09\/Igel-Pappe-zum-Wickeln-Sabine-Seyffert.de-6-768x576.jpg 768w\" sizes=\"auto, (max-width: 800px) 100vw, 800px\" \/><\/a><\/p>\n<p style=\"text-align: justify;\"><strong>Ein kleiner Tipp:<\/strong><\/p>\n<p style=\"text-align: justify;\">Falls ihr Lust habt, k\u00f6nnt ihr f\u00fcr euren kleinen Igeln auch einen sch\u00f6nen Apfel basteln und ihm zwischen die gewickelten \u201eStacheln\u201c aus Wolle stecken. Den kann man einfach aus d\u00fcnner Pappe und selbst gemachtem Bastelpapier gestalten. Und anstatt eines Apfel geht nat\u00fcrlich auch eine Birne, falls ihr die lieber m\u00f6gt \ud83d\ude09<\/p>\n<p style=\"text-align: center;\"><a href=\"https:\/\/www.sabine-seyffert.de\/blog\/wp-content\/uploads\/2021\/09\/Igel-Pappe-zum-Wickeln-Sabine-Seyffert.de-4.jpg\"><img loading=\"lazy\" decoding=\"async\" class=\"alignnone size-full wp-image-21231\" src=\"https:\/\/www.sabine-seyffert.de\/blog\/wp-content\/uploads\/2021\/09\/Igel-Pappe-zum-Wickeln-Sabine-Seyffert.de-4.jpg\" alt=\"\" width=\"800\" height=\"600\" srcset=\"https:\/\/www.sabine-seyffert.de\/blog\/wp-content\/uploads\/2021\/09\/Igel-Pappe-zum-Wickeln-Sabine-Seyffert.de-4.jpg 800w, https:\/\/www.sabine-seyffert.de\/blog\/wp-content\/uploads\/2021\/09\/Igel-Pappe-zum-Wickeln-Sabine-Seyffert.de-4-300x225.jpg 300w, https:\/\/www.sabine-seyffert.de\/blog\/wp-content\/uploads\/2021\/09\/Igel-Pappe-zum-Wickeln-Sabine-Seyffert.de-4-768x576.jpg 768w\" sizes=\"auto, (max-width: 800px) 100vw, 800px\" \/><\/a><\/p>\n<p style=\"text-align: justify;\">Einen tollen Upcycling Igel als Pendant findet ihr \u00fcbrigens in <a href=\"https:\/\/www.sabine-seyffert.de\/blog\/?p=17248\" target=\"_blank\" rel=\"noopener noreferrer\">dieser Bastelanleitung<\/a> und vor kurzem habe ich euch schon <a href=\"https:\/\/www.sabine-seyffert.de\/blog\/?p=21192\" target=\"_blank\" rel=\"noopener noreferrer\">bunte Igel aus bemalten Ahornnasen<\/a> gezeigt, falls ihr noch weitere Bastelidee f\u00fcr den Herbst als Inspiration ben\u00f6tigt.<\/p>\n<p style=\"text-align: center;\"><a href=\"https:\/\/www.sabine-seyffert.de\/blog\/wp-content\/uploads\/2021\/09\/Igel-Pappe-zum-Wickeln-Sabine-Seyffert.de-2.jpg\"><img loading=\"lazy\" decoding=\"async\" class=\"alignnone size-full wp-image-21228\" src=\"https:\/\/www.sabine-seyffert.de\/blog\/wp-content\/uploads\/2021\/09\/Igel-Pappe-zum-Wickeln-Sabine-Seyffert.de-2.jpg\" alt=\"\" width=\"600\" height=\"800\" srcset=\"https:\/\/www.sabine-seyffert.de\/blog\/wp-content\/uploads\/2021\/09\/Igel-Pappe-zum-Wickeln-Sabine-Seyffert.de-2.jpg 600w, https:\/\/www.sabine-seyffert.de\/blog\/wp-content\/uploads\/2021\/09\/Igel-Pappe-zum-Wickeln-Sabine-Seyffert.de-2-225x300.jpg 225w\" sizes=\"auto, (max-width: 600px) 100vw, 600px\" \/><\/a><\/p>\n<p style=\"text-align: justify;\">Weitere Do-it-Yourself Bastelideen f\u00fcr Kinder findet ihr \u00fcbrigens in <a href=\"https:\/\/www.sabine-seyffert.de\/blog\/?cat=32\" target=\"_blank\" rel=\"noopener noreferrer\">dieser Blog Kategorie<\/a>, alles zum Thema Upcycling mit detaillierter Bastelanleitung gibt es in <a href=\"https:\/\/www.sabine-seyffert.de\/blog\/?cat=47\" target=\"_blank\" rel=\"noopener noreferrer\">dieser Rubrik<\/a>, alles rund um die Herbstzeit sind in <a href=\"https:\/\/www.sabine-seyffert.de\/blog\/?cat=25\" target=\"_blank\" rel=\"noopener noreferrer\">diesem Blog Ordner<\/a> oder <a href=\"https:\/\/www.pinterest.de\/diysabineseyffert\/\" target=\"_blank\" rel=\"noopener noreferrer\">meiner Pinnwand<\/a> und andere kreative Sachen da.<\/p>\n<p style=\"text-align: center;\"><a href=\"https:\/\/www.sabine-seyffert.de\/blog\/wp-content\/uploads\/2021\/09\/Igel-Pappe-zum-Wickeln-Sabine-Seyffert.de-1.jpg\"><img loading=\"lazy\" decoding=\"async\" class=\"alignnone size-full wp-image-21227\" src=\"https:\/\/www.sabine-seyffert.de\/blog\/wp-content\/uploads\/2021\/09\/Igel-Pappe-zum-Wickeln-Sabine-Seyffert.de-1.jpg\" alt=\"\" width=\"600\" height=\"800\" srcset=\"https:\/\/www.sabine-seyffert.de\/blog\/wp-content\/uploads\/2021\/09\/Igel-Pappe-zum-Wickeln-Sabine-Seyffert.de-1.jpg 600w, https:\/\/www.sabine-seyffert.de\/blog\/wp-content\/uploads\/2021\/09\/Igel-Pappe-zum-Wickeln-Sabine-Seyffert.de-1-225x300.jpg 225w\" sizes=\"auto, (max-width: 600px) 100vw, 600px\" \/><\/a><\/p>\n<p style=\"text-align: justify;\"><a href=\"https:\/\/www.sabine-seyffert.de\/blog\/?page_id=32#urheberrecht\">urheberrechtlich gesch\u00fctzt<\/a>, \u00a9 Sabine Seyffert<\/p>\n","protected":false},"excerpt":{"rendered":"<p>Im Herbst d\u00fcrfen Igel nicht fehlen. Wir haben zu dieser Jahreszeit des \u00d6fteren Igel in unserem Garten zu Besuch. Daher gibt es heute mal wieder eine kleine Bastelidee f\u00fcr euch, bei der ihr nicht nur basteln, sondern auch wickeln &amp; etwas spielen k\u00f6nnt. Das ben\u00f6tigte Bastelmaterial habt ihr mit Sicherheit zu Hause. Brauchen tut ihr&#8230; <a href=\"https:\/\/www.sabine-seyffert.de\/blog\/kreative-beschaeftigung-fuer-kinder-wir-basteln-upcycling-igel-aus-pappe-wolle\/\" class=\"more-link\">Read more: Kreative Besch\u00e4ftigung f\u00fcr Kinder: Wir basteln Upcycling Igel aus Pappe &#038; Wolle<\/a><\/p>\n","protected":false},"author":2,"featured_media":0,"comment_status":"open","ping_status":"open","sticky":false,"template":"","format":"standard","meta":{"_metis_text_type":"","_metis_text_length":2701,"_post_count":0,"footnotes":""},"categories":[32,25,10,47],"tags":[],"class_list":["post-21226","post","type-post","status-publish","format-standard","hentry","category-kreatives-fur-kleine-kinderhande","category-herbst","category-spiel-spas","category-upcyceltes"],"_links":{"self":[{"href":"https:\/\/www.sabine-seyffert.de\/blog\/wp-json\/wp\/v2\/posts\/21226","targetHints":{"allow":["GET"]}}],"collection":[{"href":"https:\/\/www.sabine-seyffert.de\/blog\/wp-json\/wp\/v2\/posts"}],"about":[{"href":"https:\/\/www.sabine-seyffert.de\/blog\/wp-json\/wp\/v2\/types\/post"}],"author":[{"embeddable":true,"href":"https:\/\/www.sabine-seyffert.de\/blog\/wp-json\/wp\/v2\/users\/2"}],"replies":[{"embeddable":true,"href":"https:\/\/www.sabine-seyffert.de\/blog\/wp-json\/wp\/v2\/comments?post=21226"}],"version-history":[{"count":5,"href":"https:\/\/www.sabine-seyffert.de\/blog\/wp-json\/wp\/v2\/posts\/21226\/revisions"}],"predecessor-version":[{"id":24033,"href":"https:\/\/www.sabine-seyffert.de\/blog\/wp-json\/wp\/v2\/posts\/21226\/revisions\/24033"}],"wp:attachment":[{"href":"https:\/\/www.sabine-seyffert.de\/blog\/wp-json\/wp\/v2\/media?parent=21226"}],"wp:term":[{"taxonomy":"category","embeddable":true,"href":"https:\/\/www.sabine-seyffert.de\/blog\/wp-json\/wp\/v2\/categories?post=21226"},{"taxonomy":"post_tag","embeddable":true,"href":"https:\/\/www.sabine-seyffert.de\/blog\/wp-json\/wp\/v2\/tags?post=21226"}],"curies":[{"name":"wp","href":"https:\/\/api.w.org\/{rel}","templated":true}]}}